{"id":1204,"date":"2021-04-08T15:34:18","date_gmt":"2021-04-08T15:34:18","guid":{"rendered":"https:\/\/favorite-news.com\/fr\/le-port-du-masque-est-obligatoire-sur-les-plages-du-littoral-azureen\/"},"modified":"2021-04-08T15:34:25","modified_gmt":"2021-04-08T15:34:25","slug":"le-port-du-masque-est-obligatoire-sur-les-plages-du-littoral-azureen","status":"publish","type":"post","link":"https:\/\/favorite-news.com\/fr\/le-port-du-masque-est-obligatoire-sur-les-plages-du-littoral-azureen\/","title":{"rendered":"Le port du masque est obligatoire sur les plages du littoral azur\u00e9en"},"content":{"rendered":"<p>                Une plage de Nice (Illustration) \u2014 SYSPEO\/SIPA<br \/>\n            Les plages \u00e9taient devenues\u00a0l\u2019endroit refuge pour \u00ab\u00a0prendre l\u2019air\u00a0\u00bb pour beaucoup d\u2019habitants de la &#13;<br \/>\nC\u00f4te d\u2019Azur\u00a0depuis les premi\u00e8res restrictions\u00a0li\u00e9es au &#13;<br \/>\nCovid-19. Il faudra d\u00e9sormais \u00eatre masqu\u00e9 pour se poser sur les galets de &#13;<br \/>\nNice et\u00a0des autres communes du littoral des &#13;<br \/>\nAlpes-Maritimes. La pr\u00e9fecture a pris un arr\u00eat\u00e9 ce mardi\u00a0:\u00a0\u00ab\u00a0Le port du masque est obligatoire pour toute personne de onze ans et plus dans l\u2019ensemble des communes du d\u00e9partement, \u00e0 compter du mercredi 7\u00a0avril et jusqu\u2019au 3\u00a0mai dans les espaces verts et urbains et du littoral (plages)\u00a0\u00bb.<\/p>\n<p>\u00c0 noter que l\u2019obligation \u00ab\u00a0ne s\u2019applique pas aux personnes pratiquant des activit\u00e9s physiques ou sportives\u00a0\u00bb. Mais il est n\u00e9cessaire d\u2019avoir un masque en sa possession en cas d\u2019arr\u00eat de l\u2019activit\u00e9\u00a0si la personne se trouve \u00e0 proximit\u00e9 de pi\u00e9tons et \u00e0 l\u2019arr\u00eat.<\/p>\n<p>Limiter le risque de circulation du virus<\/p>\n<p>La pr\u00e9fecture a pris cette d\u00e9cision consid\u00e9rant \u00ab\u00a0l\u2019urgence et la n\u00e9cessit\u00e9 de limiter la propagation du virus\u00a0\u00bb. Elle indique\u00a0:\u00a0\u00ab\u00a0le port du masque est de nature \u00e0 limiter le risque de circulation du virus dans l\u2019espace public caract\u00e9ris\u00e9 par une concentration de personnes\u00a0\u00bb.<\/p>\n<p>L\u2019arr\u00eat\u00e9 pr\u00e9cise \u00e9galement qu\u2019 \u00ab\u00a0il y a lieu d\u2019imposer, par souci de lisibilit\u00e9 et de coh\u00e9rence, le port du masque sur la totalit\u00e9 de l\u2019espace public, des lieux publics et\/ou accessibles au public des communes o\u00f9 il existe plusieurs zones \u00e0 fort risque de contamination\u00a0\u00bb. Dans le d\u00e9partement, dix-huit villes sont concern\u00e9es.<\/p>\n<p>Toute personne\u00a0ne respectant pas cette mesure\u00a0s\u2019expose \u00e0 une amende de\u00a0135 euros.<\/p>\n<p>            Une faute\u00a0?<\/p>\n<p>                4,5K<\/p>\n<p>            partages<\/p>\n<p>\n<!--noindex--><br \/>\n<a href=\"https:\/\/www.20minutes.fr\/nice\/3016723-20210408-coronavirus-alpes-maritimes-port-masque-obligatoire-plages-littoral-azureen#xtor=RSS-149\" rel=\"nofollow\">Source link <\/a><br \/>\n<!--\/noindex--><\/p>\n","protected":false},"excerpt":{"rendered":"<p>Une plage de Nice (Illustration) \u2014 SYSPEO\/SIPA Les plages \u00e9taient devenues\u00a0l\u2019endroit refuge pour \u00ab\u00a0prendre l\u2019air\u00a0\u00bb pour beaucoup d\u2019habitants de la &#13; C\u00f4te d\u2019Azur\u00a0depuis les premi\u00e8res restrictions\u00a0li\u00e9es au &#13; Covid-19. Il faudra d\u00e9sormais \u00eatre masqu\u00e9 pour se poser sur les galets de &#13; Nice et\u00a0des autres communes du littoral des &#13; Alpes-Maritimes. La pr\u00e9fecture a pris [&hellip;]<\/p>\n","protected":false},"author":1,"featured_media":1205,"comment_status":"open","ping_status":"open","sticky":false,"template":"","format":"standard","meta":{"footnotes":""},"categories":[1],"tags":[],"class_list":["post-1204","post","type-post","status-publish","format-standard","has-post-thumbnail","hentry","category-nouvelles"],"yoast_head":"<!-- This site is optimized with the Yoast SEO plugin v27.4 - https:\/\/yoast.com\/product\/yoast-seo-wordpress\/ -->\n<title>Le port du masque est obligatoire sur les plages du littoral azur\u00e9en - Favorite News<\/title>\n<meta name=\"robots\" content=\"index, follow, max-snippet:-1, max-image-preview:large, max-video-preview:-1\" \/>\n<link rel=\"canonical\" href=\"https:\/\/favorite-news.com\/fr\/le-port-du-masque-est-obligatoire-sur-les-plages-du-littoral-azureen\/\" \/>\n<meta property=\"og:locale\" content=\"fr_FR\" \/>\n<meta property=\"og:type\" content=\"article\" \/>\n<meta property=\"og:title\" content=\"Le port du masque est obligatoire sur les plages du littoral azur\u00e9en - Favorite News\" \/>\n<meta property=\"og:description\" content=\"Une plage de Nice (Illustration) \u2014 SYSPEO\/SIPA Les plages \u00e9taient devenues\u00a0l\u2019endroit refuge pour \u00ab\u00a0prendre l\u2019air\u00a0\u00bb pour beaucoup d\u2019habitants de la &#013; C\u00f4te d\u2019Azur\u00a0depuis les premi\u00e8res restrictions\u00a0li\u00e9es au &#013; Covid-19. Il faudra d\u00e9sormais \u00eatre masqu\u00e9 pour se poser sur les galets de &#013; Nice et\u00a0des autres communes du littoral des &#013; Alpes-Maritimes. La pr\u00e9fecture a pris [&hellip;]\" \/>\n<meta property=\"og:url\" content=\"https:\/\/favorite-news.com\/fr\/le-port-du-masque-est-obligatoire-sur-les-plages-du-littoral-azureen\/\" \/>\n<meta property=\"og:site_name\" content=\"Favorite News\" \/>\n<meta property=\"article:published_time\" content=\"2021-04-08T15:34:18+00:00\" \/>\n<meta property=\"article:modified_time\" content=\"2021-04-08T15:34:25+00:00\" \/>\n<meta property=\"og:image\" content=\"https:\/\/favorite-news.com\/fr\/wp-content\/uploads\/sites\/12\/2021\/04\/Le-port-du-masque-est-obligatoire-sur-les-plages-du.jpg\" \/>\n\t<meta property=\"og:image:width\" content=\"648\" \/>\n\t<meta property=\"og:image:height\" content=\"360\" \/>\n\t<meta property=\"og:image:type\" content=\"image\/jpeg\" \/>\n<meta name=\"author\" content=\"favorite-news\" \/>\n<meta name=\"twitter:card\" content=\"summary_large_image\" \/>\n<meta name=\"twitter:label1\" content=\"\u00c9crit par\" \/>\n\t<meta name=\"twitter:data1\" content=\"favorite-news\" \/>\n\t<meta name=\"twitter:label2\" content=\"Dur\u00e9e de lecture estim\u00e9e\" \/>\n\t<meta name=\"twitter:data2\" content=\"1 minute\" \/>\n<script type=\"application\/ld+json\" class=\"yoast-schema-graph\">{\"@context\":\"https:\\\/\\\/schema.org\",\"@graph\":[{\"@type\":\"Article\",\"@id\":\"https:\\\/\\\/favorite-news.com\\\/fr\\\/le-port-du-masque-est-obligatoire-sur-les-plages-du-littoral-azureen\\\/#article\",\"isPartOf\":{\"@id\":\"https:\\\/\\\/favorite-news.com\\\/fr\\\/le-port-du-masque-est-obligatoire-sur-les-plages-du-littoral-azureen\\\/\"},\"author\":{\"name\":\"favorite-news\",\"@id\":\"https:\\\/\\\/favorite-news.com\\\/fr\\\/#\\\/schema\\\/person\\\/b66c4cfdd10a5bf16d7d5efda647111f\"},\"headline\":\"Le port du masque est obligatoire sur les plages du littoral azur\u00e9en\",\"datePublished\":\"2021-04-08T15:34:18+00:00\",\"dateModified\":\"2021-04-08T15:34:25+00:00\",\"mainEntityOfPage\":{\"@id\":\"https:\\\/\\\/favorite-news.com\\\/fr\\\/le-port-du-masque-est-obligatoire-sur-les-plages-du-littoral-azureen\\\/\"},\"wordCount\":307,\"commentCount\":0,\"image\":{\"@id\":\"https:\\\/\\\/favorite-news.com\\\/fr\\\/le-port-du-masque-est-obligatoire-sur-les-plages-du-littoral-azureen\\\/#primaryimage\"},\"thumbnailUrl\":\"https:\\\/\\\/favorite-news.com\\\/fr\\\/wp-content\\\/uploads\\\/sites\\\/12\\\/2021\\\/04\\\/Le-port-du-masque-est-obligatoire-sur-les-plages-du.jpg\",\"articleSection\":[\"NOUVELLES\"],\"inLanguage\":\"fr-FR\",\"potentialAction\":[{\"@type\":\"CommentAction\",\"name\":\"Comment\",\"target\":[\"https:\\\/\\\/favorite-news.com\\\/fr\\\/le-port-du-masque-est-obligatoire-sur-les-plages-du-littoral-azureen\\\/#respond\"]}]},{\"@type\":\"WebPage\",\"@id\":\"https:\\\/\\\/favorite-news.com\\\/fr\\\/le-port-du-masque-est-obligatoire-sur-les-plages-du-littoral-azureen\\\/\",\"url\":\"https:\\\/\\\/favorite-news.com\\\/fr\\\/le-port-du-masque-est-obligatoire-sur-les-plages-du-littoral-azureen\\\/\",\"name\":\"Le port du masque est obligatoire sur les plages du littoral azur\u00e9en - Favorite News\",\"isPartOf\":{\"@id\":\"https:\\\/\\\/favorite-news.com\\\/fr\\\/#website\"},\"primaryImageOfPage\":{\"@id\":\"https:\\\/\\\/favorite-news.com\\\/fr\\\/le-port-du-masque-est-obligatoire-sur-les-plages-du-littoral-azureen\\\/#primaryimage\"},\"image\":{\"@id\":\"https:\\\/\\\/favorite-news.com\\\/fr\\\/le-port-du-masque-est-obligatoire-sur-les-plages-du-littoral-azureen\\\/#primaryimage\"},\"thumbnailUrl\":\"https:\\\/\\\/favorite-news.com\\\/fr\\\/wp-content\\\/uploads\\\/sites\\\/12\\\/2021\\\/04\\\/Le-port-du-masque-est-obligatoire-sur-les-plages-du.jpg\",\"datePublished\":\"2021-04-08T15:34:18+00:00\",\"dateModified\":\"2021-04-08T15:34:25+00:00\",\"author\":{\"@id\":\"https:\\\/\\\/favorite-news.com\\\/fr\\\/#\\\/schema\\\/person\\\/b66c4cfdd10a5bf16d7d5efda647111f\"},\"breadcrumb\":{\"@id\":\"https:\\\/\\\/favorite-news.com\\\/fr\\\/le-port-du-masque-est-obligatoire-sur-les-plages-du-littoral-azureen\\\/#breadcrumb\"},\"inLanguage\":\"fr-FR\",\"potentialAction\":[{\"@type\":\"ReadAction\",\"target\":[\"https:\\\/\\\/favorite-news.com\\\/fr\\\/le-port-du-masque-est-obligatoire-sur-les-plages-du-littoral-azureen\\\/\"]}]},{\"@type\":\"ImageObject\",\"inLanguage\":\"fr-FR\",\"@id\":\"https:\\\/\\\/favorite-news.com\\\/fr\\\/le-port-du-masque-est-obligatoire-sur-les-plages-du-littoral-azureen\\\/#primaryimage\",\"url\":\"https:\\\/\\\/favorite-news.com\\\/fr\\\/wp-content\\\/uploads\\\/sites\\\/12\\\/2021\\\/04\\\/Le-port-du-masque-est-obligatoire-sur-les-plages-du.jpg\",\"contentUrl\":\"https:\\\/\\\/favorite-news.com\\\/fr\\\/wp-content\\\/uploads\\\/sites\\\/12\\\/2021\\\/04\\\/Le-port-du-masque-est-obligatoire-sur-les-plages-du.jpg\",\"width\":648,\"height\":360,\"caption\":\"Le port du masque est obligatoire sur les plages du littoral azur\u00e9en\"},{\"@type\":\"BreadcrumbList\",\"@id\":\"https:\\\/\\\/favorite-news.com\\\/fr\\\/le-port-du-masque-est-obligatoire-sur-les-plages-du-littoral-azureen\\\/#breadcrumb\",\"itemListElement\":[{\"@type\":\"ListItem\",\"position\":1,\"name\":\"Home\",\"item\":\"https:\\\/\\\/favorite-news.com\\\/fr\\\/\"},{\"@type\":\"ListItem\",\"position\":2,\"name\":\"Le port du masque est obligatoire sur les plages du littoral azur\u00e9en\"}]},{\"@type\":\"WebSite\",\"@id\":\"https:\\\/\\\/favorite-news.com\\\/fr\\\/#website\",\"url\":\"https:\\\/\\\/favorite-news.com\\\/fr\\\/\",\"name\":\"Favorite News\",\"description\":\"Favorite News France\",\"potentialAction\":[{\"@type\":\"SearchAction\",\"target\":{\"@type\":\"EntryPoint\",\"urlTemplate\":\"https:\\\/\\\/favorite-news.com\\\/fr\\\/?s={search_term_string}\"},\"query-input\":{\"@type\":\"PropertyValueSpecification\",\"valueRequired\":true,\"valueName\":\"search_term_string\"}}],\"inLanguage\":\"fr-FR\"},{\"@type\":\"Person\",\"@id\":\"https:\\\/\\\/favorite-news.com\\\/fr\\\/#\\\/schema\\\/person\\\/b66c4cfdd10a5bf16d7d5efda647111f\",\"name\":\"favorite-news\",\"image\":{\"@type\":\"ImageObject\",\"inLanguage\":\"fr-FR\",\"@id\":\"https:\\\/\\\/secure.gravatar.com\\\/avatar\\\/f89959e01423a9ee3c2debbcf830eb021c575de0e1b3781ca3ae392b71c615a1?s=96&d=mm&r=g\",\"url\":\"https:\\\/\\\/secure.gravatar.com\\\/avatar\\\/f89959e01423a9ee3c2debbcf830eb021c575de0e1b3781ca3ae392b71c615a1?s=96&d=mm&r=g\",\"contentUrl\":\"https:\\\/\\\/secure.gravatar.com\\\/avatar\\\/f89959e01423a9ee3c2debbcf830eb021c575de0e1b3781ca3ae392b71c615a1?s=96&d=mm&r=g\",\"caption\":\"favorite-news\"},\"url\":\"https:\\\/\\\/favorite-news.com\\\/fr\\\/author\\\/ruby\\\/\"}]}<\/script>\n<!-- \/ Yoast SEO plugin. -->","yoast_head_json":{"title":"Le port du masque est obligatoire sur les plages du littoral azur\u00e9en - Favorite News","robots":{"index":"index","follow":"follow","max-snippet":"max-snippet:-1","max-image-preview":"max-image-preview:large","max-video-preview":"max-video-preview:-1"},"canonical":"https:\/\/favorite-news.com\/fr\/le-port-du-masque-est-obligatoire-sur-les-plages-du-littoral-azureen\/","og_locale":"fr_FR","og_type":"article","og_title":"Le port du masque est obligatoire sur les plages du littoral azur\u00e9en - Favorite News","og_description":"Une plage de Nice (Illustration) \u2014 SYSPEO\/SIPA Les plages \u00e9taient devenues\u00a0l\u2019endroit refuge pour \u00ab\u00a0prendre l\u2019air\u00a0\u00bb pour beaucoup d\u2019habitants de la &#13; C\u00f4te d\u2019Azur\u00a0depuis les premi\u00e8res restrictions\u00a0li\u00e9es au &#13; Covid-19. Il faudra d\u00e9sormais \u00eatre masqu\u00e9 pour se poser sur les galets de &#13; Nice et\u00a0des autres communes du littoral des &#13; Alpes-Maritimes. La pr\u00e9fecture a pris [&hellip;]","og_url":"https:\/\/favorite-news.com\/fr\/le-port-du-masque-est-obligatoire-sur-les-plages-du-littoral-azureen\/","og_site_name":"Favorite News","article_published_time":"2021-04-08T15:34:18+00:00","article_modified_time":"2021-04-08T15:34:25+00:00","og_image":[{"width":648,"height":360,"url":"https:\/\/favorite-news.com\/fr\/wp-content\/uploads\/sites\/12\/2021\/04\/Le-port-du-masque-est-obligatoire-sur-les-plages-du.jpg","type":"image\/jpeg"}],"author":"favorite-news","twitter_card":"summary_large_image","twitter_misc":{"\u00c9crit par":"favorite-news","Dur\u00e9e de lecture estim\u00e9e":"1 minute"},"schema":{"@context":"https:\/\/schema.org","@graph":[{"@type":"Article","@id":"https:\/\/favorite-news.com\/fr\/le-port-du-masque-est-obligatoire-sur-les-plages-du-littoral-azureen\/#article","isPartOf":{"@id":"https:\/\/favorite-news.com\/fr\/le-port-du-masque-est-obligatoire-sur-les-plages-du-littoral-azureen\/"},"author":{"name":"favorite-news","@id":"https:\/\/favorite-news.com\/fr\/#\/schema\/person\/b66c4cfdd10a5bf16d7d5efda647111f"},"headline":"Le port du masque est obligatoire sur les plages du littoral azur\u00e9en","datePublished":"2021-04-08T15:34:18+00:00","dateModified":"2021-04-08T15:34:25+00:00","mainEntityOfPage":{"@id":"https:\/\/favorite-news.com\/fr\/le-port-du-masque-est-obligatoire-sur-les-plages-du-littoral-azureen\/"},"wordCount":307,"commentCount":0,"image":{"@id":"https:\/\/favorite-news.com\/fr\/le-port-du-masque-est-obligatoire-sur-les-plages-du-littoral-azureen\/#primaryimage"},"thumbnailUrl":"https:\/\/favorite-news.com\/fr\/wp-content\/uploads\/sites\/12\/2021\/04\/Le-port-du-masque-est-obligatoire-sur-les-plages-du.jpg","articleSection":["NOUVELLES"],"inLanguage":"fr-FR","potentialAction":[{"@type":"CommentAction","name":"Comment","target":["https:\/\/favorite-news.com\/fr\/le-port-du-masque-est-obligatoire-sur-les-plages-du-littoral-azureen\/#respond"]}]},{"@type":"WebPage","@id":"https:\/\/favorite-news.com\/fr\/le-port-du-masque-est-obligatoire-sur-les-plages-du-littoral-azureen\/","url":"https:\/\/favorite-news.com\/fr\/le-port-du-masque-est-obligatoire-sur-les-plages-du-littoral-azureen\/","name":"Le port du masque est obligatoire sur les plages du littoral azur\u00e9en - Favorite News","isPartOf":{"@id":"https:\/\/favorite-news.com\/fr\/#website"},"primaryImageOfPage":{"@id":"https:\/\/favorite-news.com\/fr\/le-port-du-masque-est-obligatoire-sur-les-plages-du-littoral-azureen\/#primaryimage"},"image":{"@id":"https:\/\/favorite-news.com\/fr\/le-port-du-masque-est-obligatoire-sur-les-plages-du-littoral-azureen\/#primaryimage"},"thumbnailUrl":"https:\/\/favorite-news.com\/fr\/wp-content\/uploads\/sites\/12\/2021\/04\/Le-port-du-masque-est-obligatoire-sur-les-plages-du.jpg","datePublished":"2021-04-08T15:34:18+00:00","dateModified":"2021-04-08T15:34:25+00:00","author":{"@id":"https:\/\/favorite-news.com\/fr\/#\/schema\/person\/b66c4cfdd10a5bf16d7d5efda647111f"},"breadcrumb":{"@id":"https:\/\/favorite-news.com\/fr\/le-port-du-masque-est-obligatoire-sur-les-plages-du-littoral-azureen\/#breadcrumb"},"inLanguage":"fr-FR","potentialAction":[{"@type":"ReadAction","target":["https:\/\/favorite-news.com\/fr\/le-port-du-masque-est-obligatoire-sur-les-plages-du-littoral-azureen\/"]}]},{"@type":"ImageObject","inLanguage":"fr-FR","@id":"https:\/\/favorite-news.com\/fr\/le-port-du-masque-est-obligatoire-sur-les-plages-du-littoral-azureen\/#primaryimage","url":"https:\/\/favorite-news.com\/fr\/wp-content\/uploads\/sites\/12\/2021\/04\/Le-port-du-masque-est-obligatoire-sur-les-plages-du.jpg","contentUrl":"https:\/\/favorite-news.com\/fr\/wp-content\/uploads\/sites\/12\/2021\/04\/Le-port-du-masque-est-obligatoire-sur-les-plages-du.jpg","width":648,"height":360,"caption":"Le port du masque est obligatoire sur les plages du littoral azur\u00e9en"},{"@type":"BreadcrumbList","@id":"https:\/\/favorite-news.com\/fr\/le-port-du-masque-est-obligatoire-sur-les-plages-du-littoral-azureen\/#breadcrumb","itemListElement":[{"@type":"ListItem","position":1,"name":"Home","item":"https:\/\/favorite-news.com\/fr\/"},{"@type":"ListItem","position":2,"name":"Le port du masque est obligatoire sur les plages du littoral azur\u00e9en"}]},{"@type":"WebSite","@id":"https:\/\/favorite-news.com\/fr\/#website","url":"https:\/\/favorite-news.com\/fr\/","name":"Favorite News","description":"Favorite News France","potentialAction":[{"@type":"SearchAction","target":{"@type":"EntryPoint","urlTemplate":"https:\/\/favorite-news.com\/fr\/?s={search_term_string}"},"query-input":{"@type":"PropertyValueSpecification","valueRequired":true,"valueName":"search_term_string"}}],"inLanguage":"fr-FR"},{"@type":"Person","@id":"https:\/\/favorite-news.com\/fr\/#\/schema\/person\/b66c4cfdd10a5bf16d7d5efda647111f","name":"favorite-news","image":{"@type":"ImageObject","inLanguage":"fr-FR","@id":"https:\/\/secure.gravatar.com\/avatar\/f89959e01423a9ee3c2debbcf830eb021c575de0e1b3781ca3ae392b71c615a1?s=96&d=mm&r=g","url":"https:\/\/secure.gravatar.com\/avatar\/f89959e01423a9ee3c2debbcf830eb021c575de0e1b3781ca3ae392b71c615a1?s=96&d=mm&r=g","contentUrl":"https:\/\/secure.gravatar.com\/avatar\/f89959e01423a9ee3c2debbcf830eb021c575de0e1b3781ca3ae392b71c615a1?s=96&d=mm&r=g","caption":"favorite-news"},"url":"https:\/\/favorite-news.com\/fr\/author\/ruby\/"}]}},"_links":{"self":[{"href":"https:\/\/favorite-news.com\/fr\/wp-json\/wp\/v2\/posts\/1204","targetHints":{"allow":["GET"]}}],"collection":[{"href":"https:\/\/favorite-news.com\/fr\/wp-json\/wp\/v2\/posts"}],"about":[{"href":"https:\/\/favorite-news.com\/fr\/wp-json\/wp\/v2\/types\/post"}],"author":[{"embeddable":true,"href":"https:\/\/favorite-news.com\/fr\/wp-json\/wp\/v2\/users\/1"}],"replies":[{"embeddable":true,"href":"https:\/\/favorite-news.com\/fr\/wp-json\/wp\/v2\/comments?post=1204"}],"version-history":[{"count":1,"href":"https:\/\/favorite-news.com\/fr\/wp-json\/wp\/v2\/posts\/1204\/revisions"}],"predecessor-version":[{"id":1206,"href":"https:\/\/favorite-news.com\/fr\/wp-json\/wp\/v2\/posts\/1204\/revisions\/1206"}],"wp:featuredmedia":[{"embeddable":true,"href":"https:\/\/favorite-news.com\/fr\/wp-json\/wp\/v2\/media\/1205"}],"wp:attachment":[{"href":"https:\/\/favorite-news.com\/fr\/wp-json\/wp\/v2\/media?parent=1204"}],"wp:term":[{"taxonomy":"category","embeddable":true,"href":"https:\/\/favorite-news.com\/fr\/wp-json\/wp\/v2\/categories?post=1204"},{"taxonomy":"post_tag","embeddable":true,"href":"https:\/\/favorite-news.com\/fr\/wp-json\/wp\/v2\/tags?post=1204"}],"curies":[{"name":"wp","href":"https:\/\/api.w.org\/{rel}","templated":true}]}}