{"id":1192,"date":"2021-04-06T15:00:45","date_gmt":"2021-04-06T15:00:45","guid":{"rendered":"https:\/\/favorite-news.com\/fr\/le-parquet-de-paris-fait-appel-de-la-relaxe-partielle-des-laboratoires-servier\/"},"modified":"2021-04-06T15:00:48","modified_gmt":"2021-04-06T15:00:48","slug":"le-parquet-de-paris-fait-appel-de-la-relaxe-partielle-des-laboratoires-servier","status":"publish","type":"post","link":"https:\/\/favorite-news.com\/fr\/le-parquet-de-paris-fait-appel-de-la-relaxe-partielle-des-laboratoires-servier\/","title":{"rendered":"Le parquet de Paris fait appel de la relaxe partielle des laboratoires Servier"},"content":{"rendered":"<p>                Le proc\u00e8s du Mediator s&rsquo;est ouvert le 23 septembre 2019 \u00e0 Paris. \u2014 VALINCO\/SIPA<br \/>\n            Le parquet de Paris a annonc\u00e9 ce\u00a0mardi avoir fait appel de la relaxe partielle des laboratoires Servier dans l\u2019affaire du Mediator, un m\u00e9dicament tenu pour responsable de centaines de d\u00e9c\u00e8s et l\u2019un des pires scandales sanitaires fran\u00e7ais.<\/p>\n<p>Les laboratoires Servier ont \u00e9t\u00e9 condamn\u00e9s le 29\u00a0mars \u00e0 une amende de 2,718\u00a0millions d\u2019euros pour \u00ab\u00a0tromperie aggrav\u00e9e\u00a0\u00bb et \u00ab\u00a0homicides et blessures involontaires\u00a0\u00bb, mais relax\u00e9s des d\u00e9lits d\u2019obtention indue d\u2019autorisation de mise sur le march\u00e9 et d\u2019escroquerie. L\u2019appel du parquet porte sur ces deux derni\u00e8res infractions, est-il pr\u00e9cis\u00e9 dans un communiqu\u00e9 du procureur de la R\u00e9publique.<\/p>\n<p>\u2026\/\u2026 Plus d\u2019informations \u00e0 venir<\/p>\n<p>\n<!--noindex--><br \/>\n<a href=\"https:\/\/www.20minutes.fr\/justice\/3015275-20210406-proces-mediator-parquet-paris-fait-appel-relaxe-partielle-laboratoires-servier#xtor=RSS-149\" rel=\"nofollow\">Source link <\/a><br \/>\n<!--\/noindex--><\/p>\n","protected":false},"excerpt":{"rendered":"<p>Le proc\u00e8s du Mediator s&rsquo;est ouvert le 23 septembre 2019 \u00e0 Paris. \u2014 VALINCO\/SIPA Le parquet de Paris a annonc\u00e9 ce\u00a0mardi avoir fait appel de la relaxe partielle des laboratoires Servier dans l\u2019affaire du Mediator, un m\u00e9dicament tenu pour responsable de centaines de d\u00e9c\u00e8s et l\u2019un des pires scandales sanitaires fran\u00e7ais. Les laboratoires Servier ont [&hellip;]<\/p>\n","protected":false},"author":1,"featured_media":1193,"comment_status":"open","ping_status":"open","sticky":false,"template":"","format":"standard","meta":{"footnotes":""},"categories":[1],"tags":[],"class_list":["post-1192","post","type-post","status-publish","format-standard","has-post-thumbnail","hentry","category-nouvelles"],"yoast_head":"<!-- This site is optimized with the Yoast SEO plugin v27.4 - https:\/\/yoast.com\/product\/yoast-seo-wordpress\/ -->\n<title>Le parquet de Paris fait appel de la relaxe partielle des laboratoires Servier - Favorite News<\/title>\n<meta name=\"robots\" content=\"index, follow, max-snippet:-1, max-image-preview:large, max-video-preview:-1\" \/>\n<link rel=\"canonical\" href=\"https:\/\/favorite-news.com\/fr\/le-parquet-de-paris-fait-appel-de-la-relaxe-partielle-des-laboratoires-servier\/\" \/>\n<meta property=\"og:locale\" content=\"fr_FR\" \/>\n<meta property=\"og:type\" content=\"article\" \/>\n<meta property=\"og:title\" content=\"Le parquet de Paris fait appel de la relaxe partielle des laboratoires Servier - Favorite News\" \/>\n<meta property=\"og:description\" content=\"Le proc\u00e8s du Mediator s&rsquo;est ouvert le 23 septembre 2019 \u00e0 Paris. \u2014 VALINCO\/SIPA Le parquet de Paris a annonc\u00e9 ce\u00a0mardi avoir fait appel de la relaxe partielle des laboratoires Servier dans l\u2019affaire du Mediator, un m\u00e9dicament tenu pour responsable de centaines de d\u00e9c\u00e8s et l\u2019un des pires scandales sanitaires fran\u00e7ais. Les laboratoires Servier ont [&hellip;]\" \/>\n<meta property=\"og:url\" content=\"https:\/\/favorite-news.com\/fr\/le-parquet-de-paris-fait-appel-de-la-relaxe-partielle-des-laboratoires-servier\/\" \/>\n<meta property=\"og:site_name\" content=\"Favorite News\" \/>\n<meta property=\"article:published_time\" content=\"2021-04-06T15:00:45+00:00\" \/>\n<meta property=\"article:modified_time\" content=\"2021-04-06T15:00:48+00:00\" \/>\n<meta property=\"og:image\" content=\"https:\/\/favorite-news.com\/fr\/wp-content\/uploads\/sites\/12\/2021\/04\/Le-parquet-de-Paris-fait-appel-de-la-relaxe-partielle.jpg\" \/>\n\t<meta property=\"og:image:width\" content=\"648\" \/>\n\t<meta property=\"og:image:height\" content=\"360\" \/>\n\t<meta property=\"og:image:type\" content=\"image\/jpeg\" \/>\n<meta name=\"author\" content=\"favorite-news\" \/>\n<meta name=\"twitter:card\" content=\"summary_large_image\" \/>\n<meta name=\"twitter:label1\" content=\"\u00c9crit par\" \/>\n\t<meta name=\"twitter:data1\" content=\"favorite-news\" \/>\n\t<meta name=\"twitter:label2\" content=\"Dur\u00e9e de lecture estim\u00e9e\" \/>\n\t<meta name=\"twitter:data2\" content=\"1 minute\" \/>\n<script type=\"application\/ld+json\" class=\"yoast-schema-graph\">{\"@context\":\"https:\\\/\\\/schema.org\",\"@graph\":[{\"@type\":\"Article\",\"@id\":\"https:\\\/\\\/favorite-news.com\\\/fr\\\/le-parquet-de-paris-fait-appel-de-la-relaxe-partielle-des-laboratoires-servier\\\/#article\",\"isPartOf\":{\"@id\":\"https:\\\/\\\/favorite-news.com\\\/fr\\\/le-parquet-de-paris-fait-appel-de-la-relaxe-partielle-des-laboratoires-servier\\\/\"},\"author\":{\"name\":\"favorite-news\",\"@id\":\"https:\\\/\\\/favorite-news.com\\\/fr\\\/#\\\/schema\\\/person\\\/b66c4cfdd10a5bf16d7d5efda647111f\"},\"headline\":\"Le parquet de Paris fait appel de la relaxe partielle des laboratoires Servier\",\"datePublished\":\"2021-04-06T15:00:45+00:00\",\"dateModified\":\"2021-04-06T15:00:48+00:00\",\"mainEntityOfPage\":{\"@id\":\"https:\\\/\\\/favorite-news.com\\\/fr\\\/le-parquet-de-paris-fait-appel-de-la-relaxe-partielle-des-laboratoires-servier\\\/\"},\"wordCount\":142,\"commentCount\":0,\"image\":{\"@id\":\"https:\\\/\\\/favorite-news.com\\\/fr\\\/le-parquet-de-paris-fait-appel-de-la-relaxe-partielle-des-laboratoires-servier\\\/#primaryimage\"},\"thumbnailUrl\":\"https:\\\/\\\/favorite-news.com\\\/fr\\\/wp-content\\\/uploads\\\/sites\\\/12\\\/2021\\\/04\\\/Le-parquet-de-Paris-fait-appel-de-la-relaxe-partielle.jpg\",\"articleSection\":[\"NOUVELLES\"],\"inLanguage\":\"fr-FR\",\"potentialAction\":[{\"@type\":\"CommentAction\",\"name\":\"Comment\",\"target\":[\"https:\\\/\\\/favorite-news.com\\\/fr\\\/le-parquet-de-paris-fait-appel-de-la-relaxe-partielle-des-laboratoires-servier\\\/#respond\"]}]},{\"@type\":\"WebPage\",\"@id\":\"https:\\\/\\\/favorite-news.com\\\/fr\\\/le-parquet-de-paris-fait-appel-de-la-relaxe-partielle-des-laboratoires-servier\\\/\",\"url\":\"https:\\\/\\\/favorite-news.com\\\/fr\\\/le-parquet-de-paris-fait-appel-de-la-relaxe-partielle-des-laboratoires-servier\\\/\",\"name\":\"Le parquet de Paris fait appel de la relaxe partielle des laboratoires Servier - Favorite News\",\"isPartOf\":{\"@id\":\"https:\\\/\\\/favorite-news.com\\\/fr\\\/#website\"},\"primaryImageOfPage\":{\"@id\":\"https:\\\/\\\/favorite-news.com\\\/fr\\\/le-parquet-de-paris-fait-appel-de-la-relaxe-partielle-des-laboratoires-servier\\\/#primaryimage\"},\"image\":{\"@id\":\"https:\\\/\\\/favorite-news.com\\\/fr\\\/le-parquet-de-paris-fait-appel-de-la-relaxe-partielle-des-laboratoires-servier\\\/#primaryimage\"},\"thumbnailUrl\":\"https:\\\/\\\/favorite-news.com\\\/fr\\\/wp-content\\\/uploads\\\/sites\\\/12\\\/2021\\\/04\\\/Le-parquet-de-Paris-fait-appel-de-la-relaxe-partielle.jpg\",\"datePublished\":\"2021-04-06T15:00:45+00:00\",\"dateModified\":\"2021-04-06T15:00:48+00:00\",\"author\":{\"@id\":\"https:\\\/\\\/favorite-news.com\\\/fr\\\/#\\\/schema\\\/person\\\/b66c4cfdd10a5bf16d7d5efda647111f\"},\"breadcrumb\":{\"@id\":\"https:\\\/\\\/favorite-news.com\\\/fr\\\/le-parquet-de-paris-fait-appel-de-la-relaxe-partielle-des-laboratoires-servier\\\/#breadcrumb\"},\"inLanguage\":\"fr-FR\",\"potentialAction\":[{\"@type\":\"ReadAction\",\"target\":[\"https:\\\/\\\/favorite-news.com\\\/fr\\\/le-parquet-de-paris-fait-appel-de-la-relaxe-partielle-des-laboratoires-servier\\\/\"]}]},{\"@type\":\"ImageObject\",\"inLanguage\":\"fr-FR\",\"@id\":\"https:\\\/\\\/favorite-news.com\\\/fr\\\/le-parquet-de-paris-fait-appel-de-la-relaxe-partielle-des-laboratoires-servier\\\/#primaryimage\",\"url\":\"https:\\\/\\\/favorite-news.com\\\/fr\\\/wp-content\\\/uploads\\\/sites\\\/12\\\/2021\\\/04\\\/Le-parquet-de-Paris-fait-appel-de-la-relaxe-partielle.jpg\",\"contentUrl\":\"https:\\\/\\\/favorite-news.com\\\/fr\\\/wp-content\\\/uploads\\\/sites\\\/12\\\/2021\\\/04\\\/Le-parquet-de-Paris-fait-appel-de-la-relaxe-partielle.jpg\",\"width\":648,\"height\":360,\"caption\":\"Le parquet de Paris fait appel de la relaxe partielle des laboratoires Servier\"},{\"@type\":\"BreadcrumbList\",\"@id\":\"https:\\\/\\\/favorite-news.com\\\/fr\\\/le-parquet-de-paris-fait-appel-de-la-relaxe-partielle-des-laboratoires-servier\\\/#breadcrumb\",\"itemListElement\":[{\"@type\":\"ListItem\",\"position\":1,\"name\":\"Home\",\"item\":\"https:\\\/\\\/favorite-news.com\\\/fr\\\/\"},{\"@type\":\"ListItem\",\"position\":2,\"name\":\"Le parquet de Paris fait appel de la relaxe partielle des laboratoires Servier\"}]},{\"@type\":\"WebSite\",\"@id\":\"https:\\\/\\\/favorite-news.com\\\/fr\\\/#website\",\"url\":\"https:\\\/\\\/favorite-news.com\\\/fr\\\/\",\"name\":\"Favorite News\",\"description\":\"Favorite News France\",\"potentialAction\":[{\"@type\":\"SearchAction\",\"target\":{\"@type\":\"EntryPoint\",\"urlTemplate\":\"https:\\\/\\\/favorite-news.com\\\/fr\\\/?s={search_term_string}\"},\"query-input\":{\"@type\":\"PropertyValueSpecification\",\"valueRequired\":true,\"valueName\":\"search_term_string\"}}],\"inLanguage\":\"fr-FR\"},{\"@type\":\"Person\",\"@id\":\"https:\\\/\\\/favorite-news.com\\\/fr\\\/#\\\/schema\\\/person\\\/b66c4cfdd10a5bf16d7d5efda647111f\",\"name\":\"favorite-news\",\"image\":{\"@type\":\"ImageObject\",\"inLanguage\":\"fr-FR\",\"@id\":\"https:\\\/\\\/secure.gravatar.com\\\/avatar\\\/f89959e01423a9ee3c2debbcf830eb021c575de0e1b3781ca3ae392b71c615a1?s=96&d=mm&r=g\",\"url\":\"https:\\\/\\\/secure.gravatar.com\\\/avatar\\\/f89959e01423a9ee3c2debbcf830eb021c575de0e1b3781ca3ae392b71c615a1?s=96&d=mm&r=g\",\"contentUrl\":\"https:\\\/\\\/secure.gravatar.com\\\/avatar\\\/f89959e01423a9ee3c2debbcf830eb021c575de0e1b3781ca3ae392b71c615a1?s=96&d=mm&r=g\",\"caption\":\"favorite-news\"},\"url\":\"https:\\\/\\\/favorite-news.com\\\/fr\\\/author\\\/ruby\\\/\"}]}<\/script>\n<!-- \/ Yoast SEO plugin. -->","yoast_head_json":{"title":"Le parquet de Paris fait appel de la relaxe partielle des laboratoires Servier - Favorite News","robots":{"index":"index","follow":"follow","max-snippet":"max-snippet:-1","max-image-preview":"max-image-preview:large","max-video-preview":"max-video-preview:-1"},"canonical":"https:\/\/favorite-news.com\/fr\/le-parquet-de-paris-fait-appel-de-la-relaxe-partielle-des-laboratoires-servier\/","og_locale":"fr_FR","og_type":"article","og_title":"Le parquet de Paris fait appel de la relaxe partielle des laboratoires Servier - Favorite News","og_description":"Le proc\u00e8s du Mediator s&rsquo;est ouvert le 23 septembre 2019 \u00e0 Paris. \u2014 VALINCO\/SIPA Le parquet de Paris a annonc\u00e9 ce\u00a0mardi avoir fait appel de la relaxe partielle des laboratoires Servier dans l\u2019affaire du Mediator, un m\u00e9dicament tenu pour responsable de centaines de d\u00e9c\u00e8s et l\u2019un des pires scandales sanitaires fran\u00e7ais. Les laboratoires Servier ont [&hellip;]","og_url":"https:\/\/favorite-news.com\/fr\/le-parquet-de-paris-fait-appel-de-la-relaxe-partielle-des-laboratoires-servier\/","og_site_name":"Favorite News","article_published_time":"2021-04-06T15:00:45+00:00","article_modified_time":"2021-04-06T15:00:48+00:00","og_image":[{"width":648,"height":360,"url":"https:\/\/favorite-news.com\/fr\/wp-content\/uploads\/sites\/12\/2021\/04\/Le-parquet-de-Paris-fait-appel-de-la-relaxe-partielle.jpg","type":"image\/jpeg"}],"author":"favorite-news","twitter_card":"summary_large_image","twitter_misc":{"\u00c9crit par":"favorite-news","Dur\u00e9e de lecture estim\u00e9e":"1 minute"},"schema":{"@context":"https:\/\/schema.org","@graph":[{"@type":"Article","@id":"https:\/\/favorite-news.com\/fr\/le-parquet-de-paris-fait-appel-de-la-relaxe-partielle-des-laboratoires-servier\/#article","isPartOf":{"@id":"https:\/\/favorite-news.com\/fr\/le-parquet-de-paris-fait-appel-de-la-relaxe-partielle-des-laboratoires-servier\/"},"author":{"name":"favorite-news","@id":"https:\/\/favorite-news.com\/fr\/#\/schema\/person\/b66c4cfdd10a5bf16d7d5efda647111f"},"headline":"Le parquet de Paris fait appel de la relaxe partielle des laboratoires Servier","datePublished":"2021-04-06T15:00:45+00:00","dateModified":"2021-04-06T15:00:48+00:00","mainEntityOfPage":{"@id":"https:\/\/favorite-news.com\/fr\/le-parquet-de-paris-fait-appel-de-la-relaxe-partielle-des-laboratoires-servier\/"},"wordCount":142,"commentCount":0,"image":{"@id":"https:\/\/favorite-news.com\/fr\/le-parquet-de-paris-fait-appel-de-la-relaxe-partielle-des-laboratoires-servier\/#primaryimage"},"thumbnailUrl":"https:\/\/favorite-news.com\/fr\/wp-content\/uploads\/sites\/12\/2021\/04\/Le-parquet-de-Paris-fait-appel-de-la-relaxe-partielle.jpg","articleSection":["NOUVELLES"],"inLanguage":"fr-FR","potentialAction":[{"@type":"CommentAction","name":"Comment","target":["https:\/\/favorite-news.com\/fr\/le-parquet-de-paris-fait-appel-de-la-relaxe-partielle-des-laboratoires-servier\/#respond"]}]},{"@type":"WebPage","@id":"https:\/\/favorite-news.com\/fr\/le-parquet-de-paris-fait-appel-de-la-relaxe-partielle-des-laboratoires-servier\/","url":"https:\/\/favorite-news.com\/fr\/le-parquet-de-paris-fait-appel-de-la-relaxe-partielle-des-laboratoires-servier\/","name":"Le parquet de Paris fait appel de la relaxe partielle des laboratoires Servier - Favorite News","isPartOf":{"@id":"https:\/\/favorite-news.com\/fr\/#website"},"primaryImageOfPage":{"@id":"https:\/\/favorite-news.com\/fr\/le-parquet-de-paris-fait-appel-de-la-relaxe-partielle-des-laboratoires-servier\/#primaryimage"},"image":{"@id":"https:\/\/favorite-news.com\/fr\/le-parquet-de-paris-fait-appel-de-la-relaxe-partielle-des-laboratoires-servier\/#primaryimage"},"thumbnailUrl":"https:\/\/favorite-news.com\/fr\/wp-content\/uploads\/sites\/12\/2021\/04\/Le-parquet-de-Paris-fait-appel-de-la-relaxe-partielle.jpg","datePublished":"2021-04-06T15:00:45+00:00","dateModified":"2021-04-06T15:00:48+00:00","author":{"@id":"https:\/\/favorite-news.com\/fr\/#\/schema\/person\/b66c4cfdd10a5bf16d7d5efda647111f"},"breadcrumb":{"@id":"https:\/\/favorite-news.com\/fr\/le-parquet-de-paris-fait-appel-de-la-relaxe-partielle-des-laboratoires-servier\/#breadcrumb"},"inLanguage":"fr-FR","potentialAction":[{"@type":"ReadAction","target":["https:\/\/favorite-news.com\/fr\/le-parquet-de-paris-fait-appel-de-la-relaxe-partielle-des-laboratoires-servier\/"]}]},{"@type":"ImageObject","inLanguage":"fr-FR","@id":"https:\/\/favorite-news.com\/fr\/le-parquet-de-paris-fait-appel-de-la-relaxe-partielle-des-laboratoires-servier\/#primaryimage","url":"https:\/\/favorite-news.com\/fr\/wp-content\/uploads\/sites\/12\/2021\/04\/Le-parquet-de-Paris-fait-appel-de-la-relaxe-partielle.jpg","contentUrl":"https:\/\/favorite-news.com\/fr\/wp-content\/uploads\/sites\/12\/2021\/04\/Le-parquet-de-Paris-fait-appel-de-la-relaxe-partielle.jpg","width":648,"height":360,"caption":"Le parquet de Paris fait appel de la relaxe partielle des laboratoires Servier"},{"@type":"BreadcrumbList","@id":"https:\/\/favorite-news.com\/fr\/le-parquet-de-paris-fait-appel-de-la-relaxe-partielle-des-laboratoires-servier\/#breadcrumb","itemListElement":[{"@type":"ListItem","position":1,"name":"Home","item":"https:\/\/favorite-news.com\/fr\/"},{"@type":"ListItem","position":2,"name":"Le parquet de Paris fait appel de la relaxe partielle des laboratoires Servier"}]},{"@type":"WebSite","@id":"https:\/\/favorite-news.com\/fr\/#website","url":"https:\/\/favorite-news.com\/fr\/","name":"Favorite News","description":"Favorite News France","potentialAction":[{"@type":"SearchAction","target":{"@type":"EntryPoint","urlTemplate":"https:\/\/favorite-news.com\/fr\/?s={search_term_string}"},"query-input":{"@type":"PropertyValueSpecification","valueRequired":true,"valueName":"search_term_string"}}],"inLanguage":"fr-FR"},{"@type":"Person","@id":"https:\/\/favorite-news.com\/fr\/#\/schema\/person\/b66c4cfdd10a5bf16d7d5efda647111f","name":"favorite-news","image":{"@type":"ImageObject","inLanguage":"fr-FR","@id":"https:\/\/secure.gravatar.com\/avatar\/f89959e01423a9ee3c2debbcf830eb021c575de0e1b3781ca3ae392b71c615a1?s=96&d=mm&r=g","url":"https:\/\/secure.gravatar.com\/avatar\/f89959e01423a9ee3c2debbcf830eb021c575de0e1b3781ca3ae392b71c615a1?s=96&d=mm&r=g","contentUrl":"https:\/\/secure.gravatar.com\/avatar\/f89959e01423a9ee3c2debbcf830eb021c575de0e1b3781ca3ae392b71c615a1?s=96&d=mm&r=g","caption":"favorite-news"},"url":"https:\/\/favorite-news.com\/fr\/author\/ruby\/"}]}},"_links":{"self":[{"href":"https:\/\/favorite-news.com\/fr\/wp-json\/wp\/v2\/posts\/1192","targetHints":{"allow":["GET"]}}],"collection":[{"href":"https:\/\/favorite-news.com\/fr\/wp-json\/wp\/v2\/posts"}],"about":[{"href":"https:\/\/favorite-news.com\/fr\/wp-json\/wp\/v2\/types\/post"}],"author":[{"embeddable":true,"href":"https:\/\/favorite-news.com\/fr\/wp-json\/wp\/v2\/users\/1"}],"replies":[{"embeddable":true,"href":"https:\/\/favorite-news.com\/fr\/wp-json\/wp\/v2\/comments?post=1192"}],"version-history":[{"count":1,"href":"https:\/\/favorite-news.com\/fr\/wp-json\/wp\/v2\/posts\/1192\/revisions"}],"predecessor-version":[{"id":1194,"href":"https:\/\/favorite-news.com\/fr\/wp-json\/wp\/v2\/posts\/1192\/revisions\/1194"}],"wp:featuredmedia":[{"embeddable":true,"href":"https:\/\/favorite-news.com\/fr\/wp-json\/wp\/v2\/media\/1193"}],"wp:attachment":[{"href":"https:\/\/favorite-news.com\/fr\/wp-json\/wp\/v2\/media?parent=1192"}],"wp:term":[{"taxonomy":"category","embeddable":true,"href":"https:\/\/favorite-news.com\/fr\/wp-json\/wp\/v2\/categories?post=1192"},{"taxonomy":"post_tag","embeddable":true,"href":"https:\/\/favorite-news.com\/fr\/wp-json\/wp\/v2\/tags?post=1192"}],"curies":[{"name":"wp","href":"https:\/\/api.w.org\/{rel}","templated":true}]}}