{"id":1186,"date":"2021-04-05T14:45:27","date_gmt":"2021-04-05T14:45:27","guid":{"rendered":"https:\/\/favorite-news.com\/fr\/le-nombre-de-patients-en-reanimation-va-encore-augmenter-previent-olivier-veran\/"},"modified":"2021-04-05T14:45:29","modified_gmt":"2021-04-05T14:45:29","slug":"le-nombre-de-patients-en-reanimation-va-encore-augmenter-previent-olivier-veran","status":"publish","type":"post","link":"https:\/\/favorite-news.com\/fr\/le-nombre-de-patients-en-reanimation-va-encore-augmenter-previent-olivier-veran\/","title":{"rendered":"\u00ab\u00a0Le nombre de patients en r\u00e9animation va encore augmenter\u00a0\u00bb, pr\u00e9vient Olivier V\u00e9ran"},"content":{"rendered":"<p>                Olivier Veran<br \/>\nLe ministre de la sante visite le centre de prevention CheckPoint Paris \u2014 LOUISE MERESSE\/DICOM\/SIPA<br \/>\n            Derni\u00e8re respiration avant de se confiner et d\u2019attaquer l\u2019\u00e9cole \u00e0 la maison\u00a0:\u00a0le week-end de P\u00e2ques touche \u00e0 sa fin lundi, avec une nouvelle vague de restrictions pour tenter de freiner l\u2019\u00e9pid\u00e9mie de Covid-19.<\/p>\n<p>Ce lundi, au journal t\u00e9l\u00e9vis\u00e9e de 13h de TF1, &#13;<br \/>\nOlivier V\u00e9ran, ministre de la Sant\u00e9, a justifi\u00e9 ces mesures par la d\u00e9gradation de la situation sanitaire. La situation reste tendue, rappelle-t-il, \u00ab puisque chaque jour, en moyenne, 40.000 Fran\u00e7ais se font tester positif au coronavirus\u00a0\u00bb.<\/p>\n<p>\u00ab\u00a0Deux cartes de France se dessinent\u00a0\u00bb<\/p>\n<p>Deux cartes se dessinent, dresse le ministre\u00a0:\u00a0\u00ab\u00a0A l\u2019est, la tension \u00e9pid\u00e9mique et sanitaire est \u00e9lev\u00e9e, mais nous constatons les premiers fr\u00e9missements qu\u2019il va falloir consolider. A l\u2019ouest, le niveau de tension \u00e9pid\u00e9mique est plus faible, mais la dynamique, en revanche, plus forte.\u00a0\u00bb<\/p>\n<p>Pour Olivier V\u00e9ran alors, \u00ab\u00a0cela nous conforte dans l\u2019id\u00e9e d\u2019avoir appliqu\u00e9 \u00e0 tout le pays des mesures de restriction puisque nous allons \u00e9viter ainsi \u00e0 l\u2019ouest du pays de rejoindre la situation tr\u00e8s probl\u00e9matique connue \u00e0 l\u2019Est.\u00a0\u00bb<\/p>\n<p>Le pic des contaminations atteint dans la semaine\u00a0?<\/p>\n<p>Si le ministre de la Sant\u00e9 esp\u00e8re que la France atteigne le pic des contaminations de cette troisi\u00e8me vague dans la semaine, il ne s\u2019attend pas pour autant \u00e0 une baisse des hospitalisations d\u2019ici \u00e0 la fin du mois d\u2019avril. \u00ab\u00a0Il y a toujours deux \u00e0 trois semaines d\u2019\u00e9cart entre le pic des contaminations et le pic des cas graves\u00a0\u00bb, rappelle-t-il. M\u00eame avec l\u2019entr\u00e9e en vigueur de ces nouvelles mesures de restriction, depuis le 3\u00a0avril, \u00ab\u00a0dans les trois prochaines semaines, quoi qu\u2019il advienne, le nombre de patients en r\u00e9animation va continuer d\u2019augmenter, m\u00e9caniquement\u00a0\u00bb, pr\u00e9vient Olivier V\u00e9ran.<\/p>\n<p>Jusqu\u2019\u00e0 atteindre les 7.000 malades en r\u00e9animation comme lors du pic de la premi\u00e8re vague\u00a0?\u00a0Le ministre de la Sant\u00e9 n\u2019\u00e9carte pas cette hypoth\u00e8se. \u00abNous\u00a0sommes d\u00e9j\u00e0 \u00e0 5400 malades en r\u00e9animation\u00bb, indique-t-il.<\/p>\n<p>Pas un probl\u00e8me de logistique, mais un enjeu de livraison<\/p>\n<p>C\u00f4t\u00e9 vaccination, Olivier V\u00e9ran a annonc\u00e9 lundi que 2\u00a0millions de Fran\u00e7ais avaient \u00e9t\u00e9 vaccin\u00e9s en une semaine. Selon lui, le pays \u00ab\u00a0n\u2019a aucun enjeu de logistique, mais de livraison de vaccins\u00a0\u00bb, a-t-il dit sur TF1. Il assure que 10\u00a0millions de doses auront \u00e9t\u00e9 inocul\u00e9es d\u2019ici \u00e0 la mi-avril, comme le pr\u00e9voyait le gouvernement. Cet objectif sera m\u00eame anticip\u00e9 \u00ab\u00a0de quelques jours\u00a0\u00bb.<\/p>\n<p>Interrog\u00e9 sur des centres de vaccination qui tournent au ralenti en raison d\u2019un manque de doses de vaccin contre le covid-19, Olivier V\u00e9ran a assur\u00e9 qu\u2019il n\u2019y avait pas de probl\u00e8me de \u00ab\u00a0logistique\u00a0\u00bb, mais de livraison. \u00ab\u00a0Nous avons fait le choix de vacciner en flux tendu. Oui, il y a des moments o\u00f9 il n\u2019y a plus de doses dans les frigos\u00a0\u00bb, a-t-il d\u00e9clar\u00e9.<\/p>\n<p>Multiplication des grands centres de vaccination<\/p>\n<p>Le gouvernement affiche sa confiance sur les approvisionnements esp\u00e9r\u00e9s des labos pharmaceutiques pour atteindre cet objectif. Et table aussi sur une d\u00e9multiplication des centres et personnels pour les administrer.<\/p>\n<p>On attend mi-avril l&rsquo;arriv\u00e9e du vaccin Johnson &amp; Johnson, qui n\u00e9cessite une seule injection, avec 600.000 premi\u00e8res doses avant mai. Elles devraient facilement trouver preneurs, alors que le vaccin d\u2019AstraZeneca reste plomb\u00e9 par des doutes sur son innocuit\u00e9, malgr\u00e9 les assurances des autorit\u00e9s sanitaires.<\/p>\n<p>Du c\u00f4t\u00e9 des vaccinateurs, les h\u00f4pitaux d\u2019instruction des arm\u00e9es fran\u00e7ais vont augmenter leurs capacit\u00e9s d\u2019accueil pour vacciner jusqu\u2019\u00e0 50.000 personnes par semaine, a annonc\u00e9 samedi soir le minist\u00e8re des Arm\u00e9es.<\/p>\n<p>Les grands centres de vaccination vont aussi se multiplier sur le territoire. Comme le Stade de France qui accueillera mardi ses premiers volontaires, avec un premier objectif de 10.000 injections par semaine. Pour mieux tracer l\u2019\u00e9volution de l\u2019\u00e9pid\u00e9mie, des autotests seront disponibles en pharmacie \u00e0 partir du 12\u00a0avril.<\/p>\n<p>&#13;<br \/>\n\u00a0<\/p>\n<p>\n<!--noindex--><br \/>\n<a href=\"https:\/\/www.20minutes.fr\/sante\/3014447-20210405-coronavirus-nombre-patients-reanimation-va-encore-augmenter-previent-oliver-veran#xtor=RSS-149\" rel=\"nofollow\">Source link <\/a><br \/>\n<!--\/noindex--><\/p>\n","protected":false},"excerpt":{"rendered":"<p>Olivier Veran Le ministre de la sante visite le centre de prevention CheckPoint Paris \u2014 LOUISE MERESSE\/DICOM\/SIPA Derni\u00e8re respiration avant de se confiner et d\u2019attaquer l\u2019\u00e9cole \u00e0 la maison\u00a0:\u00a0le week-end de P\u00e2ques touche \u00e0 sa fin lundi, avec une nouvelle vague de restrictions pour tenter de freiner l\u2019\u00e9pid\u00e9mie de Covid-19. Ce lundi, au journal t\u00e9l\u00e9vis\u00e9e [&hellip;]<\/p>\n","protected":false},"author":1,"featured_media":1187,"comment_status":"open","ping_status":"open","sticky":false,"template":"","format":"standard","meta":{"footnotes":""},"categories":[1],"tags":[],"class_list":["post-1186","post","type-post","status-publish","format-standard","has-post-thumbnail","hentry","category-nouvelles"],"yoast_head":"<!-- This site is optimized with the Yoast SEO plugin v27.4 - https:\/\/yoast.com\/product\/yoast-seo-wordpress\/ -->\n<title>\u00ab\u00a0Le nombre de patients en r\u00e9animation va encore augmenter\u00a0\u00bb, pr\u00e9vient Olivier V\u00e9ran - Favorite News<\/title>\n<meta name=\"robots\" content=\"index, follow, max-snippet:-1, max-image-preview:large, max-video-preview:-1\" \/>\n<link rel=\"canonical\" href=\"https:\/\/favorite-news.com\/fr\/le-nombre-de-patients-en-reanimation-va-encore-augmenter-previent-olivier-veran\/\" \/>\n<meta property=\"og:locale\" content=\"fr_FR\" \/>\n<meta property=\"og:type\" content=\"article\" \/>\n<meta property=\"og:title\" content=\"\u00ab\u00a0Le nombre de patients en r\u00e9animation va encore augmenter\u00a0\u00bb, pr\u00e9vient Olivier V\u00e9ran - Favorite News\" \/>\n<meta property=\"og:description\" content=\"Olivier Veran Le ministre de la sante visite le centre de prevention CheckPoint Paris \u2014 LOUISE MERESSE\/DICOM\/SIPA Derni\u00e8re respiration avant de se confiner et d\u2019attaquer l\u2019\u00e9cole \u00e0 la maison\u00a0:\u00a0le week-end de P\u00e2ques touche \u00e0 sa fin lundi, avec une nouvelle vague de restrictions pour tenter de freiner l\u2019\u00e9pid\u00e9mie de Covid-19. Ce lundi, au journal t\u00e9l\u00e9vis\u00e9e [&hellip;]\" \/>\n<meta property=\"og:url\" content=\"https:\/\/favorite-news.com\/fr\/le-nombre-de-patients-en-reanimation-va-encore-augmenter-previent-olivier-veran\/\" \/>\n<meta property=\"og:site_name\" content=\"Favorite News\" \/>\n<meta property=\"article:published_time\" content=\"2021-04-05T14:45:27+00:00\" \/>\n<meta property=\"article:modified_time\" content=\"2021-04-05T14:45:29+00:00\" \/>\n<meta property=\"og:image\" content=\"https:\/\/favorite-news.com\/fr\/wp-content\/uploads\/sites\/12\/2021\/04\/Le-nombre-de-patients-en-reanimation-va-encore-augmenter-previent.jpg\" \/>\n\t<meta property=\"og:image:width\" content=\"648\" \/>\n\t<meta property=\"og:image:height\" content=\"360\" \/>\n\t<meta property=\"og:image:type\" content=\"image\/jpeg\" \/>\n<meta name=\"author\" content=\"favorite-news\" \/>\n<meta name=\"twitter:card\" content=\"summary_large_image\" \/>\n<meta name=\"twitter:label1\" content=\"\u00c9crit par\" \/>\n\t<meta name=\"twitter:data1\" content=\"favorite-news\" \/>\n\t<meta name=\"twitter:label2\" content=\"Dur\u00e9e de lecture estim\u00e9e\" \/>\n\t<meta name=\"twitter:data2\" content=\"3 minutes\" \/>\n<script type=\"application\/ld+json\" class=\"yoast-schema-graph\">{\"@context\":\"https:\\\/\\\/schema.org\",\"@graph\":[{\"@type\":\"Article\",\"@id\":\"https:\\\/\\\/favorite-news.com\\\/fr\\\/le-nombre-de-patients-en-reanimation-va-encore-augmenter-previent-olivier-veran\\\/#article\",\"isPartOf\":{\"@id\":\"https:\\\/\\\/favorite-news.com\\\/fr\\\/le-nombre-de-patients-en-reanimation-va-encore-augmenter-previent-olivier-veran\\\/\"},\"author\":{\"name\":\"favorite-news\",\"@id\":\"https:\\\/\\\/favorite-news.com\\\/fr\\\/#\\\/schema\\\/person\\\/b66c4cfdd10a5bf16d7d5efda647111f\"},\"headline\":\"\u00ab\u00a0Le nombre de patients en r\u00e9animation va encore augmenter\u00a0\u00bb, pr\u00e9vient Olivier V\u00e9ran\",\"datePublished\":\"2021-04-05T14:45:27+00:00\",\"dateModified\":\"2021-04-05T14:45:29+00:00\",\"mainEntityOfPage\":{\"@id\":\"https:\\\/\\\/favorite-news.com\\\/fr\\\/le-nombre-de-patients-en-reanimation-va-encore-augmenter-previent-olivier-veran\\\/\"},\"wordCount\":697,\"commentCount\":0,\"image\":{\"@id\":\"https:\\\/\\\/favorite-news.com\\\/fr\\\/le-nombre-de-patients-en-reanimation-va-encore-augmenter-previent-olivier-veran\\\/#primaryimage\"},\"thumbnailUrl\":\"https:\\\/\\\/favorite-news.com\\\/fr\\\/wp-content\\\/uploads\\\/sites\\\/12\\\/2021\\\/04\\\/Le-nombre-de-patients-en-reanimation-va-encore-augmenter-previent.jpg\",\"articleSection\":[\"NOUVELLES\"],\"inLanguage\":\"fr-FR\",\"potentialAction\":[{\"@type\":\"CommentAction\",\"name\":\"Comment\",\"target\":[\"https:\\\/\\\/favorite-news.com\\\/fr\\\/le-nombre-de-patients-en-reanimation-va-encore-augmenter-previent-olivier-veran\\\/#respond\"]}]},{\"@type\":\"WebPage\",\"@id\":\"https:\\\/\\\/favorite-news.com\\\/fr\\\/le-nombre-de-patients-en-reanimation-va-encore-augmenter-previent-olivier-veran\\\/\",\"url\":\"https:\\\/\\\/favorite-news.com\\\/fr\\\/le-nombre-de-patients-en-reanimation-va-encore-augmenter-previent-olivier-veran\\\/\",\"name\":\"\u00ab\u00a0Le nombre de patients en r\u00e9animation va encore augmenter\u00a0\u00bb, pr\u00e9vient Olivier V\u00e9ran - Favorite News\",\"isPartOf\":{\"@id\":\"https:\\\/\\\/favorite-news.com\\\/fr\\\/#website\"},\"primaryImageOfPage\":{\"@id\":\"https:\\\/\\\/favorite-news.com\\\/fr\\\/le-nombre-de-patients-en-reanimation-va-encore-augmenter-previent-olivier-veran\\\/#primaryimage\"},\"image\":{\"@id\":\"https:\\\/\\\/favorite-news.com\\\/fr\\\/le-nombre-de-patients-en-reanimation-va-encore-augmenter-previent-olivier-veran\\\/#primaryimage\"},\"thumbnailUrl\":\"https:\\\/\\\/favorite-news.com\\\/fr\\\/wp-content\\\/uploads\\\/sites\\\/12\\\/2021\\\/04\\\/Le-nombre-de-patients-en-reanimation-va-encore-augmenter-previent.jpg\",\"datePublished\":\"2021-04-05T14:45:27+00:00\",\"dateModified\":\"2021-04-05T14:45:29+00:00\",\"author\":{\"@id\":\"https:\\\/\\\/favorite-news.com\\\/fr\\\/#\\\/schema\\\/person\\\/b66c4cfdd10a5bf16d7d5efda647111f\"},\"breadcrumb\":{\"@id\":\"https:\\\/\\\/favorite-news.com\\\/fr\\\/le-nombre-de-patients-en-reanimation-va-encore-augmenter-previent-olivier-veran\\\/#breadcrumb\"},\"inLanguage\":\"fr-FR\",\"potentialAction\":[{\"@type\":\"ReadAction\",\"target\":[\"https:\\\/\\\/favorite-news.com\\\/fr\\\/le-nombre-de-patients-en-reanimation-va-encore-augmenter-previent-olivier-veran\\\/\"]}]},{\"@type\":\"ImageObject\",\"inLanguage\":\"fr-FR\",\"@id\":\"https:\\\/\\\/favorite-news.com\\\/fr\\\/le-nombre-de-patients-en-reanimation-va-encore-augmenter-previent-olivier-veran\\\/#primaryimage\",\"url\":\"https:\\\/\\\/favorite-news.com\\\/fr\\\/wp-content\\\/uploads\\\/sites\\\/12\\\/2021\\\/04\\\/Le-nombre-de-patients-en-reanimation-va-encore-augmenter-previent.jpg\",\"contentUrl\":\"https:\\\/\\\/favorite-news.com\\\/fr\\\/wp-content\\\/uploads\\\/sites\\\/12\\\/2021\\\/04\\\/Le-nombre-de-patients-en-reanimation-va-encore-augmenter-previent.jpg\",\"width\":648,\"height\":360,\"caption\":\"\u00ab\u00a0Le nombre de patients en r\u00e9animation va encore augmenter\u00a0\u00bb, pr\u00e9vient Olivier V\u00e9ran\"},{\"@type\":\"BreadcrumbList\",\"@id\":\"https:\\\/\\\/favorite-news.com\\\/fr\\\/le-nombre-de-patients-en-reanimation-va-encore-augmenter-previent-olivier-veran\\\/#breadcrumb\",\"itemListElement\":[{\"@type\":\"ListItem\",\"position\":1,\"name\":\"Home\",\"item\":\"https:\\\/\\\/favorite-news.com\\\/fr\\\/\"},{\"@type\":\"ListItem\",\"position\":2,\"name\":\"\u00ab\u00a0Le nombre de patients en r\u00e9animation va encore augmenter\u00a0\u00bb, pr\u00e9vient Olivier V\u00e9ran\"}]},{\"@type\":\"WebSite\",\"@id\":\"https:\\\/\\\/favorite-news.com\\\/fr\\\/#website\",\"url\":\"https:\\\/\\\/favorite-news.com\\\/fr\\\/\",\"name\":\"Favorite News\",\"description\":\"Favorite News France\",\"potentialAction\":[{\"@type\":\"SearchAction\",\"target\":{\"@type\":\"EntryPoint\",\"urlTemplate\":\"https:\\\/\\\/favorite-news.com\\\/fr\\\/?s={search_term_string}\"},\"query-input\":{\"@type\":\"PropertyValueSpecification\",\"valueRequired\":true,\"valueName\":\"search_term_string\"}}],\"inLanguage\":\"fr-FR\"},{\"@type\":\"Person\",\"@id\":\"https:\\\/\\\/favorite-news.com\\\/fr\\\/#\\\/schema\\\/person\\\/b66c4cfdd10a5bf16d7d5efda647111f\",\"name\":\"favorite-news\",\"image\":{\"@type\":\"ImageObject\",\"inLanguage\":\"fr-FR\",\"@id\":\"https:\\\/\\\/secure.gravatar.com\\\/avatar\\\/f89959e01423a9ee3c2debbcf830eb021c575de0e1b3781ca3ae392b71c615a1?s=96&d=mm&r=g\",\"url\":\"https:\\\/\\\/secure.gravatar.com\\\/avatar\\\/f89959e01423a9ee3c2debbcf830eb021c575de0e1b3781ca3ae392b71c615a1?s=96&d=mm&r=g\",\"contentUrl\":\"https:\\\/\\\/secure.gravatar.com\\\/avatar\\\/f89959e01423a9ee3c2debbcf830eb021c575de0e1b3781ca3ae392b71c615a1?s=96&d=mm&r=g\",\"caption\":\"favorite-news\"},\"url\":\"https:\\\/\\\/favorite-news.com\\\/fr\\\/author\\\/ruby\\\/\"}]}<\/script>\n<!-- \/ Yoast SEO plugin. -->","yoast_head_json":{"title":"\u00ab\u00a0Le nombre de patients en r\u00e9animation va encore augmenter\u00a0\u00bb, pr\u00e9vient Olivier V\u00e9ran - Favorite News","robots":{"index":"index","follow":"follow","max-snippet":"max-snippet:-1","max-image-preview":"max-image-preview:large","max-video-preview":"max-video-preview:-1"},"canonical":"https:\/\/favorite-news.com\/fr\/le-nombre-de-patients-en-reanimation-va-encore-augmenter-previent-olivier-veran\/","og_locale":"fr_FR","og_type":"article","og_title":"\u00ab\u00a0Le nombre de patients en r\u00e9animation va encore augmenter\u00a0\u00bb, pr\u00e9vient Olivier V\u00e9ran - Favorite News","og_description":"Olivier Veran Le ministre de la sante visite le centre de prevention CheckPoint Paris \u2014 LOUISE MERESSE\/DICOM\/SIPA Derni\u00e8re respiration avant de se confiner et d\u2019attaquer l\u2019\u00e9cole \u00e0 la maison\u00a0:\u00a0le week-end de P\u00e2ques touche \u00e0 sa fin lundi, avec une nouvelle vague de restrictions pour tenter de freiner l\u2019\u00e9pid\u00e9mie de Covid-19. Ce lundi, au journal t\u00e9l\u00e9vis\u00e9e [&hellip;]","og_url":"https:\/\/favorite-news.com\/fr\/le-nombre-de-patients-en-reanimation-va-encore-augmenter-previent-olivier-veran\/","og_site_name":"Favorite News","article_published_time":"2021-04-05T14:45:27+00:00","article_modified_time":"2021-04-05T14:45:29+00:00","og_image":[{"width":648,"height":360,"url":"https:\/\/favorite-news.com\/fr\/wp-content\/uploads\/sites\/12\/2021\/04\/Le-nombre-de-patients-en-reanimation-va-encore-augmenter-previent.jpg","type":"image\/jpeg"}],"author":"favorite-news","twitter_card":"summary_large_image","twitter_misc":{"\u00c9crit par":"favorite-news","Dur\u00e9e de lecture estim\u00e9e":"3 minutes"},"schema":{"@context":"https:\/\/schema.org","@graph":[{"@type":"Article","@id":"https:\/\/favorite-news.com\/fr\/le-nombre-de-patients-en-reanimation-va-encore-augmenter-previent-olivier-veran\/#article","isPartOf":{"@id":"https:\/\/favorite-news.com\/fr\/le-nombre-de-patients-en-reanimation-va-encore-augmenter-previent-olivier-veran\/"},"author":{"name":"favorite-news","@id":"https:\/\/favorite-news.com\/fr\/#\/schema\/person\/b66c4cfdd10a5bf16d7d5efda647111f"},"headline":"\u00ab\u00a0Le nombre de patients en r\u00e9animation va encore augmenter\u00a0\u00bb, pr\u00e9vient Olivier V\u00e9ran","datePublished":"2021-04-05T14:45:27+00:00","dateModified":"2021-04-05T14:45:29+00:00","mainEntityOfPage":{"@id":"https:\/\/favorite-news.com\/fr\/le-nombre-de-patients-en-reanimation-va-encore-augmenter-previent-olivier-veran\/"},"wordCount":697,"commentCount":0,"image":{"@id":"https:\/\/favorite-news.com\/fr\/le-nombre-de-patients-en-reanimation-va-encore-augmenter-previent-olivier-veran\/#primaryimage"},"thumbnailUrl":"https:\/\/favorite-news.com\/fr\/wp-content\/uploads\/sites\/12\/2021\/04\/Le-nombre-de-patients-en-reanimation-va-encore-augmenter-previent.jpg","articleSection":["NOUVELLES"],"inLanguage":"fr-FR","potentialAction":[{"@type":"CommentAction","name":"Comment","target":["https:\/\/favorite-news.com\/fr\/le-nombre-de-patients-en-reanimation-va-encore-augmenter-previent-olivier-veran\/#respond"]}]},{"@type":"WebPage","@id":"https:\/\/favorite-news.com\/fr\/le-nombre-de-patients-en-reanimation-va-encore-augmenter-previent-olivier-veran\/","url":"https:\/\/favorite-news.com\/fr\/le-nombre-de-patients-en-reanimation-va-encore-augmenter-previent-olivier-veran\/","name":"\u00ab\u00a0Le nombre de patients en r\u00e9animation va encore augmenter\u00a0\u00bb, pr\u00e9vient Olivier V\u00e9ran - Favorite News","isPartOf":{"@id":"https:\/\/favorite-news.com\/fr\/#website"},"primaryImageOfPage":{"@id":"https:\/\/favorite-news.com\/fr\/le-nombre-de-patients-en-reanimation-va-encore-augmenter-previent-olivier-veran\/#primaryimage"},"image":{"@id":"https:\/\/favorite-news.com\/fr\/le-nombre-de-patients-en-reanimation-va-encore-augmenter-previent-olivier-veran\/#primaryimage"},"thumbnailUrl":"https:\/\/favorite-news.com\/fr\/wp-content\/uploads\/sites\/12\/2021\/04\/Le-nombre-de-patients-en-reanimation-va-encore-augmenter-previent.jpg","datePublished":"2021-04-05T14:45:27+00:00","dateModified":"2021-04-05T14:45:29+00:00","author":{"@id":"https:\/\/favorite-news.com\/fr\/#\/schema\/person\/b66c4cfdd10a5bf16d7d5efda647111f"},"breadcrumb":{"@id":"https:\/\/favorite-news.com\/fr\/le-nombre-de-patients-en-reanimation-va-encore-augmenter-previent-olivier-veran\/#breadcrumb"},"inLanguage":"fr-FR","potentialAction":[{"@type":"ReadAction","target":["https:\/\/favorite-news.com\/fr\/le-nombre-de-patients-en-reanimation-va-encore-augmenter-previent-olivier-veran\/"]}]},{"@type":"ImageObject","inLanguage":"fr-FR","@id":"https:\/\/favorite-news.com\/fr\/le-nombre-de-patients-en-reanimation-va-encore-augmenter-previent-olivier-veran\/#primaryimage","url":"https:\/\/favorite-news.com\/fr\/wp-content\/uploads\/sites\/12\/2021\/04\/Le-nombre-de-patients-en-reanimation-va-encore-augmenter-previent.jpg","contentUrl":"https:\/\/favorite-news.com\/fr\/wp-content\/uploads\/sites\/12\/2021\/04\/Le-nombre-de-patients-en-reanimation-va-encore-augmenter-previent.jpg","width":648,"height":360,"caption":"\u00ab\u00a0Le nombre de patients en r\u00e9animation va encore augmenter\u00a0\u00bb, pr\u00e9vient Olivier V\u00e9ran"},{"@type":"BreadcrumbList","@id":"https:\/\/favorite-news.com\/fr\/le-nombre-de-patients-en-reanimation-va-encore-augmenter-previent-olivier-veran\/#breadcrumb","itemListElement":[{"@type":"ListItem","position":1,"name":"Home","item":"https:\/\/favorite-news.com\/fr\/"},{"@type":"ListItem","position":2,"name":"\u00ab\u00a0Le nombre de patients en r\u00e9animation va encore augmenter\u00a0\u00bb, pr\u00e9vient Olivier V\u00e9ran"}]},{"@type":"WebSite","@id":"https:\/\/favorite-news.com\/fr\/#website","url":"https:\/\/favorite-news.com\/fr\/","name":"Favorite News","description":"Favorite News France","potentialAction":[{"@type":"SearchAction","target":{"@type":"EntryPoint","urlTemplate":"https:\/\/favorite-news.com\/fr\/?s={search_term_string}"},"query-input":{"@type":"PropertyValueSpecification","valueRequired":true,"valueName":"search_term_string"}}],"inLanguage":"fr-FR"},{"@type":"Person","@id":"https:\/\/favorite-news.com\/fr\/#\/schema\/person\/b66c4cfdd10a5bf16d7d5efda647111f","name":"favorite-news","image":{"@type":"ImageObject","inLanguage":"fr-FR","@id":"https:\/\/secure.gravatar.com\/avatar\/f89959e01423a9ee3c2debbcf830eb021c575de0e1b3781ca3ae392b71c615a1?s=96&d=mm&r=g","url":"https:\/\/secure.gravatar.com\/avatar\/f89959e01423a9ee3c2debbcf830eb021c575de0e1b3781ca3ae392b71c615a1?s=96&d=mm&r=g","contentUrl":"https:\/\/secure.gravatar.com\/avatar\/f89959e01423a9ee3c2debbcf830eb021c575de0e1b3781ca3ae392b71c615a1?s=96&d=mm&r=g","caption":"favorite-news"},"url":"https:\/\/favorite-news.com\/fr\/author\/ruby\/"}]}},"_links":{"self":[{"href":"https:\/\/favorite-news.com\/fr\/wp-json\/wp\/v2\/posts\/1186","targetHints":{"allow":["GET"]}}],"collection":[{"href":"https:\/\/favorite-news.com\/fr\/wp-json\/wp\/v2\/posts"}],"about":[{"href":"https:\/\/favorite-news.com\/fr\/wp-json\/wp\/v2\/types\/post"}],"author":[{"embeddable":true,"href":"https:\/\/favorite-news.com\/fr\/wp-json\/wp\/v2\/users\/1"}],"replies":[{"embeddable":true,"href":"https:\/\/favorite-news.com\/fr\/wp-json\/wp\/v2\/comments?post=1186"}],"version-history":[{"count":1,"href":"https:\/\/favorite-news.com\/fr\/wp-json\/wp\/v2\/posts\/1186\/revisions"}],"predecessor-version":[{"id":1188,"href":"https:\/\/favorite-news.com\/fr\/wp-json\/wp\/v2\/posts\/1186\/revisions\/1188"}],"wp:featuredmedia":[{"embeddable":true,"href":"https:\/\/favorite-news.com\/fr\/wp-json\/wp\/v2\/media\/1187"}],"wp:attachment":[{"href":"https:\/\/favorite-news.com\/fr\/wp-json\/wp\/v2\/media?parent=1186"}],"wp:term":[{"taxonomy":"category","embeddable":true,"href":"https:\/\/favorite-news.com\/fr\/wp-json\/wp\/v2\/categories?post=1186"},{"taxonomy":"post_tag","embeddable":true,"href":"https:\/\/favorite-news.com\/fr\/wp-json\/wp\/v2\/tags?post=1186"}],"curies":[{"name":"wp","href":"https:\/\/api.w.org\/{rel}","templated":true}]}}