{"id":1174,"date":"2021-04-03T14:18:33","date_gmt":"2021-04-03T14:18:33","guid":{"rendered":"https:\/\/favorite-news.com\/fr\/romans-sur-isere-commemore-les-victimes-de-lattaque-au-couteau\/"},"modified":"2021-04-03T14:18:35","modified_gmt":"2021-04-03T14:18:35","slug":"romans-sur-isere-commemore-les-victimes-de-lattaque-au-couteau","status":"publish","type":"post","link":"https:\/\/favorite-news.com\/fr\/romans-sur-isere-commemore-les-victimes-de-lattaque-au-couteau\/","title":{"rendered":"romans-sur-Is\u00e8re comm\u00e9more les victimes de l\u2019attaque au couteau"},"content":{"rendered":"<p>                A Romans-sur-Is\u00e8re dans la Dr\u00f4me, samedi, apr\u00e8s l&rsquo;attaque au couteau. \u2014 J. Pachoud \/ AFP<br \/>\n            Un an apr\u00e8s l\u2019attaque au couteau \u00e0 Romans-sur-Is\u00e8re (Dr\u00f4me) par &#13;<br \/>\nun r\u00e9fugi\u00e9 soudanais, qui avait fait deux morts et cinq bless\u00e9s, la ville a comm\u00e9mor\u00e9\u00a0dans le recueillement les victimes ce samedi.<\/p>\n<p>L\u2019hommage, initialement envisag\u00e9 dimanche pour co\u00efncider avec le jour anniversaire des tragiques \u00e9v\u00e9nements, a \u00e9t\u00e9 avanc\u00e9 d\u2019une journ\u00e9e pour tenir compte des nouvelles directives sanitaires.<\/p>\n<p>Des\u00a0pulsions \u00ab\u00a0d\u00e9lirantes\u00a0\u00bb et \u00ab\u00a0terroristes\u00a0\u00bb<\/p>\n<p>Le samedi 4\u00a0avril 2020, Abdallah Ahmed-Osman, un r\u00e9fugi\u00e9 soudanais de 33 ans, avait tu\u00e9 \u00e0 l\u2019arme blanche un client d\u2019une boucherie, n\u00e9 en 1965, et le g\u00e9rant d\u2019un caf\u00e9-th\u00e9\u00e2tre, n\u00e9 en 1976. Cinq personnes avaient \u00e9galement \u00e9t\u00e9 bless\u00e9es dans cette attaque qui s\u2019\u00e9tait d\u00e9roul\u00e9e en plein centre-ville pendant le premier confinement. Le parquet national antiterroriste s\u2019\u00e9tait imm\u00e9diatement saisi de l\u2019affaire.<\/p>\n<p>Les experts qui l\u2019ont examin\u00e9 ont estim\u00e9 qu\u2019Ahmed-Osman \u00e9tait anim\u00e9 \u00e0 la fois par des pulsions \u00ab\u00a0d\u00e9lirantes\u00a0\u00bb et \u00ab\u00a0terroristes\u00a0\u00bb. M\u00eame si son jugement \u00e9tait alors alt\u00e9r\u00e9 au moment des faits, &#13;<br \/>\nil devrait donc pouvoir \u00eatre jug\u00e9, concluaient-ils. Annonc\u00e9e par le glas de la Tour Jacquemart, proche du caf\u00e9-th\u00e9\u00e2tre La Charrette de Julien Vinson (l\u2019une des victimes), la br\u00e8ve c\u00e9r\u00e9monie s\u2019est conclue par deux chansons de son ami Akram Sedkaoui.<\/p>\n<p>\u00ab\u00a0Apaiser\u00a0\u00bb ou \u00ab\u00a0remuer\u00a0\u00bb<\/p>\n<p>Plusieurs centaines de personnes, masqu\u00e9es, \u00e9taient pr\u00e9sentes sur la place du Champ de Mars, certaines les larmes aux yeux. Dans la foule, la famille de Julien Vinson, ainsi qu\u2019Emmanuelle Blachon, qui avait \u00e9t\u00e9 gri\u00e8vement bless\u00e9e \u00e0 l\u2019art\u00e8re f\u00e9morale. En revanche, les autres victimes et leurs proches n\u2019avaient pas fait le d\u00e9placement.<\/p>\n<p>Les propri\u00e9taires du bureau de tabac, o\u00f9 avait d\u00e9but\u00e9 le sanglant parcours de l\u2019agresseur, \u00ab\u00a0ont d\u00e9m\u00e9nag\u00e9 pour s\u2019installer dans l\u2019Ouest. C\u2019\u00e9tait pour eux le seul moyen de se reconstruire\u00a0\u00bb, a indiqu\u00e9 la maire de la ville Marie-H\u00e9l\u00e8ne Thoraval. \u00ab\u00a0Les autres victimes ont pr\u00e9f\u00e9r\u00e9 rester tr\u00e8s en retrait. Pour une victime, ce genre de manifestation peut avoir un double effet\u00a0:\u00a0elle peut apaiser mais aussi remuer. Ce n\u2019est pas une formalit\u00e9\u00a0\u00bb, a relev\u00e9 Marie-H\u00e9l\u00e8ne Thoraval. Une plaque comm\u00e9morative a \u00e9t\u00e9 appos\u00e9e sur la statue, install\u00e9e la semaine derni\u00e8re, de l\u2019artiste local Toros, d\u00e9c\u00e9d\u00e9 l\u2019an dernier.<\/p>\n<p>\n<!--noindex--><br \/>\n<a href=\"https:\/\/www.20minutes.fr\/faits_divers\/3013495-20210403-attaque-romans-isere-an-apres-ville-commemore-victimes-drame#xtor=RSS-149\" rel=\"nofollow\">Source link <\/a><br \/>\n<!--\/noindex--><\/p>\n","protected":false},"excerpt":{"rendered":"<p>A Romans-sur-Is\u00e8re dans la Dr\u00f4me, samedi, apr\u00e8s l&rsquo;attaque au couteau. \u2014 J. Pachoud \/ AFP Un an apr\u00e8s l\u2019attaque au couteau \u00e0 Romans-sur-Is\u00e8re (Dr\u00f4me) par &#13; un r\u00e9fugi\u00e9 soudanais, qui avait fait deux morts et cinq bless\u00e9s, la ville a comm\u00e9mor\u00e9\u00a0dans le recueillement les victimes ce samedi. L\u2019hommage, initialement envisag\u00e9 dimanche pour co\u00efncider avec le [&hellip;]<\/p>\n","protected":false},"author":1,"featured_media":1175,"comment_status":"open","ping_status":"open","sticky":false,"template":"","format":"standard","meta":{"footnotes":""},"categories":[1],"tags":[],"class_list":["post-1174","post","type-post","status-publish","format-standard","has-post-thumbnail","hentry","category-nouvelles"],"yoast_head":"<!-- This site is optimized with the Yoast SEO plugin v27.4 - https:\/\/yoast.com\/product\/yoast-seo-wordpress\/ -->\n<title>romans-sur-Is\u00e8re comm\u00e9more les victimes de l\u2019attaque au couteau - Favorite News<\/title>\n<meta name=\"robots\" content=\"index, follow, max-snippet:-1, max-image-preview:large, max-video-preview:-1\" \/>\n<link rel=\"canonical\" href=\"https:\/\/favorite-news.com\/fr\/romans-sur-isere-commemore-les-victimes-de-lattaque-au-couteau\/\" \/>\n<meta property=\"og:locale\" content=\"fr_FR\" \/>\n<meta property=\"og:type\" content=\"article\" \/>\n<meta property=\"og:title\" content=\"romans-sur-Is\u00e8re comm\u00e9more les victimes de l\u2019attaque au couteau - Favorite News\" \/>\n<meta property=\"og:description\" content=\"A Romans-sur-Is\u00e8re dans la Dr\u00f4me, samedi, apr\u00e8s l&rsquo;attaque au couteau. \u2014 J. Pachoud \/ AFP Un an apr\u00e8s l\u2019attaque au couteau \u00e0 Romans-sur-Is\u00e8re (Dr\u00f4me) par &#013; un r\u00e9fugi\u00e9 soudanais, qui avait fait deux morts et cinq bless\u00e9s, la ville a comm\u00e9mor\u00e9\u00a0dans le recueillement les victimes ce samedi. L\u2019hommage, initialement envisag\u00e9 dimanche pour co\u00efncider avec le [&hellip;]\" \/>\n<meta property=\"og:url\" content=\"https:\/\/favorite-news.com\/fr\/romans-sur-isere-commemore-les-victimes-de-lattaque-au-couteau\/\" \/>\n<meta property=\"og:site_name\" content=\"Favorite News\" \/>\n<meta property=\"article:published_time\" content=\"2021-04-03T14:18:33+00:00\" \/>\n<meta property=\"article:modified_time\" content=\"2021-04-03T14:18:35+00:00\" \/>\n<meta property=\"og:image\" content=\"https:\/\/favorite-news.com\/fr\/wp-content\/uploads\/sites\/12\/2021\/04\/romans-sur-Isere-commemore-les-victimes-de-lattaque-au-couteau.jpg\" \/>\n\t<meta property=\"og:image:width\" content=\"648\" \/>\n\t<meta property=\"og:image:height\" content=\"360\" \/>\n\t<meta property=\"og:image:type\" content=\"image\/jpeg\" \/>\n<meta name=\"author\" content=\"favorite-news\" \/>\n<meta name=\"twitter:card\" content=\"summary_large_image\" \/>\n<meta name=\"twitter:label1\" content=\"\u00c9crit par\" \/>\n\t<meta name=\"twitter:data1\" content=\"favorite-news\" \/>\n\t<meta name=\"twitter:label2\" content=\"Dur\u00e9e de lecture estim\u00e9e\" \/>\n\t<meta name=\"twitter:data2\" content=\"2 minutes\" \/>\n<script type=\"application\/ld+json\" class=\"yoast-schema-graph\">{\"@context\":\"https:\\\/\\\/schema.org\",\"@graph\":[{\"@type\":\"Article\",\"@id\":\"https:\\\/\\\/favorite-news.com\\\/fr\\\/romans-sur-isere-commemore-les-victimes-de-lattaque-au-couteau\\\/#article\",\"isPartOf\":{\"@id\":\"https:\\\/\\\/favorite-news.com\\\/fr\\\/romans-sur-isere-commemore-les-victimes-de-lattaque-au-couteau\\\/\"},\"author\":{\"name\":\"favorite-news\",\"@id\":\"https:\\\/\\\/favorite-news.com\\\/fr\\\/#\\\/schema\\\/person\\\/b66c4cfdd10a5bf16d7d5efda647111f\"},\"headline\":\"romans-sur-Is\u00e8re comm\u00e9more les victimes de l\u2019attaque au couteau\",\"datePublished\":\"2021-04-03T14:18:33+00:00\",\"dateModified\":\"2021-04-03T14:18:35+00:00\",\"mainEntityOfPage\":{\"@id\":\"https:\\\/\\\/favorite-news.com\\\/fr\\\/romans-sur-isere-commemore-les-victimes-de-lattaque-au-couteau\\\/\"},\"wordCount\":435,\"commentCount\":0,\"image\":{\"@id\":\"https:\\\/\\\/favorite-news.com\\\/fr\\\/romans-sur-isere-commemore-les-victimes-de-lattaque-au-couteau\\\/#primaryimage\"},\"thumbnailUrl\":\"https:\\\/\\\/favorite-news.com\\\/fr\\\/wp-content\\\/uploads\\\/sites\\\/12\\\/2021\\\/04\\\/romans-sur-Isere-commemore-les-victimes-de-lattaque-au-couteau.jpg\",\"articleSection\":[\"NOUVELLES\"],\"inLanguage\":\"fr-FR\",\"potentialAction\":[{\"@type\":\"CommentAction\",\"name\":\"Comment\",\"target\":[\"https:\\\/\\\/favorite-news.com\\\/fr\\\/romans-sur-isere-commemore-les-victimes-de-lattaque-au-couteau\\\/#respond\"]}]},{\"@type\":\"WebPage\",\"@id\":\"https:\\\/\\\/favorite-news.com\\\/fr\\\/romans-sur-isere-commemore-les-victimes-de-lattaque-au-couteau\\\/\",\"url\":\"https:\\\/\\\/favorite-news.com\\\/fr\\\/romans-sur-isere-commemore-les-victimes-de-lattaque-au-couteau\\\/\",\"name\":\"romans-sur-Is\u00e8re comm\u00e9more les victimes de l\u2019attaque au couteau - Favorite News\",\"isPartOf\":{\"@id\":\"https:\\\/\\\/favorite-news.com\\\/fr\\\/#website\"},\"primaryImageOfPage\":{\"@id\":\"https:\\\/\\\/favorite-news.com\\\/fr\\\/romans-sur-isere-commemore-les-victimes-de-lattaque-au-couteau\\\/#primaryimage\"},\"image\":{\"@id\":\"https:\\\/\\\/favorite-news.com\\\/fr\\\/romans-sur-isere-commemore-les-victimes-de-lattaque-au-couteau\\\/#primaryimage\"},\"thumbnailUrl\":\"https:\\\/\\\/favorite-news.com\\\/fr\\\/wp-content\\\/uploads\\\/sites\\\/12\\\/2021\\\/04\\\/romans-sur-Isere-commemore-les-victimes-de-lattaque-au-couteau.jpg\",\"datePublished\":\"2021-04-03T14:18:33+00:00\",\"dateModified\":\"2021-04-03T14:18:35+00:00\",\"author\":{\"@id\":\"https:\\\/\\\/favorite-news.com\\\/fr\\\/#\\\/schema\\\/person\\\/b66c4cfdd10a5bf16d7d5efda647111f\"},\"breadcrumb\":{\"@id\":\"https:\\\/\\\/favorite-news.com\\\/fr\\\/romans-sur-isere-commemore-les-victimes-de-lattaque-au-couteau\\\/#breadcrumb\"},\"inLanguage\":\"fr-FR\",\"potentialAction\":[{\"@type\":\"ReadAction\",\"target\":[\"https:\\\/\\\/favorite-news.com\\\/fr\\\/romans-sur-isere-commemore-les-victimes-de-lattaque-au-couteau\\\/\"]}]},{\"@type\":\"ImageObject\",\"inLanguage\":\"fr-FR\",\"@id\":\"https:\\\/\\\/favorite-news.com\\\/fr\\\/romans-sur-isere-commemore-les-victimes-de-lattaque-au-couteau\\\/#primaryimage\",\"url\":\"https:\\\/\\\/favorite-news.com\\\/fr\\\/wp-content\\\/uploads\\\/sites\\\/12\\\/2021\\\/04\\\/romans-sur-Isere-commemore-les-victimes-de-lattaque-au-couteau.jpg\",\"contentUrl\":\"https:\\\/\\\/favorite-news.com\\\/fr\\\/wp-content\\\/uploads\\\/sites\\\/12\\\/2021\\\/04\\\/romans-sur-Isere-commemore-les-victimes-de-lattaque-au-couteau.jpg\",\"width\":648,\"height\":360,\"caption\":\"romans-sur-Is\u00e8re comm\u00e9more les victimes de l\u2019attaque au couteau\"},{\"@type\":\"BreadcrumbList\",\"@id\":\"https:\\\/\\\/favorite-news.com\\\/fr\\\/romans-sur-isere-commemore-les-victimes-de-lattaque-au-couteau\\\/#breadcrumb\",\"itemListElement\":[{\"@type\":\"ListItem\",\"position\":1,\"name\":\"Home\",\"item\":\"https:\\\/\\\/favorite-news.com\\\/fr\\\/\"},{\"@type\":\"ListItem\",\"position\":2,\"name\":\"romans-sur-Is\u00e8re comm\u00e9more les victimes de l\u2019attaque au couteau\"}]},{\"@type\":\"WebSite\",\"@id\":\"https:\\\/\\\/favorite-news.com\\\/fr\\\/#website\",\"url\":\"https:\\\/\\\/favorite-news.com\\\/fr\\\/\",\"name\":\"Favorite News\",\"description\":\"Favorite News France\",\"potentialAction\":[{\"@type\":\"SearchAction\",\"target\":{\"@type\":\"EntryPoint\",\"urlTemplate\":\"https:\\\/\\\/favorite-news.com\\\/fr\\\/?s={search_term_string}\"},\"query-input\":{\"@type\":\"PropertyValueSpecification\",\"valueRequired\":true,\"valueName\":\"search_term_string\"}}],\"inLanguage\":\"fr-FR\"},{\"@type\":\"Person\",\"@id\":\"https:\\\/\\\/favorite-news.com\\\/fr\\\/#\\\/schema\\\/person\\\/b66c4cfdd10a5bf16d7d5efda647111f\",\"name\":\"favorite-news\",\"image\":{\"@type\":\"ImageObject\",\"inLanguage\":\"fr-FR\",\"@id\":\"https:\\\/\\\/secure.gravatar.com\\\/avatar\\\/f89959e01423a9ee3c2debbcf830eb021c575de0e1b3781ca3ae392b71c615a1?s=96&d=mm&r=g\",\"url\":\"https:\\\/\\\/secure.gravatar.com\\\/avatar\\\/f89959e01423a9ee3c2debbcf830eb021c575de0e1b3781ca3ae392b71c615a1?s=96&d=mm&r=g\",\"contentUrl\":\"https:\\\/\\\/secure.gravatar.com\\\/avatar\\\/f89959e01423a9ee3c2debbcf830eb021c575de0e1b3781ca3ae392b71c615a1?s=96&d=mm&r=g\",\"caption\":\"favorite-news\"},\"url\":\"https:\\\/\\\/favorite-news.com\\\/fr\\\/author\\\/ruby\\\/\"}]}<\/script>\n<!-- \/ Yoast SEO plugin. -->","yoast_head_json":{"title":"romans-sur-Is\u00e8re comm\u00e9more les victimes de l\u2019attaque au couteau - Favorite News","robots":{"index":"index","follow":"follow","max-snippet":"max-snippet:-1","max-image-preview":"max-image-preview:large","max-video-preview":"max-video-preview:-1"},"canonical":"https:\/\/favorite-news.com\/fr\/romans-sur-isere-commemore-les-victimes-de-lattaque-au-couteau\/","og_locale":"fr_FR","og_type":"article","og_title":"romans-sur-Is\u00e8re comm\u00e9more les victimes de l\u2019attaque au couteau - Favorite News","og_description":"A Romans-sur-Is\u00e8re dans la Dr\u00f4me, samedi, apr\u00e8s l&rsquo;attaque au couteau. \u2014 J. Pachoud \/ AFP Un an apr\u00e8s l\u2019attaque au couteau \u00e0 Romans-sur-Is\u00e8re (Dr\u00f4me) par &#13; un r\u00e9fugi\u00e9 soudanais, qui avait fait deux morts et cinq bless\u00e9s, la ville a comm\u00e9mor\u00e9\u00a0dans le recueillement les victimes ce samedi. L\u2019hommage, initialement envisag\u00e9 dimanche pour co\u00efncider avec le [&hellip;]","og_url":"https:\/\/favorite-news.com\/fr\/romans-sur-isere-commemore-les-victimes-de-lattaque-au-couteau\/","og_site_name":"Favorite News","article_published_time":"2021-04-03T14:18:33+00:00","article_modified_time":"2021-04-03T14:18:35+00:00","og_image":[{"width":648,"height":360,"url":"https:\/\/favorite-news.com\/fr\/wp-content\/uploads\/sites\/12\/2021\/04\/romans-sur-Isere-commemore-les-victimes-de-lattaque-au-couteau.jpg","type":"image\/jpeg"}],"author":"favorite-news","twitter_card":"summary_large_image","twitter_misc":{"\u00c9crit par":"favorite-news","Dur\u00e9e de lecture estim\u00e9e":"2 minutes"},"schema":{"@context":"https:\/\/schema.org","@graph":[{"@type":"Article","@id":"https:\/\/favorite-news.com\/fr\/romans-sur-isere-commemore-les-victimes-de-lattaque-au-couteau\/#article","isPartOf":{"@id":"https:\/\/favorite-news.com\/fr\/romans-sur-isere-commemore-les-victimes-de-lattaque-au-couteau\/"},"author":{"name":"favorite-news","@id":"https:\/\/favorite-news.com\/fr\/#\/schema\/person\/b66c4cfdd10a5bf16d7d5efda647111f"},"headline":"romans-sur-Is\u00e8re comm\u00e9more les victimes de l\u2019attaque au couteau","datePublished":"2021-04-03T14:18:33+00:00","dateModified":"2021-04-03T14:18:35+00:00","mainEntityOfPage":{"@id":"https:\/\/favorite-news.com\/fr\/romans-sur-isere-commemore-les-victimes-de-lattaque-au-couteau\/"},"wordCount":435,"commentCount":0,"image":{"@id":"https:\/\/favorite-news.com\/fr\/romans-sur-isere-commemore-les-victimes-de-lattaque-au-couteau\/#primaryimage"},"thumbnailUrl":"https:\/\/favorite-news.com\/fr\/wp-content\/uploads\/sites\/12\/2021\/04\/romans-sur-Isere-commemore-les-victimes-de-lattaque-au-couteau.jpg","articleSection":["NOUVELLES"],"inLanguage":"fr-FR","potentialAction":[{"@type":"CommentAction","name":"Comment","target":["https:\/\/favorite-news.com\/fr\/romans-sur-isere-commemore-les-victimes-de-lattaque-au-couteau\/#respond"]}]},{"@type":"WebPage","@id":"https:\/\/favorite-news.com\/fr\/romans-sur-isere-commemore-les-victimes-de-lattaque-au-couteau\/","url":"https:\/\/favorite-news.com\/fr\/romans-sur-isere-commemore-les-victimes-de-lattaque-au-couteau\/","name":"romans-sur-Is\u00e8re comm\u00e9more les victimes de l\u2019attaque au couteau - Favorite News","isPartOf":{"@id":"https:\/\/favorite-news.com\/fr\/#website"},"primaryImageOfPage":{"@id":"https:\/\/favorite-news.com\/fr\/romans-sur-isere-commemore-les-victimes-de-lattaque-au-couteau\/#primaryimage"},"image":{"@id":"https:\/\/favorite-news.com\/fr\/romans-sur-isere-commemore-les-victimes-de-lattaque-au-couteau\/#primaryimage"},"thumbnailUrl":"https:\/\/favorite-news.com\/fr\/wp-content\/uploads\/sites\/12\/2021\/04\/romans-sur-Isere-commemore-les-victimes-de-lattaque-au-couteau.jpg","datePublished":"2021-04-03T14:18:33+00:00","dateModified":"2021-04-03T14:18:35+00:00","author":{"@id":"https:\/\/favorite-news.com\/fr\/#\/schema\/person\/b66c4cfdd10a5bf16d7d5efda647111f"},"breadcrumb":{"@id":"https:\/\/favorite-news.com\/fr\/romans-sur-isere-commemore-les-victimes-de-lattaque-au-couteau\/#breadcrumb"},"inLanguage":"fr-FR","potentialAction":[{"@type":"ReadAction","target":["https:\/\/favorite-news.com\/fr\/romans-sur-isere-commemore-les-victimes-de-lattaque-au-couteau\/"]}]},{"@type":"ImageObject","inLanguage":"fr-FR","@id":"https:\/\/favorite-news.com\/fr\/romans-sur-isere-commemore-les-victimes-de-lattaque-au-couteau\/#primaryimage","url":"https:\/\/favorite-news.com\/fr\/wp-content\/uploads\/sites\/12\/2021\/04\/romans-sur-Isere-commemore-les-victimes-de-lattaque-au-couteau.jpg","contentUrl":"https:\/\/favorite-news.com\/fr\/wp-content\/uploads\/sites\/12\/2021\/04\/romans-sur-Isere-commemore-les-victimes-de-lattaque-au-couteau.jpg","width":648,"height":360,"caption":"romans-sur-Is\u00e8re comm\u00e9more les victimes de l\u2019attaque au couteau"},{"@type":"BreadcrumbList","@id":"https:\/\/favorite-news.com\/fr\/romans-sur-isere-commemore-les-victimes-de-lattaque-au-couteau\/#breadcrumb","itemListElement":[{"@type":"ListItem","position":1,"name":"Home","item":"https:\/\/favorite-news.com\/fr\/"},{"@type":"ListItem","position":2,"name":"romans-sur-Is\u00e8re comm\u00e9more les victimes de l\u2019attaque au couteau"}]},{"@type":"WebSite","@id":"https:\/\/favorite-news.com\/fr\/#website","url":"https:\/\/favorite-news.com\/fr\/","name":"Favorite News","description":"Favorite News France","potentialAction":[{"@type":"SearchAction","target":{"@type":"EntryPoint","urlTemplate":"https:\/\/favorite-news.com\/fr\/?s={search_term_string}"},"query-input":{"@type":"PropertyValueSpecification","valueRequired":true,"valueName":"search_term_string"}}],"inLanguage":"fr-FR"},{"@type":"Person","@id":"https:\/\/favorite-news.com\/fr\/#\/schema\/person\/b66c4cfdd10a5bf16d7d5efda647111f","name":"favorite-news","image":{"@type":"ImageObject","inLanguage":"fr-FR","@id":"https:\/\/secure.gravatar.com\/avatar\/f89959e01423a9ee3c2debbcf830eb021c575de0e1b3781ca3ae392b71c615a1?s=96&d=mm&r=g","url":"https:\/\/secure.gravatar.com\/avatar\/f89959e01423a9ee3c2debbcf830eb021c575de0e1b3781ca3ae392b71c615a1?s=96&d=mm&r=g","contentUrl":"https:\/\/secure.gravatar.com\/avatar\/f89959e01423a9ee3c2debbcf830eb021c575de0e1b3781ca3ae392b71c615a1?s=96&d=mm&r=g","caption":"favorite-news"},"url":"https:\/\/favorite-news.com\/fr\/author\/ruby\/"}]}},"_links":{"self":[{"href":"https:\/\/favorite-news.com\/fr\/wp-json\/wp\/v2\/posts\/1174","targetHints":{"allow":["GET"]}}],"collection":[{"href":"https:\/\/favorite-news.com\/fr\/wp-json\/wp\/v2\/posts"}],"about":[{"href":"https:\/\/favorite-news.com\/fr\/wp-json\/wp\/v2\/types\/post"}],"author":[{"embeddable":true,"href":"https:\/\/favorite-news.com\/fr\/wp-json\/wp\/v2\/users\/1"}],"replies":[{"embeddable":true,"href":"https:\/\/favorite-news.com\/fr\/wp-json\/wp\/v2\/comments?post=1174"}],"version-history":[{"count":1,"href":"https:\/\/favorite-news.com\/fr\/wp-json\/wp\/v2\/posts\/1174\/revisions"}],"predecessor-version":[{"id":1176,"href":"https:\/\/favorite-news.com\/fr\/wp-json\/wp\/v2\/posts\/1174\/revisions\/1176"}],"wp:featuredmedia":[{"embeddable":true,"href":"https:\/\/favorite-news.com\/fr\/wp-json\/wp\/v2\/media\/1175"}],"wp:attachment":[{"href":"https:\/\/favorite-news.com\/fr\/wp-json\/wp\/v2\/media?parent=1174"}],"wp:term":[{"taxonomy":"category","embeddable":true,"href":"https:\/\/favorite-news.com\/fr\/wp-json\/wp\/v2\/categories?post=1174"},{"taxonomy":"post_tag","embeddable":true,"href":"https:\/\/favorite-news.com\/fr\/wp-json\/wp\/v2\/tags?post=1174"}],"curies":[{"name":"wp","href":"https:\/\/api.w.org\/{rel}","templated":true}]}}