{"id":1168,"date":"2021-04-02T14:08:16","date_gmt":"2021-04-02T14:08:16","guid":{"rendered":"https:\/\/favorite-news.com\/fr\/malgre-le-covid-19-ils-avaient-organise-une-fete-sauvage-a-lyon-et-ont-decide-de-se-rendre-a-la-police\/"},"modified":"2021-04-02T14:08:19","modified_gmt":"2021-04-02T14:08:19","slug":"malgre-le-covid-19-ils-avaient-organise-une-fete-sauvage-a-lyon-et-ont-decide-de-se-rendre-a-la-police","status":"publish","type":"post","link":"https:\/\/favorite-news.com\/fr\/malgre-le-covid-19-ils-avaient-organise-une-fete-sauvage-a-lyon-et-ont-decide-de-se-rendre-a-la-police\/","title":{"rendered":"Malgr\u00e9 le Covid-19, ils avaient organis\u00e9 une f\u00eate sauvage \u00e0 Lyon et ont d\u00e9cid\u00e9 de se rendre \u00e0 la police"},"content":{"rendered":"<p>                Sur les berges de Sa\u00f4ne \u00e0 Lyon, le 31 mars 2021. \u2014 PHILIPPE DESMAZES \/ AFP<br \/>\n            Deux individus se pr\u00e9sentant comme les organisateurs de la f\u00eate sauvage qui a r\u00e9uni 300 personnes mardi sur les quais de la Sa\u00f4ne \u00e0 Lyon ont \u00e9t\u00e9 plac\u00e9s en garde \u00e0 vue apr\u00e8s s\u2019\u00eatre rendus \u00e0 la police, a-t-on appris vendredi aupr\u00e8s du parquet de Lyon.<\/p>\n<p>\u00ab\u00a0Deux fr\u00e8res de 26 et 22 ans sont actuellement entendus par la police pour mise en danger de la vie d\u2019autrui et non respect des mesures \u00e9dict\u00e9es dans le cadre de l\u2019\u00e9tat d\u2019urgence sanitaire\u00a0\u00bb, a indiqu\u00e9 \u00e0 l\u2019AFP le procureur de la R\u00e9publique Nicolas Jacquet, en pr\u00e9cisant que les investigations se poursuivaient pour identifier d\u2019\u00e9ventuels autres organisateurs.<\/p>\n<p>\u00ab\u00a0Il est important pour nous d\u2019assumer nos actes\u00a0\u00bb<\/p>\n<p>\u00ab\u00a0Nous avons d\u00e9cid\u00e9 de nous rendre \u00e0 l\u2019h\u00f4tel de police de Lyon ce vendredi 2\u00a0avril suite \u00e0 l\u2019enqu\u00eate qui a \u00e9t\u00e9 ouverte par le procureur de la R\u00e9publique. Il est important pour nous d\u2019assumer nos actes et leurs cons\u00e9quences\u00a0\u00bb, affirme l\u2019un des deux organisateurs auto-revendiqu\u00e9s dans un enregistrement audio diffus\u00e9 par le site d\u2019info culturelle Le Petit Bulletin.\u00a0<\/p>\n<p>Dans ce m\u00eame extrait de 38 secondes, sur lequel les voix ont \u00e9t\u00e9 modifi\u00e9es, son fr\u00e8re d\u00e9nonce \u00ab\u00a0un acharnement m\u00e9diatique\u00a0\u00bb. \u00ab\u00a0Notre d\u00e9marche aujourd\u2019hui est de stopper toute sp\u00e9culation \u00e0 notre encontre et nous nous laissons\u00a0entre les mains de la Justice. A la suite de cette enqu\u00eate, nous communiquerons de mani\u00e8re plus pr\u00e9cise sur le pourquoi du comment\u00a0\u00bb, conclut le message.<\/p>\n<p>La consommation d\u2019alcool dans les parcs d\u00e9sormais interdite<\/p>\n<p>Mardi soir, des images montrant des participants jeunes et le plus souvent non masqu\u00e9s en train de boire et danser sur les quais de Sa\u00f4ne ensoleill\u00e9s avaient suscit\u00e9 de nombreuses r\u00e9actions. Le pr\u00e9fet du Rh\u00f4ne avait saisi d\u00e8s mardi soir le parquet, selon l\u2019article\u00a040 du code de proc\u00e9dure p\u00e9nale, apr\u00e8s avoir qualifi\u00e9 dans un tweet le rassemblement d&rsquo;\u00ab\u00a0irresponsable et inacceptable\u00a0\u00bb. Il avait alors pr\u00e9cis\u00e9 que, \u00ab\u00a0compte tenu de la proximit\u00e9 de la Sa\u00f4ne et du danger qu\u2019aurait cr\u00e9\u00e9 une intervention\u00a0\u00bb, les forces de l\u2019ordre s\u2019\u00e9taient vu demander de ne pas intervenir.<\/p>\n<p>Alors que la f\u00eate, avec musique et boissons, s\u2019achevait un peu avant 20 heures, au-del\u00e0 de l\u2019horaire de couvre-feu, des participants avaient indiqu\u00e9 \u00e0 un journaliste de l\u2019AFP avoir eu vent de l\u2019\u00e9v\u00e9nement sur les r\u00e9seaux sociaux. Jeudi soir, la pr\u00e9fecture du Rh\u00f4ne a pris un arr\u00eat\u00e9 interdisant la consommation d&rsquo;alcool dans les parcs et les jardins de la m\u00e9tropole de Lyon jusqu\u2019au dimanche 2\u00a0mai.<\/p>\n<p>\n<!--noindex--><br \/>\n<a href=\"https:\/\/www.20minutes.fr\/lyon\/3012983-20210402-coronavirus-lyon-organisateurs-fete-sauvage-quais-saone-rendent-police#xtor=RSS-149\" rel=\"nofollow\">Source link <\/a><br \/>\n<!--\/noindex--><\/p>\n","protected":false},"excerpt":{"rendered":"<p>Sur les berges de Sa\u00f4ne \u00e0 Lyon, le 31 mars 2021. \u2014 PHILIPPE DESMAZES \/ AFP Deux individus se pr\u00e9sentant comme les organisateurs de la f\u00eate sauvage qui a r\u00e9uni 300 personnes mardi sur les quais de la Sa\u00f4ne \u00e0 Lyon ont \u00e9t\u00e9 plac\u00e9s en garde \u00e0 vue apr\u00e8s s\u2019\u00eatre rendus \u00e0 la police, a-t-on [&hellip;]<\/p>\n","protected":false},"author":1,"featured_media":1169,"comment_status":"open","ping_status":"open","sticky":false,"template":"","format":"standard","meta":{"footnotes":""},"categories":[1],"tags":[],"class_list":["post-1168","post","type-post","status-publish","format-standard","has-post-thumbnail","hentry","category-nouvelles"],"yoast_head":"<!-- This site is optimized with the Yoast SEO plugin v27.4 - https:\/\/yoast.com\/product\/yoast-seo-wordpress\/ -->\n<title>Malgr\u00e9 le Covid-19, ils avaient organis\u00e9 une f\u00eate sauvage \u00e0 Lyon et ont d\u00e9cid\u00e9 de se rendre \u00e0 la police - Favorite News<\/title>\n<meta name=\"robots\" content=\"index, follow, max-snippet:-1, max-image-preview:large, max-video-preview:-1\" \/>\n<link rel=\"canonical\" href=\"https:\/\/favorite-news.com\/fr\/malgre-le-covid-19-ils-avaient-organise-une-fete-sauvage-a-lyon-et-ont-decide-de-se-rendre-a-la-police\/\" \/>\n<meta property=\"og:locale\" content=\"fr_FR\" \/>\n<meta property=\"og:type\" content=\"article\" \/>\n<meta property=\"og:title\" content=\"Malgr\u00e9 le Covid-19, ils avaient organis\u00e9 une f\u00eate sauvage \u00e0 Lyon et ont d\u00e9cid\u00e9 de se rendre \u00e0 la police - Favorite News\" \/>\n<meta property=\"og:description\" content=\"Sur les berges de Sa\u00f4ne \u00e0 Lyon, le 31 mars 2021. \u2014 PHILIPPE DESMAZES \/ AFP Deux individus se pr\u00e9sentant comme les organisateurs de la f\u00eate sauvage qui a r\u00e9uni 300 personnes mardi sur les quais de la Sa\u00f4ne \u00e0 Lyon ont \u00e9t\u00e9 plac\u00e9s en garde \u00e0 vue apr\u00e8s s\u2019\u00eatre rendus \u00e0 la police, a-t-on [&hellip;]\" \/>\n<meta property=\"og:url\" content=\"https:\/\/favorite-news.com\/fr\/malgre-le-covid-19-ils-avaient-organise-une-fete-sauvage-a-lyon-et-ont-decide-de-se-rendre-a-la-police\/\" \/>\n<meta property=\"og:site_name\" content=\"Favorite News\" \/>\n<meta property=\"article:published_time\" content=\"2021-04-02T14:08:16+00:00\" \/>\n<meta property=\"article:modified_time\" content=\"2021-04-02T14:08:19+00:00\" \/>\n<meta property=\"og:image\" content=\"https:\/\/favorite-news.com\/fr\/wp-content\/uploads\/sites\/12\/2021\/04\/Malgre-le-Covid-19-ils-avaient-organise-une-fete-sauvage-a.jpg\" \/>\n\t<meta property=\"og:image:width\" content=\"552\" \/>\n\t<meta property=\"og:image:height\" content=\"360\" \/>\n\t<meta property=\"og:image:type\" content=\"image\/jpeg\" \/>\n<meta name=\"author\" content=\"favorite-news\" \/>\n<meta name=\"twitter:card\" content=\"summary_large_image\" \/>\n<meta name=\"twitter:label1\" content=\"\u00c9crit par\" \/>\n\t<meta name=\"twitter:data1\" content=\"favorite-news\" \/>\n\t<meta name=\"twitter:label2\" content=\"Dur\u00e9e de lecture estim\u00e9e\" \/>\n\t<meta name=\"twitter:data2\" content=\"2 minutes\" \/>\n<script type=\"application\/ld+json\" class=\"yoast-schema-graph\">{\"@context\":\"https:\\\/\\\/schema.org\",\"@graph\":[{\"@type\":\"Article\",\"@id\":\"https:\\\/\\\/favorite-news.com\\\/fr\\\/malgre-le-covid-19-ils-avaient-organise-une-fete-sauvage-a-lyon-et-ont-decide-de-se-rendre-a-la-police\\\/#article\",\"isPartOf\":{\"@id\":\"https:\\\/\\\/favorite-news.com\\\/fr\\\/malgre-le-covid-19-ils-avaient-organise-une-fete-sauvage-a-lyon-et-ont-decide-de-se-rendre-a-la-police\\\/\"},\"author\":{\"name\":\"favorite-news\",\"@id\":\"https:\\\/\\\/favorite-news.com\\\/fr\\\/#\\\/schema\\\/person\\\/b66c4cfdd10a5bf16d7d5efda647111f\"},\"headline\":\"Malgr\u00e9 le Covid-19, ils avaient organis\u00e9 une f\u00eate sauvage \u00e0 Lyon et ont d\u00e9cid\u00e9 de se rendre \u00e0 la police\",\"datePublished\":\"2021-04-02T14:08:16+00:00\",\"dateModified\":\"2021-04-02T14:08:19+00:00\",\"mainEntityOfPage\":{\"@id\":\"https:\\\/\\\/favorite-news.com\\\/fr\\\/malgre-le-covid-19-ils-avaient-organise-une-fete-sauvage-a-lyon-et-ont-decide-de-se-rendre-a-la-police\\\/\"},\"wordCount\":487,\"commentCount\":0,\"image\":{\"@id\":\"https:\\\/\\\/favorite-news.com\\\/fr\\\/malgre-le-covid-19-ils-avaient-organise-une-fete-sauvage-a-lyon-et-ont-decide-de-se-rendre-a-la-police\\\/#primaryimage\"},\"thumbnailUrl\":\"https:\\\/\\\/favorite-news.com\\\/fr\\\/wp-content\\\/uploads\\\/sites\\\/12\\\/2021\\\/04\\\/Malgre-le-Covid-19-ils-avaient-organise-une-fete-sauvage-a.jpg\",\"articleSection\":[\"NOUVELLES\"],\"inLanguage\":\"fr-FR\",\"potentialAction\":[{\"@type\":\"CommentAction\",\"name\":\"Comment\",\"target\":[\"https:\\\/\\\/favorite-news.com\\\/fr\\\/malgre-le-covid-19-ils-avaient-organise-une-fete-sauvage-a-lyon-et-ont-decide-de-se-rendre-a-la-police\\\/#respond\"]}]},{\"@type\":\"WebPage\",\"@id\":\"https:\\\/\\\/favorite-news.com\\\/fr\\\/malgre-le-covid-19-ils-avaient-organise-une-fete-sauvage-a-lyon-et-ont-decide-de-se-rendre-a-la-police\\\/\",\"url\":\"https:\\\/\\\/favorite-news.com\\\/fr\\\/malgre-le-covid-19-ils-avaient-organise-une-fete-sauvage-a-lyon-et-ont-decide-de-se-rendre-a-la-police\\\/\",\"name\":\"Malgr\u00e9 le Covid-19, ils avaient organis\u00e9 une f\u00eate sauvage \u00e0 Lyon et ont d\u00e9cid\u00e9 de se rendre \u00e0 la police - Favorite News\",\"isPartOf\":{\"@id\":\"https:\\\/\\\/favorite-news.com\\\/fr\\\/#website\"},\"primaryImageOfPage\":{\"@id\":\"https:\\\/\\\/favorite-news.com\\\/fr\\\/malgre-le-covid-19-ils-avaient-organise-une-fete-sauvage-a-lyon-et-ont-decide-de-se-rendre-a-la-police\\\/#primaryimage\"},\"image\":{\"@id\":\"https:\\\/\\\/favorite-news.com\\\/fr\\\/malgre-le-covid-19-ils-avaient-organise-une-fete-sauvage-a-lyon-et-ont-decide-de-se-rendre-a-la-police\\\/#primaryimage\"},\"thumbnailUrl\":\"https:\\\/\\\/favorite-news.com\\\/fr\\\/wp-content\\\/uploads\\\/sites\\\/12\\\/2021\\\/04\\\/Malgre-le-Covid-19-ils-avaient-organise-une-fete-sauvage-a.jpg\",\"datePublished\":\"2021-04-02T14:08:16+00:00\",\"dateModified\":\"2021-04-02T14:08:19+00:00\",\"author\":{\"@id\":\"https:\\\/\\\/favorite-news.com\\\/fr\\\/#\\\/schema\\\/person\\\/b66c4cfdd10a5bf16d7d5efda647111f\"},\"breadcrumb\":{\"@id\":\"https:\\\/\\\/favorite-news.com\\\/fr\\\/malgre-le-covid-19-ils-avaient-organise-une-fete-sauvage-a-lyon-et-ont-decide-de-se-rendre-a-la-police\\\/#breadcrumb\"},\"inLanguage\":\"fr-FR\",\"potentialAction\":[{\"@type\":\"ReadAction\",\"target\":[\"https:\\\/\\\/favorite-news.com\\\/fr\\\/malgre-le-covid-19-ils-avaient-organise-une-fete-sauvage-a-lyon-et-ont-decide-de-se-rendre-a-la-police\\\/\"]}]},{\"@type\":\"ImageObject\",\"inLanguage\":\"fr-FR\",\"@id\":\"https:\\\/\\\/favorite-news.com\\\/fr\\\/malgre-le-covid-19-ils-avaient-organise-une-fete-sauvage-a-lyon-et-ont-decide-de-se-rendre-a-la-police\\\/#primaryimage\",\"url\":\"https:\\\/\\\/favorite-news.com\\\/fr\\\/wp-content\\\/uploads\\\/sites\\\/12\\\/2021\\\/04\\\/Malgre-le-Covid-19-ils-avaient-organise-une-fete-sauvage-a.jpg\",\"contentUrl\":\"https:\\\/\\\/favorite-news.com\\\/fr\\\/wp-content\\\/uploads\\\/sites\\\/12\\\/2021\\\/04\\\/Malgre-le-Covid-19-ils-avaient-organise-une-fete-sauvage-a.jpg\",\"width\":552,\"height\":360,\"caption\":\"Malgr\u00e9 le Covid-19, ils avaient organis\u00e9 une f\u00eate sauvage \u00e0 Lyon et ont d\u00e9cid\u00e9 de se rendre \u00e0 la police\"},{\"@type\":\"BreadcrumbList\",\"@id\":\"https:\\\/\\\/favorite-news.com\\\/fr\\\/malgre-le-covid-19-ils-avaient-organise-une-fete-sauvage-a-lyon-et-ont-decide-de-se-rendre-a-la-police\\\/#breadcrumb\",\"itemListElement\":[{\"@type\":\"ListItem\",\"position\":1,\"name\":\"Home\",\"item\":\"https:\\\/\\\/favorite-news.com\\\/fr\\\/\"},{\"@type\":\"ListItem\",\"position\":2,\"name\":\"Malgr\u00e9 le Covid-19, ils avaient organis\u00e9 une f\u00eate sauvage \u00e0 Lyon et ont d\u00e9cid\u00e9 de se rendre \u00e0 la police\"}]},{\"@type\":\"WebSite\",\"@id\":\"https:\\\/\\\/favorite-news.com\\\/fr\\\/#website\",\"url\":\"https:\\\/\\\/favorite-news.com\\\/fr\\\/\",\"name\":\"Favorite News\",\"description\":\"Favorite News France\",\"potentialAction\":[{\"@type\":\"SearchAction\",\"target\":{\"@type\":\"EntryPoint\",\"urlTemplate\":\"https:\\\/\\\/favorite-news.com\\\/fr\\\/?s={search_term_string}\"},\"query-input\":{\"@type\":\"PropertyValueSpecification\",\"valueRequired\":true,\"valueName\":\"search_term_string\"}}],\"inLanguage\":\"fr-FR\"},{\"@type\":\"Person\",\"@id\":\"https:\\\/\\\/favorite-news.com\\\/fr\\\/#\\\/schema\\\/person\\\/b66c4cfdd10a5bf16d7d5efda647111f\",\"name\":\"favorite-news\",\"image\":{\"@type\":\"ImageObject\",\"inLanguage\":\"fr-FR\",\"@id\":\"https:\\\/\\\/secure.gravatar.com\\\/avatar\\\/f89959e01423a9ee3c2debbcf830eb021c575de0e1b3781ca3ae392b71c615a1?s=96&d=mm&r=g\",\"url\":\"https:\\\/\\\/secure.gravatar.com\\\/avatar\\\/f89959e01423a9ee3c2debbcf830eb021c575de0e1b3781ca3ae392b71c615a1?s=96&d=mm&r=g\",\"contentUrl\":\"https:\\\/\\\/secure.gravatar.com\\\/avatar\\\/f89959e01423a9ee3c2debbcf830eb021c575de0e1b3781ca3ae392b71c615a1?s=96&d=mm&r=g\",\"caption\":\"favorite-news\"},\"url\":\"https:\\\/\\\/favorite-news.com\\\/fr\\\/author\\\/ruby\\\/\"}]}<\/script>\n<!-- \/ Yoast SEO plugin. -->","yoast_head_json":{"title":"Malgr\u00e9 le Covid-19, ils avaient organis\u00e9 une f\u00eate sauvage \u00e0 Lyon et ont d\u00e9cid\u00e9 de se rendre \u00e0 la police - Favorite News","robots":{"index":"index","follow":"follow","max-snippet":"max-snippet:-1","max-image-preview":"max-image-preview:large","max-video-preview":"max-video-preview:-1"},"canonical":"https:\/\/favorite-news.com\/fr\/malgre-le-covid-19-ils-avaient-organise-une-fete-sauvage-a-lyon-et-ont-decide-de-se-rendre-a-la-police\/","og_locale":"fr_FR","og_type":"article","og_title":"Malgr\u00e9 le Covid-19, ils avaient organis\u00e9 une f\u00eate sauvage \u00e0 Lyon et ont d\u00e9cid\u00e9 de se rendre \u00e0 la police - Favorite News","og_description":"Sur les berges de Sa\u00f4ne \u00e0 Lyon, le 31 mars 2021. \u2014 PHILIPPE DESMAZES \/ AFP Deux individus se pr\u00e9sentant comme les organisateurs de la f\u00eate sauvage qui a r\u00e9uni 300 personnes mardi sur les quais de la Sa\u00f4ne \u00e0 Lyon ont \u00e9t\u00e9 plac\u00e9s en garde \u00e0 vue apr\u00e8s s\u2019\u00eatre rendus \u00e0 la police, a-t-on [&hellip;]","og_url":"https:\/\/favorite-news.com\/fr\/malgre-le-covid-19-ils-avaient-organise-une-fete-sauvage-a-lyon-et-ont-decide-de-se-rendre-a-la-police\/","og_site_name":"Favorite News","article_published_time":"2021-04-02T14:08:16+00:00","article_modified_time":"2021-04-02T14:08:19+00:00","og_image":[{"width":552,"height":360,"url":"https:\/\/favorite-news.com\/fr\/wp-content\/uploads\/sites\/12\/2021\/04\/Malgre-le-Covid-19-ils-avaient-organise-une-fete-sauvage-a.jpg","type":"image\/jpeg"}],"author":"favorite-news","twitter_card":"summary_large_image","twitter_misc":{"\u00c9crit par":"favorite-news","Dur\u00e9e de lecture estim\u00e9e":"2 minutes"},"schema":{"@context":"https:\/\/schema.org","@graph":[{"@type":"Article","@id":"https:\/\/favorite-news.com\/fr\/malgre-le-covid-19-ils-avaient-organise-une-fete-sauvage-a-lyon-et-ont-decide-de-se-rendre-a-la-police\/#article","isPartOf":{"@id":"https:\/\/favorite-news.com\/fr\/malgre-le-covid-19-ils-avaient-organise-une-fete-sauvage-a-lyon-et-ont-decide-de-se-rendre-a-la-police\/"},"author":{"name":"favorite-news","@id":"https:\/\/favorite-news.com\/fr\/#\/schema\/person\/b66c4cfdd10a5bf16d7d5efda647111f"},"headline":"Malgr\u00e9 le Covid-19, ils avaient organis\u00e9 une f\u00eate sauvage \u00e0 Lyon et ont d\u00e9cid\u00e9 de se rendre \u00e0 la police","datePublished":"2021-04-02T14:08:16+00:00","dateModified":"2021-04-02T14:08:19+00:00","mainEntityOfPage":{"@id":"https:\/\/favorite-news.com\/fr\/malgre-le-covid-19-ils-avaient-organise-une-fete-sauvage-a-lyon-et-ont-decide-de-se-rendre-a-la-police\/"},"wordCount":487,"commentCount":0,"image":{"@id":"https:\/\/favorite-news.com\/fr\/malgre-le-covid-19-ils-avaient-organise-une-fete-sauvage-a-lyon-et-ont-decide-de-se-rendre-a-la-police\/#primaryimage"},"thumbnailUrl":"https:\/\/favorite-news.com\/fr\/wp-content\/uploads\/sites\/12\/2021\/04\/Malgre-le-Covid-19-ils-avaient-organise-une-fete-sauvage-a.jpg","articleSection":["NOUVELLES"],"inLanguage":"fr-FR","potentialAction":[{"@type":"CommentAction","name":"Comment","target":["https:\/\/favorite-news.com\/fr\/malgre-le-covid-19-ils-avaient-organise-une-fete-sauvage-a-lyon-et-ont-decide-de-se-rendre-a-la-police\/#respond"]}]},{"@type":"WebPage","@id":"https:\/\/favorite-news.com\/fr\/malgre-le-covid-19-ils-avaient-organise-une-fete-sauvage-a-lyon-et-ont-decide-de-se-rendre-a-la-police\/","url":"https:\/\/favorite-news.com\/fr\/malgre-le-covid-19-ils-avaient-organise-une-fete-sauvage-a-lyon-et-ont-decide-de-se-rendre-a-la-police\/","name":"Malgr\u00e9 le Covid-19, ils avaient organis\u00e9 une f\u00eate sauvage \u00e0 Lyon et ont d\u00e9cid\u00e9 de se rendre \u00e0 la police - Favorite News","isPartOf":{"@id":"https:\/\/favorite-news.com\/fr\/#website"},"primaryImageOfPage":{"@id":"https:\/\/favorite-news.com\/fr\/malgre-le-covid-19-ils-avaient-organise-une-fete-sauvage-a-lyon-et-ont-decide-de-se-rendre-a-la-police\/#primaryimage"},"image":{"@id":"https:\/\/favorite-news.com\/fr\/malgre-le-covid-19-ils-avaient-organise-une-fete-sauvage-a-lyon-et-ont-decide-de-se-rendre-a-la-police\/#primaryimage"},"thumbnailUrl":"https:\/\/favorite-news.com\/fr\/wp-content\/uploads\/sites\/12\/2021\/04\/Malgre-le-Covid-19-ils-avaient-organise-une-fete-sauvage-a.jpg","datePublished":"2021-04-02T14:08:16+00:00","dateModified":"2021-04-02T14:08:19+00:00","author":{"@id":"https:\/\/favorite-news.com\/fr\/#\/schema\/person\/b66c4cfdd10a5bf16d7d5efda647111f"},"breadcrumb":{"@id":"https:\/\/favorite-news.com\/fr\/malgre-le-covid-19-ils-avaient-organise-une-fete-sauvage-a-lyon-et-ont-decide-de-se-rendre-a-la-police\/#breadcrumb"},"inLanguage":"fr-FR","potentialAction":[{"@type":"ReadAction","target":["https:\/\/favorite-news.com\/fr\/malgre-le-covid-19-ils-avaient-organise-une-fete-sauvage-a-lyon-et-ont-decide-de-se-rendre-a-la-police\/"]}]},{"@type":"ImageObject","inLanguage":"fr-FR","@id":"https:\/\/favorite-news.com\/fr\/malgre-le-covid-19-ils-avaient-organise-une-fete-sauvage-a-lyon-et-ont-decide-de-se-rendre-a-la-police\/#primaryimage","url":"https:\/\/favorite-news.com\/fr\/wp-content\/uploads\/sites\/12\/2021\/04\/Malgre-le-Covid-19-ils-avaient-organise-une-fete-sauvage-a.jpg","contentUrl":"https:\/\/favorite-news.com\/fr\/wp-content\/uploads\/sites\/12\/2021\/04\/Malgre-le-Covid-19-ils-avaient-organise-une-fete-sauvage-a.jpg","width":552,"height":360,"caption":"Malgr\u00e9 le Covid-19, ils avaient organis\u00e9 une f\u00eate sauvage \u00e0 Lyon et ont d\u00e9cid\u00e9 de se rendre \u00e0 la police"},{"@type":"BreadcrumbList","@id":"https:\/\/favorite-news.com\/fr\/malgre-le-covid-19-ils-avaient-organise-une-fete-sauvage-a-lyon-et-ont-decide-de-se-rendre-a-la-police\/#breadcrumb","itemListElement":[{"@type":"ListItem","position":1,"name":"Home","item":"https:\/\/favorite-news.com\/fr\/"},{"@type":"ListItem","position":2,"name":"Malgr\u00e9 le Covid-19, ils avaient organis\u00e9 une f\u00eate sauvage \u00e0 Lyon et ont d\u00e9cid\u00e9 de se rendre \u00e0 la police"}]},{"@type":"WebSite","@id":"https:\/\/favorite-news.com\/fr\/#website","url":"https:\/\/favorite-news.com\/fr\/","name":"Favorite News","description":"Favorite News France","potentialAction":[{"@type":"SearchAction","target":{"@type":"EntryPoint","urlTemplate":"https:\/\/favorite-news.com\/fr\/?s={search_term_string}"},"query-input":{"@type":"PropertyValueSpecification","valueRequired":true,"valueName":"search_term_string"}}],"inLanguage":"fr-FR"},{"@type":"Person","@id":"https:\/\/favorite-news.com\/fr\/#\/schema\/person\/b66c4cfdd10a5bf16d7d5efda647111f","name":"favorite-news","image":{"@type":"ImageObject","inLanguage":"fr-FR","@id":"https:\/\/secure.gravatar.com\/avatar\/f89959e01423a9ee3c2debbcf830eb021c575de0e1b3781ca3ae392b71c615a1?s=96&d=mm&r=g","url":"https:\/\/secure.gravatar.com\/avatar\/f89959e01423a9ee3c2debbcf830eb021c575de0e1b3781ca3ae392b71c615a1?s=96&d=mm&r=g","contentUrl":"https:\/\/secure.gravatar.com\/avatar\/f89959e01423a9ee3c2debbcf830eb021c575de0e1b3781ca3ae392b71c615a1?s=96&d=mm&r=g","caption":"favorite-news"},"url":"https:\/\/favorite-news.com\/fr\/author\/ruby\/"}]}},"_links":{"self":[{"href":"https:\/\/favorite-news.com\/fr\/wp-json\/wp\/v2\/posts\/1168","targetHints":{"allow":["GET"]}}],"collection":[{"href":"https:\/\/favorite-news.com\/fr\/wp-json\/wp\/v2\/posts"}],"about":[{"href":"https:\/\/favorite-news.com\/fr\/wp-json\/wp\/v2\/types\/post"}],"author":[{"embeddable":true,"href":"https:\/\/favorite-news.com\/fr\/wp-json\/wp\/v2\/users\/1"}],"replies":[{"embeddable":true,"href":"https:\/\/favorite-news.com\/fr\/wp-json\/wp\/v2\/comments?post=1168"}],"version-history":[{"count":1,"href":"https:\/\/favorite-news.com\/fr\/wp-json\/wp\/v2\/posts\/1168\/revisions"}],"predecessor-version":[{"id":1170,"href":"https:\/\/favorite-news.com\/fr\/wp-json\/wp\/v2\/posts\/1168\/revisions\/1170"}],"wp:featuredmedia":[{"embeddable":true,"href":"https:\/\/favorite-news.com\/fr\/wp-json\/wp\/v2\/media\/1169"}],"wp:attachment":[{"href":"https:\/\/favorite-news.com\/fr\/wp-json\/wp\/v2\/media?parent=1168"}],"wp:term":[{"taxonomy":"category","embeddable":true,"href":"https:\/\/favorite-news.com\/fr\/wp-json\/wp\/v2\/categories?post=1168"},{"taxonomy":"post_tag","embeddable":true,"href":"https:\/\/favorite-news.com\/fr\/wp-json\/wp\/v2\/tags?post=1168"}],"curies":[{"name":"wp","href":"https:\/\/api.w.org\/{rel}","templated":true}]}}