{"id":1133,"date":"2021-03-27T12:54:18","date_gmt":"2021-03-27T12:54:18","guid":{"rendered":"https:\/\/favorite-news.com\/fr\/pour-franchir-la-frontiere-vers-lespagne-il-faudra-desormais-un-test-pcr-negatif\/"},"modified":"2021-03-27T12:54:19","modified_gmt":"2021-03-27T12:54:19","slug":"pour-franchir-la-frontiere-vers-lespagne-il-faudra-desormais-un-test-pcr-negatif","status":"publish","type":"post","link":"https:\/\/favorite-news.com\/fr\/pour-franchir-la-frontiere-vers-lespagne-il-faudra-desormais-un-test-pcr-negatif\/","title":{"rendered":"Pour franchir la fronti\u00e8re vers l\u2019Espagne, il faudra d\u00e9sormais un test PCR n\u00e9gatif"},"content":{"rendered":"<p>                Les touristes, notamment fran\u00e7ais, sont nombreux \u00e0 Madrid. \u2014 Alberto Sibaja\/Pacific Press\/Shutterstock<br \/>\n            Jusqu\u2019\u00e0 pr\u00e9sent, seuls les personnes arrivant par les airs \u00e9taient soumises \u00e0 cette restriction. Les autorit\u00e9s espagnoles annoncent ce samedi qu\u2019un &#13;<br \/>\n test PCR n\u00e9gatif de moins de 72 heures sera d\u00e9sormais exig\u00e9 pour tout passager souhaitant passer la fronti\u00e8re terrestre entre la France et l\u2019Espagne. Cette mesure, une premi\u00e8re, prendra effet \u00e0 compter de mardi prochain.<\/p>\n<p>Seules les personnes travaillant dans le transport routier et les travailleurs transfontaliers seront exempt\u00e9s, ainsi que les personnes qui vivent dans la zone frontali\u00e8re, tant qu\u2019elles restent dans un rayon de 30 kilom\u00e8tres autour de leur domicile.<\/p>\n<p>A Madrid, l\u2019exasp\u00e9ration des habitants<\/p>\n<p>Ce renforcement des contr\u00f4les est appliqu\u00e9 alors que l\u2019Espagne veut \u00e9viter une augmentation des cas de contamination au Covid-19 pendant la Semaine sainte, qui commence ce week-end. Jusqu\u2019\u00e0 la mi-mars, le nombre d\u2019infections diminuait dans le pays, mais il a recommenc\u00e9 \u00e0 grimper depuis. Les chiffres du gouvernement faisant \u00e9tat de 7.586 nouveaux cas en 24 heures vendredi, ce qui porte le nombre total de cas \u00e0 pr\u00e8s de 3,3\u00a0millions et les d\u00e9c\u00e8s \u00e0 plus de 75.000.<\/p>\n<p>Bars ouverts, couvre-feu \u00e0 23h, Madrid est notamment devenue r\u00e9cemment un refuge pour de nombreux touristes\u200b europ\u00e9ens, notamment fran\u00e7ais, tandis que ses habitants ont interdiction de quitter la r\u00e9gion.\u00a0Une diff\u00e9rence de traitement qui exasp\u00e8re la population locale.<\/p>\n<p>\n<!--noindex--><br \/>\n<a href=\"https:\/\/www.20minutes.fr\/monde\/3008367-20210327-coronavirus-franchir-frontiere-vers-espagne-faudra-desormais-test-pcr-negatif#xtor=RSS-149\" rel=\"nofollow\">Source link <\/a><br \/>\n<!--\/noindex--><\/p>\n","protected":false},"excerpt":{"rendered":"<p>Les touristes, notamment fran\u00e7ais, sont nombreux \u00e0 Madrid. \u2014 Alberto Sibaja\/Pacific Press\/Shutterstock Jusqu\u2019\u00e0 pr\u00e9sent, seuls les personnes arrivant par les airs \u00e9taient soumises \u00e0 cette restriction. Les autorit\u00e9s espagnoles annoncent ce samedi qu\u2019un &#13; test PCR n\u00e9gatif de moins de 72 heures sera d\u00e9sormais exig\u00e9 pour tout passager souhaitant passer la fronti\u00e8re terrestre entre la [&hellip;]<\/p>\n","protected":false},"author":1,"featured_media":1134,"comment_status":"open","ping_status":"open","sticky":false,"template":"","format":"standard","meta":{"footnotes":""},"categories":[1],"tags":[],"class_list":["post-1133","post","type-post","status-publish","format-standard","has-post-thumbnail","hentry","category-nouvelles"],"yoast_head":"<!-- This site is optimized with the Yoast SEO plugin v27.4 - https:\/\/yoast.com\/product\/yoast-seo-wordpress\/ -->\n<title>Pour franchir la fronti\u00e8re vers l\u2019Espagne, il faudra d\u00e9sormais un test PCR n\u00e9gatif - Favorite News<\/title>\n<meta name=\"robots\" content=\"index, follow, max-snippet:-1, max-image-preview:large, max-video-preview:-1\" \/>\n<link rel=\"canonical\" href=\"https:\/\/favorite-news.com\/fr\/pour-franchir-la-frontiere-vers-lespagne-il-faudra-desormais-un-test-pcr-negatif\/\" \/>\n<meta property=\"og:locale\" content=\"fr_FR\" \/>\n<meta property=\"og:type\" content=\"article\" \/>\n<meta property=\"og:title\" content=\"Pour franchir la fronti\u00e8re vers l\u2019Espagne, il faudra d\u00e9sormais un test PCR n\u00e9gatif - Favorite News\" \/>\n<meta property=\"og:description\" content=\"Les touristes, notamment fran\u00e7ais, sont nombreux \u00e0 Madrid. \u2014 Alberto Sibaja\/Pacific Press\/Shutterstock Jusqu\u2019\u00e0 pr\u00e9sent, seuls les personnes arrivant par les airs \u00e9taient soumises \u00e0 cette restriction. Les autorit\u00e9s espagnoles annoncent ce samedi qu\u2019un &#013; test PCR n\u00e9gatif de moins de 72 heures sera d\u00e9sormais exig\u00e9 pour tout passager souhaitant passer la fronti\u00e8re terrestre entre la [&hellip;]\" \/>\n<meta property=\"og:url\" content=\"https:\/\/favorite-news.com\/fr\/pour-franchir-la-frontiere-vers-lespagne-il-faudra-desormais-un-test-pcr-negatif\/\" \/>\n<meta property=\"og:site_name\" content=\"Favorite News\" \/>\n<meta property=\"article:published_time\" content=\"2021-03-27T12:54:18+00:00\" \/>\n<meta property=\"article:modified_time\" content=\"2021-03-27T12:54:19+00:00\" \/>\n<meta property=\"og:image\" content=\"https:\/\/favorite-news.com\/fr\/wp-content\/uploads\/sites\/12\/2021\/03\/Pour-franchir-la-frontiere-vers-lEspagne-il-faudra-desormais-un.jpg\" \/>\n\t<meta property=\"og:image:width\" content=\"648\" \/>\n\t<meta property=\"og:image:height\" content=\"360\" \/>\n\t<meta property=\"og:image:type\" content=\"image\/jpeg\" \/>\n<meta name=\"author\" content=\"favorite-news\" \/>\n<meta name=\"twitter:card\" content=\"summary_large_image\" \/>\n<meta name=\"twitter:label1\" content=\"\u00c9crit par\" \/>\n\t<meta name=\"twitter:data1\" content=\"favorite-news\" \/>\n\t<meta name=\"twitter:label2\" content=\"Dur\u00e9e de lecture estim\u00e9e\" \/>\n\t<meta name=\"twitter:data2\" content=\"1 minute\" \/>\n<script type=\"application\/ld+json\" class=\"yoast-schema-graph\">{\"@context\":\"https:\\\/\\\/schema.org\",\"@graph\":[{\"@type\":\"Article\",\"@id\":\"https:\\\/\\\/favorite-news.com\\\/fr\\\/pour-franchir-la-frontiere-vers-lespagne-il-faudra-desormais-un-test-pcr-negatif\\\/#article\",\"isPartOf\":{\"@id\":\"https:\\\/\\\/favorite-news.com\\\/fr\\\/pour-franchir-la-frontiere-vers-lespagne-il-faudra-desormais-un-test-pcr-negatif\\\/\"},\"author\":{\"name\":\"favorite-news\",\"@id\":\"https:\\\/\\\/favorite-news.com\\\/fr\\\/#\\\/schema\\\/person\\\/b66c4cfdd10a5bf16d7d5efda647111f\"},\"headline\":\"Pour franchir la fronti\u00e8re vers l\u2019Espagne, il faudra d\u00e9sormais un test PCR n\u00e9gatif\",\"datePublished\":\"2021-03-27T12:54:18+00:00\",\"dateModified\":\"2021-03-27T12:54:19+00:00\",\"mainEntityOfPage\":{\"@id\":\"https:\\\/\\\/favorite-news.com\\\/fr\\\/pour-franchir-la-frontiere-vers-lespagne-il-faudra-desormais-un-test-pcr-negatif\\\/\"},\"wordCount\":260,\"commentCount\":0,\"image\":{\"@id\":\"https:\\\/\\\/favorite-news.com\\\/fr\\\/pour-franchir-la-frontiere-vers-lespagne-il-faudra-desormais-un-test-pcr-negatif\\\/#primaryimage\"},\"thumbnailUrl\":\"https:\\\/\\\/favorite-news.com\\\/fr\\\/wp-content\\\/uploads\\\/sites\\\/12\\\/2021\\\/03\\\/Pour-franchir-la-frontiere-vers-lEspagne-il-faudra-desormais-un.jpg\",\"articleSection\":[\"NOUVELLES\"],\"inLanguage\":\"fr-FR\",\"potentialAction\":[{\"@type\":\"CommentAction\",\"name\":\"Comment\",\"target\":[\"https:\\\/\\\/favorite-news.com\\\/fr\\\/pour-franchir-la-frontiere-vers-lespagne-il-faudra-desormais-un-test-pcr-negatif\\\/#respond\"]}]},{\"@type\":\"WebPage\",\"@id\":\"https:\\\/\\\/favorite-news.com\\\/fr\\\/pour-franchir-la-frontiere-vers-lespagne-il-faudra-desormais-un-test-pcr-negatif\\\/\",\"url\":\"https:\\\/\\\/favorite-news.com\\\/fr\\\/pour-franchir-la-frontiere-vers-lespagne-il-faudra-desormais-un-test-pcr-negatif\\\/\",\"name\":\"Pour franchir la fronti\u00e8re vers l\u2019Espagne, il faudra d\u00e9sormais un test PCR n\u00e9gatif - Favorite News\",\"isPartOf\":{\"@id\":\"https:\\\/\\\/favorite-news.com\\\/fr\\\/#website\"},\"primaryImageOfPage\":{\"@id\":\"https:\\\/\\\/favorite-news.com\\\/fr\\\/pour-franchir-la-frontiere-vers-lespagne-il-faudra-desormais-un-test-pcr-negatif\\\/#primaryimage\"},\"image\":{\"@id\":\"https:\\\/\\\/favorite-news.com\\\/fr\\\/pour-franchir-la-frontiere-vers-lespagne-il-faudra-desormais-un-test-pcr-negatif\\\/#primaryimage\"},\"thumbnailUrl\":\"https:\\\/\\\/favorite-news.com\\\/fr\\\/wp-content\\\/uploads\\\/sites\\\/12\\\/2021\\\/03\\\/Pour-franchir-la-frontiere-vers-lEspagne-il-faudra-desormais-un.jpg\",\"datePublished\":\"2021-03-27T12:54:18+00:00\",\"dateModified\":\"2021-03-27T12:54:19+00:00\",\"author\":{\"@id\":\"https:\\\/\\\/favorite-news.com\\\/fr\\\/#\\\/schema\\\/person\\\/b66c4cfdd10a5bf16d7d5efda647111f\"},\"breadcrumb\":{\"@id\":\"https:\\\/\\\/favorite-news.com\\\/fr\\\/pour-franchir-la-frontiere-vers-lespagne-il-faudra-desormais-un-test-pcr-negatif\\\/#breadcrumb\"},\"inLanguage\":\"fr-FR\",\"potentialAction\":[{\"@type\":\"ReadAction\",\"target\":[\"https:\\\/\\\/favorite-news.com\\\/fr\\\/pour-franchir-la-frontiere-vers-lespagne-il-faudra-desormais-un-test-pcr-negatif\\\/\"]}]},{\"@type\":\"ImageObject\",\"inLanguage\":\"fr-FR\",\"@id\":\"https:\\\/\\\/favorite-news.com\\\/fr\\\/pour-franchir-la-frontiere-vers-lespagne-il-faudra-desormais-un-test-pcr-negatif\\\/#primaryimage\",\"url\":\"https:\\\/\\\/favorite-news.com\\\/fr\\\/wp-content\\\/uploads\\\/sites\\\/12\\\/2021\\\/03\\\/Pour-franchir-la-frontiere-vers-lEspagne-il-faudra-desormais-un.jpg\",\"contentUrl\":\"https:\\\/\\\/favorite-news.com\\\/fr\\\/wp-content\\\/uploads\\\/sites\\\/12\\\/2021\\\/03\\\/Pour-franchir-la-frontiere-vers-lEspagne-il-faudra-desormais-un.jpg\",\"width\":648,\"height\":360,\"caption\":\"Pour franchir la fronti\u00e8re vers l\u2019Espagne, il faudra d\u00e9sormais un test PCR n\u00e9gatif\"},{\"@type\":\"BreadcrumbList\",\"@id\":\"https:\\\/\\\/favorite-news.com\\\/fr\\\/pour-franchir-la-frontiere-vers-lespagne-il-faudra-desormais-un-test-pcr-negatif\\\/#breadcrumb\",\"itemListElement\":[{\"@type\":\"ListItem\",\"position\":1,\"name\":\"Home\",\"item\":\"https:\\\/\\\/favorite-news.com\\\/fr\\\/\"},{\"@type\":\"ListItem\",\"position\":2,\"name\":\"Pour franchir la fronti\u00e8re vers l\u2019Espagne, il faudra d\u00e9sormais un test PCR n\u00e9gatif\"}]},{\"@type\":\"WebSite\",\"@id\":\"https:\\\/\\\/favorite-news.com\\\/fr\\\/#website\",\"url\":\"https:\\\/\\\/favorite-news.com\\\/fr\\\/\",\"name\":\"Favorite News\",\"description\":\"Favorite News France\",\"potentialAction\":[{\"@type\":\"SearchAction\",\"target\":{\"@type\":\"EntryPoint\",\"urlTemplate\":\"https:\\\/\\\/favorite-news.com\\\/fr\\\/?s={search_term_string}\"},\"query-input\":{\"@type\":\"PropertyValueSpecification\",\"valueRequired\":true,\"valueName\":\"search_term_string\"}}],\"inLanguage\":\"fr-FR\"},{\"@type\":\"Person\",\"@id\":\"https:\\\/\\\/favorite-news.com\\\/fr\\\/#\\\/schema\\\/person\\\/b66c4cfdd10a5bf16d7d5efda647111f\",\"name\":\"favorite-news\",\"image\":{\"@type\":\"ImageObject\",\"inLanguage\":\"fr-FR\",\"@id\":\"https:\\\/\\\/secure.gravatar.com\\\/avatar\\\/f89959e01423a9ee3c2debbcf830eb021c575de0e1b3781ca3ae392b71c615a1?s=96&d=mm&r=g\",\"url\":\"https:\\\/\\\/secure.gravatar.com\\\/avatar\\\/f89959e01423a9ee3c2debbcf830eb021c575de0e1b3781ca3ae392b71c615a1?s=96&d=mm&r=g\",\"contentUrl\":\"https:\\\/\\\/secure.gravatar.com\\\/avatar\\\/f89959e01423a9ee3c2debbcf830eb021c575de0e1b3781ca3ae392b71c615a1?s=96&d=mm&r=g\",\"caption\":\"favorite-news\"},\"url\":\"https:\\\/\\\/favorite-news.com\\\/fr\\\/author\\\/ruby\\\/\"}]}<\/script>\n<!-- \/ Yoast SEO plugin. -->","yoast_head_json":{"title":"Pour franchir la fronti\u00e8re vers l\u2019Espagne, il faudra d\u00e9sormais un test PCR n\u00e9gatif - Favorite News","robots":{"index":"index","follow":"follow","max-snippet":"max-snippet:-1","max-image-preview":"max-image-preview:large","max-video-preview":"max-video-preview:-1"},"canonical":"https:\/\/favorite-news.com\/fr\/pour-franchir-la-frontiere-vers-lespagne-il-faudra-desormais-un-test-pcr-negatif\/","og_locale":"fr_FR","og_type":"article","og_title":"Pour franchir la fronti\u00e8re vers l\u2019Espagne, il faudra d\u00e9sormais un test PCR n\u00e9gatif - Favorite News","og_description":"Les touristes, notamment fran\u00e7ais, sont nombreux \u00e0 Madrid. \u2014 Alberto Sibaja\/Pacific Press\/Shutterstock Jusqu\u2019\u00e0 pr\u00e9sent, seuls les personnes arrivant par les airs \u00e9taient soumises \u00e0 cette restriction. Les autorit\u00e9s espagnoles annoncent ce samedi qu\u2019un &#13; test PCR n\u00e9gatif de moins de 72 heures sera d\u00e9sormais exig\u00e9 pour tout passager souhaitant passer la fronti\u00e8re terrestre entre la [&hellip;]","og_url":"https:\/\/favorite-news.com\/fr\/pour-franchir-la-frontiere-vers-lespagne-il-faudra-desormais-un-test-pcr-negatif\/","og_site_name":"Favorite News","article_published_time":"2021-03-27T12:54:18+00:00","article_modified_time":"2021-03-27T12:54:19+00:00","og_image":[{"width":648,"height":360,"url":"https:\/\/favorite-news.com\/fr\/wp-content\/uploads\/sites\/12\/2021\/03\/Pour-franchir-la-frontiere-vers-lEspagne-il-faudra-desormais-un.jpg","type":"image\/jpeg"}],"author":"favorite-news","twitter_card":"summary_large_image","twitter_misc":{"\u00c9crit par":"favorite-news","Dur\u00e9e de lecture estim\u00e9e":"1 minute"},"schema":{"@context":"https:\/\/schema.org","@graph":[{"@type":"Article","@id":"https:\/\/favorite-news.com\/fr\/pour-franchir-la-frontiere-vers-lespagne-il-faudra-desormais-un-test-pcr-negatif\/#article","isPartOf":{"@id":"https:\/\/favorite-news.com\/fr\/pour-franchir-la-frontiere-vers-lespagne-il-faudra-desormais-un-test-pcr-negatif\/"},"author":{"name":"favorite-news","@id":"https:\/\/favorite-news.com\/fr\/#\/schema\/person\/b66c4cfdd10a5bf16d7d5efda647111f"},"headline":"Pour franchir la fronti\u00e8re vers l\u2019Espagne, il faudra d\u00e9sormais un test PCR n\u00e9gatif","datePublished":"2021-03-27T12:54:18+00:00","dateModified":"2021-03-27T12:54:19+00:00","mainEntityOfPage":{"@id":"https:\/\/favorite-news.com\/fr\/pour-franchir-la-frontiere-vers-lespagne-il-faudra-desormais-un-test-pcr-negatif\/"},"wordCount":260,"commentCount":0,"image":{"@id":"https:\/\/favorite-news.com\/fr\/pour-franchir-la-frontiere-vers-lespagne-il-faudra-desormais-un-test-pcr-negatif\/#primaryimage"},"thumbnailUrl":"https:\/\/favorite-news.com\/fr\/wp-content\/uploads\/sites\/12\/2021\/03\/Pour-franchir-la-frontiere-vers-lEspagne-il-faudra-desormais-un.jpg","articleSection":["NOUVELLES"],"inLanguage":"fr-FR","potentialAction":[{"@type":"CommentAction","name":"Comment","target":["https:\/\/favorite-news.com\/fr\/pour-franchir-la-frontiere-vers-lespagne-il-faudra-desormais-un-test-pcr-negatif\/#respond"]}]},{"@type":"WebPage","@id":"https:\/\/favorite-news.com\/fr\/pour-franchir-la-frontiere-vers-lespagne-il-faudra-desormais-un-test-pcr-negatif\/","url":"https:\/\/favorite-news.com\/fr\/pour-franchir-la-frontiere-vers-lespagne-il-faudra-desormais-un-test-pcr-negatif\/","name":"Pour franchir la fronti\u00e8re vers l\u2019Espagne, il faudra d\u00e9sormais un test PCR n\u00e9gatif - Favorite News","isPartOf":{"@id":"https:\/\/favorite-news.com\/fr\/#website"},"primaryImageOfPage":{"@id":"https:\/\/favorite-news.com\/fr\/pour-franchir-la-frontiere-vers-lespagne-il-faudra-desormais-un-test-pcr-negatif\/#primaryimage"},"image":{"@id":"https:\/\/favorite-news.com\/fr\/pour-franchir-la-frontiere-vers-lespagne-il-faudra-desormais-un-test-pcr-negatif\/#primaryimage"},"thumbnailUrl":"https:\/\/favorite-news.com\/fr\/wp-content\/uploads\/sites\/12\/2021\/03\/Pour-franchir-la-frontiere-vers-lEspagne-il-faudra-desormais-un.jpg","datePublished":"2021-03-27T12:54:18+00:00","dateModified":"2021-03-27T12:54:19+00:00","author":{"@id":"https:\/\/favorite-news.com\/fr\/#\/schema\/person\/b66c4cfdd10a5bf16d7d5efda647111f"},"breadcrumb":{"@id":"https:\/\/favorite-news.com\/fr\/pour-franchir-la-frontiere-vers-lespagne-il-faudra-desormais-un-test-pcr-negatif\/#breadcrumb"},"inLanguage":"fr-FR","potentialAction":[{"@type":"ReadAction","target":["https:\/\/favorite-news.com\/fr\/pour-franchir-la-frontiere-vers-lespagne-il-faudra-desormais-un-test-pcr-negatif\/"]}]},{"@type":"ImageObject","inLanguage":"fr-FR","@id":"https:\/\/favorite-news.com\/fr\/pour-franchir-la-frontiere-vers-lespagne-il-faudra-desormais-un-test-pcr-negatif\/#primaryimage","url":"https:\/\/favorite-news.com\/fr\/wp-content\/uploads\/sites\/12\/2021\/03\/Pour-franchir-la-frontiere-vers-lEspagne-il-faudra-desormais-un.jpg","contentUrl":"https:\/\/favorite-news.com\/fr\/wp-content\/uploads\/sites\/12\/2021\/03\/Pour-franchir-la-frontiere-vers-lEspagne-il-faudra-desormais-un.jpg","width":648,"height":360,"caption":"Pour franchir la fronti\u00e8re vers l\u2019Espagne, il faudra d\u00e9sormais un test PCR n\u00e9gatif"},{"@type":"BreadcrumbList","@id":"https:\/\/favorite-news.com\/fr\/pour-franchir-la-frontiere-vers-lespagne-il-faudra-desormais-un-test-pcr-negatif\/#breadcrumb","itemListElement":[{"@type":"ListItem","position":1,"name":"Home","item":"https:\/\/favorite-news.com\/fr\/"},{"@type":"ListItem","position":2,"name":"Pour franchir la fronti\u00e8re vers l\u2019Espagne, il faudra d\u00e9sormais un test PCR n\u00e9gatif"}]},{"@type":"WebSite","@id":"https:\/\/favorite-news.com\/fr\/#website","url":"https:\/\/favorite-news.com\/fr\/","name":"Favorite News","description":"Favorite News France","potentialAction":[{"@type":"SearchAction","target":{"@type":"EntryPoint","urlTemplate":"https:\/\/favorite-news.com\/fr\/?s={search_term_string}"},"query-input":{"@type":"PropertyValueSpecification","valueRequired":true,"valueName":"search_term_string"}}],"inLanguage":"fr-FR"},{"@type":"Person","@id":"https:\/\/favorite-news.com\/fr\/#\/schema\/person\/b66c4cfdd10a5bf16d7d5efda647111f","name":"favorite-news","image":{"@type":"ImageObject","inLanguage":"fr-FR","@id":"https:\/\/secure.gravatar.com\/avatar\/f89959e01423a9ee3c2debbcf830eb021c575de0e1b3781ca3ae392b71c615a1?s=96&d=mm&r=g","url":"https:\/\/secure.gravatar.com\/avatar\/f89959e01423a9ee3c2debbcf830eb021c575de0e1b3781ca3ae392b71c615a1?s=96&d=mm&r=g","contentUrl":"https:\/\/secure.gravatar.com\/avatar\/f89959e01423a9ee3c2debbcf830eb021c575de0e1b3781ca3ae392b71c615a1?s=96&d=mm&r=g","caption":"favorite-news"},"url":"https:\/\/favorite-news.com\/fr\/author\/ruby\/"}]}},"_links":{"self":[{"href":"https:\/\/favorite-news.com\/fr\/wp-json\/wp\/v2\/posts\/1133","targetHints":{"allow":["GET"]}}],"collection":[{"href":"https:\/\/favorite-news.com\/fr\/wp-json\/wp\/v2\/posts"}],"about":[{"href":"https:\/\/favorite-news.com\/fr\/wp-json\/wp\/v2\/types\/post"}],"author":[{"embeddable":true,"href":"https:\/\/favorite-news.com\/fr\/wp-json\/wp\/v2\/users\/1"}],"replies":[{"embeddable":true,"href":"https:\/\/favorite-news.com\/fr\/wp-json\/wp\/v2\/comments?post=1133"}],"version-history":[{"count":1,"href":"https:\/\/favorite-news.com\/fr\/wp-json\/wp\/v2\/posts\/1133\/revisions"}],"predecessor-version":[{"id":1135,"href":"https:\/\/favorite-news.com\/fr\/wp-json\/wp\/v2\/posts\/1133\/revisions\/1135"}],"wp:featuredmedia":[{"embeddable":true,"href":"https:\/\/favorite-news.com\/fr\/wp-json\/wp\/v2\/media\/1134"}],"wp:attachment":[{"href":"https:\/\/favorite-news.com\/fr\/wp-json\/wp\/v2\/media?parent=1133"}],"wp:term":[{"taxonomy":"category","embeddable":true,"href":"https:\/\/favorite-news.com\/fr\/wp-json\/wp\/v2\/categories?post=1133"},{"taxonomy":"post_tag","embeddable":true,"href":"https:\/\/favorite-news.com\/fr\/wp-json\/wp\/v2\/tags?post=1133"}],"curies":[{"name":"wp","href":"https:\/\/api.w.org\/{rel}","templated":true}]}}