{"id":1127,"date":"2021-03-26T12:47:44","date_gmt":"2021-03-26T12:47:44","guid":{"rendered":"https:\/\/favorite-news.com\/fr\/les-eveques-catholiques-decident-le-versement-dune-contribution-financiere-pour-les-victimes\/"},"modified":"2021-03-26T12:47:47","modified_gmt":"2021-03-26T12:47:47","slug":"les-eveques-catholiques-decident-le-versement-dune-contribution-financiere-pour-les-victimes","status":"publish","type":"post","link":"https:\/\/favorite-news.com\/fr\/les-eveques-catholiques-decident-le-versement-dune-contribution-financiere-pour-les-victimes\/","title":{"rendered":"Les \u00e9v\u00eaques catholiques d\u00e9cident le versement d&rsquo;une \u00ab contribution financi\u00e8re \u00bb pour les victimes"},"content":{"rendered":"<p>                Illustration dans une \u00e9glise. \u2014 E. Frisullo \/ 20 Minutes<br \/>\n            Les \u00e9v\u00eaques catholiques ont exprim\u00e9 vendredi la volont\u00e9 de l&rsquo;Eglise d&rsquo;\u00ab\u00a0assumer sa responsabilit\u00e9 devant la soci\u00e9t\u00e9 en demande pardon\u00a0\u00bb pour les crimes de &#13;<br \/>\n p\u00e9docriminalit\u00e9 commis par ses membres et se sont mis d\u2019accord pour verser aux victimes une \u00ab\u00a0contribution financi\u00e8re\u00a0\u00bb dont le montant sera \u00ab\u00a0forfaitaire\u00a0\u00bb.<\/p>\n<p>\u00ab\u00a0Pas une indemnisation ni une r\u00e9paration\u00a0\u00bb<\/p>\n<p>Cette contribution sera financ\u00e9e par un \u00ab\u00a0fonds de dotation ad hoc\u00a0\u00bb et d\u00e9termin\u00e9e par \u00ab\u00a0une instance ind\u00e9pendante d\u2019assistance\u00a0\u00bb qui aura la charge \u00ab\u00a0d\u2019examiner les demandes et de d\u00e9cider les attributions dans la limite des capacit\u00e9s d\u2019un fonds\u00a0\u00bb, a pr\u00e9cis\u00e9 la Conf\u00e9rence des \u00e9v\u00eaques de France.<\/p>\n<p>Cette contribution \u00ab\u00a0n\u2019est pas une indemnisation ni une r\u00e9paration\u00a0\u00bb, a d\u00e9clar\u00e9 Mgr Eric de Moulins-Beaufort, pr\u00e9sident de la CEF, lors d\u2019une conf\u00e9rence de presse venant clore l&rsquo;assembl\u00e9e pl\u00e9ni\u00e8re de quelque 120 \u00e9v\u00eaques qui ont vot\u00e9 onze r\u00e9solutions, dont plusieurs en faveur de la lutte contre la p\u00e9docriminalit\u00e9.<\/p>\n<p>Une journ\u00e9e de pri\u00e8re chaque ann\u00e9e \u00e0 la m\u00e9moire des victimes<\/p>\n<p>Ils ont aussi d\u00e9cid\u00e9 que le principe d\u2019une \u00ab\u00a0journ\u00e9e de pri\u00e8re\u00a0\u00bb chaque ann\u00e9e \u00e0 la m\u00e9moire des victimes, voulue par le Vatican, aurait lieu le \u00ab\u00a0troisi\u00e8me vendredi de car\u00eame\u00a0\u00bb et poursuivent leur travail \u00ab\u00a0en vue d\u2019\u00e9tablir, si possible \u00e0 Lourdes (\u2026), l\u2019installation d\u2019un lieu de m\u00e9moire\u00a0\u00bb.<\/p>\n<p>Les \u00e9v\u00eaques ont aussi d\u00e9cid\u00e9 la mise en place d\u2019une \u00ab\u00a0\u00e9quipe nationale d\u2019\u00e9coutants\u00a0\u00bb ou encore la cr\u00e9ation d\u2019un \u00ab\u00a0tribunal p\u00e9nal canonique (pour le droit de l\u2019Eglise) interdioc\u00e9sain national\u00a0\u00bb.<\/p>\n<p>\n<!--noindex--><br \/>\n<a href=\"https:\/\/www.20minutes.fr\/societe\/3007779-20210326-pedocriminalite-eveques-catholiques-decident-versement-contribution-financiere-victimes#xtor=RSS-149\" rel=\"nofollow\">Source link <\/a><br \/>\n<!--\/noindex--><\/p>\n","protected":false},"excerpt":{"rendered":"<p>Illustration dans une \u00e9glise. \u2014 E. Frisullo \/ 20 Minutes Les \u00e9v\u00eaques catholiques ont exprim\u00e9 vendredi la volont\u00e9 de l&rsquo;Eglise d&rsquo;\u00ab\u00a0assumer sa responsabilit\u00e9 devant la soci\u00e9t\u00e9 en demande pardon\u00a0\u00bb pour les crimes de &#13; p\u00e9docriminalit\u00e9 commis par ses membres et se sont mis d\u2019accord pour verser aux victimes une \u00ab\u00a0contribution financi\u00e8re\u00a0\u00bb dont le montant sera [&hellip;]<\/p>\n","protected":false},"author":1,"featured_media":1128,"comment_status":"open","ping_status":"open","sticky":false,"template":"","format":"standard","meta":{"footnotes":""},"categories":[1],"tags":[],"class_list":["post-1127","post","type-post","status-publish","format-standard","has-post-thumbnail","hentry","category-nouvelles"],"yoast_head":"<!-- This site is optimized with the Yoast SEO plugin v27.4 - https:\/\/yoast.com\/product\/yoast-seo-wordpress\/ -->\n<title>Les \u00e9v\u00eaques catholiques d\u00e9cident le versement d&#039;une \u00ab contribution financi\u00e8re \u00bb pour les victimes - Favorite News<\/title>\n<meta name=\"robots\" content=\"index, follow, max-snippet:-1, max-image-preview:large, max-video-preview:-1\" \/>\n<link rel=\"canonical\" href=\"https:\/\/favorite-news.com\/fr\/les-eveques-catholiques-decident-le-versement-dune-contribution-financiere-pour-les-victimes\/\" \/>\n<meta property=\"og:locale\" content=\"fr_FR\" \/>\n<meta property=\"og:type\" content=\"article\" \/>\n<meta property=\"og:title\" content=\"Les \u00e9v\u00eaques catholiques d\u00e9cident le versement d&#039;une \u00ab contribution financi\u00e8re \u00bb pour les victimes - Favorite News\" \/>\n<meta property=\"og:description\" content=\"Illustration dans une \u00e9glise. \u2014 E. Frisullo \/ 20 Minutes Les \u00e9v\u00eaques catholiques ont exprim\u00e9 vendredi la volont\u00e9 de l&rsquo;Eglise d&rsquo;\u00ab\u00a0assumer sa responsabilit\u00e9 devant la soci\u00e9t\u00e9 en demande pardon\u00a0\u00bb pour les crimes de &#013; p\u00e9docriminalit\u00e9 commis par ses membres et se sont mis d\u2019accord pour verser aux victimes une \u00ab\u00a0contribution financi\u00e8re\u00a0\u00bb dont le montant sera [&hellip;]\" \/>\n<meta property=\"og:url\" content=\"https:\/\/favorite-news.com\/fr\/les-eveques-catholiques-decident-le-versement-dune-contribution-financiere-pour-les-victimes\/\" \/>\n<meta property=\"og:site_name\" content=\"Favorite News\" \/>\n<meta property=\"article:published_time\" content=\"2021-03-26T12:47:44+00:00\" \/>\n<meta property=\"article:modified_time\" content=\"2021-03-26T12:47:47+00:00\" \/>\n<meta property=\"og:image\" content=\"https:\/\/favorite-news.com\/fr\/wp-content\/uploads\/sites\/12\/2021\/03\/Les-eveques-catholiques-decident-le-versement-dune-contribution-financiere.jpg\" \/>\n\t<meta property=\"og:image:width\" content=\"648\" \/>\n\t<meta property=\"og:image:height\" content=\"360\" \/>\n\t<meta property=\"og:image:type\" content=\"image\/jpeg\" \/>\n<meta name=\"author\" content=\"favorite-news\" \/>\n<meta name=\"twitter:card\" content=\"summary_large_image\" \/>\n<meta name=\"twitter:label1\" content=\"\u00c9crit par\" \/>\n\t<meta name=\"twitter:data1\" content=\"favorite-news\" \/>\n\t<meta name=\"twitter:label2\" content=\"Dur\u00e9e de lecture estim\u00e9e\" \/>\n\t<meta name=\"twitter:data2\" content=\"1 minute\" \/>\n<script type=\"application\/ld+json\" class=\"yoast-schema-graph\">{\"@context\":\"https:\\\/\\\/schema.org\",\"@graph\":[{\"@type\":\"Article\",\"@id\":\"https:\\\/\\\/favorite-news.com\\\/fr\\\/les-eveques-catholiques-decident-le-versement-dune-contribution-financiere-pour-les-victimes\\\/#article\",\"isPartOf\":{\"@id\":\"https:\\\/\\\/favorite-news.com\\\/fr\\\/les-eveques-catholiques-decident-le-versement-dune-contribution-financiere-pour-les-victimes\\\/\"},\"author\":{\"name\":\"favorite-news\",\"@id\":\"https:\\\/\\\/favorite-news.com\\\/fr\\\/#\\\/schema\\\/person\\\/b66c4cfdd10a5bf16d7d5efda647111f\"},\"headline\":\"Les \u00e9v\u00eaques catholiques d\u00e9cident le versement d&rsquo;une \u00ab contribution financi\u00e8re \u00bb pour les victimes\",\"datePublished\":\"2021-03-26T12:47:44+00:00\",\"dateModified\":\"2021-03-26T12:47:47+00:00\",\"mainEntityOfPage\":{\"@id\":\"https:\\\/\\\/favorite-news.com\\\/fr\\\/les-eveques-catholiques-decident-le-versement-dune-contribution-financiere-pour-les-victimes\\\/\"},\"wordCount\":306,\"commentCount\":0,\"image\":{\"@id\":\"https:\\\/\\\/favorite-news.com\\\/fr\\\/les-eveques-catholiques-decident-le-versement-dune-contribution-financiere-pour-les-victimes\\\/#primaryimage\"},\"thumbnailUrl\":\"https:\\\/\\\/favorite-news.com\\\/fr\\\/wp-content\\\/uploads\\\/sites\\\/12\\\/2021\\\/03\\\/Les-eveques-catholiques-decident-le-versement-dune-contribution-financiere.jpg\",\"articleSection\":[\"NOUVELLES\"],\"inLanguage\":\"fr-FR\",\"potentialAction\":[{\"@type\":\"CommentAction\",\"name\":\"Comment\",\"target\":[\"https:\\\/\\\/favorite-news.com\\\/fr\\\/les-eveques-catholiques-decident-le-versement-dune-contribution-financiere-pour-les-victimes\\\/#respond\"]}]},{\"@type\":\"WebPage\",\"@id\":\"https:\\\/\\\/favorite-news.com\\\/fr\\\/les-eveques-catholiques-decident-le-versement-dune-contribution-financiere-pour-les-victimes\\\/\",\"url\":\"https:\\\/\\\/favorite-news.com\\\/fr\\\/les-eveques-catholiques-decident-le-versement-dune-contribution-financiere-pour-les-victimes\\\/\",\"name\":\"Les \u00e9v\u00eaques catholiques d\u00e9cident le versement d'une \u00ab contribution financi\u00e8re \u00bb pour les victimes - Favorite News\",\"isPartOf\":{\"@id\":\"https:\\\/\\\/favorite-news.com\\\/fr\\\/#website\"},\"primaryImageOfPage\":{\"@id\":\"https:\\\/\\\/favorite-news.com\\\/fr\\\/les-eveques-catholiques-decident-le-versement-dune-contribution-financiere-pour-les-victimes\\\/#primaryimage\"},\"image\":{\"@id\":\"https:\\\/\\\/favorite-news.com\\\/fr\\\/les-eveques-catholiques-decident-le-versement-dune-contribution-financiere-pour-les-victimes\\\/#primaryimage\"},\"thumbnailUrl\":\"https:\\\/\\\/favorite-news.com\\\/fr\\\/wp-content\\\/uploads\\\/sites\\\/12\\\/2021\\\/03\\\/Les-eveques-catholiques-decident-le-versement-dune-contribution-financiere.jpg\",\"datePublished\":\"2021-03-26T12:47:44+00:00\",\"dateModified\":\"2021-03-26T12:47:47+00:00\",\"author\":{\"@id\":\"https:\\\/\\\/favorite-news.com\\\/fr\\\/#\\\/schema\\\/person\\\/b66c4cfdd10a5bf16d7d5efda647111f\"},\"breadcrumb\":{\"@id\":\"https:\\\/\\\/favorite-news.com\\\/fr\\\/les-eveques-catholiques-decident-le-versement-dune-contribution-financiere-pour-les-victimes\\\/#breadcrumb\"},\"inLanguage\":\"fr-FR\",\"potentialAction\":[{\"@type\":\"ReadAction\",\"target\":[\"https:\\\/\\\/favorite-news.com\\\/fr\\\/les-eveques-catholiques-decident-le-versement-dune-contribution-financiere-pour-les-victimes\\\/\"]}]},{\"@type\":\"ImageObject\",\"inLanguage\":\"fr-FR\",\"@id\":\"https:\\\/\\\/favorite-news.com\\\/fr\\\/les-eveques-catholiques-decident-le-versement-dune-contribution-financiere-pour-les-victimes\\\/#primaryimage\",\"url\":\"https:\\\/\\\/favorite-news.com\\\/fr\\\/wp-content\\\/uploads\\\/sites\\\/12\\\/2021\\\/03\\\/Les-eveques-catholiques-decident-le-versement-dune-contribution-financiere.jpg\",\"contentUrl\":\"https:\\\/\\\/favorite-news.com\\\/fr\\\/wp-content\\\/uploads\\\/sites\\\/12\\\/2021\\\/03\\\/Les-eveques-catholiques-decident-le-versement-dune-contribution-financiere.jpg\",\"width\":648,\"height\":360,\"caption\":\"Les \u00e9v\u00eaques catholiques d\u00e9cident le versement d'une \u00ab contribution financi\u00e8re \u00bb pour les victimes\"},{\"@type\":\"BreadcrumbList\",\"@id\":\"https:\\\/\\\/favorite-news.com\\\/fr\\\/les-eveques-catholiques-decident-le-versement-dune-contribution-financiere-pour-les-victimes\\\/#breadcrumb\",\"itemListElement\":[{\"@type\":\"ListItem\",\"position\":1,\"name\":\"Home\",\"item\":\"https:\\\/\\\/favorite-news.com\\\/fr\\\/\"},{\"@type\":\"ListItem\",\"position\":2,\"name\":\"Les \u00e9v\u00eaques catholiques d\u00e9cident le versement d&rsquo;une \u00ab contribution financi\u00e8re \u00bb pour les victimes\"}]},{\"@type\":\"WebSite\",\"@id\":\"https:\\\/\\\/favorite-news.com\\\/fr\\\/#website\",\"url\":\"https:\\\/\\\/favorite-news.com\\\/fr\\\/\",\"name\":\"Favorite News\",\"description\":\"Favorite News France\",\"potentialAction\":[{\"@type\":\"SearchAction\",\"target\":{\"@type\":\"EntryPoint\",\"urlTemplate\":\"https:\\\/\\\/favorite-news.com\\\/fr\\\/?s={search_term_string}\"},\"query-input\":{\"@type\":\"PropertyValueSpecification\",\"valueRequired\":true,\"valueName\":\"search_term_string\"}}],\"inLanguage\":\"fr-FR\"},{\"@type\":\"Person\",\"@id\":\"https:\\\/\\\/favorite-news.com\\\/fr\\\/#\\\/schema\\\/person\\\/b66c4cfdd10a5bf16d7d5efda647111f\",\"name\":\"favorite-news\",\"image\":{\"@type\":\"ImageObject\",\"inLanguage\":\"fr-FR\",\"@id\":\"https:\\\/\\\/secure.gravatar.com\\\/avatar\\\/f89959e01423a9ee3c2debbcf830eb021c575de0e1b3781ca3ae392b71c615a1?s=96&d=mm&r=g\",\"url\":\"https:\\\/\\\/secure.gravatar.com\\\/avatar\\\/f89959e01423a9ee3c2debbcf830eb021c575de0e1b3781ca3ae392b71c615a1?s=96&d=mm&r=g\",\"contentUrl\":\"https:\\\/\\\/secure.gravatar.com\\\/avatar\\\/f89959e01423a9ee3c2debbcf830eb021c575de0e1b3781ca3ae392b71c615a1?s=96&d=mm&r=g\",\"caption\":\"favorite-news\"},\"url\":\"https:\\\/\\\/favorite-news.com\\\/fr\\\/author\\\/ruby\\\/\"}]}<\/script>\n<!-- \/ Yoast SEO plugin. -->","yoast_head_json":{"title":"Les \u00e9v\u00eaques catholiques d\u00e9cident le versement d'une \u00ab contribution financi\u00e8re \u00bb pour les victimes - Favorite News","robots":{"index":"index","follow":"follow","max-snippet":"max-snippet:-1","max-image-preview":"max-image-preview:large","max-video-preview":"max-video-preview:-1"},"canonical":"https:\/\/favorite-news.com\/fr\/les-eveques-catholiques-decident-le-versement-dune-contribution-financiere-pour-les-victimes\/","og_locale":"fr_FR","og_type":"article","og_title":"Les \u00e9v\u00eaques catholiques d\u00e9cident le versement d'une \u00ab contribution financi\u00e8re \u00bb pour les victimes - Favorite News","og_description":"Illustration dans une \u00e9glise. \u2014 E. Frisullo \/ 20 Minutes Les \u00e9v\u00eaques catholiques ont exprim\u00e9 vendredi la volont\u00e9 de l&rsquo;Eglise d&rsquo;\u00ab\u00a0assumer sa responsabilit\u00e9 devant la soci\u00e9t\u00e9 en demande pardon\u00a0\u00bb pour les crimes de &#13; p\u00e9docriminalit\u00e9 commis par ses membres et se sont mis d\u2019accord pour verser aux victimes une \u00ab\u00a0contribution financi\u00e8re\u00a0\u00bb dont le montant sera [&hellip;]","og_url":"https:\/\/favorite-news.com\/fr\/les-eveques-catholiques-decident-le-versement-dune-contribution-financiere-pour-les-victimes\/","og_site_name":"Favorite News","article_published_time":"2021-03-26T12:47:44+00:00","article_modified_time":"2021-03-26T12:47:47+00:00","og_image":[{"width":648,"height":360,"url":"https:\/\/favorite-news.com\/fr\/wp-content\/uploads\/sites\/12\/2021\/03\/Les-eveques-catholiques-decident-le-versement-dune-contribution-financiere.jpg","type":"image\/jpeg"}],"author":"favorite-news","twitter_card":"summary_large_image","twitter_misc":{"\u00c9crit par":"favorite-news","Dur\u00e9e de lecture estim\u00e9e":"1 minute"},"schema":{"@context":"https:\/\/schema.org","@graph":[{"@type":"Article","@id":"https:\/\/favorite-news.com\/fr\/les-eveques-catholiques-decident-le-versement-dune-contribution-financiere-pour-les-victimes\/#article","isPartOf":{"@id":"https:\/\/favorite-news.com\/fr\/les-eveques-catholiques-decident-le-versement-dune-contribution-financiere-pour-les-victimes\/"},"author":{"name":"favorite-news","@id":"https:\/\/favorite-news.com\/fr\/#\/schema\/person\/b66c4cfdd10a5bf16d7d5efda647111f"},"headline":"Les \u00e9v\u00eaques catholiques d\u00e9cident le versement d&rsquo;une \u00ab contribution financi\u00e8re \u00bb pour les victimes","datePublished":"2021-03-26T12:47:44+00:00","dateModified":"2021-03-26T12:47:47+00:00","mainEntityOfPage":{"@id":"https:\/\/favorite-news.com\/fr\/les-eveques-catholiques-decident-le-versement-dune-contribution-financiere-pour-les-victimes\/"},"wordCount":306,"commentCount":0,"image":{"@id":"https:\/\/favorite-news.com\/fr\/les-eveques-catholiques-decident-le-versement-dune-contribution-financiere-pour-les-victimes\/#primaryimage"},"thumbnailUrl":"https:\/\/favorite-news.com\/fr\/wp-content\/uploads\/sites\/12\/2021\/03\/Les-eveques-catholiques-decident-le-versement-dune-contribution-financiere.jpg","articleSection":["NOUVELLES"],"inLanguage":"fr-FR","potentialAction":[{"@type":"CommentAction","name":"Comment","target":["https:\/\/favorite-news.com\/fr\/les-eveques-catholiques-decident-le-versement-dune-contribution-financiere-pour-les-victimes\/#respond"]}]},{"@type":"WebPage","@id":"https:\/\/favorite-news.com\/fr\/les-eveques-catholiques-decident-le-versement-dune-contribution-financiere-pour-les-victimes\/","url":"https:\/\/favorite-news.com\/fr\/les-eveques-catholiques-decident-le-versement-dune-contribution-financiere-pour-les-victimes\/","name":"Les \u00e9v\u00eaques catholiques d\u00e9cident le versement d'une \u00ab contribution financi\u00e8re \u00bb pour les victimes - Favorite News","isPartOf":{"@id":"https:\/\/favorite-news.com\/fr\/#website"},"primaryImageOfPage":{"@id":"https:\/\/favorite-news.com\/fr\/les-eveques-catholiques-decident-le-versement-dune-contribution-financiere-pour-les-victimes\/#primaryimage"},"image":{"@id":"https:\/\/favorite-news.com\/fr\/les-eveques-catholiques-decident-le-versement-dune-contribution-financiere-pour-les-victimes\/#primaryimage"},"thumbnailUrl":"https:\/\/favorite-news.com\/fr\/wp-content\/uploads\/sites\/12\/2021\/03\/Les-eveques-catholiques-decident-le-versement-dune-contribution-financiere.jpg","datePublished":"2021-03-26T12:47:44+00:00","dateModified":"2021-03-26T12:47:47+00:00","author":{"@id":"https:\/\/favorite-news.com\/fr\/#\/schema\/person\/b66c4cfdd10a5bf16d7d5efda647111f"},"breadcrumb":{"@id":"https:\/\/favorite-news.com\/fr\/les-eveques-catholiques-decident-le-versement-dune-contribution-financiere-pour-les-victimes\/#breadcrumb"},"inLanguage":"fr-FR","potentialAction":[{"@type":"ReadAction","target":["https:\/\/favorite-news.com\/fr\/les-eveques-catholiques-decident-le-versement-dune-contribution-financiere-pour-les-victimes\/"]}]},{"@type":"ImageObject","inLanguage":"fr-FR","@id":"https:\/\/favorite-news.com\/fr\/les-eveques-catholiques-decident-le-versement-dune-contribution-financiere-pour-les-victimes\/#primaryimage","url":"https:\/\/favorite-news.com\/fr\/wp-content\/uploads\/sites\/12\/2021\/03\/Les-eveques-catholiques-decident-le-versement-dune-contribution-financiere.jpg","contentUrl":"https:\/\/favorite-news.com\/fr\/wp-content\/uploads\/sites\/12\/2021\/03\/Les-eveques-catholiques-decident-le-versement-dune-contribution-financiere.jpg","width":648,"height":360,"caption":"Les \u00e9v\u00eaques catholiques d\u00e9cident le versement d'une \u00ab contribution financi\u00e8re \u00bb pour les victimes"},{"@type":"BreadcrumbList","@id":"https:\/\/favorite-news.com\/fr\/les-eveques-catholiques-decident-le-versement-dune-contribution-financiere-pour-les-victimes\/#breadcrumb","itemListElement":[{"@type":"ListItem","position":1,"name":"Home","item":"https:\/\/favorite-news.com\/fr\/"},{"@type":"ListItem","position":2,"name":"Les \u00e9v\u00eaques catholiques d\u00e9cident le versement d&rsquo;une \u00ab contribution financi\u00e8re \u00bb pour les victimes"}]},{"@type":"WebSite","@id":"https:\/\/favorite-news.com\/fr\/#website","url":"https:\/\/favorite-news.com\/fr\/","name":"Favorite News","description":"Favorite News France","potentialAction":[{"@type":"SearchAction","target":{"@type":"EntryPoint","urlTemplate":"https:\/\/favorite-news.com\/fr\/?s={search_term_string}"},"query-input":{"@type":"PropertyValueSpecification","valueRequired":true,"valueName":"search_term_string"}}],"inLanguage":"fr-FR"},{"@type":"Person","@id":"https:\/\/favorite-news.com\/fr\/#\/schema\/person\/b66c4cfdd10a5bf16d7d5efda647111f","name":"favorite-news","image":{"@type":"ImageObject","inLanguage":"fr-FR","@id":"https:\/\/secure.gravatar.com\/avatar\/f89959e01423a9ee3c2debbcf830eb021c575de0e1b3781ca3ae392b71c615a1?s=96&d=mm&r=g","url":"https:\/\/secure.gravatar.com\/avatar\/f89959e01423a9ee3c2debbcf830eb021c575de0e1b3781ca3ae392b71c615a1?s=96&d=mm&r=g","contentUrl":"https:\/\/secure.gravatar.com\/avatar\/f89959e01423a9ee3c2debbcf830eb021c575de0e1b3781ca3ae392b71c615a1?s=96&d=mm&r=g","caption":"favorite-news"},"url":"https:\/\/favorite-news.com\/fr\/author\/ruby\/"}]}},"_links":{"self":[{"href":"https:\/\/favorite-news.com\/fr\/wp-json\/wp\/v2\/posts\/1127","targetHints":{"allow":["GET"]}}],"collection":[{"href":"https:\/\/favorite-news.com\/fr\/wp-json\/wp\/v2\/posts"}],"about":[{"href":"https:\/\/favorite-news.com\/fr\/wp-json\/wp\/v2\/types\/post"}],"author":[{"embeddable":true,"href":"https:\/\/favorite-news.com\/fr\/wp-json\/wp\/v2\/users\/1"}],"replies":[{"embeddable":true,"href":"https:\/\/favorite-news.com\/fr\/wp-json\/wp\/v2\/comments?post=1127"}],"version-history":[{"count":1,"href":"https:\/\/favorite-news.com\/fr\/wp-json\/wp\/v2\/posts\/1127\/revisions"}],"predecessor-version":[{"id":1129,"href":"https:\/\/favorite-news.com\/fr\/wp-json\/wp\/v2\/posts\/1127\/revisions\/1129"}],"wp:featuredmedia":[{"embeddable":true,"href":"https:\/\/favorite-news.com\/fr\/wp-json\/wp\/v2\/media\/1128"}],"wp:attachment":[{"href":"https:\/\/favorite-news.com\/fr\/wp-json\/wp\/v2\/media?parent=1127"}],"wp:term":[{"taxonomy":"category","embeddable":true,"href":"https:\/\/favorite-news.com\/fr\/wp-json\/wp\/v2\/categories?post=1127"},{"taxonomy":"post_tag","embeddable":true,"href":"https:\/\/favorite-news.com\/fr\/wp-json\/wp\/v2\/tags?post=1127"}],"curies":[{"name":"wp","href":"https:\/\/api.w.org\/{rel}","templated":true}]}}