{"id":1121,"date":"2021-03-25T12:42:05","date_gmt":"2021-03-25T12:42:05","guid":{"rendered":"https:\/\/favorite-news.com\/fr\/le-danemark-prolonge-de-trois-semaines-la-suspension-du-vaccin-astrazeneca\/"},"modified":"2021-03-25T12:42:08","modified_gmt":"2021-03-25T12:42:08","slug":"le-danemark-prolonge-de-trois-semaines-la-suspension-du-vaccin-astrazeneca","status":"publish","type":"post","link":"https:\/\/favorite-news.com\/fr\/le-danemark-prolonge-de-trois-semaines-la-suspension-du-vaccin-astrazeneca\/","title":{"rendered":"Le Danemark prolonge de trois semaines la suspension du vaccin AstraZeneca"},"content":{"rendered":"<p>                Mette Frederiksen, la premi\u00e8re ministre sociale-d\u00e9mocrate du Danemark.  \u2014 JENS DRESLING \/ RITZAU SCANPIX \/ AFP<br \/>\n            Pourtant d\u00e9clar\u00e9 \u00ab\u00a0s\u00fbr et efficace\u00a0\u00bb par le r\u00e9gulateur europ\u00e9en et l\u2019OMS, &#13;<br \/>\nle vaccin AstraZeneca contre &#13;<br \/>\nle coronavirus a \u00e9t\u00e9 suspendu par le Danemark pour trois semaines suppl\u00e9mentaires, ont annonc\u00e9 les autorit\u00e9s sanitaires danoises, ce jeudi.<\/p>\n<p>\u00ab\u00a0Nous avons aujourd\u2019hui d\u00e9cid\u00e9 d\u2019\u00e9tendre notre suspension de trois semaines\u00a0\u00bb, a dit lors d\u2019une conf\u00e9rence de presse le directeur de l\u2019Agence nationale de Sant\u00e9, S\u00f8ren Brostr\u00f8m, expliquant avoir besoin de \u00ab\u00a0plus de temps\u00a0\u00bb pour exclure enti\u00e8rement un lien entre les quelques cas connus de caillots sanguins rares mais graves et la vaccination avec le vaccin d\u2019AstraZeneca, qui n\u2019a toutefois pas \u00e9t\u00e9 d\u00e9montr\u00e9.<\/p>\n<p>Pr\u00e8s de\u00a05,8\u00a0millions de Danois enti\u00e8rement vaccin\u00e9s<\/p>\n<p>Premier pays d\u2019Europe \u00e0 suspendre compl\u00e8tement l\u2019utilisation du vaccin apr\u00e8s des rapports d\u00e9crivant des cas exceptionnels de caillots sanguins, combin\u00e9s \u00e0 un faible taux de plaquettes et des saignements, le Danemark a pris note de l\u2019avis favorable de l\u2019EMA (l\u2019Agence europ\u00e9enne des m\u00e9dicaments) sur le vaccin. Selon les autorit\u00e9s danoises, le r\u00e9gulateur europ\u00e9en \u00ab\u00a0n\u2019exclut pas\u00a0\u00bb de lien, ce qui l\u2019am\u00e8ne \u00e0 poursuivre son enqu\u00eate, au nom du principe de pr\u00e9caution.<\/p>\n<p>\u00ab\u00a0Nous ne savons toujours pas si certains groupes sont plus \u00e0 risque (\u2026) nous allons aussi voir l\u2019importance du risque\u00a0:\u00a0est-il acceptable et pouvons-nous le justifier\u00a0\u00bb, a affirm\u00e9 S\u00f8ren\u00a0Brorst\u00f8m. Au Danemark, 5,7\u00a0% des 5,8\u00a0millions d\u2019habitants sont enti\u00e8rement vaccin\u00e9s. 11,1\u00a0% ont re\u00e7u une premi\u00e8re dose. La majorit\u00e9 des pays europ\u00e9ens qui avaient suspendu l\u2019utilisation du vaccin l\u2019ont reprise apr\u00e8s l\u2019avis de l\u2019EMA. En Su\u00e8de et en Norv\u00e8ge, o\u00f9 le vaccin du laboratoire su\u00e9do-britannique est toujours suspendu, une d\u00e9cision est attendue prochainement.<\/p>\n<p>\n<!--noindex--><br \/>\n<a href=\"https:\/\/www.20minutes.fr\/monde\/3006907-20210325-coronavirus-danemark-prolonge-trois-semaines-suspension-vaccin-astrazeneca#xtor=RSS-149\" rel=\"nofollow\">Source link <\/a><br \/>\n<!--\/noindex--><\/p>\n","protected":false},"excerpt":{"rendered":"<p>Mette Frederiksen, la premi\u00e8re ministre sociale-d\u00e9mocrate du Danemark. \u2014 JENS DRESLING \/ RITZAU SCANPIX \/ AFP Pourtant d\u00e9clar\u00e9 \u00ab\u00a0s\u00fbr et efficace\u00a0\u00bb par le r\u00e9gulateur europ\u00e9en et l\u2019OMS, &#13; le vaccin AstraZeneca contre &#13; le coronavirus a \u00e9t\u00e9 suspendu par le Danemark pour trois semaines suppl\u00e9mentaires, ont annonc\u00e9 les autorit\u00e9s sanitaires danoises, ce jeudi. \u00ab\u00a0Nous avons [&hellip;]<\/p>\n","protected":false},"author":1,"featured_media":1122,"comment_status":"open","ping_status":"open","sticky":false,"template":"","format":"standard","meta":{"footnotes":""},"categories":[1],"tags":[],"class_list":["post-1121","post","type-post","status-publish","format-standard","has-post-thumbnail","hentry","category-nouvelles"],"yoast_head":"<!-- This site is optimized with the Yoast SEO plugin v27.4 - https:\/\/yoast.com\/product\/yoast-seo-wordpress\/ -->\n<title>Le Danemark prolonge de trois semaines la suspension du vaccin AstraZeneca - Favorite News<\/title>\n<meta name=\"robots\" content=\"index, follow, max-snippet:-1, max-image-preview:large, max-video-preview:-1\" \/>\n<link rel=\"canonical\" href=\"https:\/\/favorite-news.com\/fr\/le-danemark-prolonge-de-trois-semaines-la-suspension-du-vaccin-astrazeneca\/\" \/>\n<meta property=\"og:locale\" content=\"fr_FR\" \/>\n<meta property=\"og:type\" content=\"article\" \/>\n<meta property=\"og:title\" content=\"Le Danemark prolonge de trois semaines la suspension du vaccin AstraZeneca - Favorite News\" \/>\n<meta property=\"og:description\" content=\"Mette Frederiksen, la premi\u00e8re ministre sociale-d\u00e9mocrate du Danemark. \u2014 JENS DRESLING \/ RITZAU SCANPIX \/ AFP Pourtant d\u00e9clar\u00e9 \u00ab\u00a0s\u00fbr et efficace\u00a0\u00bb par le r\u00e9gulateur europ\u00e9en et l\u2019OMS, &#013; le vaccin AstraZeneca contre &#013; le coronavirus a \u00e9t\u00e9 suspendu par le Danemark pour trois semaines suppl\u00e9mentaires, ont annonc\u00e9 les autorit\u00e9s sanitaires danoises, ce jeudi. \u00ab\u00a0Nous avons [&hellip;]\" \/>\n<meta property=\"og:url\" content=\"https:\/\/favorite-news.com\/fr\/le-danemark-prolonge-de-trois-semaines-la-suspension-du-vaccin-astrazeneca\/\" \/>\n<meta property=\"og:site_name\" content=\"Favorite News\" \/>\n<meta property=\"article:published_time\" content=\"2021-03-25T12:42:05+00:00\" \/>\n<meta property=\"article:modified_time\" content=\"2021-03-25T12:42:08+00:00\" \/>\n<meta property=\"og:image\" content=\"https:\/\/favorite-news.com\/fr\/wp-content\/uploads\/sites\/12\/2021\/03\/Le-Danemark-prolonge-de-trois-semaines-la-suspension-du-vaccin.jpg\" \/>\n\t<meta property=\"og:image:width\" content=\"648\" \/>\n\t<meta property=\"og:image:height\" content=\"360\" \/>\n\t<meta property=\"og:image:type\" content=\"image\/jpeg\" \/>\n<meta name=\"author\" content=\"favorite-news\" \/>\n<meta name=\"twitter:card\" content=\"summary_large_image\" \/>\n<meta name=\"twitter:label1\" content=\"\u00c9crit par\" \/>\n\t<meta name=\"twitter:data1\" content=\"favorite-news\" \/>\n\t<meta name=\"twitter:label2\" content=\"Dur\u00e9e de lecture estim\u00e9e\" \/>\n\t<meta name=\"twitter:data2\" content=\"2 minutes\" \/>\n<script type=\"application\/ld+json\" class=\"yoast-schema-graph\">{\"@context\":\"https:\\\/\\\/schema.org\",\"@graph\":[{\"@type\":\"Article\",\"@id\":\"https:\\\/\\\/favorite-news.com\\\/fr\\\/le-danemark-prolonge-de-trois-semaines-la-suspension-du-vaccin-astrazeneca\\\/#article\",\"isPartOf\":{\"@id\":\"https:\\\/\\\/favorite-news.com\\\/fr\\\/le-danemark-prolonge-de-trois-semaines-la-suspension-du-vaccin-astrazeneca\\\/\"},\"author\":{\"name\":\"favorite-news\",\"@id\":\"https:\\\/\\\/favorite-news.com\\\/fr\\\/#\\\/schema\\\/person\\\/b66c4cfdd10a5bf16d7d5efda647111f\"},\"headline\":\"Le Danemark prolonge de trois semaines la suspension du vaccin AstraZeneca\",\"datePublished\":\"2021-03-25T12:42:05+00:00\",\"dateModified\":\"2021-03-25T12:42:08+00:00\",\"mainEntityOfPage\":{\"@id\":\"https:\\\/\\\/favorite-news.com\\\/fr\\\/le-danemark-prolonge-de-trois-semaines-la-suspension-du-vaccin-astrazeneca\\\/\"},\"wordCount\":335,\"commentCount\":0,\"image\":{\"@id\":\"https:\\\/\\\/favorite-news.com\\\/fr\\\/le-danemark-prolonge-de-trois-semaines-la-suspension-du-vaccin-astrazeneca\\\/#primaryimage\"},\"thumbnailUrl\":\"https:\\\/\\\/favorite-news.com\\\/fr\\\/wp-content\\\/uploads\\\/sites\\\/12\\\/2021\\\/03\\\/Le-Danemark-prolonge-de-trois-semaines-la-suspension-du-vaccin.jpg\",\"articleSection\":[\"NOUVELLES\"],\"inLanguage\":\"fr-FR\",\"potentialAction\":[{\"@type\":\"CommentAction\",\"name\":\"Comment\",\"target\":[\"https:\\\/\\\/favorite-news.com\\\/fr\\\/le-danemark-prolonge-de-trois-semaines-la-suspension-du-vaccin-astrazeneca\\\/#respond\"]}]},{\"@type\":\"WebPage\",\"@id\":\"https:\\\/\\\/favorite-news.com\\\/fr\\\/le-danemark-prolonge-de-trois-semaines-la-suspension-du-vaccin-astrazeneca\\\/\",\"url\":\"https:\\\/\\\/favorite-news.com\\\/fr\\\/le-danemark-prolonge-de-trois-semaines-la-suspension-du-vaccin-astrazeneca\\\/\",\"name\":\"Le Danemark prolonge de trois semaines la suspension du vaccin AstraZeneca - Favorite News\",\"isPartOf\":{\"@id\":\"https:\\\/\\\/favorite-news.com\\\/fr\\\/#website\"},\"primaryImageOfPage\":{\"@id\":\"https:\\\/\\\/favorite-news.com\\\/fr\\\/le-danemark-prolonge-de-trois-semaines-la-suspension-du-vaccin-astrazeneca\\\/#primaryimage\"},\"image\":{\"@id\":\"https:\\\/\\\/favorite-news.com\\\/fr\\\/le-danemark-prolonge-de-trois-semaines-la-suspension-du-vaccin-astrazeneca\\\/#primaryimage\"},\"thumbnailUrl\":\"https:\\\/\\\/favorite-news.com\\\/fr\\\/wp-content\\\/uploads\\\/sites\\\/12\\\/2021\\\/03\\\/Le-Danemark-prolonge-de-trois-semaines-la-suspension-du-vaccin.jpg\",\"datePublished\":\"2021-03-25T12:42:05+00:00\",\"dateModified\":\"2021-03-25T12:42:08+00:00\",\"author\":{\"@id\":\"https:\\\/\\\/favorite-news.com\\\/fr\\\/#\\\/schema\\\/person\\\/b66c4cfdd10a5bf16d7d5efda647111f\"},\"breadcrumb\":{\"@id\":\"https:\\\/\\\/favorite-news.com\\\/fr\\\/le-danemark-prolonge-de-trois-semaines-la-suspension-du-vaccin-astrazeneca\\\/#breadcrumb\"},\"inLanguage\":\"fr-FR\",\"potentialAction\":[{\"@type\":\"ReadAction\",\"target\":[\"https:\\\/\\\/favorite-news.com\\\/fr\\\/le-danemark-prolonge-de-trois-semaines-la-suspension-du-vaccin-astrazeneca\\\/\"]}]},{\"@type\":\"ImageObject\",\"inLanguage\":\"fr-FR\",\"@id\":\"https:\\\/\\\/favorite-news.com\\\/fr\\\/le-danemark-prolonge-de-trois-semaines-la-suspension-du-vaccin-astrazeneca\\\/#primaryimage\",\"url\":\"https:\\\/\\\/favorite-news.com\\\/fr\\\/wp-content\\\/uploads\\\/sites\\\/12\\\/2021\\\/03\\\/Le-Danemark-prolonge-de-trois-semaines-la-suspension-du-vaccin.jpg\",\"contentUrl\":\"https:\\\/\\\/favorite-news.com\\\/fr\\\/wp-content\\\/uploads\\\/sites\\\/12\\\/2021\\\/03\\\/Le-Danemark-prolonge-de-trois-semaines-la-suspension-du-vaccin.jpg\",\"width\":648,\"height\":360,\"caption\":\"Le Danemark prolonge de trois semaines la suspension du vaccin AstraZeneca\"},{\"@type\":\"BreadcrumbList\",\"@id\":\"https:\\\/\\\/favorite-news.com\\\/fr\\\/le-danemark-prolonge-de-trois-semaines-la-suspension-du-vaccin-astrazeneca\\\/#breadcrumb\",\"itemListElement\":[{\"@type\":\"ListItem\",\"position\":1,\"name\":\"Home\",\"item\":\"https:\\\/\\\/favorite-news.com\\\/fr\\\/\"},{\"@type\":\"ListItem\",\"position\":2,\"name\":\"Le Danemark prolonge de trois semaines la suspension du vaccin AstraZeneca\"}]},{\"@type\":\"WebSite\",\"@id\":\"https:\\\/\\\/favorite-news.com\\\/fr\\\/#website\",\"url\":\"https:\\\/\\\/favorite-news.com\\\/fr\\\/\",\"name\":\"Favorite News\",\"description\":\"Favorite News France\",\"potentialAction\":[{\"@type\":\"SearchAction\",\"target\":{\"@type\":\"EntryPoint\",\"urlTemplate\":\"https:\\\/\\\/favorite-news.com\\\/fr\\\/?s={search_term_string}\"},\"query-input\":{\"@type\":\"PropertyValueSpecification\",\"valueRequired\":true,\"valueName\":\"search_term_string\"}}],\"inLanguage\":\"fr-FR\"},{\"@type\":\"Person\",\"@id\":\"https:\\\/\\\/favorite-news.com\\\/fr\\\/#\\\/schema\\\/person\\\/b66c4cfdd10a5bf16d7d5efda647111f\",\"name\":\"favorite-news\",\"image\":{\"@type\":\"ImageObject\",\"inLanguage\":\"fr-FR\",\"@id\":\"https:\\\/\\\/secure.gravatar.com\\\/avatar\\\/f89959e01423a9ee3c2debbcf830eb021c575de0e1b3781ca3ae392b71c615a1?s=96&d=mm&r=g\",\"url\":\"https:\\\/\\\/secure.gravatar.com\\\/avatar\\\/f89959e01423a9ee3c2debbcf830eb021c575de0e1b3781ca3ae392b71c615a1?s=96&d=mm&r=g\",\"contentUrl\":\"https:\\\/\\\/secure.gravatar.com\\\/avatar\\\/f89959e01423a9ee3c2debbcf830eb021c575de0e1b3781ca3ae392b71c615a1?s=96&d=mm&r=g\",\"caption\":\"favorite-news\"},\"url\":\"https:\\\/\\\/favorite-news.com\\\/fr\\\/author\\\/ruby\\\/\"}]}<\/script>\n<!-- \/ Yoast SEO plugin. -->","yoast_head_json":{"title":"Le Danemark prolonge de trois semaines la suspension du vaccin AstraZeneca - Favorite News","robots":{"index":"index","follow":"follow","max-snippet":"max-snippet:-1","max-image-preview":"max-image-preview:large","max-video-preview":"max-video-preview:-1"},"canonical":"https:\/\/favorite-news.com\/fr\/le-danemark-prolonge-de-trois-semaines-la-suspension-du-vaccin-astrazeneca\/","og_locale":"fr_FR","og_type":"article","og_title":"Le Danemark prolonge de trois semaines la suspension du vaccin AstraZeneca - Favorite News","og_description":"Mette Frederiksen, la premi\u00e8re ministre sociale-d\u00e9mocrate du Danemark. \u2014 JENS DRESLING \/ RITZAU SCANPIX \/ AFP Pourtant d\u00e9clar\u00e9 \u00ab\u00a0s\u00fbr et efficace\u00a0\u00bb par le r\u00e9gulateur europ\u00e9en et l\u2019OMS, &#13; le vaccin AstraZeneca contre &#13; le coronavirus a \u00e9t\u00e9 suspendu par le Danemark pour trois semaines suppl\u00e9mentaires, ont annonc\u00e9 les autorit\u00e9s sanitaires danoises, ce jeudi. \u00ab\u00a0Nous avons [&hellip;]","og_url":"https:\/\/favorite-news.com\/fr\/le-danemark-prolonge-de-trois-semaines-la-suspension-du-vaccin-astrazeneca\/","og_site_name":"Favorite News","article_published_time":"2021-03-25T12:42:05+00:00","article_modified_time":"2021-03-25T12:42:08+00:00","og_image":[{"width":648,"height":360,"url":"https:\/\/favorite-news.com\/fr\/wp-content\/uploads\/sites\/12\/2021\/03\/Le-Danemark-prolonge-de-trois-semaines-la-suspension-du-vaccin.jpg","type":"image\/jpeg"}],"author":"favorite-news","twitter_card":"summary_large_image","twitter_misc":{"\u00c9crit par":"favorite-news","Dur\u00e9e de lecture estim\u00e9e":"2 minutes"},"schema":{"@context":"https:\/\/schema.org","@graph":[{"@type":"Article","@id":"https:\/\/favorite-news.com\/fr\/le-danemark-prolonge-de-trois-semaines-la-suspension-du-vaccin-astrazeneca\/#article","isPartOf":{"@id":"https:\/\/favorite-news.com\/fr\/le-danemark-prolonge-de-trois-semaines-la-suspension-du-vaccin-astrazeneca\/"},"author":{"name":"favorite-news","@id":"https:\/\/favorite-news.com\/fr\/#\/schema\/person\/b66c4cfdd10a5bf16d7d5efda647111f"},"headline":"Le Danemark prolonge de trois semaines la suspension du vaccin AstraZeneca","datePublished":"2021-03-25T12:42:05+00:00","dateModified":"2021-03-25T12:42:08+00:00","mainEntityOfPage":{"@id":"https:\/\/favorite-news.com\/fr\/le-danemark-prolonge-de-trois-semaines-la-suspension-du-vaccin-astrazeneca\/"},"wordCount":335,"commentCount":0,"image":{"@id":"https:\/\/favorite-news.com\/fr\/le-danemark-prolonge-de-trois-semaines-la-suspension-du-vaccin-astrazeneca\/#primaryimage"},"thumbnailUrl":"https:\/\/favorite-news.com\/fr\/wp-content\/uploads\/sites\/12\/2021\/03\/Le-Danemark-prolonge-de-trois-semaines-la-suspension-du-vaccin.jpg","articleSection":["NOUVELLES"],"inLanguage":"fr-FR","potentialAction":[{"@type":"CommentAction","name":"Comment","target":["https:\/\/favorite-news.com\/fr\/le-danemark-prolonge-de-trois-semaines-la-suspension-du-vaccin-astrazeneca\/#respond"]}]},{"@type":"WebPage","@id":"https:\/\/favorite-news.com\/fr\/le-danemark-prolonge-de-trois-semaines-la-suspension-du-vaccin-astrazeneca\/","url":"https:\/\/favorite-news.com\/fr\/le-danemark-prolonge-de-trois-semaines-la-suspension-du-vaccin-astrazeneca\/","name":"Le Danemark prolonge de trois semaines la suspension du vaccin AstraZeneca - Favorite News","isPartOf":{"@id":"https:\/\/favorite-news.com\/fr\/#website"},"primaryImageOfPage":{"@id":"https:\/\/favorite-news.com\/fr\/le-danemark-prolonge-de-trois-semaines-la-suspension-du-vaccin-astrazeneca\/#primaryimage"},"image":{"@id":"https:\/\/favorite-news.com\/fr\/le-danemark-prolonge-de-trois-semaines-la-suspension-du-vaccin-astrazeneca\/#primaryimage"},"thumbnailUrl":"https:\/\/favorite-news.com\/fr\/wp-content\/uploads\/sites\/12\/2021\/03\/Le-Danemark-prolonge-de-trois-semaines-la-suspension-du-vaccin.jpg","datePublished":"2021-03-25T12:42:05+00:00","dateModified":"2021-03-25T12:42:08+00:00","author":{"@id":"https:\/\/favorite-news.com\/fr\/#\/schema\/person\/b66c4cfdd10a5bf16d7d5efda647111f"},"breadcrumb":{"@id":"https:\/\/favorite-news.com\/fr\/le-danemark-prolonge-de-trois-semaines-la-suspension-du-vaccin-astrazeneca\/#breadcrumb"},"inLanguage":"fr-FR","potentialAction":[{"@type":"ReadAction","target":["https:\/\/favorite-news.com\/fr\/le-danemark-prolonge-de-trois-semaines-la-suspension-du-vaccin-astrazeneca\/"]}]},{"@type":"ImageObject","inLanguage":"fr-FR","@id":"https:\/\/favorite-news.com\/fr\/le-danemark-prolonge-de-trois-semaines-la-suspension-du-vaccin-astrazeneca\/#primaryimage","url":"https:\/\/favorite-news.com\/fr\/wp-content\/uploads\/sites\/12\/2021\/03\/Le-Danemark-prolonge-de-trois-semaines-la-suspension-du-vaccin.jpg","contentUrl":"https:\/\/favorite-news.com\/fr\/wp-content\/uploads\/sites\/12\/2021\/03\/Le-Danemark-prolonge-de-trois-semaines-la-suspension-du-vaccin.jpg","width":648,"height":360,"caption":"Le Danemark prolonge de trois semaines la suspension du vaccin AstraZeneca"},{"@type":"BreadcrumbList","@id":"https:\/\/favorite-news.com\/fr\/le-danemark-prolonge-de-trois-semaines-la-suspension-du-vaccin-astrazeneca\/#breadcrumb","itemListElement":[{"@type":"ListItem","position":1,"name":"Home","item":"https:\/\/favorite-news.com\/fr\/"},{"@type":"ListItem","position":2,"name":"Le Danemark prolonge de trois semaines la suspension du vaccin AstraZeneca"}]},{"@type":"WebSite","@id":"https:\/\/favorite-news.com\/fr\/#website","url":"https:\/\/favorite-news.com\/fr\/","name":"Favorite News","description":"Favorite News France","potentialAction":[{"@type":"SearchAction","target":{"@type":"EntryPoint","urlTemplate":"https:\/\/favorite-news.com\/fr\/?s={search_term_string}"},"query-input":{"@type":"PropertyValueSpecification","valueRequired":true,"valueName":"search_term_string"}}],"inLanguage":"fr-FR"},{"@type":"Person","@id":"https:\/\/favorite-news.com\/fr\/#\/schema\/person\/b66c4cfdd10a5bf16d7d5efda647111f","name":"favorite-news","image":{"@type":"ImageObject","inLanguage":"fr-FR","@id":"https:\/\/secure.gravatar.com\/avatar\/f89959e01423a9ee3c2debbcf830eb021c575de0e1b3781ca3ae392b71c615a1?s=96&d=mm&r=g","url":"https:\/\/secure.gravatar.com\/avatar\/f89959e01423a9ee3c2debbcf830eb021c575de0e1b3781ca3ae392b71c615a1?s=96&d=mm&r=g","contentUrl":"https:\/\/secure.gravatar.com\/avatar\/f89959e01423a9ee3c2debbcf830eb021c575de0e1b3781ca3ae392b71c615a1?s=96&d=mm&r=g","caption":"favorite-news"},"url":"https:\/\/favorite-news.com\/fr\/author\/ruby\/"}]}},"_links":{"self":[{"href":"https:\/\/favorite-news.com\/fr\/wp-json\/wp\/v2\/posts\/1121","targetHints":{"allow":["GET"]}}],"collection":[{"href":"https:\/\/favorite-news.com\/fr\/wp-json\/wp\/v2\/posts"}],"about":[{"href":"https:\/\/favorite-news.com\/fr\/wp-json\/wp\/v2\/types\/post"}],"author":[{"embeddable":true,"href":"https:\/\/favorite-news.com\/fr\/wp-json\/wp\/v2\/users\/1"}],"replies":[{"embeddable":true,"href":"https:\/\/favorite-news.com\/fr\/wp-json\/wp\/v2\/comments?post=1121"}],"version-history":[{"count":1,"href":"https:\/\/favorite-news.com\/fr\/wp-json\/wp\/v2\/posts\/1121\/revisions"}],"predecessor-version":[{"id":1123,"href":"https:\/\/favorite-news.com\/fr\/wp-json\/wp\/v2\/posts\/1121\/revisions\/1123"}],"wp:featuredmedia":[{"embeddable":true,"href":"https:\/\/favorite-news.com\/fr\/wp-json\/wp\/v2\/media\/1122"}],"wp:attachment":[{"href":"https:\/\/favorite-news.com\/fr\/wp-json\/wp\/v2\/media?parent=1121"}],"wp:term":[{"taxonomy":"category","embeddable":true,"href":"https:\/\/favorite-news.com\/fr\/wp-json\/wp\/v2\/categories?post=1121"},{"taxonomy":"post_tag","embeddable":true,"href":"https:\/\/favorite-news.com\/fr\/wp-json\/wp\/v2\/tags?post=1121"}],"curies":[{"name":"wp","href":"https:\/\/api.w.org\/{rel}","templated":true}]}}