{"id":1115,"date":"2021-03-24T12:25:19","date_gmt":"2021-03-24T12:25:19","guid":{"rendered":"https:\/\/favorite-news.com\/fr\/les-occupants-de-lopera-evacues-un-sitting-sorganise-devant\/"},"modified":"2021-03-24T12:25:21","modified_gmt":"2021-03-24T12:25:21","slug":"les-occupants-de-lopera-evacues-un-sitting-sorganise-devant","status":"publish","type":"post","link":"https:\/\/favorite-news.com\/fr\/les-occupants-de-lopera-evacues-un-sitting-sorganise-devant\/","title":{"rendered":"Les occupants de l&rsquo;op\u00e9ra \u00e9vacu\u00e9s, un sitting s&rsquo;organise devant"},"content":{"rendered":"<p>                Les occupants du Grand Th\u00e9\u00e2tre ont organis\u00e9 mercredi midi un sitting devant le Grand Th\u00e9\u00e2tre.  \u2014 E.Provenzano \/ 20 Minutes<br \/>\n            Ce mercredi en fin de matin\u00e9e, les forces de l\u2019ordre ont \u00e9vacu\u00e9\u00a0le Grand Th\u00e9\u00e2tre, occup\u00e9 depuis le 15 mars.\u00a0Quelques tensions ont eu lieu lors de l\u2019\u00e9vacuation, alors que d\u2019autres personnes ont tent\u00e9 de p\u00e9n\u00e9trer \u00e0 l\u2019int\u00e9rieur. Les forces de l\u2019ordre ont \u00e9t\u00e9 mobilis\u00e9es sur place, apr\u00e8s le\u00a0d\u00e9p\u00f4t d\u2019une requ\u00eate aupr\u00e8s du tribunal administratif par la pr\u00e9sidence de &#13;<br \/>\nl\u2019op\u00e9ra. Les personnes \u00e9vacu\u00e9es ont organis\u00e9 un sitting sur les rails du tram, devant le Grand Th\u00e9\u00e2tre, entra\u00eenant une interruption du trafic du &#13;<br \/>\ntramway.\u00a0<\/p>\n<p>La situation a chang\u00e9<\/p>\n<p>Le 15 mars, un collectif d\u2019intermittents et de pr\u00e9caires de la Gironde, soutenu par des syndicats, avait investi les lieux pour demander la r\u00e9ouverture des lieux culturels, dans le cadre de revendications nationales. Des actions similaires ont \u00e9t\u00e9 men\u00e9es dans 70 salles de spectacle en France. \u00ab\u00a0La direction de l\u2019op\u00e9ra et la ville de Bordeaux avaient pos\u00e9 leurs conditions pour garantir la s\u00e9curit\u00e9 des personnes et des lieux, rappelle la ville dans un\u00a0communiqu\u00e9. Elles exercent une vigilance constante sur la s\u00e9curit\u00e9 du personnel et la pr\u00e9servation du patrimoine exceptionnel que constitue l\u2019op\u00e9ra.\u00a0\u00bb<\/p>\n<p>Jeudi soir, de nouveaux occupants ont investi les lieux, provoquant le d\u00e9part du collectif et des syndicats. \u00ab\u00a0La grande majorit\u00e9 des acteurs culturels ne se reconna\u00eet plus dans cette occupation du Grand Th\u00e9\u00e2tre qui met en risque ce joyau du patrimoine\u00a0\u00bb, estime la ville dans son communiqu\u00e9. La mairie rel\u00e8ve que \u00ab\u00a0les conditions sanitaires et de s\u00e9curit\u00e9 initiales\u00a0\u00bb ne peuvent plus \u00eatre assur\u00e9es et que la circulation n\u2019est \u00ab\u00a0absolument plus ma\u00eetris\u00e9e.\u00a0\u00bb Raisons pour lesquelles elle organise donc le d\u00e9part des occupants, sans d\u00e9lai, ce mercredi.<\/p>\n<p>\n<!--noindex--><br \/>\n<a href=\"https:\/\/www.20minutes.fr\/bordeaux\/3005879-20210324-bordeaux-mairie-organise-evacuation-calme-opera#xtor=RSS-149\" rel=\"nofollow\">Source link <\/a><br \/>\n<!--\/noindex--><\/p>\n","protected":false},"excerpt":{"rendered":"<p>Les occupants du Grand Th\u00e9\u00e2tre ont organis\u00e9 mercredi midi un sitting devant le Grand Th\u00e9\u00e2tre. \u2014 E.Provenzano \/ 20 Minutes Ce mercredi en fin de matin\u00e9e, les forces de l\u2019ordre ont \u00e9vacu\u00e9\u00a0le Grand Th\u00e9\u00e2tre, occup\u00e9 depuis le 15 mars.\u00a0Quelques tensions ont eu lieu lors de l\u2019\u00e9vacuation, alors que d\u2019autres personnes ont tent\u00e9 de p\u00e9n\u00e9trer \u00e0 [&hellip;]<\/p>\n","protected":false},"author":1,"featured_media":1116,"comment_status":"open","ping_status":"open","sticky":false,"template":"","format":"standard","meta":{"footnotes":""},"categories":[1],"tags":[],"class_list":["post-1115","post","type-post","status-publish","format-standard","has-post-thumbnail","hentry","category-nouvelles"],"yoast_head":"<!-- This site is optimized with the Yoast SEO plugin v27.4 - https:\/\/yoast.com\/product\/yoast-seo-wordpress\/ -->\n<title>Les occupants de l&#039;op\u00e9ra \u00e9vacu\u00e9s, un sitting s&#039;organise devant - Favorite News<\/title>\n<meta name=\"robots\" content=\"index, follow, max-snippet:-1, max-image-preview:large, max-video-preview:-1\" \/>\n<link rel=\"canonical\" href=\"https:\/\/favorite-news.com\/fr\/les-occupants-de-lopera-evacues-un-sitting-sorganise-devant\/\" \/>\n<meta property=\"og:locale\" content=\"fr_FR\" \/>\n<meta property=\"og:type\" content=\"article\" \/>\n<meta property=\"og:title\" content=\"Les occupants de l&#039;op\u00e9ra \u00e9vacu\u00e9s, un sitting s&#039;organise devant - Favorite News\" \/>\n<meta property=\"og:description\" content=\"Les occupants du Grand Th\u00e9\u00e2tre ont organis\u00e9 mercredi midi un sitting devant le Grand Th\u00e9\u00e2tre. \u2014 E.Provenzano \/ 20 Minutes Ce mercredi en fin de matin\u00e9e, les forces de l\u2019ordre ont \u00e9vacu\u00e9\u00a0le Grand Th\u00e9\u00e2tre, occup\u00e9 depuis le 15 mars.\u00a0Quelques tensions ont eu lieu lors de l\u2019\u00e9vacuation, alors que d\u2019autres personnes ont tent\u00e9 de p\u00e9n\u00e9trer \u00e0 [&hellip;]\" \/>\n<meta property=\"og:url\" content=\"https:\/\/favorite-news.com\/fr\/les-occupants-de-lopera-evacues-un-sitting-sorganise-devant\/\" \/>\n<meta property=\"og:site_name\" content=\"Favorite News\" \/>\n<meta property=\"article:published_time\" content=\"2021-03-24T12:25:19+00:00\" \/>\n<meta property=\"article:modified_time\" content=\"2021-03-24T12:25:21+00:00\" \/>\n<meta property=\"og:image\" content=\"https:\/\/favorite-news.com\/fr\/wp-content\/uploads\/sites\/12\/2021\/03\/Les-occupants-de-lopera-evacues-un-sitting-sorganise-devant.jpg\" \/>\n\t<meta property=\"og:image:width\" content=\"648\" \/>\n\t<meta property=\"og:image:height\" content=\"360\" \/>\n\t<meta property=\"og:image:type\" content=\"image\/jpeg\" \/>\n<meta name=\"author\" content=\"favorite-news\" \/>\n<meta name=\"twitter:card\" content=\"summary_large_image\" \/>\n<meta name=\"twitter:label1\" content=\"\u00c9crit par\" \/>\n\t<meta name=\"twitter:data1\" content=\"favorite-news\" \/>\n\t<meta name=\"twitter:label2\" content=\"Dur\u00e9e de lecture estim\u00e9e\" \/>\n\t<meta name=\"twitter:data2\" content=\"2 minutes\" \/>\n<script type=\"application\/ld+json\" class=\"yoast-schema-graph\">{\"@context\":\"https:\\\/\\\/schema.org\",\"@graph\":[{\"@type\":\"Article\",\"@id\":\"https:\\\/\\\/favorite-news.com\\\/fr\\\/les-occupants-de-lopera-evacues-un-sitting-sorganise-devant\\\/#article\",\"isPartOf\":{\"@id\":\"https:\\\/\\\/favorite-news.com\\\/fr\\\/les-occupants-de-lopera-evacues-un-sitting-sorganise-devant\\\/\"},\"author\":{\"name\":\"favorite-news\",\"@id\":\"https:\\\/\\\/favorite-news.com\\\/fr\\\/#\\\/schema\\\/person\\\/b66c4cfdd10a5bf16d7d5efda647111f\"},\"headline\":\"Les occupants de l&rsquo;op\u00e9ra \u00e9vacu\u00e9s, un sitting s&rsquo;organise devant\",\"datePublished\":\"2021-03-24T12:25:19+00:00\",\"dateModified\":\"2021-03-24T12:25:21+00:00\",\"mainEntityOfPage\":{\"@id\":\"https:\\\/\\\/favorite-news.com\\\/fr\\\/les-occupants-de-lopera-evacues-un-sitting-sorganise-devant\\\/\"},\"wordCount\":342,\"commentCount\":0,\"image\":{\"@id\":\"https:\\\/\\\/favorite-news.com\\\/fr\\\/les-occupants-de-lopera-evacues-un-sitting-sorganise-devant\\\/#primaryimage\"},\"thumbnailUrl\":\"https:\\\/\\\/favorite-news.com\\\/fr\\\/wp-content\\\/uploads\\\/sites\\\/12\\\/2021\\\/03\\\/Les-occupants-de-lopera-evacues-un-sitting-sorganise-devant.jpg\",\"articleSection\":[\"NOUVELLES\"],\"inLanguage\":\"fr-FR\",\"potentialAction\":[{\"@type\":\"CommentAction\",\"name\":\"Comment\",\"target\":[\"https:\\\/\\\/favorite-news.com\\\/fr\\\/les-occupants-de-lopera-evacues-un-sitting-sorganise-devant\\\/#respond\"]}]},{\"@type\":\"WebPage\",\"@id\":\"https:\\\/\\\/favorite-news.com\\\/fr\\\/les-occupants-de-lopera-evacues-un-sitting-sorganise-devant\\\/\",\"url\":\"https:\\\/\\\/favorite-news.com\\\/fr\\\/les-occupants-de-lopera-evacues-un-sitting-sorganise-devant\\\/\",\"name\":\"Les occupants de l'op\u00e9ra \u00e9vacu\u00e9s, un sitting s'organise devant - Favorite News\",\"isPartOf\":{\"@id\":\"https:\\\/\\\/favorite-news.com\\\/fr\\\/#website\"},\"primaryImageOfPage\":{\"@id\":\"https:\\\/\\\/favorite-news.com\\\/fr\\\/les-occupants-de-lopera-evacues-un-sitting-sorganise-devant\\\/#primaryimage\"},\"image\":{\"@id\":\"https:\\\/\\\/favorite-news.com\\\/fr\\\/les-occupants-de-lopera-evacues-un-sitting-sorganise-devant\\\/#primaryimage\"},\"thumbnailUrl\":\"https:\\\/\\\/favorite-news.com\\\/fr\\\/wp-content\\\/uploads\\\/sites\\\/12\\\/2021\\\/03\\\/Les-occupants-de-lopera-evacues-un-sitting-sorganise-devant.jpg\",\"datePublished\":\"2021-03-24T12:25:19+00:00\",\"dateModified\":\"2021-03-24T12:25:21+00:00\",\"author\":{\"@id\":\"https:\\\/\\\/favorite-news.com\\\/fr\\\/#\\\/schema\\\/person\\\/b66c4cfdd10a5bf16d7d5efda647111f\"},\"breadcrumb\":{\"@id\":\"https:\\\/\\\/favorite-news.com\\\/fr\\\/les-occupants-de-lopera-evacues-un-sitting-sorganise-devant\\\/#breadcrumb\"},\"inLanguage\":\"fr-FR\",\"potentialAction\":[{\"@type\":\"ReadAction\",\"target\":[\"https:\\\/\\\/favorite-news.com\\\/fr\\\/les-occupants-de-lopera-evacues-un-sitting-sorganise-devant\\\/\"]}]},{\"@type\":\"ImageObject\",\"inLanguage\":\"fr-FR\",\"@id\":\"https:\\\/\\\/favorite-news.com\\\/fr\\\/les-occupants-de-lopera-evacues-un-sitting-sorganise-devant\\\/#primaryimage\",\"url\":\"https:\\\/\\\/favorite-news.com\\\/fr\\\/wp-content\\\/uploads\\\/sites\\\/12\\\/2021\\\/03\\\/Les-occupants-de-lopera-evacues-un-sitting-sorganise-devant.jpg\",\"contentUrl\":\"https:\\\/\\\/favorite-news.com\\\/fr\\\/wp-content\\\/uploads\\\/sites\\\/12\\\/2021\\\/03\\\/Les-occupants-de-lopera-evacues-un-sitting-sorganise-devant.jpg\",\"width\":648,\"height\":360,\"caption\":\"Les occupants de l'op\u00e9ra \u00e9vacu\u00e9s, un sitting s'organise devant\"},{\"@type\":\"BreadcrumbList\",\"@id\":\"https:\\\/\\\/favorite-news.com\\\/fr\\\/les-occupants-de-lopera-evacues-un-sitting-sorganise-devant\\\/#breadcrumb\",\"itemListElement\":[{\"@type\":\"ListItem\",\"position\":1,\"name\":\"Home\",\"item\":\"https:\\\/\\\/favorite-news.com\\\/fr\\\/\"},{\"@type\":\"ListItem\",\"position\":2,\"name\":\"Les occupants de l&rsquo;op\u00e9ra \u00e9vacu\u00e9s, un sitting s&rsquo;organise devant\"}]},{\"@type\":\"WebSite\",\"@id\":\"https:\\\/\\\/favorite-news.com\\\/fr\\\/#website\",\"url\":\"https:\\\/\\\/favorite-news.com\\\/fr\\\/\",\"name\":\"Favorite News\",\"description\":\"Favorite News France\",\"potentialAction\":[{\"@type\":\"SearchAction\",\"target\":{\"@type\":\"EntryPoint\",\"urlTemplate\":\"https:\\\/\\\/favorite-news.com\\\/fr\\\/?s={search_term_string}\"},\"query-input\":{\"@type\":\"PropertyValueSpecification\",\"valueRequired\":true,\"valueName\":\"search_term_string\"}}],\"inLanguage\":\"fr-FR\"},{\"@type\":\"Person\",\"@id\":\"https:\\\/\\\/favorite-news.com\\\/fr\\\/#\\\/schema\\\/person\\\/b66c4cfdd10a5bf16d7d5efda647111f\",\"name\":\"favorite-news\",\"image\":{\"@type\":\"ImageObject\",\"inLanguage\":\"fr-FR\",\"@id\":\"https:\\\/\\\/secure.gravatar.com\\\/avatar\\\/f89959e01423a9ee3c2debbcf830eb021c575de0e1b3781ca3ae392b71c615a1?s=96&d=mm&r=g\",\"url\":\"https:\\\/\\\/secure.gravatar.com\\\/avatar\\\/f89959e01423a9ee3c2debbcf830eb021c575de0e1b3781ca3ae392b71c615a1?s=96&d=mm&r=g\",\"contentUrl\":\"https:\\\/\\\/secure.gravatar.com\\\/avatar\\\/f89959e01423a9ee3c2debbcf830eb021c575de0e1b3781ca3ae392b71c615a1?s=96&d=mm&r=g\",\"caption\":\"favorite-news\"},\"url\":\"https:\\\/\\\/favorite-news.com\\\/fr\\\/author\\\/ruby\\\/\"}]}<\/script>\n<!-- \/ Yoast SEO plugin. -->","yoast_head_json":{"title":"Les occupants de l'op\u00e9ra \u00e9vacu\u00e9s, un sitting s'organise devant - Favorite News","robots":{"index":"index","follow":"follow","max-snippet":"max-snippet:-1","max-image-preview":"max-image-preview:large","max-video-preview":"max-video-preview:-1"},"canonical":"https:\/\/favorite-news.com\/fr\/les-occupants-de-lopera-evacues-un-sitting-sorganise-devant\/","og_locale":"fr_FR","og_type":"article","og_title":"Les occupants de l'op\u00e9ra \u00e9vacu\u00e9s, un sitting s'organise devant - Favorite News","og_description":"Les occupants du Grand Th\u00e9\u00e2tre ont organis\u00e9 mercredi midi un sitting devant le Grand Th\u00e9\u00e2tre. \u2014 E.Provenzano \/ 20 Minutes Ce mercredi en fin de matin\u00e9e, les forces de l\u2019ordre ont \u00e9vacu\u00e9\u00a0le Grand Th\u00e9\u00e2tre, occup\u00e9 depuis le 15 mars.\u00a0Quelques tensions ont eu lieu lors de l\u2019\u00e9vacuation, alors que d\u2019autres personnes ont tent\u00e9 de p\u00e9n\u00e9trer \u00e0 [&hellip;]","og_url":"https:\/\/favorite-news.com\/fr\/les-occupants-de-lopera-evacues-un-sitting-sorganise-devant\/","og_site_name":"Favorite News","article_published_time":"2021-03-24T12:25:19+00:00","article_modified_time":"2021-03-24T12:25:21+00:00","og_image":[{"width":648,"height":360,"url":"https:\/\/favorite-news.com\/fr\/wp-content\/uploads\/sites\/12\/2021\/03\/Les-occupants-de-lopera-evacues-un-sitting-sorganise-devant.jpg","type":"image\/jpeg"}],"author":"favorite-news","twitter_card":"summary_large_image","twitter_misc":{"\u00c9crit par":"favorite-news","Dur\u00e9e de lecture estim\u00e9e":"2 minutes"},"schema":{"@context":"https:\/\/schema.org","@graph":[{"@type":"Article","@id":"https:\/\/favorite-news.com\/fr\/les-occupants-de-lopera-evacues-un-sitting-sorganise-devant\/#article","isPartOf":{"@id":"https:\/\/favorite-news.com\/fr\/les-occupants-de-lopera-evacues-un-sitting-sorganise-devant\/"},"author":{"name":"favorite-news","@id":"https:\/\/favorite-news.com\/fr\/#\/schema\/person\/b66c4cfdd10a5bf16d7d5efda647111f"},"headline":"Les occupants de l&rsquo;op\u00e9ra \u00e9vacu\u00e9s, un sitting s&rsquo;organise devant","datePublished":"2021-03-24T12:25:19+00:00","dateModified":"2021-03-24T12:25:21+00:00","mainEntityOfPage":{"@id":"https:\/\/favorite-news.com\/fr\/les-occupants-de-lopera-evacues-un-sitting-sorganise-devant\/"},"wordCount":342,"commentCount":0,"image":{"@id":"https:\/\/favorite-news.com\/fr\/les-occupants-de-lopera-evacues-un-sitting-sorganise-devant\/#primaryimage"},"thumbnailUrl":"https:\/\/favorite-news.com\/fr\/wp-content\/uploads\/sites\/12\/2021\/03\/Les-occupants-de-lopera-evacues-un-sitting-sorganise-devant.jpg","articleSection":["NOUVELLES"],"inLanguage":"fr-FR","potentialAction":[{"@type":"CommentAction","name":"Comment","target":["https:\/\/favorite-news.com\/fr\/les-occupants-de-lopera-evacues-un-sitting-sorganise-devant\/#respond"]}]},{"@type":"WebPage","@id":"https:\/\/favorite-news.com\/fr\/les-occupants-de-lopera-evacues-un-sitting-sorganise-devant\/","url":"https:\/\/favorite-news.com\/fr\/les-occupants-de-lopera-evacues-un-sitting-sorganise-devant\/","name":"Les occupants de l'op\u00e9ra \u00e9vacu\u00e9s, un sitting s'organise devant - Favorite News","isPartOf":{"@id":"https:\/\/favorite-news.com\/fr\/#website"},"primaryImageOfPage":{"@id":"https:\/\/favorite-news.com\/fr\/les-occupants-de-lopera-evacues-un-sitting-sorganise-devant\/#primaryimage"},"image":{"@id":"https:\/\/favorite-news.com\/fr\/les-occupants-de-lopera-evacues-un-sitting-sorganise-devant\/#primaryimage"},"thumbnailUrl":"https:\/\/favorite-news.com\/fr\/wp-content\/uploads\/sites\/12\/2021\/03\/Les-occupants-de-lopera-evacues-un-sitting-sorganise-devant.jpg","datePublished":"2021-03-24T12:25:19+00:00","dateModified":"2021-03-24T12:25:21+00:00","author":{"@id":"https:\/\/favorite-news.com\/fr\/#\/schema\/person\/b66c4cfdd10a5bf16d7d5efda647111f"},"breadcrumb":{"@id":"https:\/\/favorite-news.com\/fr\/les-occupants-de-lopera-evacues-un-sitting-sorganise-devant\/#breadcrumb"},"inLanguage":"fr-FR","potentialAction":[{"@type":"ReadAction","target":["https:\/\/favorite-news.com\/fr\/les-occupants-de-lopera-evacues-un-sitting-sorganise-devant\/"]}]},{"@type":"ImageObject","inLanguage":"fr-FR","@id":"https:\/\/favorite-news.com\/fr\/les-occupants-de-lopera-evacues-un-sitting-sorganise-devant\/#primaryimage","url":"https:\/\/favorite-news.com\/fr\/wp-content\/uploads\/sites\/12\/2021\/03\/Les-occupants-de-lopera-evacues-un-sitting-sorganise-devant.jpg","contentUrl":"https:\/\/favorite-news.com\/fr\/wp-content\/uploads\/sites\/12\/2021\/03\/Les-occupants-de-lopera-evacues-un-sitting-sorganise-devant.jpg","width":648,"height":360,"caption":"Les occupants de l'op\u00e9ra \u00e9vacu\u00e9s, un sitting s'organise devant"},{"@type":"BreadcrumbList","@id":"https:\/\/favorite-news.com\/fr\/les-occupants-de-lopera-evacues-un-sitting-sorganise-devant\/#breadcrumb","itemListElement":[{"@type":"ListItem","position":1,"name":"Home","item":"https:\/\/favorite-news.com\/fr\/"},{"@type":"ListItem","position":2,"name":"Les occupants de l&rsquo;op\u00e9ra \u00e9vacu\u00e9s, un sitting s&rsquo;organise devant"}]},{"@type":"WebSite","@id":"https:\/\/favorite-news.com\/fr\/#website","url":"https:\/\/favorite-news.com\/fr\/","name":"Favorite News","description":"Favorite News France","potentialAction":[{"@type":"SearchAction","target":{"@type":"EntryPoint","urlTemplate":"https:\/\/favorite-news.com\/fr\/?s={search_term_string}"},"query-input":{"@type":"PropertyValueSpecification","valueRequired":true,"valueName":"search_term_string"}}],"inLanguage":"fr-FR"},{"@type":"Person","@id":"https:\/\/favorite-news.com\/fr\/#\/schema\/person\/b66c4cfdd10a5bf16d7d5efda647111f","name":"favorite-news","image":{"@type":"ImageObject","inLanguage":"fr-FR","@id":"https:\/\/secure.gravatar.com\/avatar\/f89959e01423a9ee3c2debbcf830eb021c575de0e1b3781ca3ae392b71c615a1?s=96&d=mm&r=g","url":"https:\/\/secure.gravatar.com\/avatar\/f89959e01423a9ee3c2debbcf830eb021c575de0e1b3781ca3ae392b71c615a1?s=96&d=mm&r=g","contentUrl":"https:\/\/secure.gravatar.com\/avatar\/f89959e01423a9ee3c2debbcf830eb021c575de0e1b3781ca3ae392b71c615a1?s=96&d=mm&r=g","caption":"favorite-news"},"url":"https:\/\/favorite-news.com\/fr\/author\/ruby\/"}]}},"_links":{"self":[{"href":"https:\/\/favorite-news.com\/fr\/wp-json\/wp\/v2\/posts\/1115","targetHints":{"allow":["GET"]}}],"collection":[{"href":"https:\/\/favorite-news.com\/fr\/wp-json\/wp\/v2\/posts"}],"about":[{"href":"https:\/\/favorite-news.com\/fr\/wp-json\/wp\/v2\/types\/post"}],"author":[{"embeddable":true,"href":"https:\/\/favorite-news.com\/fr\/wp-json\/wp\/v2\/users\/1"}],"replies":[{"embeddable":true,"href":"https:\/\/favorite-news.com\/fr\/wp-json\/wp\/v2\/comments?post=1115"}],"version-history":[{"count":1,"href":"https:\/\/favorite-news.com\/fr\/wp-json\/wp\/v2\/posts\/1115\/revisions"}],"predecessor-version":[{"id":1117,"href":"https:\/\/favorite-news.com\/fr\/wp-json\/wp\/v2\/posts\/1115\/revisions\/1117"}],"wp:featuredmedia":[{"embeddable":true,"href":"https:\/\/favorite-news.com\/fr\/wp-json\/wp\/v2\/media\/1116"}],"wp:attachment":[{"href":"https:\/\/favorite-news.com\/fr\/wp-json\/wp\/v2\/media?parent=1115"}],"wp:term":[{"taxonomy":"category","embeddable":true,"href":"https:\/\/favorite-news.com\/fr\/wp-json\/wp\/v2\/categories?post=1115"},{"taxonomy":"post_tag","embeddable":true,"href":"https:\/\/favorite-news.com\/fr\/wp-json\/wp\/v2\/tags?post=1115"}],"curies":[{"name":"wp","href":"https:\/\/api.w.org\/{rel}","templated":true}]}}