{"id":1109,"date":"2021-03-23T12:12:10","date_gmt":"2021-03-23T12:12:10","guid":{"rendered":"https:\/\/favorite-news.com\/fr\/une-enquete-ouverte-apres-la-mort-dun-etudiant-vaccine-avec-astrazeneca-debut-mars\/"},"modified":"2021-03-23T12:12:16","modified_gmt":"2021-03-23T12:12:16","slug":"une-enquete-ouverte-apres-la-mort-dun-etudiant-vaccine-avec-astrazeneca-debut-mars","status":"publish","type":"post","link":"https:\/\/favorite-news.com\/fr\/une-enquete-ouverte-apres-la-mort-dun-etudiant-vaccine-avec-astrazeneca-debut-mars\/","title":{"rendered":"Une enqu\u00eate ouverte apr\u00e8s la mort d\u2019un \u00e9tudiant, vaccin\u00e9 avec AstraZeneca d\u00e9but mars"},"content":{"rendered":"<p>                Des fioles du vaccin AstraZeneca.  \u2014 CHRISTOF STACHE \/ AFP<br \/>\n            L\u2019\u00e9tudiant en m\u00e9decine nantais a \u00e9t\u00e9 retrouv\u00e9 mort le 18\u00a0mars dans son appartement de Nantes alors qu\u2019il avait \u00e9t\u00e9 vaccin\u00e9 avec AstraZeneca en d\u00e9but de mois.&#13;<br \/>\n\tLes r\u00e9sultats de l\u2019autopsie ont conclu que\u00a0le jeune homme \u00e9tait d\u00e9c\u00e9d\u00e9 apr\u00e8s une \u00ab\u00a0h\u00e9morragie interne due \u00e0 une thrombose\u00a0\u00bb.&#13;<br \/>\n\tRien ne permet n\u00e9anmoins de faire le lien entre le d\u00e9c\u00e8s et la vaccination, selon l\u2019Agence nationale de la s\u00e9curit\u00e9 du m\u00e9dicament.&#13;<\/p>\n<p>Un \u00e9tudiant en m\u00e9decine a \u00e9t\u00e9 retrouv\u00e9 mort, jeudi dernier, \u00e0 Nantes en Loire-Atlantique. Ag\u00e9 de 24 ans, il\u00a0avait \u00e9t\u00e9\u00a0vaccin\u00e9 avec &#13;<br \/>\nAstraZeneca le 8\u00a0mars, d\u2019apr\u00e8s un document retrouv\u00e9 par les policiers dans son appartement. Apr\u00e8s enqu\u00eate, Pierre Senn\u00e8s, le procureur de la R\u00e9publique de Nantes a confirm\u00e9, ce mardi midi, cette information.<\/p>\n<p>Sa famille avait donn\u00e9 l\u2019alerte car elle \u00e9tait sous aucune nouvelle de l\u2019\u00e9tudiant interne au CHU, originaire de La Turballe (Loire-Atlantique). Les pompiers ont retrouv\u00e9 son corps dans l\u2019appartement, verrouill\u00e9 de l\u2019int\u00e9rieur, que l\u2019\u00e9tudiant en sixi\u00e8me ann\u00e9e de m\u00e9decine occupait seul. Le procureur de la R\u00e9publique\u00a0de Nantes a donc ouvert \u00abune enqu\u00eate en recherche des causes de la mort sur le fondement de l\u2019article\u00a074 du Code de proc\u00e9dure p\u00e9nale\u00bb. Les r\u00e9sultats de l\u2019autopsie ont conclu que\u00a0le jeune homme \u00e9tait d\u00e9c\u00e9d\u00e9 apr\u00e8s une \u00ab\u00a0h\u00e9morragie interne due \u00e0 une thrombose\u00a0\u00bb, rapporte la presse locale. Le procureur de la R\u00e9publique est plus prudent ce mardi midi\u00a0:\u00a0\u00ab\u00a0Afin de pr\u00e9ciser les causes et les circonstances de la mort, il est apparu n\u00e9cessaire de proc\u00e9der \u00e0 des analyses compl\u00e9mentaires. En l\u2019\u00e9tat, il convient d\u2019attendre les conclusions de ces expertises pour d\u00e9terminer avec certitude les causes du d\u00e9c\u00e8s.\u00a0\u00bb<\/p>\n<p>Il n\u2019avait \u00ab\u00a0aucun ant\u00e9c\u00e9dent m\u00e9dical\u00a0\u00bb<\/p>\n<p>Selon\u00a0Ouest-France\u00a0toujours, selon le fr\u00e8re de la victime, le jeune homme \u00ab\u00a0souffrait du ventre mais ne se plaignait pas, ce n\u2019\u00e9tait pas son genre. Il avait quand m\u00eame d\u00e9cid\u00e9 d\u2019aller consulter son m\u00e9decin le jeudi apr\u00e8s-midi. Il n\u2019en a pas eu le temps. Il a \u00e9t\u00e9 retrouv\u00e9 t\u00f4t dans la nuit de mercredi \u00e0 jeudi.\u00a0\u00bb<\/p>\n<p>La famille \u00ab\u00a0se pose des questions autour du vaccin\u00a0\u00bb assure toujours le fr\u00e8re. Et pour cause\u00a0:\u00a0l\u2019\u00e9tudiant n\u2019avait \u00ab\u00a0aucun ant\u00e9c\u00e9dent m\u00e9dical, aucune maladie, rien. Il \u00e9tait en parfaite sant\u00e9.\u00a0\u00bb L\u2019Agence nationale de la s\u00e9curit\u00e9 du m\u00e9dicament a lanc\u00e9 une enqu\u00eate\u00a0:\u00a0\u00ab\u00a0A ce stade, rien ne permet de faire le lien entre le d\u00e9c\u00e8s et la vaccination. Ce cas de d\u00e9c\u00e8s fait l\u2019objet d\u2019une investigation clinique approfondie par les centres r\u00e9gionaux de pharmacovigilance.\u00a0\u00bb<\/p>\n<p>Suspendu temporairement\u00a0dans de nombreux pays comme la France en raison de possibles effets secondaires n\u00e9fastes, comme des thromboses, AstraZeneca a finalement \u00e9t\u00e9 jug\u00e9 \u00ab\u00a0s\u00fbr et efficace\u00a0\u00bb par l\u2019Agence europ\u00e9enne du m\u00e9dicament.<\/p>\n<p>            Une faute\u00a0?<\/p>\n<p>                8,9K<\/p>\n<p>            partages<\/p>\n<p>\n<!--noindex--><br \/>\n<a href=\"https:\/\/www.20minutes.fr\/nantes\/3004899-20210323-coronavirus-etudiant-nantais-meurt-thrombose-apres-vaccin-astrazeneca#xtor=RSS-149\" rel=\"nofollow\">Source link <\/a><br \/>\n<!--\/noindex--><\/p>\n","protected":false},"excerpt":{"rendered":"<p>Des fioles du vaccin AstraZeneca. \u2014 CHRISTOF STACHE \/ AFP L\u2019\u00e9tudiant en m\u00e9decine nantais a \u00e9t\u00e9 retrouv\u00e9 mort le 18\u00a0mars dans son appartement de Nantes alors qu\u2019il avait \u00e9t\u00e9 vaccin\u00e9 avec AstraZeneca en d\u00e9but de mois.&#13; Les r\u00e9sultats de l\u2019autopsie ont conclu que\u00a0le jeune homme \u00e9tait d\u00e9c\u00e9d\u00e9 apr\u00e8s une \u00ab\u00a0h\u00e9morragie interne due \u00e0 une thrombose\u00a0\u00bb.&#13; [&hellip;]<\/p>\n","protected":false},"author":1,"featured_media":1110,"comment_status":"open","ping_status":"open","sticky":false,"template":"","format":"standard","meta":{"footnotes":""},"categories":[1],"tags":[],"class_list":["post-1109","post","type-post","status-publish","format-standard","has-post-thumbnail","hentry","category-nouvelles"],"yoast_head":"<!-- This site is optimized with the Yoast SEO plugin v27.4 - https:\/\/yoast.com\/product\/yoast-seo-wordpress\/ -->\n<title>Une enqu\u00eate ouverte apr\u00e8s la mort d\u2019un \u00e9tudiant, vaccin\u00e9 avec AstraZeneca d\u00e9but mars - Favorite News<\/title>\n<meta name=\"robots\" content=\"index, follow, max-snippet:-1, max-image-preview:large, max-video-preview:-1\" \/>\n<link rel=\"canonical\" href=\"https:\/\/favorite-news.com\/fr\/une-enquete-ouverte-apres-la-mort-dun-etudiant-vaccine-avec-astrazeneca-debut-mars\/\" \/>\n<meta property=\"og:locale\" content=\"fr_FR\" \/>\n<meta property=\"og:type\" content=\"article\" \/>\n<meta property=\"og:title\" content=\"Une enqu\u00eate ouverte apr\u00e8s la mort d\u2019un \u00e9tudiant, vaccin\u00e9 avec AstraZeneca d\u00e9but mars - Favorite News\" \/>\n<meta property=\"og:description\" content=\"Des fioles du vaccin AstraZeneca. \u2014 CHRISTOF STACHE \/ AFP L\u2019\u00e9tudiant en m\u00e9decine nantais a \u00e9t\u00e9 retrouv\u00e9 mort le 18\u00a0mars dans son appartement de Nantes alors qu\u2019il avait \u00e9t\u00e9 vaccin\u00e9 avec AstraZeneca en d\u00e9but de mois.&#013; Les r\u00e9sultats de l\u2019autopsie ont conclu que\u00a0le jeune homme \u00e9tait d\u00e9c\u00e9d\u00e9 apr\u00e8s une \u00ab\u00a0h\u00e9morragie interne due \u00e0 une thrombose\u00a0\u00bb.&#013; [&hellip;]\" \/>\n<meta property=\"og:url\" content=\"https:\/\/favorite-news.com\/fr\/une-enquete-ouverte-apres-la-mort-dun-etudiant-vaccine-avec-astrazeneca-debut-mars\/\" \/>\n<meta property=\"og:site_name\" content=\"Favorite News\" \/>\n<meta property=\"article:published_time\" content=\"2021-03-23T12:12:10+00:00\" \/>\n<meta property=\"article:modified_time\" content=\"2021-03-23T12:12:16+00:00\" \/>\n<meta property=\"og:image\" content=\"https:\/\/favorite-news.com\/fr\/wp-content\/uploads\/sites\/12\/2021\/03\/Une-enquete-ouverte-apres-la-mort-dun-etudiant-vaccine-avec.jpg\" \/>\n\t<meta property=\"og:image:width\" content=\"648\" \/>\n\t<meta property=\"og:image:height\" content=\"360\" \/>\n\t<meta property=\"og:image:type\" content=\"image\/jpeg\" \/>\n<meta name=\"author\" content=\"favorite-news\" \/>\n<meta name=\"twitter:card\" content=\"summary_large_image\" \/>\n<meta name=\"twitter:label1\" content=\"\u00c9crit par\" \/>\n\t<meta name=\"twitter:data1\" content=\"favorite-news\" \/>\n\t<meta name=\"twitter:label2\" content=\"Dur\u00e9e de lecture estim\u00e9e\" \/>\n\t<meta name=\"twitter:data2\" content=\"3 minutes\" \/>\n<script type=\"application\/ld+json\" class=\"yoast-schema-graph\">{\"@context\":\"https:\\\/\\\/schema.org\",\"@graph\":[{\"@type\":\"Article\",\"@id\":\"https:\\\/\\\/favorite-news.com\\\/fr\\\/une-enquete-ouverte-apres-la-mort-dun-etudiant-vaccine-avec-astrazeneca-debut-mars\\\/#article\",\"isPartOf\":{\"@id\":\"https:\\\/\\\/favorite-news.com\\\/fr\\\/une-enquete-ouverte-apres-la-mort-dun-etudiant-vaccine-avec-astrazeneca-debut-mars\\\/\"},\"author\":{\"name\":\"favorite-news\",\"@id\":\"https:\\\/\\\/favorite-news.com\\\/fr\\\/#\\\/schema\\\/person\\\/b66c4cfdd10a5bf16d7d5efda647111f\"},\"headline\":\"Une enqu\u00eate ouverte apr\u00e8s la mort d\u2019un \u00e9tudiant, vaccin\u00e9 avec AstraZeneca d\u00e9but mars\",\"datePublished\":\"2021-03-23T12:12:10+00:00\",\"dateModified\":\"2021-03-23T12:12:16+00:00\",\"mainEntityOfPage\":{\"@id\":\"https:\\\/\\\/favorite-news.com\\\/fr\\\/une-enquete-ouverte-apres-la-mort-dun-etudiant-vaccine-avec-astrazeneca-debut-mars\\\/\"},\"wordCount\":544,\"commentCount\":0,\"image\":{\"@id\":\"https:\\\/\\\/favorite-news.com\\\/fr\\\/une-enquete-ouverte-apres-la-mort-dun-etudiant-vaccine-avec-astrazeneca-debut-mars\\\/#primaryimage\"},\"thumbnailUrl\":\"https:\\\/\\\/favorite-news.com\\\/fr\\\/wp-content\\\/uploads\\\/sites\\\/12\\\/2021\\\/03\\\/Une-enquete-ouverte-apres-la-mort-dun-etudiant-vaccine-avec.jpg\",\"articleSection\":[\"NOUVELLES\"],\"inLanguage\":\"fr-FR\",\"potentialAction\":[{\"@type\":\"CommentAction\",\"name\":\"Comment\",\"target\":[\"https:\\\/\\\/favorite-news.com\\\/fr\\\/une-enquete-ouverte-apres-la-mort-dun-etudiant-vaccine-avec-astrazeneca-debut-mars\\\/#respond\"]}]},{\"@type\":\"WebPage\",\"@id\":\"https:\\\/\\\/favorite-news.com\\\/fr\\\/une-enquete-ouverte-apres-la-mort-dun-etudiant-vaccine-avec-astrazeneca-debut-mars\\\/\",\"url\":\"https:\\\/\\\/favorite-news.com\\\/fr\\\/une-enquete-ouverte-apres-la-mort-dun-etudiant-vaccine-avec-astrazeneca-debut-mars\\\/\",\"name\":\"Une enqu\u00eate ouverte apr\u00e8s la mort d\u2019un \u00e9tudiant, vaccin\u00e9 avec AstraZeneca d\u00e9but mars - Favorite News\",\"isPartOf\":{\"@id\":\"https:\\\/\\\/favorite-news.com\\\/fr\\\/#website\"},\"primaryImageOfPage\":{\"@id\":\"https:\\\/\\\/favorite-news.com\\\/fr\\\/une-enquete-ouverte-apres-la-mort-dun-etudiant-vaccine-avec-astrazeneca-debut-mars\\\/#primaryimage\"},\"image\":{\"@id\":\"https:\\\/\\\/favorite-news.com\\\/fr\\\/une-enquete-ouverte-apres-la-mort-dun-etudiant-vaccine-avec-astrazeneca-debut-mars\\\/#primaryimage\"},\"thumbnailUrl\":\"https:\\\/\\\/favorite-news.com\\\/fr\\\/wp-content\\\/uploads\\\/sites\\\/12\\\/2021\\\/03\\\/Une-enquete-ouverte-apres-la-mort-dun-etudiant-vaccine-avec.jpg\",\"datePublished\":\"2021-03-23T12:12:10+00:00\",\"dateModified\":\"2021-03-23T12:12:16+00:00\",\"author\":{\"@id\":\"https:\\\/\\\/favorite-news.com\\\/fr\\\/#\\\/schema\\\/person\\\/b66c4cfdd10a5bf16d7d5efda647111f\"},\"breadcrumb\":{\"@id\":\"https:\\\/\\\/favorite-news.com\\\/fr\\\/une-enquete-ouverte-apres-la-mort-dun-etudiant-vaccine-avec-astrazeneca-debut-mars\\\/#breadcrumb\"},\"inLanguage\":\"fr-FR\",\"potentialAction\":[{\"@type\":\"ReadAction\",\"target\":[\"https:\\\/\\\/favorite-news.com\\\/fr\\\/une-enquete-ouverte-apres-la-mort-dun-etudiant-vaccine-avec-astrazeneca-debut-mars\\\/\"]}]},{\"@type\":\"ImageObject\",\"inLanguage\":\"fr-FR\",\"@id\":\"https:\\\/\\\/favorite-news.com\\\/fr\\\/une-enquete-ouverte-apres-la-mort-dun-etudiant-vaccine-avec-astrazeneca-debut-mars\\\/#primaryimage\",\"url\":\"https:\\\/\\\/favorite-news.com\\\/fr\\\/wp-content\\\/uploads\\\/sites\\\/12\\\/2021\\\/03\\\/Une-enquete-ouverte-apres-la-mort-dun-etudiant-vaccine-avec.jpg\",\"contentUrl\":\"https:\\\/\\\/favorite-news.com\\\/fr\\\/wp-content\\\/uploads\\\/sites\\\/12\\\/2021\\\/03\\\/Une-enquete-ouverte-apres-la-mort-dun-etudiant-vaccine-avec.jpg\",\"width\":648,\"height\":360,\"caption\":\"Une enqu\u00eate ouverte apr\u00e8s la mort d\u2019un \u00e9tudiant, vaccin\u00e9 avec AstraZeneca d\u00e9but mars\"},{\"@type\":\"BreadcrumbList\",\"@id\":\"https:\\\/\\\/favorite-news.com\\\/fr\\\/une-enquete-ouverte-apres-la-mort-dun-etudiant-vaccine-avec-astrazeneca-debut-mars\\\/#breadcrumb\",\"itemListElement\":[{\"@type\":\"ListItem\",\"position\":1,\"name\":\"Home\",\"item\":\"https:\\\/\\\/favorite-news.com\\\/fr\\\/\"},{\"@type\":\"ListItem\",\"position\":2,\"name\":\"Une enqu\u00eate ouverte apr\u00e8s la mort d\u2019un \u00e9tudiant, vaccin\u00e9 avec AstraZeneca d\u00e9but mars\"}]},{\"@type\":\"WebSite\",\"@id\":\"https:\\\/\\\/favorite-news.com\\\/fr\\\/#website\",\"url\":\"https:\\\/\\\/favorite-news.com\\\/fr\\\/\",\"name\":\"Favorite News\",\"description\":\"Favorite News France\",\"potentialAction\":[{\"@type\":\"SearchAction\",\"target\":{\"@type\":\"EntryPoint\",\"urlTemplate\":\"https:\\\/\\\/favorite-news.com\\\/fr\\\/?s={search_term_string}\"},\"query-input\":{\"@type\":\"PropertyValueSpecification\",\"valueRequired\":true,\"valueName\":\"search_term_string\"}}],\"inLanguage\":\"fr-FR\"},{\"@type\":\"Person\",\"@id\":\"https:\\\/\\\/favorite-news.com\\\/fr\\\/#\\\/schema\\\/person\\\/b66c4cfdd10a5bf16d7d5efda647111f\",\"name\":\"favorite-news\",\"image\":{\"@type\":\"ImageObject\",\"inLanguage\":\"fr-FR\",\"@id\":\"https:\\\/\\\/secure.gravatar.com\\\/avatar\\\/f89959e01423a9ee3c2debbcf830eb021c575de0e1b3781ca3ae392b71c615a1?s=96&d=mm&r=g\",\"url\":\"https:\\\/\\\/secure.gravatar.com\\\/avatar\\\/f89959e01423a9ee3c2debbcf830eb021c575de0e1b3781ca3ae392b71c615a1?s=96&d=mm&r=g\",\"contentUrl\":\"https:\\\/\\\/secure.gravatar.com\\\/avatar\\\/f89959e01423a9ee3c2debbcf830eb021c575de0e1b3781ca3ae392b71c615a1?s=96&d=mm&r=g\",\"caption\":\"favorite-news\"},\"url\":\"https:\\\/\\\/favorite-news.com\\\/fr\\\/author\\\/ruby\\\/\"}]}<\/script>\n<!-- \/ Yoast SEO plugin. -->","yoast_head_json":{"title":"Une enqu\u00eate ouverte apr\u00e8s la mort d\u2019un \u00e9tudiant, vaccin\u00e9 avec AstraZeneca d\u00e9but mars - Favorite News","robots":{"index":"index","follow":"follow","max-snippet":"max-snippet:-1","max-image-preview":"max-image-preview:large","max-video-preview":"max-video-preview:-1"},"canonical":"https:\/\/favorite-news.com\/fr\/une-enquete-ouverte-apres-la-mort-dun-etudiant-vaccine-avec-astrazeneca-debut-mars\/","og_locale":"fr_FR","og_type":"article","og_title":"Une enqu\u00eate ouverte apr\u00e8s la mort d\u2019un \u00e9tudiant, vaccin\u00e9 avec AstraZeneca d\u00e9but mars - Favorite News","og_description":"Des fioles du vaccin AstraZeneca. \u2014 CHRISTOF STACHE \/ AFP L\u2019\u00e9tudiant en m\u00e9decine nantais a \u00e9t\u00e9 retrouv\u00e9 mort le 18\u00a0mars dans son appartement de Nantes alors qu\u2019il avait \u00e9t\u00e9 vaccin\u00e9 avec AstraZeneca en d\u00e9but de mois.&#13; Les r\u00e9sultats de l\u2019autopsie ont conclu que\u00a0le jeune homme \u00e9tait d\u00e9c\u00e9d\u00e9 apr\u00e8s une \u00ab\u00a0h\u00e9morragie interne due \u00e0 une thrombose\u00a0\u00bb.&#13; [&hellip;]","og_url":"https:\/\/favorite-news.com\/fr\/une-enquete-ouverte-apres-la-mort-dun-etudiant-vaccine-avec-astrazeneca-debut-mars\/","og_site_name":"Favorite News","article_published_time":"2021-03-23T12:12:10+00:00","article_modified_time":"2021-03-23T12:12:16+00:00","og_image":[{"width":648,"height":360,"url":"https:\/\/favorite-news.com\/fr\/wp-content\/uploads\/sites\/12\/2021\/03\/Une-enquete-ouverte-apres-la-mort-dun-etudiant-vaccine-avec.jpg","type":"image\/jpeg"}],"author":"favorite-news","twitter_card":"summary_large_image","twitter_misc":{"\u00c9crit par":"favorite-news","Dur\u00e9e de lecture estim\u00e9e":"3 minutes"},"schema":{"@context":"https:\/\/schema.org","@graph":[{"@type":"Article","@id":"https:\/\/favorite-news.com\/fr\/une-enquete-ouverte-apres-la-mort-dun-etudiant-vaccine-avec-astrazeneca-debut-mars\/#article","isPartOf":{"@id":"https:\/\/favorite-news.com\/fr\/une-enquete-ouverte-apres-la-mort-dun-etudiant-vaccine-avec-astrazeneca-debut-mars\/"},"author":{"name":"favorite-news","@id":"https:\/\/favorite-news.com\/fr\/#\/schema\/person\/b66c4cfdd10a5bf16d7d5efda647111f"},"headline":"Une enqu\u00eate ouverte apr\u00e8s la mort d\u2019un \u00e9tudiant, vaccin\u00e9 avec AstraZeneca d\u00e9but mars","datePublished":"2021-03-23T12:12:10+00:00","dateModified":"2021-03-23T12:12:16+00:00","mainEntityOfPage":{"@id":"https:\/\/favorite-news.com\/fr\/une-enquete-ouverte-apres-la-mort-dun-etudiant-vaccine-avec-astrazeneca-debut-mars\/"},"wordCount":544,"commentCount":0,"image":{"@id":"https:\/\/favorite-news.com\/fr\/une-enquete-ouverte-apres-la-mort-dun-etudiant-vaccine-avec-astrazeneca-debut-mars\/#primaryimage"},"thumbnailUrl":"https:\/\/favorite-news.com\/fr\/wp-content\/uploads\/sites\/12\/2021\/03\/Une-enquete-ouverte-apres-la-mort-dun-etudiant-vaccine-avec.jpg","articleSection":["NOUVELLES"],"inLanguage":"fr-FR","potentialAction":[{"@type":"CommentAction","name":"Comment","target":["https:\/\/favorite-news.com\/fr\/une-enquete-ouverte-apres-la-mort-dun-etudiant-vaccine-avec-astrazeneca-debut-mars\/#respond"]}]},{"@type":"WebPage","@id":"https:\/\/favorite-news.com\/fr\/une-enquete-ouverte-apres-la-mort-dun-etudiant-vaccine-avec-astrazeneca-debut-mars\/","url":"https:\/\/favorite-news.com\/fr\/une-enquete-ouverte-apres-la-mort-dun-etudiant-vaccine-avec-astrazeneca-debut-mars\/","name":"Une enqu\u00eate ouverte apr\u00e8s la mort d\u2019un \u00e9tudiant, vaccin\u00e9 avec AstraZeneca d\u00e9but mars - Favorite News","isPartOf":{"@id":"https:\/\/favorite-news.com\/fr\/#website"},"primaryImageOfPage":{"@id":"https:\/\/favorite-news.com\/fr\/une-enquete-ouverte-apres-la-mort-dun-etudiant-vaccine-avec-astrazeneca-debut-mars\/#primaryimage"},"image":{"@id":"https:\/\/favorite-news.com\/fr\/une-enquete-ouverte-apres-la-mort-dun-etudiant-vaccine-avec-astrazeneca-debut-mars\/#primaryimage"},"thumbnailUrl":"https:\/\/favorite-news.com\/fr\/wp-content\/uploads\/sites\/12\/2021\/03\/Une-enquete-ouverte-apres-la-mort-dun-etudiant-vaccine-avec.jpg","datePublished":"2021-03-23T12:12:10+00:00","dateModified":"2021-03-23T12:12:16+00:00","author":{"@id":"https:\/\/favorite-news.com\/fr\/#\/schema\/person\/b66c4cfdd10a5bf16d7d5efda647111f"},"breadcrumb":{"@id":"https:\/\/favorite-news.com\/fr\/une-enquete-ouverte-apres-la-mort-dun-etudiant-vaccine-avec-astrazeneca-debut-mars\/#breadcrumb"},"inLanguage":"fr-FR","potentialAction":[{"@type":"ReadAction","target":["https:\/\/favorite-news.com\/fr\/une-enquete-ouverte-apres-la-mort-dun-etudiant-vaccine-avec-astrazeneca-debut-mars\/"]}]},{"@type":"ImageObject","inLanguage":"fr-FR","@id":"https:\/\/favorite-news.com\/fr\/une-enquete-ouverte-apres-la-mort-dun-etudiant-vaccine-avec-astrazeneca-debut-mars\/#primaryimage","url":"https:\/\/favorite-news.com\/fr\/wp-content\/uploads\/sites\/12\/2021\/03\/Une-enquete-ouverte-apres-la-mort-dun-etudiant-vaccine-avec.jpg","contentUrl":"https:\/\/favorite-news.com\/fr\/wp-content\/uploads\/sites\/12\/2021\/03\/Une-enquete-ouverte-apres-la-mort-dun-etudiant-vaccine-avec.jpg","width":648,"height":360,"caption":"Une enqu\u00eate ouverte apr\u00e8s la mort d\u2019un \u00e9tudiant, vaccin\u00e9 avec AstraZeneca d\u00e9but mars"},{"@type":"BreadcrumbList","@id":"https:\/\/favorite-news.com\/fr\/une-enquete-ouverte-apres-la-mort-dun-etudiant-vaccine-avec-astrazeneca-debut-mars\/#breadcrumb","itemListElement":[{"@type":"ListItem","position":1,"name":"Home","item":"https:\/\/favorite-news.com\/fr\/"},{"@type":"ListItem","position":2,"name":"Une enqu\u00eate ouverte apr\u00e8s la mort d\u2019un \u00e9tudiant, vaccin\u00e9 avec AstraZeneca d\u00e9but mars"}]},{"@type":"WebSite","@id":"https:\/\/favorite-news.com\/fr\/#website","url":"https:\/\/favorite-news.com\/fr\/","name":"Favorite News","description":"Favorite News France","potentialAction":[{"@type":"SearchAction","target":{"@type":"EntryPoint","urlTemplate":"https:\/\/favorite-news.com\/fr\/?s={search_term_string}"},"query-input":{"@type":"PropertyValueSpecification","valueRequired":true,"valueName":"search_term_string"}}],"inLanguage":"fr-FR"},{"@type":"Person","@id":"https:\/\/favorite-news.com\/fr\/#\/schema\/person\/b66c4cfdd10a5bf16d7d5efda647111f","name":"favorite-news","image":{"@type":"ImageObject","inLanguage":"fr-FR","@id":"https:\/\/secure.gravatar.com\/avatar\/f89959e01423a9ee3c2debbcf830eb021c575de0e1b3781ca3ae392b71c615a1?s=96&d=mm&r=g","url":"https:\/\/secure.gravatar.com\/avatar\/f89959e01423a9ee3c2debbcf830eb021c575de0e1b3781ca3ae392b71c615a1?s=96&d=mm&r=g","contentUrl":"https:\/\/secure.gravatar.com\/avatar\/f89959e01423a9ee3c2debbcf830eb021c575de0e1b3781ca3ae392b71c615a1?s=96&d=mm&r=g","caption":"favorite-news"},"url":"https:\/\/favorite-news.com\/fr\/author\/ruby\/"}]}},"_links":{"self":[{"href":"https:\/\/favorite-news.com\/fr\/wp-json\/wp\/v2\/posts\/1109","targetHints":{"allow":["GET"]}}],"collection":[{"href":"https:\/\/favorite-news.com\/fr\/wp-json\/wp\/v2\/posts"}],"about":[{"href":"https:\/\/favorite-news.com\/fr\/wp-json\/wp\/v2\/types\/post"}],"author":[{"embeddable":true,"href":"https:\/\/favorite-news.com\/fr\/wp-json\/wp\/v2\/users\/1"}],"replies":[{"embeddable":true,"href":"https:\/\/favorite-news.com\/fr\/wp-json\/wp\/v2\/comments?post=1109"}],"version-history":[{"count":1,"href":"https:\/\/favorite-news.com\/fr\/wp-json\/wp\/v2\/posts\/1109\/revisions"}],"predecessor-version":[{"id":1111,"href":"https:\/\/favorite-news.com\/fr\/wp-json\/wp\/v2\/posts\/1109\/revisions\/1111"}],"wp:featuredmedia":[{"embeddable":true,"href":"https:\/\/favorite-news.com\/fr\/wp-json\/wp\/v2\/media\/1110"}],"wp:attachment":[{"href":"https:\/\/favorite-news.com\/fr\/wp-json\/wp\/v2\/media?parent=1109"}],"wp:term":[{"taxonomy":"category","embeddable":true,"href":"https:\/\/favorite-news.com\/fr\/wp-json\/wp\/v2\/categories?post=1109"},{"taxonomy":"post_tag","embeddable":true,"href":"https:\/\/favorite-news.com\/fr\/wp-json\/wp\/v2\/tags?post=1109"}],"curies":[{"name":"wp","href":"https:\/\/api.w.org\/{rel}","templated":true}]}}