{"id":1103,"date":"2021-03-22T12:03:10","date_gmt":"2021-03-22T12:03:10","guid":{"rendered":"https:\/\/favorite-news.com\/fr\/atteindre-limmunite-collective-cet-ete-cest-vraiment-possible\/"},"modified":"2021-03-22T12:03:12","modified_gmt":"2021-03-22T12:03:12","slug":"atteindre-limmunite-collective-cet-ete-cest-vraiment-possible","status":"publish","type":"post","link":"https:\/\/favorite-news.com\/fr\/atteindre-limmunite-collective-cet-ete-cest-vraiment-possible\/","title":{"rendered":"Atteindre l\u2019immunit\u00e9 collective cet \u00e9t\u00e9, c\u2019est vraiment possible\u00a0?"},"content":{"rendered":"<p>                Le coronavirus ne sera pas vaincu d&rsquo;ici la fin de l&rsquo;ann\u00e9e, selon l&rsquo;OMS (Illustration) \u2014 JEANNE ACCORSINI\/SIPA<br \/>\n            Le commissaire europ\u00e9en au March\u00e9 int\u00e9rieur, Thierry Breton, a estim\u00e9, dimanche, que l\u2019immunit\u00e9 collective en Europe pourrait \u00eatre atteinte cet \u00e9t\u00e9.&#13;<br \/>\n\tA ce jour, un peu plus de 54\u00a0millions de doses ont \u00e9t\u00e9 administr\u00e9es en Europe.&#13;<br \/>\n\tLa hausse des livraisons de vaccins va permettre d\u2019acc\u00e9l\u00e9rer la campagne de vaccination en Europe, a indiqu\u00e9 Thierry Breton, annon\u00e7ant la livraison\u00a0de 300 \u00e0\u00a0350\u00a0millions de doses d\u2019ici le mois de juin.&#13;<\/p>\n<p>La promesse d\u2019un retour \u00e0 la normale d\u2019ici quelques mois\u00a0?\u00a0L&rsquo;Europe pourrait atteindre &#13;<br \/>\nson immunit\u00e9 collective face au coronavirus le 14 juillet, a estim\u00e9\u00a0 &#13;<br \/>\nle commissaire europ\u00e9en au March\u00e9 int\u00e9rieur, Thierry Breton.<\/p>\n<p>\u00ab\u00a0Prenons une date symbolique\u00a0:\u00a0le 14\u00a0juillet nous avons la possibilit\u00e9 d\u2019atteindre l\u2019immunit\u00e9 au niveau du continent\u00a0\u00bb, a-t-il d\u00e9clar\u00e9 sur TF1. \u00ab\u00a0C\u2019est la derni\u00e8re ligne droite parce que nous savons que pour vaincre cette pand\u00e9mie, une seule solution\u00a0:\u00a0se faire vacciner. Les vaccins arrivent, ils seront l\u00e0\u00a0\u00bb, a-t-il assur\u00e9. Alain Fischer, le \u00ab\u00a0Monsieur vaccin\u00a0\u00bb du gouvernement, envisage \u00e9galement un retour \u00e0 la normale \u00ab\u00a0\u00e0 l\u2019\u00e9t\u00e9, l\u2019automne\u00a0\u00bb, a-t-il d\u00e9clar\u00e9 ce lundi sur BFMTV. L\u2019Europe pourrait-elle vraiment r\u00e9ussir ce pari\u00a0?\u00a020 Minutes fait le point sur les questions qui se posent.<\/p>\n<p>Combien d\u2019Europ\u00e9ens ont-ils d\u00e9j\u00e0 \u00e9t\u00e9 vaccin\u00e9s\u00a0?<\/p>\n<p>Au 21\u00a0mars 2021, un peu plus de 54\u00a0millions de doses ont \u00e9t\u00e9 administr\u00e9es en Europe, selon les chiffres du Centre europ\u00e9en de pr\u00e9vention et de contr\u00f4le des maladies (ECDC). Dans le d\u00e9tail, 10,4\u00a0% des Europ\u00e9ens ont re\u00e7u une dose et 4,5\u00a0% deux doses. En France, 6.137.375 personnes ont re\u00e7u au moins une injection (soit 9,2\u00a0% de la population totale) et 2.444.473 personnes ont re\u00e7u deux injections (soit 3,6\u00a0% de la population totale), &#13;<br \/>\nselon les chiffres du minist\u00e8re de la Sant\u00e9 au 20 mars 2021.\u00a0<\/p>\n<p>Le gouvernement fran\u00e7ais s\u2019est fix\u00e9 pour objectif d\u2019atteindre les 10\u00a0millions d\u2019injections d\u2019ici la mi-avril, 20\u00a0millions \u00e0 la mi-mai et 30\u00a0millions \u00e0 l\u2019\u00e9t\u00e9. D\u00e9but f\u00e9vrier, le\u00a0pr\u00e9sident fran\u00e7ais, Emmanuel Macron, avait annonc\u00e9 que \u00ab\u00a0tous les Fran\u00e7ais qui le souhaitent\u00a0\u00bb pourraient se faire vacciner \u00ab\u00a0d\u2019ici la fin de l\u2019\u00e9t\u00e9\u00a0\u00bb. C\u00f4t\u00e9 europ\u00e9en, l\u2019ex\u00e9cutif maintient ses pr\u00e9visions\u00a0:\u00a0immuniser\u00a080\u00a0% des Europ\u00e9ens de plus de 80 ans et des personnels soignants\u00a0d\u2019ici la fin du mois de mars\u00a0et\u00a070\u00a0% des Europ\u00e9ens adultes \u00ab\u00a0d\u2019ici l\u2019\u00e9t\u00e9\u00a0\u00bb.<\/p>\n<p>Pour\u00a0Emilie Ferrat, m\u00e9decin g\u00e9n\u00e9raliste et\u00a0chercheuse en \u00e9pid\u00e9miologie, l\u2019objectif est atteignable\u00a0:\u00a0\u00ab\u00a0Les infrastructures et les besoins humains sont existants. Il y a une mont\u00e9e en force dans les centres de vaccination\u00a0et chez les m\u00e9decins g\u00e9n\u00e9ralistes depuis plusieurs semaines. La\u00a0seule limite \u00e9ventuelle, c\u2019est l\u2019approvisionnement et la distribution des vaccins.\u00a0\u00bb Si les doses arrivent, encore faut-il\u00a0convaincre la population\u00a0:\u00a0\u00ab\u00a0Pour que \u00e7a marche, que la population accepte de se faire vacciner, les patients ont besoin d\u2019\u00eatre rassur\u00e9s. La confiance\u00a0vis-\u00e0-vis du m\u00e9decin est un levier tr\u00e8s fort dans la prise de\u00a0d\u00e9cision\u00a0\u00bb, ajoute la m\u00e9decin.<\/p>\n<p>Combien\u00a0de doses peut-on attendre\u00a0d\u2019ici l\u2019\u00e9t\u00e9\u00a0?<\/p>\n<p>L\u2019Union europ\u00e9enne a sign\u00e9 des contrats\u00a0de pr\u00e9-achat aupr\u00e8s de 6 laboratoires, pour un total de\u00a02,575\u00a0milliards de doses\u00a0et autoris\u00e9 jusqu\u2019ici la mise sur le march\u00e9 conditionnelle de quatre vaccins \u00e9labor\u00e9s par Pfizer\/BioNTech, Moderna, AstraZeneca et Janssen. Pr\u00e8s de\u00a068\u00a0millions de doses ont \u00e9t\u00e9 livr\u00e9es en Europe, selon les chiffres\u00a0du Centre europ\u00e9en de pr\u00e9vention et de contr\u00f4le des maladies (ECDC), au 21\u00a0mars 2021.\u00a0D\u2019ici le mois de juin, l\u2019Union europ\u00e9enne va \u00ab\u00a0livrer entre 300 et 350\u00a0millions de doses de vaccin\u00a0\u00bb suppl\u00e9mentaires, a d\u00e9taill\u00e9 Thierry Breton, dimanche, sur TF1.<\/p>\n<p>Le commissaire europ\u00e9en a pr\u00e9cis\u00e9 la mont\u00e9e en cadence des livraisons attendues en Europe, avec 60\u00a0millions de doses livr\u00e9es en mars, 100\u00a0millions en avril et\u00a0120\u00a0millions en mai.\u00a0Et pour y arriver, pas moins de 55 usines fabriquent d\u00e9sormais des vaccins en Europe. En France, les vaccins Pfizer et Moderna sont produits par le sous-traitant fran\u00e7ais Delpharm, \u00e0 Saint-R\u00e9my-sur-Avre en Normandie depuis d\u00e9but mars, par le Su\u00e9dois Recipharm \u00e0 Monts en Indre-et-Loire \u00e0 partir d\u2019avril, et par le groupe Fareva\u00a0\u00e0 Pau dans les Pyr\u00e9n\u00e9es et \u00e0\u00a0Val-de-Reuil (Normandie) \u00e0 partir de mai. \u00ab\u00a0Cet objectif d\u00e9pend presque uniquement de\u00a0la distribution des vaccins aupr\u00e8s des professionnels. Les m\u00e9decins et les centres de vaccination sont pr\u00eats, organis\u00e9s, mais il nous faut les doses\u00a0\u00bb, explique Emilie Ferrat, dont les cr\u00e9neaux de vaccination sont d\u00e9j\u00e0 complets jusqu\u2019\u00e0 fin avril.<\/p>\n<p>Combien de personnes doivent-elles \u00eatre vaccin\u00e9es pour atteindre l\u2019immunit\u00e9 collective\u00a0?<\/p>\n<p>Selon les estimations de l\u2019Institut Pasteur, le pourcentage \u00e0 atteindre pour parler d\u2019immunit\u00e9 collective \u2013 le ph\u00e9nom\u00e8ne par lequel la propagation d\u2019une\u00a0maladie contagieuse\u00a0peut \u00eatre enray\u00e9e dans une population si une certaine proportion des individus est\u00a0immunis\u00e9e, soit par\u00a0vaccination, soit par\u00a0immunit\u00e9 apr\u00e8s avoir \u00e9t\u00e9 contamin\u00e9e \u2013 dans le cadre du coronavirus est estim\u00e9 entre 60 \u00e0\u00a070\u00a0%. Pour Emilie Ferrat, ce chiffre d\u00e9pend surtout du \u00ab\u00a0R0\u00a0\u00bb, qui correspond au taux de reproduction de base d\u2019un virus. En clair, il s\u2019agit du nombre de personnes qui peuvent potentiellement \u00eatre contamin\u00e9es par un individu infect\u00e9 par un virus. \u00ab\u00a0Pour la grippe, on est aux alentours de 50\u00a0%, mais pour le coronavirus, ce sera plus 60-70\u00a0%\u00a0\u00bb.<\/p>\n<p>Un autre facteur peut faire pencher la balance. \u00ab\u00a0Le niveau d\u2019immunit\u00e9 collective peut varier si la vaccination baisse la transmission. Si on prouve que la vaccination r\u00e9duit les transmissions et donc les contaminations, ce seuil pourrait baisser\u00a0\u00bb, analyse la chercheuse en \u00e9pid\u00e9miologie, qui estime, \u00e0 l\u2019inverse, que les variants \u00ab\u00a0peuvent faire changer la donne et augmenter le niveau d\u2019immunit\u00e9 collective\u00a0\u00bb.<\/p>\n<p>\n<!--noindex--><br \/>\n<a href=\"https:\/\/www.20minutes.fr\/monde\/3004187-20210322-coronavirus-atteindre-immunite-collective-vraiment-possible#xtor=RSS-149\" rel=\"nofollow\">Source link <\/a><br \/>\n<!--\/noindex--><\/p>\n","protected":false},"excerpt":{"rendered":"<p>Le coronavirus ne sera pas vaincu d&rsquo;ici la fin de l&rsquo;ann\u00e9e, selon l&rsquo;OMS (Illustration) \u2014 JEANNE ACCORSINI\/SIPA Le commissaire europ\u00e9en au March\u00e9 int\u00e9rieur, Thierry Breton, a estim\u00e9, dimanche, que l\u2019immunit\u00e9 collective en Europe pourrait \u00eatre atteinte cet \u00e9t\u00e9.&#13; A ce jour, un peu plus de 54\u00a0millions de doses ont \u00e9t\u00e9 administr\u00e9es en Europe.&#13; La hausse [&hellip;]<\/p>\n","protected":false},"author":1,"featured_media":1104,"comment_status":"open","ping_status":"open","sticky":false,"template":"","format":"standard","meta":{"footnotes":""},"categories":[1],"tags":[],"class_list":["post-1103","post","type-post","status-publish","format-standard","has-post-thumbnail","hentry","category-nouvelles"],"yoast_head":"<!-- This site is optimized with the Yoast SEO plugin v27.4 - https:\/\/yoast.com\/product\/yoast-seo-wordpress\/ -->\n<title>Atteindre l\u2019immunit\u00e9 collective cet \u00e9t\u00e9, c\u2019est vraiment possible\u00a0? - Favorite News<\/title>\n<meta name=\"robots\" content=\"index, follow, max-snippet:-1, max-image-preview:large, max-video-preview:-1\" \/>\n<link rel=\"canonical\" href=\"https:\/\/favorite-news.com\/fr\/atteindre-limmunite-collective-cet-ete-cest-vraiment-possible\/\" \/>\n<meta property=\"og:locale\" content=\"fr_FR\" \/>\n<meta property=\"og:type\" content=\"article\" \/>\n<meta property=\"og:title\" content=\"Atteindre l\u2019immunit\u00e9 collective cet \u00e9t\u00e9, c\u2019est vraiment possible\u00a0? - Favorite News\" \/>\n<meta property=\"og:description\" content=\"Le coronavirus ne sera pas vaincu d&rsquo;ici la fin de l&rsquo;ann\u00e9e, selon l&rsquo;OMS (Illustration) \u2014 JEANNE ACCORSINI\/SIPA Le commissaire europ\u00e9en au March\u00e9 int\u00e9rieur, Thierry Breton, a estim\u00e9, dimanche, que l\u2019immunit\u00e9 collective en Europe pourrait \u00eatre atteinte cet \u00e9t\u00e9.&#013; A ce jour, un peu plus de 54\u00a0millions de doses ont \u00e9t\u00e9 administr\u00e9es en Europe.&#013; La hausse [&hellip;]\" \/>\n<meta property=\"og:url\" content=\"https:\/\/favorite-news.com\/fr\/atteindre-limmunite-collective-cet-ete-cest-vraiment-possible\/\" \/>\n<meta property=\"og:site_name\" content=\"Favorite News\" \/>\n<meta property=\"article:published_time\" content=\"2021-03-22T12:03:10+00:00\" \/>\n<meta property=\"article:modified_time\" content=\"2021-03-22T12:03:12+00:00\" \/>\n<meta property=\"og:image\" content=\"https:\/\/favorite-news.com\/fr\/wp-content\/uploads\/sites\/12\/2021\/03\/Atteindre-limmunite-collective-cet-ete-cest-vraiment-possible.jpg\" \/>\n\t<meta property=\"og:image:width\" content=\"648\" \/>\n\t<meta property=\"og:image:height\" content=\"360\" \/>\n\t<meta property=\"og:image:type\" content=\"image\/jpeg\" \/>\n<meta name=\"author\" content=\"favorite-news\" \/>\n<meta name=\"twitter:card\" content=\"summary_large_image\" \/>\n<meta name=\"twitter:label1\" content=\"\u00c9crit par\" \/>\n\t<meta name=\"twitter:data1\" content=\"favorite-news\" \/>\n\t<meta name=\"twitter:label2\" content=\"Dur\u00e9e de lecture estim\u00e9e\" \/>\n\t<meta name=\"twitter:data2\" content=\"5 minutes\" \/>\n<script type=\"application\/ld+json\" class=\"yoast-schema-graph\">{\"@context\":\"https:\\\/\\\/schema.org\",\"@graph\":[{\"@type\":\"Article\",\"@id\":\"https:\\\/\\\/favorite-news.com\\\/fr\\\/atteindre-limmunite-collective-cet-ete-cest-vraiment-possible\\\/#article\",\"isPartOf\":{\"@id\":\"https:\\\/\\\/favorite-news.com\\\/fr\\\/atteindre-limmunite-collective-cet-ete-cest-vraiment-possible\\\/\"},\"author\":{\"name\":\"favorite-news\",\"@id\":\"https:\\\/\\\/favorite-news.com\\\/fr\\\/#\\\/schema\\\/person\\\/b66c4cfdd10a5bf16d7d5efda647111f\"},\"headline\":\"Atteindre l\u2019immunit\u00e9 collective cet \u00e9t\u00e9, c\u2019est vraiment possible\u00a0?\",\"datePublished\":\"2021-03-22T12:03:10+00:00\",\"dateModified\":\"2021-03-22T12:03:12+00:00\",\"mainEntityOfPage\":{\"@id\":\"https:\\\/\\\/favorite-news.com\\\/fr\\\/atteindre-limmunite-collective-cet-ete-cest-vraiment-possible\\\/\"},\"wordCount\":1006,\"commentCount\":0,\"image\":{\"@id\":\"https:\\\/\\\/favorite-news.com\\\/fr\\\/atteindre-limmunite-collective-cet-ete-cest-vraiment-possible\\\/#primaryimage\"},\"thumbnailUrl\":\"https:\\\/\\\/favorite-news.com\\\/fr\\\/wp-content\\\/uploads\\\/sites\\\/12\\\/2021\\\/03\\\/Atteindre-limmunite-collective-cet-ete-cest-vraiment-possible.jpg\",\"articleSection\":[\"NOUVELLES\"],\"inLanguage\":\"fr-FR\",\"potentialAction\":[{\"@type\":\"CommentAction\",\"name\":\"Comment\",\"target\":[\"https:\\\/\\\/favorite-news.com\\\/fr\\\/atteindre-limmunite-collective-cet-ete-cest-vraiment-possible\\\/#respond\"]}]},{\"@type\":\"WebPage\",\"@id\":\"https:\\\/\\\/favorite-news.com\\\/fr\\\/atteindre-limmunite-collective-cet-ete-cest-vraiment-possible\\\/\",\"url\":\"https:\\\/\\\/favorite-news.com\\\/fr\\\/atteindre-limmunite-collective-cet-ete-cest-vraiment-possible\\\/\",\"name\":\"Atteindre l\u2019immunit\u00e9 collective cet \u00e9t\u00e9, c\u2019est vraiment possible\u00a0? - Favorite News\",\"isPartOf\":{\"@id\":\"https:\\\/\\\/favorite-news.com\\\/fr\\\/#website\"},\"primaryImageOfPage\":{\"@id\":\"https:\\\/\\\/favorite-news.com\\\/fr\\\/atteindre-limmunite-collective-cet-ete-cest-vraiment-possible\\\/#primaryimage\"},\"image\":{\"@id\":\"https:\\\/\\\/favorite-news.com\\\/fr\\\/atteindre-limmunite-collective-cet-ete-cest-vraiment-possible\\\/#primaryimage\"},\"thumbnailUrl\":\"https:\\\/\\\/favorite-news.com\\\/fr\\\/wp-content\\\/uploads\\\/sites\\\/12\\\/2021\\\/03\\\/Atteindre-limmunite-collective-cet-ete-cest-vraiment-possible.jpg\",\"datePublished\":\"2021-03-22T12:03:10+00:00\",\"dateModified\":\"2021-03-22T12:03:12+00:00\",\"author\":{\"@id\":\"https:\\\/\\\/favorite-news.com\\\/fr\\\/#\\\/schema\\\/person\\\/b66c4cfdd10a5bf16d7d5efda647111f\"},\"breadcrumb\":{\"@id\":\"https:\\\/\\\/favorite-news.com\\\/fr\\\/atteindre-limmunite-collective-cet-ete-cest-vraiment-possible\\\/#breadcrumb\"},\"inLanguage\":\"fr-FR\",\"potentialAction\":[{\"@type\":\"ReadAction\",\"target\":[\"https:\\\/\\\/favorite-news.com\\\/fr\\\/atteindre-limmunite-collective-cet-ete-cest-vraiment-possible\\\/\"]}]},{\"@type\":\"ImageObject\",\"inLanguage\":\"fr-FR\",\"@id\":\"https:\\\/\\\/favorite-news.com\\\/fr\\\/atteindre-limmunite-collective-cet-ete-cest-vraiment-possible\\\/#primaryimage\",\"url\":\"https:\\\/\\\/favorite-news.com\\\/fr\\\/wp-content\\\/uploads\\\/sites\\\/12\\\/2021\\\/03\\\/Atteindre-limmunite-collective-cet-ete-cest-vraiment-possible.jpg\",\"contentUrl\":\"https:\\\/\\\/favorite-news.com\\\/fr\\\/wp-content\\\/uploads\\\/sites\\\/12\\\/2021\\\/03\\\/Atteindre-limmunite-collective-cet-ete-cest-vraiment-possible.jpg\",\"width\":648,\"height\":360,\"caption\":\"Atteindre l\u2019immunit\u00e9 collective cet \u00e9t\u00e9, c\u2019est vraiment possible\u00a0?\"},{\"@type\":\"BreadcrumbList\",\"@id\":\"https:\\\/\\\/favorite-news.com\\\/fr\\\/atteindre-limmunite-collective-cet-ete-cest-vraiment-possible\\\/#breadcrumb\",\"itemListElement\":[{\"@type\":\"ListItem\",\"position\":1,\"name\":\"Home\",\"item\":\"https:\\\/\\\/favorite-news.com\\\/fr\\\/\"},{\"@type\":\"ListItem\",\"position\":2,\"name\":\"Atteindre l\u2019immunit\u00e9 collective cet \u00e9t\u00e9, c\u2019est vraiment possible\u00a0?\"}]},{\"@type\":\"WebSite\",\"@id\":\"https:\\\/\\\/favorite-news.com\\\/fr\\\/#website\",\"url\":\"https:\\\/\\\/favorite-news.com\\\/fr\\\/\",\"name\":\"Favorite News\",\"description\":\"Favorite News France\",\"potentialAction\":[{\"@type\":\"SearchAction\",\"target\":{\"@type\":\"EntryPoint\",\"urlTemplate\":\"https:\\\/\\\/favorite-news.com\\\/fr\\\/?s={search_term_string}\"},\"query-input\":{\"@type\":\"PropertyValueSpecification\",\"valueRequired\":true,\"valueName\":\"search_term_string\"}}],\"inLanguage\":\"fr-FR\"},{\"@type\":\"Person\",\"@id\":\"https:\\\/\\\/favorite-news.com\\\/fr\\\/#\\\/schema\\\/person\\\/b66c4cfdd10a5bf16d7d5efda647111f\",\"name\":\"favorite-news\",\"image\":{\"@type\":\"ImageObject\",\"inLanguage\":\"fr-FR\",\"@id\":\"https:\\\/\\\/secure.gravatar.com\\\/avatar\\\/f89959e01423a9ee3c2debbcf830eb021c575de0e1b3781ca3ae392b71c615a1?s=96&d=mm&r=g\",\"url\":\"https:\\\/\\\/secure.gravatar.com\\\/avatar\\\/f89959e01423a9ee3c2debbcf830eb021c575de0e1b3781ca3ae392b71c615a1?s=96&d=mm&r=g\",\"contentUrl\":\"https:\\\/\\\/secure.gravatar.com\\\/avatar\\\/f89959e01423a9ee3c2debbcf830eb021c575de0e1b3781ca3ae392b71c615a1?s=96&d=mm&r=g\",\"caption\":\"favorite-news\"},\"url\":\"https:\\\/\\\/favorite-news.com\\\/fr\\\/author\\\/ruby\\\/\"}]}<\/script>\n<!-- \/ Yoast SEO plugin. -->","yoast_head_json":{"title":"Atteindre l\u2019immunit\u00e9 collective cet \u00e9t\u00e9, c\u2019est vraiment possible\u00a0? - Favorite News","robots":{"index":"index","follow":"follow","max-snippet":"max-snippet:-1","max-image-preview":"max-image-preview:large","max-video-preview":"max-video-preview:-1"},"canonical":"https:\/\/favorite-news.com\/fr\/atteindre-limmunite-collective-cet-ete-cest-vraiment-possible\/","og_locale":"fr_FR","og_type":"article","og_title":"Atteindre l\u2019immunit\u00e9 collective cet \u00e9t\u00e9, c\u2019est vraiment possible\u00a0? - Favorite News","og_description":"Le coronavirus ne sera pas vaincu d&rsquo;ici la fin de l&rsquo;ann\u00e9e, selon l&rsquo;OMS (Illustration) \u2014 JEANNE ACCORSINI\/SIPA Le commissaire europ\u00e9en au March\u00e9 int\u00e9rieur, Thierry Breton, a estim\u00e9, dimanche, que l\u2019immunit\u00e9 collective en Europe pourrait \u00eatre atteinte cet \u00e9t\u00e9.&#13; A ce jour, un peu plus de 54\u00a0millions de doses ont \u00e9t\u00e9 administr\u00e9es en Europe.&#13; La hausse [&hellip;]","og_url":"https:\/\/favorite-news.com\/fr\/atteindre-limmunite-collective-cet-ete-cest-vraiment-possible\/","og_site_name":"Favorite News","article_published_time":"2021-03-22T12:03:10+00:00","article_modified_time":"2021-03-22T12:03:12+00:00","og_image":[{"width":648,"height":360,"url":"https:\/\/favorite-news.com\/fr\/wp-content\/uploads\/sites\/12\/2021\/03\/Atteindre-limmunite-collective-cet-ete-cest-vraiment-possible.jpg","type":"image\/jpeg"}],"author":"favorite-news","twitter_card":"summary_large_image","twitter_misc":{"\u00c9crit par":"favorite-news","Dur\u00e9e de lecture estim\u00e9e":"5 minutes"},"schema":{"@context":"https:\/\/schema.org","@graph":[{"@type":"Article","@id":"https:\/\/favorite-news.com\/fr\/atteindre-limmunite-collective-cet-ete-cest-vraiment-possible\/#article","isPartOf":{"@id":"https:\/\/favorite-news.com\/fr\/atteindre-limmunite-collective-cet-ete-cest-vraiment-possible\/"},"author":{"name":"favorite-news","@id":"https:\/\/favorite-news.com\/fr\/#\/schema\/person\/b66c4cfdd10a5bf16d7d5efda647111f"},"headline":"Atteindre l\u2019immunit\u00e9 collective cet \u00e9t\u00e9, c\u2019est vraiment possible\u00a0?","datePublished":"2021-03-22T12:03:10+00:00","dateModified":"2021-03-22T12:03:12+00:00","mainEntityOfPage":{"@id":"https:\/\/favorite-news.com\/fr\/atteindre-limmunite-collective-cet-ete-cest-vraiment-possible\/"},"wordCount":1006,"commentCount":0,"image":{"@id":"https:\/\/favorite-news.com\/fr\/atteindre-limmunite-collective-cet-ete-cest-vraiment-possible\/#primaryimage"},"thumbnailUrl":"https:\/\/favorite-news.com\/fr\/wp-content\/uploads\/sites\/12\/2021\/03\/Atteindre-limmunite-collective-cet-ete-cest-vraiment-possible.jpg","articleSection":["NOUVELLES"],"inLanguage":"fr-FR","potentialAction":[{"@type":"CommentAction","name":"Comment","target":["https:\/\/favorite-news.com\/fr\/atteindre-limmunite-collective-cet-ete-cest-vraiment-possible\/#respond"]}]},{"@type":"WebPage","@id":"https:\/\/favorite-news.com\/fr\/atteindre-limmunite-collective-cet-ete-cest-vraiment-possible\/","url":"https:\/\/favorite-news.com\/fr\/atteindre-limmunite-collective-cet-ete-cest-vraiment-possible\/","name":"Atteindre l\u2019immunit\u00e9 collective cet \u00e9t\u00e9, c\u2019est vraiment possible\u00a0? - Favorite News","isPartOf":{"@id":"https:\/\/favorite-news.com\/fr\/#website"},"primaryImageOfPage":{"@id":"https:\/\/favorite-news.com\/fr\/atteindre-limmunite-collective-cet-ete-cest-vraiment-possible\/#primaryimage"},"image":{"@id":"https:\/\/favorite-news.com\/fr\/atteindre-limmunite-collective-cet-ete-cest-vraiment-possible\/#primaryimage"},"thumbnailUrl":"https:\/\/favorite-news.com\/fr\/wp-content\/uploads\/sites\/12\/2021\/03\/Atteindre-limmunite-collective-cet-ete-cest-vraiment-possible.jpg","datePublished":"2021-03-22T12:03:10+00:00","dateModified":"2021-03-22T12:03:12+00:00","author":{"@id":"https:\/\/favorite-news.com\/fr\/#\/schema\/person\/b66c4cfdd10a5bf16d7d5efda647111f"},"breadcrumb":{"@id":"https:\/\/favorite-news.com\/fr\/atteindre-limmunite-collective-cet-ete-cest-vraiment-possible\/#breadcrumb"},"inLanguage":"fr-FR","potentialAction":[{"@type":"ReadAction","target":["https:\/\/favorite-news.com\/fr\/atteindre-limmunite-collective-cet-ete-cest-vraiment-possible\/"]}]},{"@type":"ImageObject","inLanguage":"fr-FR","@id":"https:\/\/favorite-news.com\/fr\/atteindre-limmunite-collective-cet-ete-cest-vraiment-possible\/#primaryimage","url":"https:\/\/favorite-news.com\/fr\/wp-content\/uploads\/sites\/12\/2021\/03\/Atteindre-limmunite-collective-cet-ete-cest-vraiment-possible.jpg","contentUrl":"https:\/\/favorite-news.com\/fr\/wp-content\/uploads\/sites\/12\/2021\/03\/Atteindre-limmunite-collective-cet-ete-cest-vraiment-possible.jpg","width":648,"height":360,"caption":"Atteindre l\u2019immunit\u00e9 collective cet \u00e9t\u00e9, c\u2019est vraiment possible\u00a0?"},{"@type":"BreadcrumbList","@id":"https:\/\/favorite-news.com\/fr\/atteindre-limmunite-collective-cet-ete-cest-vraiment-possible\/#breadcrumb","itemListElement":[{"@type":"ListItem","position":1,"name":"Home","item":"https:\/\/favorite-news.com\/fr\/"},{"@type":"ListItem","position":2,"name":"Atteindre l\u2019immunit\u00e9 collective cet \u00e9t\u00e9, c\u2019est vraiment possible\u00a0?"}]},{"@type":"WebSite","@id":"https:\/\/favorite-news.com\/fr\/#website","url":"https:\/\/favorite-news.com\/fr\/","name":"Favorite News","description":"Favorite News France","potentialAction":[{"@type":"SearchAction","target":{"@type":"EntryPoint","urlTemplate":"https:\/\/favorite-news.com\/fr\/?s={search_term_string}"},"query-input":{"@type":"PropertyValueSpecification","valueRequired":true,"valueName":"search_term_string"}}],"inLanguage":"fr-FR"},{"@type":"Person","@id":"https:\/\/favorite-news.com\/fr\/#\/schema\/person\/b66c4cfdd10a5bf16d7d5efda647111f","name":"favorite-news","image":{"@type":"ImageObject","inLanguage":"fr-FR","@id":"https:\/\/secure.gravatar.com\/avatar\/f89959e01423a9ee3c2debbcf830eb021c575de0e1b3781ca3ae392b71c615a1?s=96&d=mm&r=g","url":"https:\/\/secure.gravatar.com\/avatar\/f89959e01423a9ee3c2debbcf830eb021c575de0e1b3781ca3ae392b71c615a1?s=96&d=mm&r=g","contentUrl":"https:\/\/secure.gravatar.com\/avatar\/f89959e01423a9ee3c2debbcf830eb021c575de0e1b3781ca3ae392b71c615a1?s=96&d=mm&r=g","caption":"favorite-news"},"url":"https:\/\/favorite-news.com\/fr\/author\/ruby\/"}]}},"_links":{"self":[{"href":"https:\/\/favorite-news.com\/fr\/wp-json\/wp\/v2\/posts\/1103","targetHints":{"allow":["GET"]}}],"collection":[{"href":"https:\/\/favorite-news.com\/fr\/wp-json\/wp\/v2\/posts"}],"about":[{"href":"https:\/\/favorite-news.com\/fr\/wp-json\/wp\/v2\/types\/post"}],"author":[{"embeddable":true,"href":"https:\/\/favorite-news.com\/fr\/wp-json\/wp\/v2\/users\/1"}],"replies":[{"embeddable":true,"href":"https:\/\/favorite-news.com\/fr\/wp-json\/wp\/v2\/comments?post=1103"}],"version-history":[{"count":1,"href":"https:\/\/favorite-news.com\/fr\/wp-json\/wp\/v2\/posts\/1103\/revisions"}],"predecessor-version":[{"id":1105,"href":"https:\/\/favorite-news.com\/fr\/wp-json\/wp\/v2\/posts\/1103\/revisions\/1105"}],"wp:featuredmedia":[{"embeddable":true,"href":"https:\/\/favorite-news.com\/fr\/wp-json\/wp\/v2\/media\/1104"}],"wp:attachment":[{"href":"https:\/\/favorite-news.com\/fr\/wp-json\/wp\/v2\/media?parent=1103"}],"wp:term":[{"taxonomy":"category","embeddable":true,"href":"https:\/\/favorite-news.com\/fr\/wp-json\/wp\/v2\/categories?post=1103"},{"taxonomy":"post_tag","embeddable":true,"href":"https:\/\/favorite-news.com\/fr\/wp-json\/wp\/v2\/tags?post=1103"}],"curies":[{"name":"wp","href":"https:\/\/api.w.org\/{rel}","templated":true}]}}