{"id":1097,"date":"2021-03-21T11:38:09","date_gmt":"2021-03-21T11:38:09","guid":{"rendered":"https:\/\/favorite-news.com\/fr\/sommet-europeen-en-videoconference-jeudi-sur-la-flambee-epidemique\/"},"modified":"2021-03-21T11:38:11","modified_gmt":"2021-03-21T11:38:11","slug":"sommet-europeen-en-videoconference-jeudi-sur-la-flambee-epidemique","status":"publish","type":"post","link":"https:\/\/favorite-news.com\/fr\/sommet-europeen-en-videoconference-jeudi-sur-la-flambee-epidemique\/","title":{"rendered":"Sommet europ\u00e9en en videoconf\u00e9rence jeudi sur la flamb\u00e9e \u00e9pid\u00e9mique"},"content":{"rendered":"<p>                La moquette de Bruxelles restera propre : le sommet de ce jeudi aura lieu en visio-conf\u00e9rence. (illustration) \u2014 YVES HERMAN \/ POOL \/ AFP<br \/>\n            Face \u00e0 l\u2019acc\u00e9l\u00e9ration de la troisi\u00e8me vague de la pand\u00e9mie de coronavirus\u00a0en Europe, les dirigeants &#13;<br \/>\neurop\u00e9ens vont se r\u00e9unir, jeudi et vendredi, lors d\u2019un sommet en vid\u00e9oconf\u00e9rence, a annonc\u00e9 un porte-parole europ\u00e9en, ce dimanche.<\/p>\n<p>Le pr\u00e9sident du Conseil europ\u00e9en Charles Michel a pris cette d\u00e9cision \u00ab\u00a0\u00e0 la suite de la flamb\u00e9e de cas de Covid-19 dans les \u00c9tats membres\u00a0\u00bb, a expliqu\u00e9 sur Twitter son porte-parole Barend Leyts.<\/p>\n<p>Des face-\u00e0-face de plus en plus rares<\/p>\n<p>Le sommet portera sur plusieurs sujets d\u00e9licats, dont la d\u00e9t\u00e9rioration des relations avec la Russie et la Turquie, et la d\u00e9sorganisation de la r\u00e9ponse de l&rsquo;UE \u00e0 la pand\u00e9mie. Selon des diplomates europ\u00e9ens, des dirigeants ont appel\u00e9 la semaine derni\u00e8re Charles\u00a0Michel \u00e0 annuler la tenue physique du sommet, alors que le pr\u00e9sident du Conseil europ\u00e9en esp\u00e9rait pouvoir \u00e9viter un nouveau recours \u00e0 la vid\u00e9oconf\u00e9rence en renfor\u00e7ant les mesures sanitaires.<\/p>\n<p>Les dirigeants europ\u00e9ens ne se sont rencontr\u00e9s face \u00e0 face que rarement depuis le d\u00e9but de la pand\u00e9mie, notamment lors d\u2019un sommet-marathon de quatre jours en juillet pour valider un plan de relance \u00e9conomique de 750\u00a0milliards d\u2019euros de l\u2019UE. Certains diplomates critiquent la vid\u00e9oconf\u00e9rence, estimant que les sujets d\u00e9licats ne peuvent pas \u00eatre trait\u00e9s correctement sous cette forme de dialogue. La prochaine r\u00e9union en personne des dirigeants europ\u00e9ens est pr\u00e9vue le 8\u00a0mai \u00e0 Porto, au Portugal.<\/p>\n<p>\n<!--noindex--><br \/>\n<a href=\"https:\/\/www.20minutes.fr\/monde\/3003599-20210321-coronavirus-sommet-europeen-videoconference-jeudi-flambee-epidemique#xtor=RSS-149\" rel=\"nofollow\">Source link <\/a><br \/>\n<!--\/noindex--><\/p>\n","protected":false},"excerpt":{"rendered":"<p>La moquette de Bruxelles restera propre : le sommet de ce jeudi aura lieu en visio-conf\u00e9rence. (illustration) \u2014 YVES HERMAN \/ POOL \/ AFP Face \u00e0 l\u2019acc\u00e9l\u00e9ration de la troisi\u00e8me vague de la pand\u00e9mie de coronavirus\u00a0en Europe, les dirigeants &#13; europ\u00e9ens vont se r\u00e9unir, jeudi et vendredi, lors d\u2019un sommet en vid\u00e9oconf\u00e9rence, a annonc\u00e9 un [&hellip;]<\/p>\n","protected":false},"author":1,"featured_media":1098,"comment_status":"open","ping_status":"open","sticky":false,"template":"","format":"standard","meta":{"footnotes":""},"categories":[1],"tags":[],"class_list":["post-1097","post","type-post","status-publish","format-standard","has-post-thumbnail","hentry","category-nouvelles"],"yoast_head":"<!-- This site is optimized with the Yoast SEO plugin v27.4 - https:\/\/yoast.com\/product\/yoast-seo-wordpress\/ -->\n<title>Sommet europ\u00e9en en videoconf\u00e9rence jeudi sur la flamb\u00e9e \u00e9pid\u00e9mique - Favorite News<\/title>\n<meta name=\"robots\" content=\"index, follow, max-snippet:-1, max-image-preview:large, max-video-preview:-1\" \/>\n<link rel=\"canonical\" href=\"https:\/\/favorite-news.com\/fr\/sommet-europeen-en-videoconference-jeudi-sur-la-flambee-epidemique\/\" \/>\n<meta property=\"og:locale\" content=\"fr_FR\" \/>\n<meta property=\"og:type\" content=\"article\" \/>\n<meta property=\"og:title\" content=\"Sommet europ\u00e9en en videoconf\u00e9rence jeudi sur la flamb\u00e9e \u00e9pid\u00e9mique - Favorite News\" \/>\n<meta property=\"og:description\" content=\"La moquette de Bruxelles restera propre : le sommet de ce jeudi aura lieu en visio-conf\u00e9rence. (illustration) \u2014 YVES HERMAN \/ POOL \/ AFP Face \u00e0 l\u2019acc\u00e9l\u00e9ration de la troisi\u00e8me vague de la pand\u00e9mie de coronavirus\u00a0en Europe, les dirigeants &#013; europ\u00e9ens vont se r\u00e9unir, jeudi et vendredi, lors d\u2019un sommet en vid\u00e9oconf\u00e9rence, a annonc\u00e9 un [&hellip;]\" \/>\n<meta property=\"og:url\" content=\"https:\/\/favorite-news.com\/fr\/sommet-europeen-en-videoconference-jeudi-sur-la-flambee-epidemique\/\" \/>\n<meta property=\"og:site_name\" content=\"Favorite News\" \/>\n<meta property=\"article:published_time\" content=\"2021-03-21T11:38:09+00:00\" \/>\n<meta property=\"article:modified_time\" content=\"2021-03-21T11:38:11+00:00\" \/>\n<meta property=\"og:image\" content=\"https:\/\/favorite-news.com\/fr\/wp-content\/uploads\/sites\/12\/2021\/03\/Sommet-europeen-en-videoconference-jeudi-sur-la-flambee-epidemique.jpg\" \/>\n\t<meta property=\"og:image:width\" content=\"648\" \/>\n\t<meta property=\"og:image:height\" content=\"360\" \/>\n\t<meta property=\"og:image:type\" content=\"image\/jpeg\" \/>\n<meta name=\"author\" content=\"favorite-news\" \/>\n<meta name=\"twitter:card\" content=\"summary_large_image\" \/>\n<meta name=\"twitter:label1\" content=\"\u00c9crit par\" \/>\n\t<meta name=\"twitter:data1\" content=\"favorite-news\" \/>\n\t<meta name=\"twitter:label2\" content=\"Dur\u00e9e de lecture estim\u00e9e\" \/>\n\t<meta name=\"twitter:data2\" content=\"1 minute\" \/>\n<script type=\"application\/ld+json\" class=\"yoast-schema-graph\">{\"@context\":\"https:\\\/\\\/schema.org\",\"@graph\":[{\"@type\":\"Article\",\"@id\":\"https:\\\/\\\/favorite-news.com\\\/fr\\\/sommet-europeen-en-videoconference-jeudi-sur-la-flambee-epidemique\\\/#article\",\"isPartOf\":{\"@id\":\"https:\\\/\\\/favorite-news.com\\\/fr\\\/sommet-europeen-en-videoconference-jeudi-sur-la-flambee-epidemique\\\/\"},\"author\":{\"name\":\"favorite-news\",\"@id\":\"https:\\\/\\\/favorite-news.com\\\/fr\\\/#\\\/schema\\\/person\\\/b66c4cfdd10a5bf16d7d5efda647111f\"},\"headline\":\"Sommet europ\u00e9en en videoconf\u00e9rence jeudi sur la flamb\u00e9e \u00e9pid\u00e9mique\",\"datePublished\":\"2021-03-21T11:38:09+00:00\",\"dateModified\":\"2021-03-21T11:38:11+00:00\",\"mainEntityOfPage\":{\"@id\":\"https:\\\/\\\/favorite-news.com\\\/fr\\\/sommet-europeen-en-videoconference-jeudi-sur-la-flambee-epidemique\\\/\"},\"wordCount\":295,\"commentCount\":0,\"image\":{\"@id\":\"https:\\\/\\\/favorite-news.com\\\/fr\\\/sommet-europeen-en-videoconference-jeudi-sur-la-flambee-epidemique\\\/#primaryimage\"},\"thumbnailUrl\":\"https:\\\/\\\/favorite-news.com\\\/fr\\\/wp-content\\\/uploads\\\/sites\\\/12\\\/2021\\\/03\\\/Sommet-europeen-en-videoconference-jeudi-sur-la-flambee-epidemique.jpg\",\"articleSection\":[\"NOUVELLES\"],\"inLanguage\":\"fr-FR\",\"potentialAction\":[{\"@type\":\"CommentAction\",\"name\":\"Comment\",\"target\":[\"https:\\\/\\\/favorite-news.com\\\/fr\\\/sommet-europeen-en-videoconference-jeudi-sur-la-flambee-epidemique\\\/#respond\"]}]},{\"@type\":\"WebPage\",\"@id\":\"https:\\\/\\\/favorite-news.com\\\/fr\\\/sommet-europeen-en-videoconference-jeudi-sur-la-flambee-epidemique\\\/\",\"url\":\"https:\\\/\\\/favorite-news.com\\\/fr\\\/sommet-europeen-en-videoconference-jeudi-sur-la-flambee-epidemique\\\/\",\"name\":\"Sommet europ\u00e9en en videoconf\u00e9rence jeudi sur la flamb\u00e9e \u00e9pid\u00e9mique - Favorite News\",\"isPartOf\":{\"@id\":\"https:\\\/\\\/favorite-news.com\\\/fr\\\/#website\"},\"primaryImageOfPage\":{\"@id\":\"https:\\\/\\\/favorite-news.com\\\/fr\\\/sommet-europeen-en-videoconference-jeudi-sur-la-flambee-epidemique\\\/#primaryimage\"},\"image\":{\"@id\":\"https:\\\/\\\/favorite-news.com\\\/fr\\\/sommet-europeen-en-videoconference-jeudi-sur-la-flambee-epidemique\\\/#primaryimage\"},\"thumbnailUrl\":\"https:\\\/\\\/favorite-news.com\\\/fr\\\/wp-content\\\/uploads\\\/sites\\\/12\\\/2021\\\/03\\\/Sommet-europeen-en-videoconference-jeudi-sur-la-flambee-epidemique.jpg\",\"datePublished\":\"2021-03-21T11:38:09+00:00\",\"dateModified\":\"2021-03-21T11:38:11+00:00\",\"author\":{\"@id\":\"https:\\\/\\\/favorite-news.com\\\/fr\\\/#\\\/schema\\\/person\\\/b66c4cfdd10a5bf16d7d5efda647111f\"},\"breadcrumb\":{\"@id\":\"https:\\\/\\\/favorite-news.com\\\/fr\\\/sommet-europeen-en-videoconference-jeudi-sur-la-flambee-epidemique\\\/#breadcrumb\"},\"inLanguage\":\"fr-FR\",\"potentialAction\":[{\"@type\":\"ReadAction\",\"target\":[\"https:\\\/\\\/favorite-news.com\\\/fr\\\/sommet-europeen-en-videoconference-jeudi-sur-la-flambee-epidemique\\\/\"]}]},{\"@type\":\"ImageObject\",\"inLanguage\":\"fr-FR\",\"@id\":\"https:\\\/\\\/favorite-news.com\\\/fr\\\/sommet-europeen-en-videoconference-jeudi-sur-la-flambee-epidemique\\\/#primaryimage\",\"url\":\"https:\\\/\\\/favorite-news.com\\\/fr\\\/wp-content\\\/uploads\\\/sites\\\/12\\\/2021\\\/03\\\/Sommet-europeen-en-videoconference-jeudi-sur-la-flambee-epidemique.jpg\",\"contentUrl\":\"https:\\\/\\\/favorite-news.com\\\/fr\\\/wp-content\\\/uploads\\\/sites\\\/12\\\/2021\\\/03\\\/Sommet-europeen-en-videoconference-jeudi-sur-la-flambee-epidemique.jpg\",\"width\":648,\"height\":360,\"caption\":\"Sommet europ\u00e9en en videoconf\u00e9rence jeudi sur la flamb\u00e9e \u00e9pid\u00e9mique\"},{\"@type\":\"BreadcrumbList\",\"@id\":\"https:\\\/\\\/favorite-news.com\\\/fr\\\/sommet-europeen-en-videoconference-jeudi-sur-la-flambee-epidemique\\\/#breadcrumb\",\"itemListElement\":[{\"@type\":\"ListItem\",\"position\":1,\"name\":\"Home\",\"item\":\"https:\\\/\\\/favorite-news.com\\\/fr\\\/\"},{\"@type\":\"ListItem\",\"position\":2,\"name\":\"Sommet europ\u00e9en en videoconf\u00e9rence jeudi sur la flamb\u00e9e \u00e9pid\u00e9mique\"}]},{\"@type\":\"WebSite\",\"@id\":\"https:\\\/\\\/favorite-news.com\\\/fr\\\/#website\",\"url\":\"https:\\\/\\\/favorite-news.com\\\/fr\\\/\",\"name\":\"Favorite News\",\"description\":\"Favorite News France\",\"potentialAction\":[{\"@type\":\"SearchAction\",\"target\":{\"@type\":\"EntryPoint\",\"urlTemplate\":\"https:\\\/\\\/favorite-news.com\\\/fr\\\/?s={search_term_string}\"},\"query-input\":{\"@type\":\"PropertyValueSpecification\",\"valueRequired\":true,\"valueName\":\"search_term_string\"}}],\"inLanguage\":\"fr-FR\"},{\"@type\":\"Person\",\"@id\":\"https:\\\/\\\/favorite-news.com\\\/fr\\\/#\\\/schema\\\/person\\\/b66c4cfdd10a5bf16d7d5efda647111f\",\"name\":\"favorite-news\",\"image\":{\"@type\":\"ImageObject\",\"inLanguage\":\"fr-FR\",\"@id\":\"https:\\\/\\\/secure.gravatar.com\\\/avatar\\\/f89959e01423a9ee3c2debbcf830eb021c575de0e1b3781ca3ae392b71c615a1?s=96&d=mm&r=g\",\"url\":\"https:\\\/\\\/secure.gravatar.com\\\/avatar\\\/f89959e01423a9ee3c2debbcf830eb021c575de0e1b3781ca3ae392b71c615a1?s=96&d=mm&r=g\",\"contentUrl\":\"https:\\\/\\\/secure.gravatar.com\\\/avatar\\\/f89959e01423a9ee3c2debbcf830eb021c575de0e1b3781ca3ae392b71c615a1?s=96&d=mm&r=g\",\"caption\":\"favorite-news\"},\"url\":\"https:\\\/\\\/favorite-news.com\\\/fr\\\/author\\\/ruby\\\/\"}]}<\/script>\n<!-- \/ Yoast SEO plugin. -->","yoast_head_json":{"title":"Sommet europ\u00e9en en videoconf\u00e9rence jeudi sur la flamb\u00e9e \u00e9pid\u00e9mique - Favorite News","robots":{"index":"index","follow":"follow","max-snippet":"max-snippet:-1","max-image-preview":"max-image-preview:large","max-video-preview":"max-video-preview:-1"},"canonical":"https:\/\/favorite-news.com\/fr\/sommet-europeen-en-videoconference-jeudi-sur-la-flambee-epidemique\/","og_locale":"fr_FR","og_type":"article","og_title":"Sommet europ\u00e9en en videoconf\u00e9rence jeudi sur la flamb\u00e9e \u00e9pid\u00e9mique - Favorite News","og_description":"La moquette de Bruxelles restera propre : le sommet de ce jeudi aura lieu en visio-conf\u00e9rence. (illustration) \u2014 YVES HERMAN \/ POOL \/ AFP Face \u00e0 l\u2019acc\u00e9l\u00e9ration de la troisi\u00e8me vague de la pand\u00e9mie de coronavirus\u00a0en Europe, les dirigeants &#13; europ\u00e9ens vont se r\u00e9unir, jeudi et vendredi, lors d\u2019un sommet en vid\u00e9oconf\u00e9rence, a annonc\u00e9 un [&hellip;]","og_url":"https:\/\/favorite-news.com\/fr\/sommet-europeen-en-videoconference-jeudi-sur-la-flambee-epidemique\/","og_site_name":"Favorite News","article_published_time":"2021-03-21T11:38:09+00:00","article_modified_time":"2021-03-21T11:38:11+00:00","og_image":[{"width":648,"height":360,"url":"https:\/\/favorite-news.com\/fr\/wp-content\/uploads\/sites\/12\/2021\/03\/Sommet-europeen-en-videoconference-jeudi-sur-la-flambee-epidemique.jpg","type":"image\/jpeg"}],"author":"favorite-news","twitter_card":"summary_large_image","twitter_misc":{"\u00c9crit par":"favorite-news","Dur\u00e9e de lecture estim\u00e9e":"1 minute"},"schema":{"@context":"https:\/\/schema.org","@graph":[{"@type":"Article","@id":"https:\/\/favorite-news.com\/fr\/sommet-europeen-en-videoconference-jeudi-sur-la-flambee-epidemique\/#article","isPartOf":{"@id":"https:\/\/favorite-news.com\/fr\/sommet-europeen-en-videoconference-jeudi-sur-la-flambee-epidemique\/"},"author":{"name":"favorite-news","@id":"https:\/\/favorite-news.com\/fr\/#\/schema\/person\/b66c4cfdd10a5bf16d7d5efda647111f"},"headline":"Sommet europ\u00e9en en videoconf\u00e9rence jeudi sur la flamb\u00e9e \u00e9pid\u00e9mique","datePublished":"2021-03-21T11:38:09+00:00","dateModified":"2021-03-21T11:38:11+00:00","mainEntityOfPage":{"@id":"https:\/\/favorite-news.com\/fr\/sommet-europeen-en-videoconference-jeudi-sur-la-flambee-epidemique\/"},"wordCount":295,"commentCount":0,"image":{"@id":"https:\/\/favorite-news.com\/fr\/sommet-europeen-en-videoconference-jeudi-sur-la-flambee-epidemique\/#primaryimage"},"thumbnailUrl":"https:\/\/favorite-news.com\/fr\/wp-content\/uploads\/sites\/12\/2021\/03\/Sommet-europeen-en-videoconference-jeudi-sur-la-flambee-epidemique.jpg","articleSection":["NOUVELLES"],"inLanguage":"fr-FR","potentialAction":[{"@type":"CommentAction","name":"Comment","target":["https:\/\/favorite-news.com\/fr\/sommet-europeen-en-videoconference-jeudi-sur-la-flambee-epidemique\/#respond"]}]},{"@type":"WebPage","@id":"https:\/\/favorite-news.com\/fr\/sommet-europeen-en-videoconference-jeudi-sur-la-flambee-epidemique\/","url":"https:\/\/favorite-news.com\/fr\/sommet-europeen-en-videoconference-jeudi-sur-la-flambee-epidemique\/","name":"Sommet europ\u00e9en en videoconf\u00e9rence jeudi sur la flamb\u00e9e \u00e9pid\u00e9mique - Favorite News","isPartOf":{"@id":"https:\/\/favorite-news.com\/fr\/#website"},"primaryImageOfPage":{"@id":"https:\/\/favorite-news.com\/fr\/sommet-europeen-en-videoconference-jeudi-sur-la-flambee-epidemique\/#primaryimage"},"image":{"@id":"https:\/\/favorite-news.com\/fr\/sommet-europeen-en-videoconference-jeudi-sur-la-flambee-epidemique\/#primaryimage"},"thumbnailUrl":"https:\/\/favorite-news.com\/fr\/wp-content\/uploads\/sites\/12\/2021\/03\/Sommet-europeen-en-videoconference-jeudi-sur-la-flambee-epidemique.jpg","datePublished":"2021-03-21T11:38:09+00:00","dateModified":"2021-03-21T11:38:11+00:00","author":{"@id":"https:\/\/favorite-news.com\/fr\/#\/schema\/person\/b66c4cfdd10a5bf16d7d5efda647111f"},"breadcrumb":{"@id":"https:\/\/favorite-news.com\/fr\/sommet-europeen-en-videoconference-jeudi-sur-la-flambee-epidemique\/#breadcrumb"},"inLanguage":"fr-FR","potentialAction":[{"@type":"ReadAction","target":["https:\/\/favorite-news.com\/fr\/sommet-europeen-en-videoconference-jeudi-sur-la-flambee-epidemique\/"]}]},{"@type":"ImageObject","inLanguage":"fr-FR","@id":"https:\/\/favorite-news.com\/fr\/sommet-europeen-en-videoconference-jeudi-sur-la-flambee-epidemique\/#primaryimage","url":"https:\/\/favorite-news.com\/fr\/wp-content\/uploads\/sites\/12\/2021\/03\/Sommet-europeen-en-videoconference-jeudi-sur-la-flambee-epidemique.jpg","contentUrl":"https:\/\/favorite-news.com\/fr\/wp-content\/uploads\/sites\/12\/2021\/03\/Sommet-europeen-en-videoconference-jeudi-sur-la-flambee-epidemique.jpg","width":648,"height":360,"caption":"Sommet europ\u00e9en en videoconf\u00e9rence jeudi sur la flamb\u00e9e \u00e9pid\u00e9mique"},{"@type":"BreadcrumbList","@id":"https:\/\/favorite-news.com\/fr\/sommet-europeen-en-videoconference-jeudi-sur-la-flambee-epidemique\/#breadcrumb","itemListElement":[{"@type":"ListItem","position":1,"name":"Home","item":"https:\/\/favorite-news.com\/fr\/"},{"@type":"ListItem","position":2,"name":"Sommet europ\u00e9en en videoconf\u00e9rence jeudi sur la flamb\u00e9e \u00e9pid\u00e9mique"}]},{"@type":"WebSite","@id":"https:\/\/favorite-news.com\/fr\/#website","url":"https:\/\/favorite-news.com\/fr\/","name":"Favorite News","description":"Favorite News France","potentialAction":[{"@type":"SearchAction","target":{"@type":"EntryPoint","urlTemplate":"https:\/\/favorite-news.com\/fr\/?s={search_term_string}"},"query-input":{"@type":"PropertyValueSpecification","valueRequired":true,"valueName":"search_term_string"}}],"inLanguage":"fr-FR"},{"@type":"Person","@id":"https:\/\/favorite-news.com\/fr\/#\/schema\/person\/b66c4cfdd10a5bf16d7d5efda647111f","name":"favorite-news","image":{"@type":"ImageObject","inLanguage":"fr-FR","@id":"https:\/\/secure.gravatar.com\/avatar\/f89959e01423a9ee3c2debbcf830eb021c575de0e1b3781ca3ae392b71c615a1?s=96&d=mm&r=g","url":"https:\/\/secure.gravatar.com\/avatar\/f89959e01423a9ee3c2debbcf830eb021c575de0e1b3781ca3ae392b71c615a1?s=96&d=mm&r=g","contentUrl":"https:\/\/secure.gravatar.com\/avatar\/f89959e01423a9ee3c2debbcf830eb021c575de0e1b3781ca3ae392b71c615a1?s=96&d=mm&r=g","caption":"favorite-news"},"url":"https:\/\/favorite-news.com\/fr\/author\/ruby\/"}]}},"_links":{"self":[{"href":"https:\/\/favorite-news.com\/fr\/wp-json\/wp\/v2\/posts\/1097","targetHints":{"allow":["GET"]}}],"collection":[{"href":"https:\/\/favorite-news.com\/fr\/wp-json\/wp\/v2\/posts"}],"about":[{"href":"https:\/\/favorite-news.com\/fr\/wp-json\/wp\/v2\/types\/post"}],"author":[{"embeddable":true,"href":"https:\/\/favorite-news.com\/fr\/wp-json\/wp\/v2\/users\/1"}],"replies":[{"embeddable":true,"href":"https:\/\/favorite-news.com\/fr\/wp-json\/wp\/v2\/comments?post=1097"}],"version-history":[{"count":1,"href":"https:\/\/favorite-news.com\/fr\/wp-json\/wp\/v2\/posts\/1097\/revisions"}],"predecessor-version":[{"id":1099,"href":"https:\/\/favorite-news.com\/fr\/wp-json\/wp\/v2\/posts\/1097\/revisions\/1099"}],"wp:featuredmedia":[{"embeddable":true,"href":"https:\/\/favorite-news.com\/fr\/wp-json\/wp\/v2\/media\/1098"}],"wp:attachment":[{"href":"https:\/\/favorite-news.com\/fr\/wp-json\/wp\/v2\/media?parent=1097"}],"wp:term":[{"taxonomy":"category","embeddable":true,"href":"https:\/\/favorite-news.com\/fr\/wp-json\/wp\/v2\/categories?post=1097"},{"taxonomy":"post_tag","embeddable":true,"href":"https:\/\/favorite-news.com\/fr\/wp-json\/wp\/v2\/tags?post=1097"}],"curies":[{"name":"wp","href":"https:\/\/api.w.org\/{rel}","templated":true}]}}