{"id":1067,"date":"2021-03-18T10:57:55","date_gmt":"2021-03-18T10:57:55","guid":{"rendered":"https:\/\/favorite-news.com\/fr\/sur-les-traces-de-la-revolution-de-1871-encore-visibles-dans-la-capitale\/"},"modified":"2021-03-18T10:57:57","modified_gmt":"2021-03-18T10:57:57","slug":"sur-les-traces-de-la-revolution-de-1871-encore-visibles-dans-la-capitale","status":"publish","type":"post","link":"https:\/\/favorite-news.com\/fr\/sur-les-traces-de-la-revolution-de-1871-encore-visibles-dans-la-capitale\/","title":{"rendered":"Sur les traces de la r\u00e9volution de 1871 encore visibles dans la capitale"},"content":{"rendered":"<p>                Sur les traces de la Commune de Paris \u2014 20 Minutes<br \/>\n            Abandonn\u00e9s dans des jardins ou\u00a0oubli\u00e9s dans des\u00a0squares, des t\u00e9moignages de la Commune de Paris restent pourtant visibles au promeneur averti dans les rues de &#13;<br \/>\nla capitale.<\/p>\n<p>Connu\u00a0pour les personnages illustres qui y sont enterr\u00e9s, le\u00a0cimeti\u00e8re du\u00a0P\u00e8re Lachaise\u00a0dans le XXe arrondissement, cache aussi l\u2019un des monuments les plus poignants de cette\u00a0r\u00e9volution\u00a0:\u00a0le mur des F\u00e9d\u00e9r\u00e9s. Appr\u00e9ci\u00e9 par des milliers de touristes chaque ann\u00e9e pour le panorama qu\u2019il offre sur Paris, &#13;<br \/>\nle Sacr\u00e9-C\u0153ur n\u2019en est pas moins un lieu symbolique de la r\u00e9pression sanglante des Communards.<\/p>\n<p>Un \u00ab\u00a0difficile consensus\u00a0\u00bb<\/p>\n<p>Guerre civile\u00a0ou\u00a0r\u00e9volution, ex\u00e9cutions sommaires massives, martyrs ou otages, cet \u00e9pisode tragique de l&rsquo;Histoire de Francedivise encore aujourd&rsquo;hui. Et ces vestiges oubli\u00e9s ou m\u00e9connus t\u00e9moignent du \u00ab\u00a0difficile consensus\u00a0\u00bb de travail de m\u00e9moire selon\u00a0Eric Fournier, ma\u00eetre de conf\u00e9rences habilit\u00e9 en histoire contemporaine \u00e0 Paris I Panth\u00e9on-Sorbonne, qui nous a emmen\u00e9s visiter tous ces lieux de m\u00e9moire.<\/p>\n<p>\n<!--noindex--><br \/>\n<a href=\"https:\/\/www.20minutes.fr\/paris\/3001191-20210318-150-ans-commune-paris-traces-encore-visibles-capitale#xtor=RSS-149\" rel=\"nofollow\">Source link <\/a><br \/>\n<!--\/noindex--><\/p>\n","protected":false},"excerpt":{"rendered":"<p>Sur les traces de la Commune de Paris \u2014 20 Minutes Abandonn\u00e9s dans des jardins ou\u00a0oubli\u00e9s dans des\u00a0squares, des t\u00e9moignages de la Commune de Paris restent pourtant visibles au promeneur averti dans les rues de &#13; la capitale. Connu\u00a0pour les personnages illustres qui y sont enterr\u00e9s, le\u00a0cimeti\u00e8re du\u00a0P\u00e8re Lachaise\u00a0dans le XXe arrondissement, cache aussi l\u2019un [&hellip;]<\/p>\n","protected":false},"author":1,"featured_media":1068,"comment_status":"open","ping_status":"open","sticky":false,"template":"","format":"standard","meta":{"footnotes":""},"categories":[1],"tags":[],"class_list":["post-1067","post","type-post","status-publish","format-standard","has-post-thumbnail","hentry","category-nouvelles"],"yoast_head":"<!-- This site is optimized with the Yoast SEO plugin v27.4 - https:\/\/yoast.com\/product\/yoast-seo-wordpress\/ -->\n<title>Sur les traces de la r\u00e9volution de 1871 encore visibles dans la capitale - Favorite News<\/title>\n<meta name=\"robots\" content=\"index, follow, max-snippet:-1, max-image-preview:large, max-video-preview:-1\" \/>\n<link rel=\"canonical\" href=\"https:\/\/favorite-news.com\/fr\/sur-les-traces-de-la-revolution-de-1871-encore-visibles-dans-la-capitale\/\" \/>\n<meta property=\"og:locale\" content=\"fr_FR\" \/>\n<meta property=\"og:type\" content=\"article\" \/>\n<meta property=\"og:title\" content=\"Sur les traces de la r\u00e9volution de 1871 encore visibles dans la capitale - Favorite News\" \/>\n<meta property=\"og:description\" content=\"Sur les traces de la Commune de Paris \u2014 20 Minutes Abandonn\u00e9s dans des jardins ou\u00a0oubli\u00e9s dans des\u00a0squares, des t\u00e9moignages de la Commune de Paris restent pourtant visibles au promeneur averti dans les rues de &#013; la capitale. Connu\u00a0pour les personnages illustres qui y sont enterr\u00e9s, le\u00a0cimeti\u00e8re du\u00a0P\u00e8re Lachaise\u00a0dans le XXe arrondissement, cache aussi l\u2019un [&hellip;]\" \/>\n<meta property=\"og:url\" content=\"https:\/\/favorite-news.com\/fr\/sur-les-traces-de-la-revolution-de-1871-encore-visibles-dans-la-capitale\/\" \/>\n<meta property=\"og:site_name\" content=\"Favorite News\" \/>\n<meta property=\"article:published_time\" content=\"2021-03-18T10:57:55+00:00\" \/>\n<meta property=\"article:modified_time\" content=\"2021-03-18T10:57:57+00:00\" \/>\n<meta property=\"og:image\" content=\"https:\/\/favorite-news.com\/fr\/wp-content\/uploads\/sites\/12\/2021\/03\/Sur-les-traces-de-la-revolution-de-1871-encore-visibles.jpg\" \/>\n\t<meta property=\"og:image:width\" content=\"648\" \/>\n\t<meta property=\"og:image:height\" content=\"360\" \/>\n\t<meta property=\"og:image:type\" content=\"image\/jpeg\" \/>\n<meta name=\"author\" content=\"favorite-news\" \/>\n<meta name=\"twitter:card\" content=\"summary_large_image\" \/>\n<meta name=\"twitter:label1\" content=\"\u00c9crit par\" \/>\n\t<meta name=\"twitter:data1\" content=\"favorite-news\" \/>\n\t<meta name=\"twitter:label2\" content=\"Dur\u00e9e de lecture estim\u00e9e\" \/>\n\t<meta name=\"twitter:data2\" content=\"1 minute\" \/>\n<script type=\"application\/ld+json\" class=\"yoast-schema-graph\">{\"@context\":\"https:\\\/\\\/schema.org\",\"@graph\":[{\"@type\":\"Article\",\"@id\":\"https:\\\/\\\/favorite-news.com\\\/fr\\\/sur-les-traces-de-la-revolution-de-1871-encore-visibles-dans-la-capitale\\\/#article\",\"isPartOf\":{\"@id\":\"https:\\\/\\\/favorite-news.com\\\/fr\\\/sur-les-traces-de-la-revolution-de-1871-encore-visibles-dans-la-capitale\\\/\"},\"author\":{\"name\":\"favorite-news\",\"@id\":\"https:\\\/\\\/favorite-news.com\\\/fr\\\/#\\\/schema\\\/person\\\/b66c4cfdd10a5bf16d7d5efda647111f\"},\"headline\":\"Sur les traces de la r\u00e9volution de 1871 encore visibles dans la capitale\",\"datePublished\":\"2021-03-18T10:57:55+00:00\",\"dateModified\":\"2021-03-18T10:57:57+00:00\",\"mainEntityOfPage\":{\"@id\":\"https:\\\/\\\/favorite-news.com\\\/fr\\\/sur-les-traces-de-la-revolution-de-1871-encore-visibles-dans-la-capitale\\\/\"},\"wordCount\":205,\"commentCount\":0,\"image\":{\"@id\":\"https:\\\/\\\/favorite-news.com\\\/fr\\\/sur-les-traces-de-la-revolution-de-1871-encore-visibles-dans-la-capitale\\\/#primaryimage\"},\"thumbnailUrl\":\"https:\\\/\\\/favorite-news.com\\\/fr\\\/wp-content\\\/uploads\\\/sites\\\/12\\\/2021\\\/03\\\/Sur-les-traces-de-la-revolution-de-1871-encore-visibles.jpg\",\"articleSection\":[\"NOUVELLES\"],\"inLanguage\":\"fr-FR\",\"potentialAction\":[{\"@type\":\"CommentAction\",\"name\":\"Comment\",\"target\":[\"https:\\\/\\\/favorite-news.com\\\/fr\\\/sur-les-traces-de-la-revolution-de-1871-encore-visibles-dans-la-capitale\\\/#respond\"]}]},{\"@type\":\"WebPage\",\"@id\":\"https:\\\/\\\/favorite-news.com\\\/fr\\\/sur-les-traces-de-la-revolution-de-1871-encore-visibles-dans-la-capitale\\\/\",\"url\":\"https:\\\/\\\/favorite-news.com\\\/fr\\\/sur-les-traces-de-la-revolution-de-1871-encore-visibles-dans-la-capitale\\\/\",\"name\":\"Sur les traces de la r\u00e9volution de 1871 encore visibles dans la capitale - Favorite News\",\"isPartOf\":{\"@id\":\"https:\\\/\\\/favorite-news.com\\\/fr\\\/#website\"},\"primaryImageOfPage\":{\"@id\":\"https:\\\/\\\/favorite-news.com\\\/fr\\\/sur-les-traces-de-la-revolution-de-1871-encore-visibles-dans-la-capitale\\\/#primaryimage\"},\"image\":{\"@id\":\"https:\\\/\\\/favorite-news.com\\\/fr\\\/sur-les-traces-de-la-revolution-de-1871-encore-visibles-dans-la-capitale\\\/#primaryimage\"},\"thumbnailUrl\":\"https:\\\/\\\/favorite-news.com\\\/fr\\\/wp-content\\\/uploads\\\/sites\\\/12\\\/2021\\\/03\\\/Sur-les-traces-de-la-revolution-de-1871-encore-visibles.jpg\",\"datePublished\":\"2021-03-18T10:57:55+00:00\",\"dateModified\":\"2021-03-18T10:57:57+00:00\",\"author\":{\"@id\":\"https:\\\/\\\/favorite-news.com\\\/fr\\\/#\\\/schema\\\/person\\\/b66c4cfdd10a5bf16d7d5efda647111f\"},\"breadcrumb\":{\"@id\":\"https:\\\/\\\/favorite-news.com\\\/fr\\\/sur-les-traces-de-la-revolution-de-1871-encore-visibles-dans-la-capitale\\\/#breadcrumb\"},\"inLanguage\":\"fr-FR\",\"potentialAction\":[{\"@type\":\"ReadAction\",\"target\":[\"https:\\\/\\\/favorite-news.com\\\/fr\\\/sur-les-traces-de-la-revolution-de-1871-encore-visibles-dans-la-capitale\\\/\"]}]},{\"@type\":\"ImageObject\",\"inLanguage\":\"fr-FR\",\"@id\":\"https:\\\/\\\/favorite-news.com\\\/fr\\\/sur-les-traces-de-la-revolution-de-1871-encore-visibles-dans-la-capitale\\\/#primaryimage\",\"url\":\"https:\\\/\\\/favorite-news.com\\\/fr\\\/wp-content\\\/uploads\\\/sites\\\/12\\\/2021\\\/03\\\/Sur-les-traces-de-la-revolution-de-1871-encore-visibles.jpg\",\"contentUrl\":\"https:\\\/\\\/favorite-news.com\\\/fr\\\/wp-content\\\/uploads\\\/sites\\\/12\\\/2021\\\/03\\\/Sur-les-traces-de-la-revolution-de-1871-encore-visibles.jpg\",\"width\":648,\"height\":360,\"caption\":\"Sur les traces de la r\u00e9volution de 1871 encore visibles dans la capitale\"},{\"@type\":\"BreadcrumbList\",\"@id\":\"https:\\\/\\\/favorite-news.com\\\/fr\\\/sur-les-traces-de-la-revolution-de-1871-encore-visibles-dans-la-capitale\\\/#breadcrumb\",\"itemListElement\":[{\"@type\":\"ListItem\",\"position\":1,\"name\":\"Home\",\"item\":\"https:\\\/\\\/favorite-news.com\\\/fr\\\/\"},{\"@type\":\"ListItem\",\"position\":2,\"name\":\"Sur les traces de la r\u00e9volution de 1871 encore visibles dans la capitale\"}]},{\"@type\":\"WebSite\",\"@id\":\"https:\\\/\\\/favorite-news.com\\\/fr\\\/#website\",\"url\":\"https:\\\/\\\/favorite-news.com\\\/fr\\\/\",\"name\":\"Favorite News\",\"description\":\"Favorite News France\",\"potentialAction\":[{\"@type\":\"SearchAction\",\"target\":{\"@type\":\"EntryPoint\",\"urlTemplate\":\"https:\\\/\\\/favorite-news.com\\\/fr\\\/?s={search_term_string}\"},\"query-input\":{\"@type\":\"PropertyValueSpecification\",\"valueRequired\":true,\"valueName\":\"search_term_string\"}}],\"inLanguage\":\"fr-FR\"},{\"@type\":\"Person\",\"@id\":\"https:\\\/\\\/favorite-news.com\\\/fr\\\/#\\\/schema\\\/person\\\/b66c4cfdd10a5bf16d7d5efda647111f\",\"name\":\"favorite-news\",\"image\":{\"@type\":\"ImageObject\",\"inLanguage\":\"fr-FR\",\"@id\":\"https:\\\/\\\/secure.gravatar.com\\\/avatar\\\/f89959e01423a9ee3c2debbcf830eb021c575de0e1b3781ca3ae392b71c615a1?s=96&d=mm&r=g\",\"url\":\"https:\\\/\\\/secure.gravatar.com\\\/avatar\\\/f89959e01423a9ee3c2debbcf830eb021c575de0e1b3781ca3ae392b71c615a1?s=96&d=mm&r=g\",\"contentUrl\":\"https:\\\/\\\/secure.gravatar.com\\\/avatar\\\/f89959e01423a9ee3c2debbcf830eb021c575de0e1b3781ca3ae392b71c615a1?s=96&d=mm&r=g\",\"caption\":\"favorite-news\"},\"url\":\"https:\\\/\\\/favorite-news.com\\\/fr\\\/author\\\/ruby\\\/\"}]}<\/script>\n<!-- \/ Yoast SEO plugin. -->","yoast_head_json":{"title":"Sur les traces de la r\u00e9volution de 1871 encore visibles dans la capitale - Favorite News","robots":{"index":"index","follow":"follow","max-snippet":"max-snippet:-1","max-image-preview":"max-image-preview:large","max-video-preview":"max-video-preview:-1"},"canonical":"https:\/\/favorite-news.com\/fr\/sur-les-traces-de-la-revolution-de-1871-encore-visibles-dans-la-capitale\/","og_locale":"fr_FR","og_type":"article","og_title":"Sur les traces de la r\u00e9volution de 1871 encore visibles dans la capitale - Favorite News","og_description":"Sur les traces de la Commune de Paris \u2014 20 Minutes Abandonn\u00e9s dans des jardins ou\u00a0oubli\u00e9s dans des\u00a0squares, des t\u00e9moignages de la Commune de Paris restent pourtant visibles au promeneur averti dans les rues de &#13; la capitale. Connu\u00a0pour les personnages illustres qui y sont enterr\u00e9s, le\u00a0cimeti\u00e8re du\u00a0P\u00e8re Lachaise\u00a0dans le XXe arrondissement, cache aussi l\u2019un [&hellip;]","og_url":"https:\/\/favorite-news.com\/fr\/sur-les-traces-de-la-revolution-de-1871-encore-visibles-dans-la-capitale\/","og_site_name":"Favorite News","article_published_time":"2021-03-18T10:57:55+00:00","article_modified_time":"2021-03-18T10:57:57+00:00","og_image":[{"width":648,"height":360,"url":"https:\/\/favorite-news.com\/fr\/wp-content\/uploads\/sites\/12\/2021\/03\/Sur-les-traces-de-la-revolution-de-1871-encore-visibles.jpg","type":"image\/jpeg"}],"author":"favorite-news","twitter_card":"summary_large_image","twitter_misc":{"\u00c9crit par":"favorite-news","Dur\u00e9e de lecture estim\u00e9e":"1 minute"},"schema":{"@context":"https:\/\/schema.org","@graph":[{"@type":"Article","@id":"https:\/\/favorite-news.com\/fr\/sur-les-traces-de-la-revolution-de-1871-encore-visibles-dans-la-capitale\/#article","isPartOf":{"@id":"https:\/\/favorite-news.com\/fr\/sur-les-traces-de-la-revolution-de-1871-encore-visibles-dans-la-capitale\/"},"author":{"name":"favorite-news","@id":"https:\/\/favorite-news.com\/fr\/#\/schema\/person\/b66c4cfdd10a5bf16d7d5efda647111f"},"headline":"Sur les traces de la r\u00e9volution de 1871 encore visibles dans la capitale","datePublished":"2021-03-18T10:57:55+00:00","dateModified":"2021-03-18T10:57:57+00:00","mainEntityOfPage":{"@id":"https:\/\/favorite-news.com\/fr\/sur-les-traces-de-la-revolution-de-1871-encore-visibles-dans-la-capitale\/"},"wordCount":205,"commentCount":0,"image":{"@id":"https:\/\/favorite-news.com\/fr\/sur-les-traces-de-la-revolution-de-1871-encore-visibles-dans-la-capitale\/#primaryimage"},"thumbnailUrl":"https:\/\/favorite-news.com\/fr\/wp-content\/uploads\/sites\/12\/2021\/03\/Sur-les-traces-de-la-revolution-de-1871-encore-visibles.jpg","articleSection":["NOUVELLES"],"inLanguage":"fr-FR","potentialAction":[{"@type":"CommentAction","name":"Comment","target":["https:\/\/favorite-news.com\/fr\/sur-les-traces-de-la-revolution-de-1871-encore-visibles-dans-la-capitale\/#respond"]}]},{"@type":"WebPage","@id":"https:\/\/favorite-news.com\/fr\/sur-les-traces-de-la-revolution-de-1871-encore-visibles-dans-la-capitale\/","url":"https:\/\/favorite-news.com\/fr\/sur-les-traces-de-la-revolution-de-1871-encore-visibles-dans-la-capitale\/","name":"Sur les traces de la r\u00e9volution de 1871 encore visibles dans la capitale - Favorite News","isPartOf":{"@id":"https:\/\/favorite-news.com\/fr\/#website"},"primaryImageOfPage":{"@id":"https:\/\/favorite-news.com\/fr\/sur-les-traces-de-la-revolution-de-1871-encore-visibles-dans-la-capitale\/#primaryimage"},"image":{"@id":"https:\/\/favorite-news.com\/fr\/sur-les-traces-de-la-revolution-de-1871-encore-visibles-dans-la-capitale\/#primaryimage"},"thumbnailUrl":"https:\/\/favorite-news.com\/fr\/wp-content\/uploads\/sites\/12\/2021\/03\/Sur-les-traces-de-la-revolution-de-1871-encore-visibles.jpg","datePublished":"2021-03-18T10:57:55+00:00","dateModified":"2021-03-18T10:57:57+00:00","author":{"@id":"https:\/\/favorite-news.com\/fr\/#\/schema\/person\/b66c4cfdd10a5bf16d7d5efda647111f"},"breadcrumb":{"@id":"https:\/\/favorite-news.com\/fr\/sur-les-traces-de-la-revolution-de-1871-encore-visibles-dans-la-capitale\/#breadcrumb"},"inLanguage":"fr-FR","potentialAction":[{"@type":"ReadAction","target":["https:\/\/favorite-news.com\/fr\/sur-les-traces-de-la-revolution-de-1871-encore-visibles-dans-la-capitale\/"]}]},{"@type":"ImageObject","inLanguage":"fr-FR","@id":"https:\/\/favorite-news.com\/fr\/sur-les-traces-de-la-revolution-de-1871-encore-visibles-dans-la-capitale\/#primaryimage","url":"https:\/\/favorite-news.com\/fr\/wp-content\/uploads\/sites\/12\/2021\/03\/Sur-les-traces-de-la-revolution-de-1871-encore-visibles.jpg","contentUrl":"https:\/\/favorite-news.com\/fr\/wp-content\/uploads\/sites\/12\/2021\/03\/Sur-les-traces-de-la-revolution-de-1871-encore-visibles.jpg","width":648,"height":360,"caption":"Sur les traces de la r\u00e9volution de 1871 encore visibles dans la capitale"},{"@type":"BreadcrumbList","@id":"https:\/\/favorite-news.com\/fr\/sur-les-traces-de-la-revolution-de-1871-encore-visibles-dans-la-capitale\/#breadcrumb","itemListElement":[{"@type":"ListItem","position":1,"name":"Home","item":"https:\/\/favorite-news.com\/fr\/"},{"@type":"ListItem","position":2,"name":"Sur les traces de la r\u00e9volution de 1871 encore visibles dans la capitale"}]},{"@type":"WebSite","@id":"https:\/\/favorite-news.com\/fr\/#website","url":"https:\/\/favorite-news.com\/fr\/","name":"Favorite News","description":"Favorite News France","potentialAction":[{"@type":"SearchAction","target":{"@type":"EntryPoint","urlTemplate":"https:\/\/favorite-news.com\/fr\/?s={search_term_string}"},"query-input":{"@type":"PropertyValueSpecification","valueRequired":true,"valueName":"search_term_string"}}],"inLanguage":"fr-FR"},{"@type":"Person","@id":"https:\/\/favorite-news.com\/fr\/#\/schema\/person\/b66c4cfdd10a5bf16d7d5efda647111f","name":"favorite-news","image":{"@type":"ImageObject","inLanguage":"fr-FR","@id":"https:\/\/secure.gravatar.com\/avatar\/f89959e01423a9ee3c2debbcf830eb021c575de0e1b3781ca3ae392b71c615a1?s=96&d=mm&r=g","url":"https:\/\/secure.gravatar.com\/avatar\/f89959e01423a9ee3c2debbcf830eb021c575de0e1b3781ca3ae392b71c615a1?s=96&d=mm&r=g","contentUrl":"https:\/\/secure.gravatar.com\/avatar\/f89959e01423a9ee3c2debbcf830eb021c575de0e1b3781ca3ae392b71c615a1?s=96&d=mm&r=g","caption":"favorite-news"},"url":"https:\/\/favorite-news.com\/fr\/author\/ruby\/"}]}},"_links":{"self":[{"href":"https:\/\/favorite-news.com\/fr\/wp-json\/wp\/v2\/posts\/1067","targetHints":{"allow":["GET"]}}],"collection":[{"href":"https:\/\/favorite-news.com\/fr\/wp-json\/wp\/v2\/posts"}],"about":[{"href":"https:\/\/favorite-news.com\/fr\/wp-json\/wp\/v2\/types\/post"}],"author":[{"embeddable":true,"href":"https:\/\/favorite-news.com\/fr\/wp-json\/wp\/v2\/users\/1"}],"replies":[{"embeddable":true,"href":"https:\/\/favorite-news.com\/fr\/wp-json\/wp\/v2\/comments?post=1067"}],"version-history":[{"count":1,"href":"https:\/\/favorite-news.com\/fr\/wp-json\/wp\/v2\/posts\/1067\/revisions"}],"predecessor-version":[{"id":1069,"href":"https:\/\/favorite-news.com\/fr\/wp-json\/wp\/v2\/posts\/1067\/revisions\/1069"}],"wp:featuredmedia":[{"embeddable":true,"href":"https:\/\/favorite-news.com\/fr\/wp-json\/wp\/v2\/media\/1068"}],"wp:attachment":[{"href":"https:\/\/favorite-news.com\/fr\/wp-json\/wp\/v2\/media?parent=1067"}],"wp:term":[{"taxonomy":"category","embeddable":true,"href":"https:\/\/favorite-news.com\/fr\/wp-json\/wp\/v2\/categories?post=1067"},{"taxonomy":"post_tag","embeddable":true,"href":"https:\/\/favorite-news.com\/fr\/wp-json\/wp\/v2\/tags?post=1067"}],"curies":[{"name":"wp","href":"https:\/\/api.w.org\/{rel}","templated":true}]}}