{"id":1062,"date":"2021-03-17T10:27:13","date_gmt":"2021-03-17T10:27:13","guid":{"rendered":"https:\/\/favorite-news.com\/fr\/une-enquete-est-ouverte-pour-lassassinat-dune-bordelaise-a-cayenne\/"},"modified":"2021-03-17T10:27:16","modified_gmt":"2021-03-17T10:27:16","slug":"une-enquete-est-ouverte-pour-lassassinat-dune-bordelaise-a-cayenne","status":"publish","type":"post","link":"https:\/\/favorite-news.com\/fr\/une-enquete-est-ouverte-pour-lassassinat-dune-bordelaise-a-cayenne\/","title":{"rendered":"Une enqu\u00eate est ouverte pour \u00ab\u00a0l&rsquo;assassinat\u00a0\u00bb d\u2019une Bordelaise \u00e0 Cayenne"},"content":{"rendered":"<p>                Des policiers municipaux \u00e0 Cayenne (illustration) \u2014 QUENDEZ NICOLAS\/SIPA<br \/>\n            Alicia Faye est morte tr\u00e8s loin de sa r\u00e9gion. Une enqu\u00eate pour \u00ab\u00a0assassinat\u00a0\u00bb a \u00e9t\u00e9 ouverte en Guyane, suite au d\u00e9c\u00e8s de cette jeune femme originaire de la r\u00e9gion de &#13;<br \/>\nBordeaux, a annonc\u00e9 mardi apr\u00e8s-midi le procureur de la R\u00e9publique de Cayenne Samuel Finielz.<\/p>\n<p>Ag\u00e9e de 25 ans, elle a \u00e9t\u00e9 retrouv\u00e9e sans vie samedi matin dans le quartier \u00ab\u00a0Raban\/Baduel\u00a0\u00bb de Cayenne par des riverains. \u00ab\u00a0Les premi\u00e8res constatations effectu\u00e9es sur place r\u00e9v\u00e8lent qu\u2019elle est d\u00e9c\u00e9d\u00e9e d\u2019une blessure par arme \u00e0 feu localis\u00e9e sur la r\u00e9gion frontale du cr\u00e2ne\u00a0\u00bb, selon le communiqu\u00e9 du procureur.<\/p>\n<p>La famille \u00ab\u00a0ne savait pas qu\u2019elle \u00e9tait en Guyane\u00a0\u00bb<\/p>\n<p>\u00ab\u00a0On a commenc\u00e9 \u00e0 s\u2019inqui\u00e9ter quand on n\u2019a plus eu de nouvelles de son portable [\u2026] samedi, mais samedi matin elle \u00e9tait d\u00e9j\u00e0 morte\u00a0\u00bb a d\u00e9clar\u00e9 mardi \u00e0 Guyane la 1\u00e8re radio, Bernard Faye, le p\u00e8re de la victime. Celui-ci est par ailleurs entra\u00eeneur au Boxing club Montferrandais, un club de la p\u00e9riph\u00e9rie de Bordeaux, a indiqu\u00e9 le site d\u2019information Guyaweb. \u00ab\u00a0On ne savait pas qu\u2019elle \u00e9tait en &#13;<br \/>\nGuyane. Elle est partie parce qu\u2019elle \u00e9tait avec un Guyanais qui l\u2019a rabattue sur la Guyane en lui brouillant la t\u00eate ou je ne sais pas par quel moyen\u2026\u00a0\u00bb, a encore d\u00e9clar\u00e9 le p\u00e8re de la d\u00e9funte.<\/p>\n<p>La brigade criminelle du service territorial de police judiciaire de Cayenne a \u00e9t\u00e9 saisie dans cette affaire \u00ab\u00a0dans le cadre d\u2019une enqu\u00eate de flagrance ouverte du chef d\u2019assassinat\u00a0\u00bb, a encore indiqu\u00e9 le procureur. \u00ab\u00a0Le service r\u00e9gional de police judiciaire de Bordeaux est co-saisi de l\u2019enqu\u00eate\u00a0\u00bb, a ajout\u00e9 Samuel Finielz. L\u2019autopsie de la victime est programm\u00e9e vendredi \u00e0 l\u2019institut de m\u00e9decine l\u00e9gale de Cayenne.<\/p>\n<p>Un juge d\u2019instruction bient\u00f4t saisi<\/p>\n<p>\u00ab\u00a0C\u2019\u00e9tait une sportive, elle avait des valeurs ma fille [\u2026] On me l\u2019a tu\u00e9e [\u2026] Ce sont des irrespectueux, des pourris, il faut qu\u2019ils finissent derri\u00e8re les barreaux d\u2019une prison fran\u00e7aise\u00a0\u00bb, a encore d\u00e9clar\u00e9 le p\u00e8re de la victime sur Guyane la 1\u00e8re. Le parquet de Cayenne a annonc\u00e9 la \u00ab\u00a0saisine d\u2019un juge d\u2019instruction dans le courant de la semaine prochaine\u00a0\u00bb, une obligation du code de proc\u00e9dure p\u00e9nale en cas de crime pr\u00e9sum\u00e9.<\/p>\n<p>\n<!--noindex--><br \/>\n<a href=\"https:\/\/www.20minutes.fr\/justice\/3000551-20210317-guyane-enquete-ouverte-assassinat-bordelaise-cayenne#xtor=RSS-149\" rel=\"nofollow\">Source link <\/a><br \/>\n<!--\/noindex--><\/p>\n","protected":false},"excerpt":{"rendered":"<p>Des policiers municipaux \u00e0 Cayenne (illustration) \u2014 QUENDEZ NICOLAS\/SIPA Alicia Faye est morte tr\u00e8s loin de sa r\u00e9gion. Une enqu\u00eate pour \u00ab\u00a0assassinat\u00a0\u00bb a \u00e9t\u00e9 ouverte en Guyane, suite au d\u00e9c\u00e8s de cette jeune femme originaire de la r\u00e9gion de &#13; Bordeaux, a annonc\u00e9 mardi apr\u00e8s-midi le procureur de la R\u00e9publique de Cayenne Samuel Finielz. Ag\u00e9e [&hellip;]<\/p>\n","protected":false},"author":1,"featured_media":1063,"comment_status":"open","ping_status":"open","sticky":false,"template":"","format":"standard","meta":{"footnotes":""},"categories":[1],"tags":[],"class_list":["post-1062","post","type-post","status-publish","format-standard","has-post-thumbnail","hentry","category-nouvelles"],"yoast_head":"<!-- This site is optimized with the Yoast SEO plugin v27.4 - https:\/\/yoast.com\/product\/yoast-seo-wordpress\/ -->\n<title>Une enqu\u00eate est ouverte pour \u00ab\u00a0l&#039;assassinat\u00a0\u00bb d\u2019une Bordelaise \u00e0 Cayenne - Favorite News<\/title>\n<meta name=\"robots\" content=\"index, follow, max-snippet:-1, max-image-preview:large, max-video-preview:-1\" \/>\n<link rel=\"canonical\" href=\"https:\/\/favorite-news.com\/fr\/une-enquete-est-ouverte-pour-lassassinat-dune-bordelaise-a-cayenne\/\" \/>\n<meta property=\"og:locale\" content=\"fr_FR\" \/>\n<meta property=\"og:type\" content=\"article\" \/>\n<meta property=\"og:title\" content=\"Une enqu\u00eate est ouverte pour \u00ab\u00a0l&#039;assassinat\u00a0\u00bb d\u2019une Bordelaise \u00e0 Cayenne - Favorite News\" \/>\n<meta property=\"og:description\" content=\"Des policiers municipaux \u00e0 Cayenne (illustration) \u2014 QUENDEZ NICOLAS\/SIPA Alicia Faye est morte tr\u00e8s loin de sa r\u00e9gion. Une enqu\u00eate pour \u00ab\u00a0assassinat\u00a0\u00bb a \u00e9t\u00e9 ouverte en Guyane, suite au d\u00e9c\u00e8s de cette jeune femme originaire de la r\u00e9gion de &#013; Bordeaux, a annonc\u00e9 mardi apr\u00e8s-midi le procureur de la R\u00e9publique de Cayenne Samuel Finielz. Ag\u00e9e [&hellip;]\" \/>\n<meta property=\"og:url\" content=\"https:\/\/favorite-news.com\/fr\/une-enquete-est-ouverte-pour-lassassinat-dune-bordelaise-a-cayenne\/\" \/>\n<meta property=\"og:site_name\" content=\"Favorite News\" \/>\n<meta property=\"article:published_time\" content=\"2021-03-17T10:27:13+00:00\" \/>\n<meta property=\"article:modified_time\" content=\"2021-03-17T10:27:16+00:00\" \/>\n<meta property=\"og:image\" content=\"https:\/\/favorite-news.com\/fr\/wp-content\/uploads\/sites\/12\/2021\/03\/Une-enquete-est-ouverte-pour-lassassinat-dune-Bordelaise-a-Cayenne.jpg\" \/>\n\t<meta property=\"og:image:width\" content=\"648\" \/>\n\t<meta property=\"og:image:height\" content=\"360\" \/>\n\t<meta property=\"og:image:type\" content=\"image\/jpeg\" \/>\n<meta name=\"author\" content=\"favorite-news\" \/>\n<meta name=\"twitter:card\" content=\"summary_large_image\" \/>\n<meta name=\"twitter:label1\" content=\"\u00c9crit par\" \/>\n\t<meta name=\"twitter:data1\" content=\"favorite-news\" \/>\n\t<meta name=\"twitter:label2\" content=\"Dur\u00e9e de lecture estim\u00e9e\" \/>\n\t<meta name=\"twitter:data2\" content=\"2 minutes\" \/>\n<script type=\"application\/ld+json\" class=\"yoast-schema-graph\">{\"@context\":\"https:\\\/\\\/schema.org\",\"@graph\":[{\"@type\":\"Article\",\"@id\":\"https:\\\/\\\/favorite-news.com\\\/fr\\\/une-enquete-est-ouverte-pour-lassassinat-dune-bordelaise-a-cayenne\\\/#article\",\"isPartOf\":{\"@id\":\"https:\\\/\\\/favorite-news.com\\\/fr\\\/une-enquete-est-ouverte-pour-lassassinat-dune-bordelaise-a-cayenne\\\/\"},\"author\":{\"name\":\"favorite-news\",\"@id\":\"https:\\\/\\\/favorite-news.com\\\/fr\\\/#\\\/schema\\\/person\\\/b66c4cfdd10a5bf16d7d5efda647111f\"},\"headline\":\"Une enqu\u00eate est ouverte pour \u00ab\u00a0l&rsquo;assassinat\u00a0\u00bb d\u2019une Bordelaise \u00e0 Cayenne\",\"datePublished\":\"2021-03-17T10:27:13+00:00\",\"dateModified\":\"2021-03-17T10:27:16+00:00\",\"mainEntityOfPage\":{\"@id\":\"https:\\\/\\\/favorite-news.com\\\/fr\\\/une-enquete-est-ouverte-pour-lassassinat-dune-bordelaise-a-cayenne\\\/\"},\"wordCount\":430,\"commentCount\":0,\"image\":{\"@id\":\"https:\\\/\\\/favorite-news.com\\\/fr\\\/une-enquete-est-ouverte-pour-lassassinat-dune-bordelaise-a-cayenne\\\/#primaryimage\"},\"thumbnailUrl\":\"https:\\\/\\\/favorite-news.com\\\/fr\\\/wp-content\\\/uploads\\\/sites\\\/12\\\/2021\\\/03\\\/Une-enquete-est-ouverte-pour-lassassinat-dune-Bordelaise-a-Cayenne.jpg\",\"articleSection\":[\"NOUVELLES\"],\"inLanguage\":\"fr-FR\",\"potentialAction\":[{\"@type\":\"CommentAction\",\"name\":\"Comment\",\"target\":[\"https:\\\/\\\/favorite-news.com\\\/fr\\\/une-enquete-est-ouverte-pour-lassassinat-dune-bordelaise-a-cayenne\\\/#respond\"]}]},{\"@type\":\"WebPage\",\"@id\":\"https:\\\/\\\/favorite-news.com\\\/fr\\\/une-enquete-est-ouverte-pour-lassassinat-dune-bordelaise-a-cayenne\\\/\",\"url\":\"https:\\\/\\\/favorite-news.com\\\/fr\\\/une-enquete-est-ouverte-pour-lassassinat-dune-bordelaise-a-cayenne\\\/\",\"name\":\"Une enqu\u00eate est ouverte pour \u00ab\u00a0l'assassinat\u00a0\u00bb d\u2019une Bordelaise \u00e0 Cayenne - Favorite News\",\"isPartOf\":{\"@id\":\"https:\\\/\\\/favorite-news.com\\\/fr\\\/#website\"},\"primaryImageOfPage\":{\"@id\":\"https:\\\/\\\/favorite-news.com\\\/fr\\\/une-enquete-est-ouverte-pour-lassassinat-dune-bordelaise-a-cayenne\\\/#primaryimage\"},\"image\":{\"@id\":\"https:\\\/\\\/favorite-news.com\\\/fr\\\/une-enquete-est-ouverte-pour-lassassinat-dune-bordelaise-a-cayenne\\\/#primaryimage\"},\"thumbnailUrl\":\"https:\\\/\\\/favorite-news.com\\\/fr\\\/wp-content\\\/uploads\\\/sites\\\/12\\\/2021\\\/03\\\/Une-enquete-est-ouverte-pour-lassassinat-dune-Bordelaise-a-Cayenne.jpg\",\"datePublished\":\"2021-03-17T10:27:13+00:00\",\"dateModified\":\"2021-03-17T10:27:16+00:00\",\"author\":{\"@id\":\"https:\\\/\\\/favorite-news.com\\\/fr\\\/#\\\/schema\\\/person\\\/b66c4cfdd10a5bf16d7d5efda647111f\"},\"breadcrumb\":{\"@id\":\"https:\\\/\\\/favorite-news.com\\\/fr\\\/une-enquete-est-ouverte-pour-lassassinat-dune-bordelaise-a-cayenne\\\/#breadcrumb\"},\"inLanguage\":\"fr-FR\",\"potentialAction\":[{\"@type\":\"ReadAction\",\"target\":[\"https:\\\/\\\/favorite-news.com\\\/fr\\\/une-enquete-est-ouverte-pour-lassassinat-dune-bordelaise-a-cayenne\\\/\"]}]},{\"@type\":\"ImageObject\",\"inLanguage\":\"fr-FR\",\"@id\":\"https:\\\/\\\/favorite-news.com\\\/fr\\\/une-enquete-est-ouverte-pour-lassassinat-dune-bordelaise-a-cayenne\\\/#primaryimage\",\"url\":\"https:\\\/\\\/favorite-news.com\\\/fr\\\/wp-content\\\/uploads\\\/sites\\\/12\\\/2021\\\/03\\\/Une-enquete-est-ouverte-pour-lassassinat-dune-Bordelaise-a-Cayenne.jpg\",\"contentUrl\":\"https:\\\/\\\/favorite-news.com\\\/fr\\\/wp-content\\\/uploads\\\/sites\\\/12\\\/2021\\\/03\\\/Une-enquete-est-ouverte-pour-lassassinat-dune-Bordelaise-a-Cayenne.jpg\",\"width\":648,\"height\":360,\"caption\":\"Une enqu\u00eate est ouverte pour \u00ab\u00a0l'assassinat\u00a0\u00bb d\u2019une Bordelaise \u00e0 Cayenne\"},{\"@type\":\"BreadcrumbList\",\"@id\":\"https:\\\/\\\/favorite-news.com\\\/fr\\\/une-enquete-est-ouverte-pour-lassassinat-dune-bordelaise-a-cayenne\\\/#breadcrumb\",\"itemListElement\":[{\"@type\":\"ListItem\",\"position\":1,\"name\":\"Home\",\"item\":\"https:\\\/\\\/favorite-news.com\\\/fr\\\/\"},{\"@type\":\"ListItem\",\"position\":2,\"name\":\"Une enqu\u00eate est ouverte pour \u00ab\u00a0l&rsquo;assassinat\u00a0\u00bb d\u2019une Bordelaise \u00e0 Cayenne\"}]},{\"@type\":\"WebSite\",\"@id\":\"https:\\\/\\\/favorite-news.com\\\/fr\\\/#website\",\"url\":\"https:\\\/\\\/favorite-news.com\\\/fr\\\/\",\"name\":\"Favorite News\",\"description\":\"Favorite News France\",\"potentialAction\":[{\"@type\":\"SearchAction\",\"target\":{\"@type\":\"EntryPoint\",\"urlTemplate\":\"https:\\\/\\\/favorite-news.com\\\/fr\\\/?s={search_term_string}\"},\"query-input\":{\"@type\":\"PropertyValueSpecification\",\"valueRequired\":true,\"valueName\":\"search_term_string\"}}],\"inLanguage\":\"fr-FR\"},{\"@type\":\"Person\",\"@id\":\"https:\\\/\\\/favorite-news.com\\\/fr\\\/#\\\/schema\\\/person\\\/b66c4cfdd10a5bf16d7d5efda647111f\",\"name\":\"favorite-news\",\"image\":{\"@type\":\"ImageObject\",\"inLanguage\":\"fr-FR\",\"@id\":\"https:\\\/\\\/secure.gravatar.com\\\/avatar\\\/f89959e01423a9ee3c2debbcf830eb021c575de0e1b3781ca3ae392b71c615a1?s=96&d=mm&r=g\",\"url\":\"https:\\\/\\\/secure.gravatar.com\\\/avatar\\\/f89959e01423a9ee3c2debbcf830eb021c575de0e1b3781ca3ae392b71c615a1?s=96&d=mm&r=g\",\"contentUrl\":\"https:\\\/\\\/secure.gravatar.com\\\/avatar\\\/f89959e01423a9ee3c2debbcf830eb021c575de0e1b3781ca3ae392b71c615a1?s=96&d=mm&r=g\",\"caption\":\"favorite-news\"},\"url\":\"https:\\\/\\\/favorite-news.com\\\/fr\\\/author\\\/ruby\\\/\"}]}<\/script>\n<!-- \/ Yoast SEO plugin. -->","yoast_head_json":{"title":"Une enqu\u00eate est ouverte pour \u00ab\u00a0l'assassinat\u00a0\u00bb d\u2019une Bordelaise \u00e0 Cayenne - Favorite News","robots":{"index":"index","follow":"follow","max-snippet":"max-snippet:-1","max-image-preview":"max-image-preview:large","max-video-preview":"max-video-preview:-1"},"canonical":"https:\/\/favorite-news.com\/fr\/une-enquete-est-ouverte-pour-lassassinat-dune-bordelaise-a-cayenne\/","og_locale":"fr_FR","og_type":"article","og_title":"Une enqu\u00eate est ouverte pour \u00ab\u00a0l'assassinat\u00a0\u00bb d\u2019une Bordelaise \u00e0 Cayenne - Favorite News","og_description":"Des policiers municipaux \u00e0 Cayenne (illustration) \u2014 QUENDEZ NICOLAS\/SIPA Alicia Faye est morte tr\u00e8s loin de sa r\u00e9gion. Une enqu\u00eate pour \u00ab\u00a0assassinat\u00a0\u00bb a \u00e9t\u00e9 ouverte en Guyane, suite au d\u00e9c\u00e8s de cette jeune femme originaire de la r\u00e9gion de &#13; Bordeaux, a annonc\u00e9 mardi apr\u00e8s-midi le procureur de la R\u00e9publique de Cayenne Samuel Finielz. Ag\u00e9e [&hellip;]","og_url":"https:\/\/favorite-news.com\/fr\/une-enquete-est-ouverte-pour-lassassinat-dune-bordelaise-a-cayenne\/","og_site_name":"Favorite News","article_published_time":"2021-03-17T10:27:13+00:00","article_modified_time":"2021-03-17T10:27:16+00:00","og_image":[{"width":648,"height":360,"url":"https:\/\/favorite-news.com\/fr\/wp-content\/uploads\/sites\/12\/2021\/03\/Une-enquete-est-ouverte-pour-lassassinat-dune-Bordelaise-a-Cayenne.jpg","type":"image\/jpeg"}],"author":"favorite-news","twitter_card":"summary_large_image","twitter_misc":{"\u00c9crit par":"favorite-news","Dur\u00e9e de lecture estim\u00e9e":"2 minutes"},"schema":{"@context":"https:\/\/schema.org","@graph":[{"@type":"Article","@id":"https:\/\/favorite-news.com\/fr\/une-enquete-est-ouverte-pour-lassassinat-dune-bordelaise-a-cayenne\/#article","isPartOf":{"@id":"https:\/\/favorite-news.com\/fr\/une-enquete-est-ouverte-pour-lassassinat-dune-bordelaise-a-cayenne\/"},"author":{"name":"favorite-news","@id":"https:\/\/favorite-news.com\/fr\/#\/schema\/person\/b66c4cfdd10a5bf16d7d5efda647111f"},"headline":"Une enqu\u00eate est ouverte pour \u00ab\u00a0l&rsquo;assassinat\u00a0\u00bb d\u2019une Bordelaise \u00e0 Cayenne","datePublished":"2021-03-17T10:27:13+00:00","dateModified":"2021-03-17T10:27:16+00:00","mainEntityOfPage":{"@id":"https:\/\/favorite-news.com\/fr\/une-enquete-est-ouverte-pour-lassassinat-dune-bordelaise-a-cayenne\/"},"wordCount":430,"commentCount":0,"image":{"@id":"https:\/\/favorite-news.com\/fr\/une-enquete-est-ouverte-pour-lassassinat-dune-bordelaise-a-cayenne\/#primaryimage"},"thumbnailUrl":"https:\/\/favorite-news.com\/fr\/wp-content\/uploads\/sites\/12\/2021\/03\/Une-enquete-est-ouverte-pour-lassassinat-dune-Bordelaise-a-Cayenne.jpg","articleSection":["NOUVELLES"],"inLanguage":"fr-FR","potentialAction":[{"@type":"CommentAction","name":"Comment","target":["https:\/\/favorite-news.com\/fr\/une-enquete-est-ouverte-pour-lassassinat-dune-bordelaise-a-cayenne\/#respond"]}]},{"@type":"WebPage","@id":"https:\/\/favorite-news.com\/fr\/une-enquete-est-ouverte-pour-lassassinat-dune-bordelaise-a-cayenne\/","url":"https:\/\/favorite-news.com\/fr\/une-enquete-est-ouverte-pour-lassassinat-dune-bordelaise-a-cayenne\/","name":"Une enqu\u00eate est ouverte pour \u00ab\u00a0l'assassinat\u00a0\u00bb d\u2019une Bordelaise \u00e0 Cayenne - Favorite News","isPartOf":{"@id":"https:\/\/favorite-news.com\/fr\/#website"},"primaryImageOfPage":{"@id":"https:\/\/favorite-news.com\/fr\/une-enquete-est-ouverte-pour-lassassinat-dune-bordelaise-a-cayenne\/#primaryimage"},"image":{"@id":"https:\/\/favorite-news.com\/fr\/une-enquete-est-ouverte-pour-lassassinat-dune-bordelaise-a-cayenne\/#primaryimage"},"thumbnailUrl":"https:\/\/favorite-news.com\/fr\/wp-content\/uploads\/sites\/12\/2021\/03\/Une-enquete-est-ouverte-pour-lassassinat-dune-Bordelaise-a-Cayenne.jpg","datePublished":"2021-03-17T10:27:13+00:00","dateModified":"2021-03-17T10:27:16+00:00","author":{"@id":"https:\/\/favorite-news.com\/fr\/#\/schema\/person\/b66c4cfdd10a5bf16d7d5efda647111f"},"breadcrumb":{"@id":"https:\/\/favorite-news.com\/fr\/une-enquete-est-ouverte-pour-lassassinat-dune-bordelaise-a-cayenne\/#breadcrumb"},"inLanguage":"fr-FR","potentialAction":[{"@type":"ReadAction","target":["https:\/\/favorite-news.com\/fr\/une-enquete-est-ouverte-pour-lassassinat-dune-bordelaise-a-cayenne\/"]}]},{"@type":"ImageObject","inLanguage":"fr-FR","@id":"https:\/\/favorite-news.com\/fr\/une-enquete-est-ouverte-pour-lassassinat-dune-bordelaise-a-cayenne\/#primaryimage","url":"https:\/\/favorite-news.com\/fr\/wp-content\/uploads\/sites\/12\/2021\/03\/Une-enquete-est-ouverte-pour-lassassinat-dune-Bordelaise-a-Cayenne.jpg","contentUrl":"https:\/\/favorite-news.com\/fr\/wp-content\/uploads\/sites\/12\/2021\/03\/Une-enquete-est-ouverte-pour-lassassinat-dune-Bordelaise-a-Cayenne.jpg","width":648,"height":360,"caption":"Une enqu\u00eate est ouverte pour \u00ab\u00a0l'assassinat\u00a0\u00bb d\u2019une Bordelaise \u00e0 Cayenne"},{"@type":"BreadcrumbList","@id":"https:\/\/favorite-news.com\/fr\/une-enquete-est-ouverte-pour-lassassinat-dune-bordelaise-a-cayenne\/#breadcrumb","itemListElement":[{"@type":"ListItem","position":1,"name":"Home","item":"https:\/\/favorite-news.com\/fr\/"},{"@type":"ListItem","position":2,"name":"Une enqu\u00eate est ouverte pour \u00ab\u00a0l&rsquo;assassinat\u00a0\u00bb d\u2019une Bordelaise \u00e0 Cayenne"}]},{"@type":"WebSite","@id":"https:\/\/favorite-news.com\/fr\/#website","url":"https:\/\/favorite-news.com\/fr\/","name":"Favorite News","description":"Favorite News France","potentialAction":[{"@type":"SearchAction","target":{"@type":"EntryPoint","urlTemplate":"https:\/\/favorite-news.com\/fr\/?s={search_term_string}"},"query-input":{"@type":"PropertyValueSpecification","valueRequired":true,"valueName":"search_term_string"}}],"inLanguage":"fr-FR"},{"@type":"Person","@id":"https:\/\/favorite-news.com\/fr\/#\/schema\/person\/b66c4cfdd10a5bf16d7d5efda647111f","name":"favorite-news","image":{"@type":"ImageObject","inLanguage":"fr-FR","@id":"https:\/\/secure.gravatar.com\/avatar\/f89959e01423a9ee3c2debbcf830eb021c575de0e1b3781ca3ae392b71c615a1?s=96&d=mm&r=g","url":"https:\/\/secure.gravatar.com\/avatar\/f89959e01423a9ee3c2debbcf830eb021c575de0e1b3781ca3ae392b71c615a1?s=96&d=mm&r=g","contentUrl":"https:\/\/secure.gravatar.com\/avatar\/f89959e01423a9ee3c2debbcf830eb021c575de0e1b3781ca3ae392b71c615a1?s=96&d=mm&r=g","caption":"favorite-news"},"url":"https:\/\/favorite-news.com\/fr\/author\/ruby\/"}]}},"_links":{"self":[{"href":"https:\/\/favorite-news.com\/fr\/wp-json\/wp\/v2\/posts\/1062","targetHints":{"allow":["GET"]}}],"collection":[{"href":"https:\/\/favorite-news.com\/fr\/wp-json\/wp\/v2\/posts"}],"about":[{"href":"https:\/\/favorite-news.com\/fr\/wp-json\/wp\/v2\/types\/post"}],"author":[{"embeddable":true,"href":"https:\/\/favorite-news.com\/fr\/wp-json\/wp\/v2\/users\/1"}],"replies":[{"embeddable":true,"href":"https:\/\/favorite-news.com\/fr\/wp-json\/wp\/v2\/comments?post=1062"}],"version-history":[{"count":1,"href":"https:\/\/favorite-news.com\/fr\/wp-json\/wp\/v2\/posts\/1062\/revisions"}],"predecessor-version":[{"id":1064,"href":"https:\/\/favorite-news.com\/fr\/wp-json\/wp\/v2\/posts\/1062\/revisions\/1064"}],"wp:featuredmedia":[{"embeddable":true,"href":"https:\/\/favorite-news.com\/fr\/wp-json\/wp\/v2\/media\/1063"}],"wp:attachment":[{"href":"https:\/\/favorite-news.com\/fr\/wp-json\/wp\/v2\/media?parent=1062"}],"wp:term":[{"taxonomy":"category","embeddable":true,"href":"https:\/\/favorite-news.com\/fr\/wp-json\/wp\/v2\/categories?post=1062"},{"taxonomy":"post_tag","embeddable":true,"href":"https:\/\/favorite-news.com\/fr\/wp-json\/wp\/v2\/tags?post=1062"}],"curies":[{"name":"wp","href":"https:\/\/api.w.org\/{rel}","templated":true}]}}