{"id":1047,"date":"2021-03-14T09:26:20","date_gmt":"2021-03-14T09:26:20","guid":{"rendered":"https:\/\/favorite-news.com\/fr\/la-violence-des-jeunes-serait-pire-si-les-ecoles-avaient-ete-fermees-estime-jean-michel-blanquer\/"},"modified":"2021-03-14T09:26:24","modified_gmt":"2021-03-14T09:26:24","slug":"la-violence-des-jeunes-serait-pire-si-les-ecoles-avaient-ete-fermees-estime-jean-michel-blanquer","status":"publish","type":"post","link":"https:\/\/favorite-news.com\/fr\/la-violence-des-jeunes-serait-pire-si-les-ecoles-avaient-ete-fermees-estime-jean-michel-blanquer\/","title":{"rendered":"La violence des jeunes serait \u00ab\u00a0pire si les \u00e9coles avaient \u00e9t\u00e9 ferm\u00e9es\u00a0\u00bb, estime Jean-Michel Blanquer"},"content":{"rendered":"<p>                Jean-Michel Blanquer, ministre de l&rsquo;Education. \u2014 Lionel Urman\/Sipa USA\/SIPA<br \/>\n            Le contexte du Covid-19 empire-t-il la violence chez les mineurs\u00a0?\u00a0Jean-Michel Blanquer estime que la \u00ab\u00a0violence que l\u2019on voit\u00a0\u00bb actuellement entre adolescents serait \u00ab\u00a0pire si les \u00e9coles avaient \u00e9t\u00e9 ferm\u00e9es\u00a0\u00bb dans le cadre d\u2019un confinement, dans &#13;<br \/>\nun entretien publi\u00e9 samedi soir par Le Parisien sur Internet.\u00a0Le ministre de l\u2019Education nationale annonce par ailleurs que les infrastructures sportives ouvriront de nouveau pour les mineurs \u00ab\u00a0d\u00e8s que les conditions sanitaires\u00a0\u00bb le permettront.<\/p>\n<p>Le d\u00e9but de l\u2019ann\u00e9e 2021 a \u00e9t\u00e9 marqu\u00e9 par plusieurs violentes bagarres entre jeunes en r\u00e9gion parisienne, avec le passage \u00e0 tabac du jeune Yuriy \u00e0 Paris en janvier, puis la mort de deux adolescents lors &#13;<br \/>\nde rixes distinctes dans l\u2019Essonne en f\u00e9vrier.\u00a0\u00ab\u00a0Ce qui s\u2019est pass\u00e9 est tr\u00e8s grave\u00a0\u00bb, affirme Jean-Michel Blanquer, interrog\u00e9 sur les violences entre bandes rivales qui ont augment\u00e9 de pr\u00e8s de 25\u00a0% entre\u00a02019 et\u00a02020, selon le minist\u00e8re de l\u2019Int\u00e9rieur. \u00ab\u00a0Cette violence que l\u2019on voit chez les plus jeunes serait d\u2019ailleurs pire si les \u00e9coles avaient \u00e9t\u00e9 ferm\u00e9es. On sait que le confinement cr\u00e9e des difficult\u00e9s\u00a0\u00bb, dit-il.<\/p>\n<p>Un travail conjoint avec les minitres de l&rsquo;Int\u00e9rieur et de la Justice<\/p>\n<p>\u00ab\u00a0C\u2019est pour cela que les mineurs sont prioritaires dans nos approches\u00a0:\u00a0ouverture des \u00e9coles, coll\u00e8ges et lyc\u00e9es bien s\u00fbr. Nous rouvrirons en premier pour les mineurs les infrastructures sportives d\u00e8s que les conditions sanitaires le permettront\u00a0\u00bb, ajoute-t-il.\u00a0Il plaide pour g\u00e9n\u00e9raliser des programmes qui mettent \u00ab\u00a0autour de la table ceux qui interviennent dans la vie d\u2019un enfant\u00a0:\u00a0parents, \u00e9cole, police, justice, associations, et communes\u00a0\u00bb.<\/p>\n<p>Et sur le plan r\u00e9pressif, le ministre indique mener avec son coll\u00e8gue de l\u2019Int\u00e9rieur G\u00e9rald Darmanin et le Garde des Sceaux \u00c9ric Dupond-Moretti \u00ab\u00a0une action conjointe pour combattre le ph\u00e9nom\u00e8ne aux abords des \u00e9tablissements\u00a0\u00bb. \u00ab\u00a0Cela se traduira par des actions r\u00e9solues pour mettre fin \u00e0 la violence et aux trafics autour des coll\u00e8ges et lyc\u00e9es. Nous avons d\u00e9j\u00e0 commenc\u00e9 \u00e0 intensifier la lutte contre les stup\u00e9fiants\u00a0\u00bb, dit-il.<\/p>\n<p>Le ministre s\u2019exprimait \u00e0 la veille d\u2019une marche blanche dans le Val-d&rsquo;Oise, en m\u00e9moire d\u2019une coll\u00e9gienne de 14 ans, violemment frapp\u00e9e lundi par deux camarades de classe de 15 ans, puis noy\u00e9e dans la Seine. Selon les premiers \u00e9l\u00e9ments de l\u2019enqu\u00eate, la victime, Alisha avait vu son t\u00e9l\u00e9phone pirat\u00e9 et des photos d\u2019elle en sous-v\u00eatements diffus\u00e9es sur le r\u00e9seau social Snapchat. Jean-Michel Blanquer a soulign\u00e9 que le \u00ab\u00a0cyberharc\u00e8lement doit \u00eatre sanctionn\u00e9 plus s\u00e9v\u00e8rement\u00a0\u00bb, saluant le fait qu\u2019il y ait \u00ab\u00a0de plus en plus de conseils de discipline li\u00e9s \u00e0 ce type d\u2019affaire\u00a0\u00bb.<\/p>\n<p>\n<!--noindex--><br \/>\n<a href=\"https:\/\/www.20minutes.fr\/societe\/2998231-20210314-violence-jeunes-pire-si-ecoles-fermees-estime-jean-michel-blanquer#xtor=RSS-149\" rel=\"nofollow\">Source link <\/a><br \/>\n<!--\/noindex--><\/p>\n","protected":false},"excerpt":{"rendered":"<p>Jean-Michel Blanquer, ministre de l&rsquo;Education. \u2014 Lionel Urman\/Sipa USA\/SIPA Le contexte du Covid-19 empire-t-il la violence chez les mineurs\u00a0?\u00a0Jean-Michel Blanquer estime que la \u00ab\u00a0violence que l\u2019on voit\u00a0\u00bb actuellement entre adolescents serait \u00ab\u00a0pire si les \u00e9coles avaient \u00e9t\u00e9 ferm\u00e9es\u00a0\u00bb dans le cadre d\u2019un confinement, dans &#13; un entretien publi\u00e9 samedi soir par Le Parisien sur Internet.\u00a0Le [&hellip;]<\/p>\n","protected":false},"author":1,"featured_media":1048,"comment_status":"open","ping_status":"open","sticky":false,"template":"","format":"standard","meta":{"footnotes":""},"categories":[1],"tags":[],"class_list":["post-1047","post","type-post","status-publish","format-standard","has-post-thumbnail","hentry","category-nouvelles"],"yoast_head":"<!-- This site is optimized with the Yoast SEO plugin v27.4 - https:\/\/yoast.com\/product\/yoast-seo-wordpress\/ -->\n<title>La violence des jeunes serait \u00ab\u00a0pire si les \u00e9coles avaient \u00e9t\u00e9 ferm\u00e9es\u00a0\u00bb, estime Jean-Michel Blanquer - Favorite News<\/title>\n<meta name=\"robots\" content=\"index, follow, max-snippet:-1, max-image-preview:large, max-video-preview:-1\" \/>\n<link rel=\"canonical\" href=\"https:\/\/favorite-news.com\/fr\/la-violence-des-jeunes-serait-pire-si-les-ecoles-avaient-ete-fermees-estime-jean-michel-blanquer\/\" \/>\n<meta property=\"og:locale\" content=\"fr_FR\" \/>\n<meta property=\"og:type\" content=\"article\" \/>\n<meta property=\"og:title\" content=\"La violence des jeunes serait \u00ab\u00a0pire si les \u00e9coles avaient \u00e9t\u00e9 ferm\u00e9es\u00a0\u00bb, estime Jean-Michel Blanquer - Favorite News\" \/>\n<meta property=\"og:description\" content=\"Jean-Michel Blanquer, ministre de l&rsquo;Education. \u2014 Lionel Urman\/Sipa USA\/SIPA Le contexte du Covid-19 empire-t-il la violence chez les mineurs\u00a0?\u00a0Jean-Michel Blanquer estime que la \u00ab\u00a0violence que l\u2019on voit\u00a0\u00bb actuellement entre adolescents serait \u00ab\u00a0pire si les \u00e9coles avaient \u00e9t\u00e9 ferm\u00e9es\u00a0\u00bb dans le cadre d\u2019un confinement, dans &#013; un entretien publi\u00e9 samedi soir par Le Parisien sur Internet.\u00a0Le [&hellip;]\" \/>\n<meta property=\"og:url\" content=\"https:\/\/favorite-news.com\/fr\/la-violence-des-jeunes-serait-pire-si-les-ecoles-avaient-ete-fermees-estime-jean-michel-blanquer\/\" \/>\n<meta property=\"og:site_name\" content=\"Favorite News\" \/>\n<meta property=\"article:published_time\" content=\"2021-03-14T09:26:20+00:00\" \/>\n<meta property=\"article:modified_time\" content=\"2021-03-14T09:26:24+00:00\" \/>\n<meta property=\"og:image\" content=\"https:\/\/favorite-news.com\/fr\/wp-content\/uploads\/sites\/12\/2021\/03\/La-violence-des-jeunes-serait-pire-si-les-ecoles-avaient.jpg\" \/>\n\t<meta property=\"og:image:width\" content=\"648\" \/>\n\t<meta property=\"og:image:height\" content=\"360\" \/>\n\t<meta property=\"og:image:type\" content=\"image\/jpeg\" \/>\n<meta name=\"author\" content=\"favorite-news\" \/>\n<meta name=\"twitter:card\" content=\"summary_large_image\" \/>\n<meta name=\"twitter:label1\" content=\"\u00c9crit par\" \/>\n\t<meta name=\"twitter:data1\" content=\"favorite-news\" \/>\n\t<meta name=\"twitter:label2\" content=\"Dur\u00e9e de lecture estim\u00e9e\" \/>\n\t<meta name=\"twitter:data2\" content=\"2 minutes\" \/>\n<script type=\"application\/ld+json\" class=\"yoast-schema-graph\">{\"@context\":\"https:\\\/\\\/schema.org\",\"@graph\":[{\"@type\":\"Article\",\"@id\":\"https:\\\/\\\/favorite-news.com\\\/fr\\\/la-violence-des-jeunes-serait-pire-si-les-ecoles-avaient-ete-fermees-estime-jean-michel-blanquer\\\/#article\",\"isPartOf\":{\"@id\":\"https:\\\/\\\/favorite-news.com\\\/fr\\\/la-violence-des-jeunes-serait-pire-si-les-ecoles-avaient-ete-fermees-estime-jean-michel-blanquer\\\/\"},\"author\":{\"name\":\"favorite-news\",\"@id\":\"https:\\\/\\\/favorite-news.com\\\/fr\\\/#\\\/schema\\\/person\\\/b66c4cfdd10a5bf16d7d5efda647111f\"},\"headline\":\"La violence des jeunes serait \u00ab\u00a0pire si les \u00e9coles avaient \u00e9t\u00e9 ferm\u00e9es\u00a0\u00bb, estime Jean-Michel Blanquer\",\"datePublished\":\"2021-03-14T09:26:20+00:00\",\"dateModified\":\"2021-03-14T09:26:24+00:00\",\"mainEntityOfPage\":{\"@id\":\"https:\\\/\\\/favorite-news.com\\\/fr\\\/la-violence-des-jeunes-serait-pire-si-les-ecoles-avaient-ete-fermees-estime-jean-michel-blanquer\\\/\"},\"wordCount\":493,\"commentCount\":0,\"image\":{\"@id\":\"https:\\\/\\\/favorite-news.com\\\/fr\\\/la-violence-des-jeunes-serait-pire-si-les-ecoles-avaient-ete-fermees-estime-jean-michel-blanquer\\\/#primaryimage\"},\"thumbnailUrl\":\"https:\\\/\\\/favorite-news.com\\\/fr\\\/wp-content\\\/uploads\\\/sites\\\/12\\\/2021\\\/03\\\/La-violence-des-jeunes-serait-pire-si-les-ecoles-avaient.jpg\",\"articleSection\":[\"NOUVELLES\"],\"inLanguage\":\"fr-FR\",\"potentialAction\":[{\"@type\":\"CommentAction\",\"name\":\"Comment\",\"target\":[\"https:\\\/\\\/favorite-news.com\\\/fr\\\/la-violence-des-jeunes-serait-pire-si-les-ecoles-avaient-ete-fermees-estime-jean-michel-blanquer\\\/#respond\"]}]},{\"@type\":\"WebPage\",\"@id\":\"https:\\\/\\\/favorite-news.com\\\/fr\\\/la-violence-des-jeunes-serait-pire-si-les-ecoles-avaient-ete-fermees-estime-jean-michel-blanquer\\\/\",\"url\":\"https:\\\/\\\/favorite-news.com\\\/fr\\\/la-violence-des-jeunes-serait-pire-si-les-ecoles-avaient-ete-fermees-estime-jean-michel-blanquer\\\/\",\"name\":\"La violence des jeunes serait \u00ab\u00a0pire si les \u00e9coles avaient \u00e9t\u00e9 ferm\u00e9es\u00a0\u00bb, estime Jean-Michel Blanquer - Favorite News\",\"isPartOf\":{\"@id\":\"https:\\\/\\\/favorite-news.com\\\/fr\\\/#website\"},\"primaryImageOfPage\":{\"@id\":\"https:\\\/\\\/favorite-news.com\\\/fr\\\/la-violence-des-jeunes-serait-pire-si-les-ecoles-avaient-ete-fermees-estime-jean-michel-blanquer\\\/#primaryimage\"},\"image\":{\"@id\":\"https:\\\/\\\/favorite-news.com\\\/fr\\\/la-violence-des-jeunes-serait-pire-si-les-ecoles-avaient-ete-fermees-estime-jean-michel-blanquer\\\/#primaryimage\"},\"thumbnailUrl\":\"https:\\\/\\\/favorite-news.com\\\/fr\\\/wp-content\\\/uploads\\\/sites\\\/12\\\/2021\\\/03\\\/La-violence-des-jeunes-serait-pire-si-les-ecoles-avaient.jpg\",\"datePublished\":\"2021-03-14T09:26:20+00:00\",\"dateModified\":\"2021-03-14T09:26:24+00:00\",\"author\":{\"@id\":\"https:\\\/\\\/favorite-news.com\\\/fr\\\/#\\\/schema\\\/person\\\/b66c4cfdd10a5bf16d7d5efda647111f\"},\"breadcrumb\":{\"@id\":\"https:\\\/\\\/favorite-news.com\\\/fr\\\/la-violence-des-jeunes-serait-pire-si-les-ecoles-avaient-ete-fermees-estime-jean-michel-blanquer\\\/#breadcrumb\"},\"inLanguage\":\"fr-FR\",\"potentialAction\":[{\"@type\":\"ReadAction\",\"target\":[\"https:\\\/\\\/favorite-news.com\\\/fr\\\/la-violence-des-jeunes-serait-pire-si-les-ecoles-avaient-ete-fermees-estime-jean-michel-blanquer\\\/\"]}]},{\"@type\":\"ImageObject\",\"inLanguage\":\"fr-FR\",\"@id\":\"https:\\\/\\\/favorite-news.com\\\/fr\\\/la-violence-des-jeunes-serait-pire-si-les-ecoles-avaient-ete-fermees-estime-jean-michel-blanquer\\\/#primaryimage\",\"url\":\"https:\\\/\\\/favorite-news.com\\\/fr\\\/wp-content\\\/uploads\\\/sites\\\/12\\\/2021\\\/03\\\/La-violence-des-jeunes-serait-pire-si-les-ecoles-avaient.jpg\",\"contentUrl\":\"https:\\\/\\\/favorite-news.com\\\/fr\\\/wp-content\\\/uploads\\\/sites\\\/12\\\/2021\\\/03\\\/La-violence-des-jeunes-serait-pire-si-les-ecoles-avaient.jpg\",\"width\":648,\"height\":360,\"caption\":\"La violence des jeunes serait \u00ab\u00a0pire si les \u00e9coles avaient \u00e9t\u00e9 ferm\u00e9es\u00a0\u00bb, estime Jean-Michel Blanquer\"},{\"@type\":\"BreadcrumbList\",\"@id\":\"https:\\\/\\\/favorite-news.com\\\/fr\\\/la-violence-des-jeunes-serait-pire-si-les-ecoles-avaient-ete-fermees-estime-jean-michel-blanquer\\\/#breadcrumb\",\"itemListElement\":[{\"@type\":\"ListItem\",\"position\":1,\"name\":\"Home\",\"item\":\"https:\\\/\\\/favorite-news.com\\\/fr\\\/\"},{\"@type\":\"ListItem\",\"position\":2,\"name\":\"La violence des jeunes serait \u00ab\u00a0pire si les \u00e9coles avaient \u00e9t\u00e9 ferm\u00e9es\u00a0\u00bb, estime Jean-Michel Blanquer\"}]},{\"@type\":\"WebSite\",\"@id\":\"https:\\\/\\\/favorite-news.com\\\/fr\\\/#website\",\"url\":\"https:\\\/\\\/favorite-news.com\\\/fr\\\/\",\"name\":\"Favorite News\",\"description\":\"Favorite News France\",\"potentialAction\":[{\"@type\":\"SearchAction\",\"target\":{\"@type\":\"EntryPoint\",\"urlTemplate\":\"https:\\\/\\\/favorite-news.com\\\/fr\\\/?s={search_term_string}\"},\"query-input\":{\"@type\":\"PropertyValueSpecification\",\"valueRequired\":true,\"valueName\":\"search_term_string\"}}],\"inLanguage\":\"fr-FR\"},{\"@type\":\"Person\",\"@id\":\"https:\\\/\\\/favorite-news.com\\\/fr\\\/#\\\/schema\\\/person\\\/b66c4cfdd10a5bf16d7d5efda647111f\",\"name\":\"favorite-news\",\"image\":{\"@type\":\"ImageObject\",\"inLanguage\":\"fr-FR\",\"@id\":\"https:\\\/\\\/secure.gravatar.com\\\/avatar\\\/f89959e01423a9ee3c2debbcf830eb021c575de0e1b3781ca3ae392b71c615a1?s=96&d=mm&r=g\",\"url\":\"https:\\\/\\\/secure.gravatar.com\\\/avatar\\\/f89959e01423a9ee3c2debbcf830eb021c575de0e1b3781ca3ae392b71c615a1?s=96&d=mm&r=g\",\"contentUrl\":\"https:\\\/\\\/secure.gravatar.com\\\/avatar\\\/f89959e01423a9ee3c2debbcf830eb021c575de0e1b3781ca3ae392b71c615a1?s=96&d=mm&r=g\",\"caption\":\"favorite-news\"},\"url\":\"https:\\\/\\\/favorite-news.com\\\/fr\\\/author\\\/ruby\\\/\"}]}<\/script>\n<!-- \/ Yoast SEO plugin. -->","yoast_head_json":{"title":"La violence des jeunes serait \u00ab\u00a0pire si les \u00e9coles avaient \u00e9t\u00e9 ferm\u00e9es\u00a0\u00bb, estime Jean-Michel Blanquer - Favorite News","robots":{"index":"index","follow":"follow","max-snippet":"max-snippet:-1","max-image-preview":"max-image-preview:large","max-video-preview":"max-video-preview:-1"},"canonical":"https:\/\/favorite-news.com\/fr\/la-violence-des-jeunes-serait-pire-si-les-ecoles-avaient-ete-fermees-estime-jean-michel-blanquer\/","og_locale":"fr_FR","og_type":"article","og_title":"La violence des jeunes serait \u00ab\u00a0pire si les \u00e9coles avaient \u00e9t\u00e9 ferm\u00e9es\u00a0\u00bb, estime Jean-Michel Blanquer - Favorite News","og_description":"Jean-Michel Blanquer, ministre de l&rsquo;Education. \u2014 Lionel Urman\/Sipa USA\/SIPA Le contexte du Covid-19 empire-t-il la violence chez les mineurs\u00a0?\u00a0Jean-Michel Blanquer estime que la \u00ab\u00a0violence que l\u2019on voit\u00a0\u00bb actuellement entre adolescents serait \u00ab\u00a0pire si les \u00e9coles avaient \u00e9t\u00e9 ferm\u00e9es\u00a0\u00bb dans le cadre d\u2019un confinement, dans &#13; un entretien publi\u00e9 samedi soir par Le Parisien sur Internet.\u00a0Le [&hellip;]","og_url":"https:\/\/favorite-news.com\/fr\/la-violence-des-jeunes-serait-pire-si-les-ecoles-avaient-ete-fermees-estime-jean-michel-blanquer\/","og_site_name":"Favorite News","article_published_time":"2021-03-14T09:26:20+00:00","article_modified_time":"2021-03-14T09:26:24+00:00","og_image":[{"width":648,"height":360,"url":"https:\/\/favorite-news.com\/fr\/wp-content\/uploads\/sites\/12\/2021\/03\/La-violence-des-jeunes-serait-pire-si-les-ecoles-avaient.jpg","type":"image\/jpeg"}],"author":"favorite-news","twitter_card":"summary_large_image","twitter_misc":{"\u00c9crit par":"favorite-news","Dur\u00e9e de lecture estim\u00e9e":"2 minutes"},"schema":{"@context":"https:\/\/schema.org","@graph":[{"@type":"Article","@id":"https:\/\/favorite-news.com\/fr\/la-violence-des-jeunes-serait-pire-si-les-ecoles-avaient-ete-fermees-estime-jean-michel-blanquer\/#article","isPartOf":{"@id":"https:\/\/favorite-news.com\/fr\/la-violence-des-jeunes-serait-pire-si-les-ecoles-avaient-ete-fermees-estime-jean-michel-blanquer\/"},"author":{"name":"favorite-news","@id":"https:\/\/favorite-news.com\/fr\/#\/schema\/person\/b66c4cfdd10a5bf16d7d5efda647111f"},"headline":"La violence des jeunes serait \u00ab\u00a0pire si les \u00e9coles avaient \u00e9t\u00e9 ferm\u00e9es\u00a0\u00bb, estime Jean-Michel Blanquer","datePublished":"2021-03-14T09:26:20+00:00","dateModified":"2021-03-14T09:26:24+00:00","mainEntityOfPage":{"@id":"https:\/\/favorite-news.com\/fr\/la-violence-des-jeunes-serait-pire-si-les-ecoles-avaient-ete-fermees-estime-jean-michel-blanquer\/"},"wordCount":493,"commentCount":0,"image":{"@id":"https:\/\/favorite-news.com\/fr\/la-violence-des-jeunes-serait-pire-si-les-ecoles-avaient-ete-fermees-estime-jean-michel-blanquer\/#primaryimage"},"thumbnailUrl":"https:\/\/favorite-news.com\/fr\/wp-content\/uploads\/sites\/12\/2021\/03\/La-violence-des-jeunes-serait-pire-si-les-ecoles-avaient.jpg","articleSection":["NOUVELLES"],"inLanguage":"fr-FR","potentialAction":[{"@type":"CommentAction","name":"Comment","target":["https:\/\/favorite-news.com\/fr\/la-violence-des-jeunes-serait-pire-si-les-ecoles-avaient-ete-fermees-estime-jean-michel-blanquer\/#respond"]}]},{"@type":"WebPage","@id":"https:\/\/favorite-news.com\/fr\/la-violence-des-jeunes-serait-pire-si-les-ecoles-avaient-ete-fermees-estime-jean-michel-blanquer\/","url":"https:\/\/favorite-news.com\/fr\/la-violence-des-jeunes-serait-pire-si-les-ecoles-avaient-ete-fermees-estime-jean-michel-blanquer\/","name":"La violence des jeunes serait \u00ab\u00a0pire si les \u00e9coles avaient \u00e9t\u00e9 ferm\u00e9es\u00a0\u00bb, estime Jean-Michel Blanquer - Favorite News","isPartOf":{"@id":"https:\/\/favorite-news.com\/fr\/#website"},"primaryImageOfPage":{"@id":"https:\/\/favorite-news.com\/fr\/la-violence-des-jeunes-serait-pire-si-les-ecoles-avaient-ete-fermees-estime-jean-michel-blanquer\/#primaryimage"},"image":{"@id":"https:\/\/favorite-news.com\/fr\/la-violence-des-jeunes-serait-pire-si-les-ecoles-avaient-ete-fermees-estime-jean-michel-blanquer\/#primaryimage"},"thumbnailUrl":"https:\/\/favorite-news.com\/fr\/wp-content\/uploads\/sites\/12\/2021\/03\/La-violence-des-jeunes-serait-pire-si-les-ecoles-avaient.jpg","datePublished":"2021-03-14T09:26:20+00:00","dateModified":"2021-03-14T09:26:24+00:00","author":{"@id":"https:\/\/favorite-news.com\/fr\/#\/schema\/person\/b66c4cfdd10a5bf16d7d5efda647111f"},"breadcrumb":{"@id":"https:\/\/favorite-news.com\/fr\/la-violence-des-jeunes-serait-pire-si-les-ecoles-avaient-ete-fermees-estime-jean-michel-blanquer\/#breadcrumb"},"inLanguage":"fr-FR","potentialAction":[{"@type":"ReadAction","target":["https:\/\/favorite-news.com\/fr\/la-violence-des-jeunes-serait-pire-si-les-ecoles-avaient-ete-fermees-estime-jean-michel-blanquer\/"]}]},{"@type":"ImageObject","inLanguage":"fr-FR","@id":"https:\/\/favorite-news.com\/fr\/la-violence-des-jeunes-serait-pire-si-les-ecoles-avaient-ete-fermees-estime-jean-michel-blanquer\/#primaryimage","url":"https:\/\/favorite-news.com\/fr\/wp-content\/uploads\/sites\/12\/2021\/03\/La-violence-des-jeunes-serait-pire-si-les-ecoles-avaient.jpg","contentUrl":"https:\/\/favorite-news.com\/fr\/wp-content\/uploads\/sites\/12\/2021\/03\/La-violence-des-jeunes-serait-pire-si-les-ecoles-avaient.jpg","width":648,"height":360,"caption":"La violence des jeunes serait \u00ab\u00a0pire si les \u00e9coles avaient \u00e9t\u00e9 ferm\u00e9es\u00a0\u00bb, estime Jean-Michel Blanquer"},{"@type":"BreadcrumbList","@id":"https:\/\/favorite-news.com\/fr\/la-violence-des-jeunes-serait-pire-si-les-ecoles-avaient-ete-fermees-estime-jean-michel-blanquer\/#breadcrumb","itemListElement":[{"@type":"ListItem","position":1,"name":"Home","item":"https:\/\/favorite-news.com\/fr\/"},{"@type":"ListItem","position":2,"name":"La violence des jeunes serait \u00ab\u00a0pire si les \u00e9coles avaient \u00e9t\u00e9 ferm\u00e9es\u00a0\u00bb, estime Jean-Michel Blanquer"}]},{"@type":"WebSite","@id":"https:\/\/favorite-news.com\/fr\/#website","url":"https:\/\/favorite-news.com\/fr\/","name":"Favorite News","description":"Favorite News France","potentialAction":[{"@type":"SearchAction","target":{"@type":"EntryPoint","urlTemplate":"https:\/\/favorite-news.com\/fr\/?s={search_term_string}"},"query-input":{"@type":"PropertyValueSpecification","valueRequired":true,"valueName":"search_term_string"}}],"inLanguage":"fr-FR"},{"@type":"Person","@id":"https:\/\/favorite-news.com\/fr\/#\/schema\/person\/b66c4cfdd10a5bf16d7d5efda647111f","name":"favorite-news","image":{"@type":"ImageObject","inLanguage":"fr-FR","@id":"https:\/\/secure.gravatar.com\/avatar\/f89959e01423a9ee3c2debbcf830eb021c575de0e1b3781ca3ae392b71c615a1?s=96&d=mm&r=g","url":"https:\/\/secure.gravatar.com\/avatar\/f89959e01423a9ee3c2debbcf830eb021c575de0e1b3781ca3ae392b71c615a1?s=96&d=mm&r=g","contentUrl":"https:\/\/secure.gravatar.com\/avatar\/f89959e01423a9ee3c2debbcf830eb021c575de0e1b3781ca3ae392b71c615a1?s=96&d=mm&r=g","caption":"favorite-news"},"url":"https:\/\/favorite-news.com\/fr\/author\/ruby\/"}]}},"_links":{"self":[{"href":"https:\/\/favorite-news.com\/fr\/wp-json\/wp\/v2\/posts\/1047","targetHints":{"allow":["GET"]}}],"collection":[{"href":"https:\/\/favorite-news.com\/fr\/wp-json\/wp\/v2\/posts"}],"about":[{"href":"https:\/\/favorite-news.com\/fr\/wp-json\/wp\/v2\/types\/post"}],"author":[{"embeddable":true,"href":"https:\/\/favorite-news.com\/fr\/wp-json\/wp\/v2\/users\/1"}],"replies":[{"embeddable":true,"href":"https:\/\/favorite-news.com\/fr\/wp-json\/wp\/v2\/comments?post=1047"}],"version-history":[{"count":1,"href":"https:\/\/favorite-news.com\/fr\/wp-json\/wp\/v2\/posts\/1047\/revisions"}],"predecessor-version":[{"id":1049,"href":"https:\/\/favorite-news.com\/fr\/wp-json\/wp\/v2\/posts\/1047\/revisions\/1049"}],"wp:featuredmedia":[{"embeddable":true,"href":"https:\/\/favorite-news.com\/fr\/wp-json\/wp\/v2\/media\/1048"}],"wp:attachment":[{"href":"https:\/\/favorite-news.com\/fr\/wp-json\/wp\/v2\/media?parent=1047"}],"wp:term":[{"taxonomy":"category","embeddable":true,"href":"https:\/\/favorite-news.com\/fr\/wp-json\/wp\/v2\/categories?post=1047"},{"taxonomy":"post_tag","embeddable":true,"href":"https:\/\/favorite-news.com\/fr\/wp-json\/wp\/v2\/tags?post=1047"}],"curies":[{"name":"wp","href":"https:\/\/api.w.org\/{rel}","templated":true}]}}