{"id":1041,"date":"2021-03-13T09:24:57","date_gmt":"2021-03-13T09:24:57","guid":{"rendered":"https:\/\/favorite-news.com\/fr\/lhomme-qui-a-tue-son-fils-avant-de-se-suicider-venait-den-perdre-la-garde\/"},"modified":"2021-03-13T09:25:00","modified_gmt":"2021-03-13T09:25:00","slug":"lhomme-qui-a-tue-son-fils-avant-de-se-suicider-venait-den-perdre-la-garde","status":"publish","type":"post","link":"https:\/\/favorite-news.com\/fr\/lhomme-qui-a-tue-son-fils-avant-de-se-suicider-venait-den-perdre-la-garde\/","title":{"rendered":"l\u2019homme qui a tu\u00e9 son fils avant de se suicider venait d&rsquo;en perdre la garde"},"content":{"rendered":"<p>                Illustration d&rsquo;un gendarme. \u2014 E. Frisullo \/ 20 Minutes<br \/>\n            L\u2019homme qui a tu\u00e9 son enfant de 20 mois en le jetant du balcon d\u2019un immeuble de &#13;<br \/>\nMontargis ( &#13;<br \/>\nLoiret) avant de sauter \u00e0 son tour, s\u2019\u00e9tait vu retirer la garde de l\u2019enfant la veille, a r\u00e9v\u00e9l\u00e9 vendredi le parquet de la ville. Apr\u00e8s une audience le 2\u00a0mars, un juge des enfants du tribunal judiciaire de Bourg-en-Bresse avait d\u00e9cid\u00e9 le 10\u00a0mars de confier la garde de l\u2019enfant \u00e0 la m\u00e8re, a indiqu\u00e9 le procureur de la R\u00e9publique de Montargis, Lo\u00efc Abrial.<\/p>\n<p>\u00ab\u00a0Cette audience avait fait ressortir, selon les mots du juge, que le jeune Simon \u00e9tait pris dans un conflit familial extr\u00eame. [\u2026] Dans sa d\u00e9cision, le juge a consid\u00e9r\u00e9 que le p\u00e8re, chez qui l\u2019enfant r\u00e9sidait jusque-l\u00e0, prenait des d\u00e9cisions qui \u00e9taient contraire \u00e0 l\u2019int\u00e9r\u00eat sup\u00e9rieur de cet enfant\u00a0\u00bb, a d\u00e9taill\u00e9 Lo\u00efc\u00a0Abrial. Le p\u00e8re, Haja R., n\u00e9 en 1980 et professeur d\u2019histoire-g\u00e9ographie dans un lyc\u00e9e, avait indiqu\u00e9 \u00ab\u00a0non seulement lors de l\u2019audience, mais \u00e9galement \u00e0 la suite du rendu de cette d\u00e9cision, et dans les \u00e9changes avec la m\u00e8re, qu\u2019il acceptait cette d\u00e9cision\u00a0\u00bb.<\/p>\n<p>Un geste pr\u00e9m\u00e9dit\u00e9<\/p>\n<p>Haja R. a ensuite diff\u00e9r\u00e9 la remise de l\u2019enfant \u00e0 la m\u00e8re, pr\u00e9textant que son fils \u00e9tait \u00ab\u00a0l\u00e9g\u00e8rement souffrant\u00a0\u00bb. Il a quitt\u00e9 son domicile dans l\u2019Ain, prenant la direction du quartier du Grand-Clos \u00e0 Montargis, o\u00f9 il avait pass\u00e9 son enfance et son adolescence. A son arriv\u00e9e, Haja R. \u00ab\u00a0est mont\u00e9 avec l\u2019enfant qui se trouvait dans un porte-b\u00e9b\u00e9 qu\u2019il portait sur lui\u00a0\u00bb. \u00ab\u00a0Au dixi\u00e8me \u00e9tage, il a frapp\u00e9 \u00e0 la porte d\u2019une occupante, a demand\u00e9 \u00e0 rentrer dans l\u2019appartement au pr\u00e9texte qu\u2019il avait v\u00e9cu plusieurs ann\u00e9es auparavant, \u00e0 cet endroit et qu\u2019il souhaitait prendre des photos\u00a0\u00bb, a racont\u00e9 Lo\u00efc\u00a0Abrial.<\/p>\n<p>\u00ab\u00a0La locataire l\u2019a laiss\u00e9 entrer [\u2026] Il a, \u00e0 13h41 tr\u00e8s pr\u00e9cis\u00e9ment, envoy\u00e9 un mail intitul\u00e9 \u00ab\u00a0Adieu, pardon, merci\u00a0\u00bb \u00e0 la m\u00e8re de l\u2019enfant et \u00e0 plusieurs membres de sa famille. L\u2019enfant aurait \u00e9t\u00e9 sorti du porte-b\u00e9b\u00e9 et jet\u00e9 dans le vide avant que Monsieur R. ne saute lui-m\u00eame.\u00a0\u00bb L\u2019enqu\u00eate est men\u00e9e pour assassinat, \u00ab\u00a0tous les \u00e9l\u00e9ments permettent de penser que Monsieur R. avait pr\u00e9m\u00e9dit\u00e9 son geste\u00a0\u00bb, selon le parquet. \u00ab\u00a0Jusqu\u2019\u00e0 ce conflit familial, qui a conduit \u00e0 des d\u00e9p\u00f4ts de plainte de part et d\u2019autre, il n\u2019avait pas d\u2019ant\u00e9c\u00e9dents judiciaires\u00a0\u00bb, ni d\u2019ant\u00e9c\u00e9dents psychiatriques, a pr\u00e9cis\u00e9 Lo\u00efc\u00a0Abrial.<\/p>\n<p>\n<!--noindex--><br \/>\n<a href=\"https:\/\/www.20minutes.fr\/faits_divers\/2997787-20210313-loiret-homme-tue-fils-avant-suicider-venait-perdre-garde-enfant#xtor=RSS-149\" rel=\"nofollow\">Source link <\/a><br \/>\n<!--\/noindex--><\/p>\n","protected":false},"excerpt":{"rendered":"<p>Illustration d&rsquo;un gendarme. \u2014 E. Frisullo \/ 20 Minutes L\u2019homme qui a tu\u00e9 son enfant de 20 mois en le jetant du balcon d\u2019un immeuble de &#13; Montargis ( &#13; Loiret) avant de sauter \u00e0 son tour, s\u2019\u00e9tait vu retirer la garde de l\u2019enfant la veille, a r\u00e9v\u00e9l\u00e9 vendredi le parquet de la ville. Apr\u00e8s [&hellip;]<\/p>\n","protected":false},"author":1,"featured_media":1042,"comment_status":"open","ping_status":"open","sticky":false,"template":"","format":"standard","meta":{"footnotes":""},"categories":[1],"tags":[],"class_list":["post-1041","post","type-post","status-publish","format-standard","has-post-thumbnail","hentry","category-nouvelles"],"yoast_head":"<!-- This site is optimized with the Yoast SEO plugin v27.4 - https:\/\/yoast.com\/product\/yoast-seo-wordpress\/ -->\n<title>l\u2019homme qui a tu\u00e9 son fils avant de se suicider venait d&#039;en perdre la garde - Favorite News<\/title>\n<meta name=\"robots\" content=\"index, follow, max-snippet:-1, max-image-preview:large, max-video-preview:-1\" \/>\n<link rel=\"canonical\" href=\"https:\/\/favorite-news.com\/fr\/lhomme-qui-a-tue-son-fils-avant-de-se-suicider-venait-den-perdre-la-garde\/\" \/>\n<meta property=\"og:locale\" content=\"fr_FR\" \/>\n<meta property=\"og:type\" content=\"article\" \/>\n<meta property=\"og:title\" content=\"l\u2019homme qui a tu\u00e9 son fils avant de se suicider venait d&#039;en perdre la garde - Favorite News\" \/>\n<meta property=\"og:description\" content=\"Illustration d&rsquo;un gendarme. \u2014 E. Frisullo \/ 20 Minutes L\u2019homme qui a tu\u00e9 son enfant de 20 mois en le jetant du balcon d\u2019un immeuble de &#013; Montargis ( &#013; Loiret) avant de sauter \u00e0 son tour, s\u2019\u00e9tait vu retirer la garde de l\u2019enfant la veille, a r\u00e9v\u00e9l\u00e9 vendredi le parquet de la ville. Apr\u00e8s [&hellip;]\" \/>\n<meta property=\"og:url\" content=\"https:\/\/favorite-news.com\/fr\/lhomme-qui-a-tue-son-fils-avant-de-se-suicider-venait-den-perdre-la-garde\/\" \/>\n<meta property=\"og:site_name\" content=\"Favorite News\" \/>\n<meta property=\"article:published_time\" content=\"2021-03-13T09:24:57+00:00\" \/>\n<meta property=\"article:modified_time\" content=\"2021-03-13T09:25:00+00:00\" \/>\n<meta property=\"og:image\" content=\"https:\/\/favorite-news.com\/fr\/wp-content\/uploads\/sites\/12\/2021\/03\/lhomme-qui-a-tue-son-fils-avant-de-se-suicider.jpg\" \/>\n\t<meta property=\"og:image:width\" content=\"648\" \/>\n\t<meta property=\"og:image:height\" content=\"360\" \/>\n\t<meta property=\"og:image:type\" content=\"image\/jpeg\" \/>\n<meta name=\"author\" content=\"favorite-news\" \/>\n<meta name=\"twitter:card\" content=\"summary_large_image\" \/>\n<meta name=\"twitter:label1\" content=\"\u00c9crit par\" \/>\n\t<meta name=\"twitter:data1\" content=\"favorite-news\" \/>\n\t<meta name=\"twitter:label2\" content=\"Dur\u00e9e de lecture estim\u00e9e\" \/>\n\t<meta name=\"twitter:data2\" content=\"2 minutes\" \/>\n<script type=\"application\/ld+json\" class=\"yoast-schema-graph\">{\"@context\":\"https:\\\/\\\/schema.org\",\"@graph\":[{\"@type\":\"Article\",\"@id\":\"https:\\\/\\\/favorite-news.com\\\/fr\\\/lhomme-qui-a-tue-son-fils-avant-de-se-suicider-venait-den-perdre-la-garde\\\/#article\",\"isPartOf\":{\"@id\":\"https:\\\/\\\/favorite-news.com\\\/fr\\\/lhomme-qui-a-tue-son-fils-avant-de-se-suicider-venait-den-perdre-la-garde\\\/\"},\"author\":{\"name\":\"favorite-news\",\"@id\":\"https:\\\/\\\/favorite-news.com\\\/fr\\\/#\\\/schema\\\/person\\\/b66c4cfdd10a5bf16d7d5efda647111f\"},\"headline\":\"l\u2019homme qui a tu\u00e9 son fils avant de se suicider venait d&rsquo;en perdre la garde\",\"datePublished\":\"2021-03-13T09:24:57+00:00\",\"dateModified\":\"2021-03-13T09:25:00+00:00\",\"mainEntityOfPage\":{\"@id\":\"https:\\\/\\\/favorite-news.com\\\/fr\\\/lhomme-qui-a-tue-son-fils-avant-de-se-suicider-venait-den-perdre-la-garde\\\/\"},\"wordCount\":468,\"commentCount\":0,\"image\":{\"@id\":\"https:\\\/\\\/favorite-news.com\\\/fr\\\/lhomme-qui-a-tue-son-fils-avant-de-se-suicider-venait-den-perdre-la-garde\\\/#primaryimage\"},\"thumbnailUrl\":\"https:\\\/\\\/favorite-news.com\\\/fr\\\/wp-content\\\/uploads\\\/sites\\\/12\\\/2021\\\/03\\\/lhomme-qui-a-tue-son-fils-avant-de-se-suicider.jpg\",\"articleSection\":[\"NOUVELLES\"],\"inLanguage\":\"fr-FR\",\"potentialAction\":[{\"@type\":\"CommentAction\",\"name\":\"Comment\",\"target\":[\"https:\\\/\\\/favorite-news.com\\\/fr\\\/lhomme-qui-a-tue-son-fils-avant-de-se-suicider-venait-den-perdre-la-garde\\\/#respond\"]}]},{\"@type\":\"WebPage\",\"@id\":\"https:\\\/\\\/favorite-news.com\\\/fr\\\/lhomme-qui-a-tue-son-fils-avant-de-se-suicider-venait-den-perdre-la-garde\\\/\",\"url\":\"https:\\\/\\\/favorite-news.com\\\/fr\\\/lhomme-qui-a-tue-son-fils-avant-de-se-suicider-venait-den-perdre-la-garde\\\/\",\"name\":\"l\u2019homme qui a tu\u00e9 son fils avant de se suicider venait d'en perdre la garde - Favorite News\",\"isPartOf\":{\"@id\":\"https:\\\/\\\/favorite-news.com\\\/fr\\\/#website\"},\"primaryImageOfPage\":{\"@id\":\"https:\\\/\\\/favorite-news.com\\\/fr\\\/lhomme-qui-a-tue-son-fils-avant-de-se-suicider-venait-den-perdre-la-garde\\\/#primaryimage\"},\"image\":{\"@id\":\"https:\\\/\\\/favorite-news.com\\\/fr\\\/lhomme-qui-a-tue-son-fils-avant-de-se-suicider-venait-den-perdre-la-garde\\\/#primaryimage\"},\"thumbnailUrl\":\"https:\\\/\\\/favorite-news.com\\\/fr\\\/wp-content\\\/uploads\\\/sites\\\/12\\\/2021\\\/03\\\/lhomme-qui-a-tue-son-fils-avant-de-se-suicider.jpg\",\"datePublished\":\"2021-03-13T09:24:57+00:00\",\"dateModified\":\"2021-03-13T09:25:00+00:00\",\"author\":{\"@id\":\"https:\\\/\\\/favorite-news.com\\\/fr\\\/#\\\/schema\\\/person\\\/b66c4cfdd10a5bf16d7d5efda647111f\"},\"breadcrumb\":{\"@id\":\"https:\\\/\\\/favorite-news.com\\\/fr\\\/lhomme-qui-a-tue-son-fils-avant-de-se-suicider-venait-den-perdre-la-garde\\\/#breadcrumb\"},\"inLanguage\":\"fr-FR\",\"potentialAction\":[{\"@type\":\"ReadAction\",\"target\":[\"https:\\\/\\\/favorite-news.com\\\/fr\\\/lhomme-qui-a-tue-son-fils-avant-de-se-suicider-venait-den-perdre-la-garde\\\/\"]}]},{\"@type\":\"ImageObject\",\"inLanguage\":\"fr-FR\",\"@id\":\"https:\\\/\\\/favorite-news.com\\\/fr\\\/lhomme-qui-a-tue-son-fils-avant-de-se-suicider-venait-den-perdre-la-garde\\\/#primaryimage\",\"url\":\"https:\\\/\\\/favorite-news.com\\\/fr\\\/wp-content\\\/uploads\\\/sites\\\/12\\\/2021\\\/03\\\/lhomme-qui-a-tue-son-fils-avant-de-se-suicider.jpg\",\"contentUrl\":\"https:\\\/\\\/favorite-news.com\\\/fr\\\/wp-content\\\/uploads\\\/sites\\\/12\\\/2021\\\/03\\\/lhomme-qui-a-tue-son-fils-avant-de-se-suicider.jpg\",\"width\":648,\"height\":360,\"caption\":\"l\u2019homme qui a tu\u00e9 son fils avant de se suicider venait d'en perdre la garde\"},{\"@type\":\"BreadcrumbList\",\"@id\":\"https:\\\/\\\/favorite-news.com\\\/fr\\\/lhomme-qui-a-tue-son-fils-avant-de-se-suicider-venait-den-perdre-la-garde\\\/#breadcrumb\",\"itemListElement\":[{\"@type\":\"ListItem\",\"position\":1,\"name\":\"Home\",\"item\":\"https:\\\/\\\/favorite-news.com\\\/fr\\\/\"},{\"@type\":\"ListItem\",\"position\":2,\"name\":\"l\u2019homme qui a tu\u00e9 son fils avant de se suicider venait d&rsquo;en perdre la garde\"}]},{\"@type\":\"WebSite\",\"@id\":\"https:\\\/\\\/favorite-news.com\\\/fr\\\/#website\",\"url\":\"https:\\\/\\\/favorite-news.com\\\/fr\\\/\",\"name\":\"Favorite News\",\"description\":\"Favorite News France\",\"potentialAction\":[{\"@type\":\"SearchAction\",\"target\":{\"@type\":\"EntryPoint\",\"urlTemplate\":\"https:\\\/\\\/favorite-news.com\\\/fr\\\/?s={search_term_string}\"},\"query-input\":{\"@type\":\"PropertyValueSpecification\",\"valueRequired\":true,\"valueName\":\"search_term_string\"}}],\"inLanguage\":\"fr-FR\"},{\"@type\":\"Person\",\"@id\":\"https:\\\/\\\/favorite-news.com\\\/fr\\\/#\\\/schema\\\/person\\\/b66c4cfdd10a5bf16d7d5efda647111f\",\"name\":\"favorite-news\",\"image\":{\"@type\":\"ImageObject\",\"inLanguage\":\"fr-FR\",\"@id\":\"https:\\\/\\\/secure.gravatar.com\\\/avatar\\\/f89959e01423a9ee3c2debbcf830eb021c575de0e1b3781ca3ae392b71c615a1?s=96&d=mm&r=g\",\"url\":\"https:\\\/\\\/secure.gravatar.com\\\/avatar\\\/f89959e01423a9ee3c2debbcf830eb021c575de0e1b3781ca3ae392b71c615a1?s=96&d=mm&r=g\",\"contentUrl\":\"https:\\\/\\\/secure.gravatar.com\\\/avatar\\\/f89959e01423a9ee3c2debbcf830eb021c575de0e1b3781ca3ae392b71c615a1?s=96&d=mm&r=g\",\"caption\":\"favorite-news\"},\"url\":\"https:\\\/\\\/favorite-news.com\\\/fr\\\/author\\\/ruby\\\/\"}]}<\/script>\n<!-- \/ Yoast SEO plugin. -->","yoast_head_json":{"title":"l\u2019homme qui a tu\u00e9 son fils avant de se suicider venait d'en perdre la garde - Favorite News","robots":{"index":"index","follow":"follow","max-snippet":"max-snippet:-1","max-image-preview":"max-image-preview:large","max-video-preview":"max-video-preview:-1"},"canonical":"https:\/\/favorite-news.com\/fr\/lhomme-qui-a-tue-son-fils-avant-de-se-suicider-venait-den-perdre-la-garde\/","og_locale":"fr_FR","og_type":"article","og_title":"l\u2019homme qui a tu\u00e9 son fils avant de se suicider venait d'en perdre la garde - Favorite News","og_description":"Illustration d&rsquo;un gendarme. \u2014 E. Frisullo \/ 20 Minutes L\u2019homme qui a tu\u00e9 son enfant de 20 mois en le jetant du balcon d\u2019un immeuble de &#13; Montargis ( &#13; Loiret) avant de sauter \u00e0 son tour, s\u2019\u00e9tait vu retirer la garde de l\u2019enfant la veille, a r\u00e9v\u00e9l\u00e9 vendredi le parquet de la ville. Apr\u00e8s [&hellip;]","og_url":"https:\/\/favorite-news.com\/fr\/lhomme-qui-a-tue-son-fils-avant-de-se-suicider-venait-den-perdre-la-garde\/","og_site_name":"Favorite News","article_published_time":"2021-03-13T09:24:57+00:00","article_modified_time":"2021-03-13T09:25:00+00:00","og_image":[{"width":648,"height":360,"url":"https:\/\/favorite-news.com\/fr\/wp-content\/uploads\/sites\/12\/2021\/03\/lhomme-qui-a-tue-son-fils-avant-de-se-suicider.jpg","type":"image\/jpeg"}],"author":"favorite-news","twitter_card":"summary_large_image","twitter_misc":{"\u00c9crit par":"favorite-news","Dur\u00e9e de lecture estim\u00e9e":"2 minutes"},"schema":{"@context":"https:\/\/schema.org","@graph":[{"@type":"Article","@id":"https:\/\/favorite-news.com\/fr\/lhomme-qui-a-tue-son-fils-avant-de-se-suicider-venait-den-perdre-la-garde\/#article","isPartOf":{"@id":"https:\/\/favorite-news.com\/fr\/lhomme-qui-a-tue-son-fils-avant-de-se-suicider-venait-den-perdre-la-garde\/"},"author":{"name":"favorite-news","@id":"https:\/\/favorite-news.com\/fr\/#\/schema\/person\/b66c4cfdd10a5bf16d7d5efda647111f"},"headline":"l\u2019homme qui a tu\u00e9 son fils avant de se suicider venait d&rsquo;en perdre la garde","datePublished":"2021-03-13T09:24:57+00:00","dateModified":"2021-03-13T09:25:00+00:00","mainEntityOfPage":{"@id":"https:\/\/favorite-news.com\/fr\/lhomme-qui-a-tue-son-fils-avant-de-se-suicider-venait-den-perdre-la-garde\/"},"wordCount":468,"commentCount":0,"image":{"@id":"https:\/\/favorite-news.com\/fr\/lhomme-qui-a-tue-son-fils-avant-de-se-suicider-venait-den-perdre-la-garde\/#primaryimage"},"thumbnailUrl":"https:\/\/favorite-news.com\/fr\/wp-content\/uploads\/sites\/12\/2021\/03\/lhomme-qui-a-tue-son-fils-avant-de-se-suicider.jpg","articleSection":["NOUVELLES"],"inLanguage":"fr-FR","potentialAction":[{"@type":"CommentAction","name":"Comment","target":["https:\/\/favorite-news.com\/fr\/lhomme-qui-a-tue-son-fils-avant-de-se-suicider-venait-den-perdre-la-garde\/#respond"]}]},{"@type":"WebPage","@id":"https:\/\/favorite-news.com\/fr\/lhomme-qui-a-tue-son-fils-avant-de-se-suicider-venait-den-perdre-la-garde\/","url":"https:\/\/favorite-news.com\/fr\/lhomme-qui-a-tue-son-fils-avant-de-se-suicider-venait-den-perdre-la-garde\/","name":"l\u2019homme qui a tu\u00e9 son fils avant de se suicider venait d'en perdre la garde - Favorite News","isPartOf":{"@id":"https:\/\/favorite-news.com\/fr\/#website"},"primaryImageOfPage":{"@id":"https:\/\/favorite-news.com\/fr\/lhomme-qui-a-tue-son-fils-avant-de-se-suicider-venait-den-perdre-la-garde\/#primaryimage"},"image":{"@id":"https:\/\/favorite-news.com\/fr\/lhomme-qui-a-tue-son-fils-avant-de-se-suicider-venait-den-perdre-la-garde\/#primaryimage"},"thumbnailUrl":"https:\/\/favorite-news.com\/fr\/wp-content\/uploads\/sites\/12\/2021\/03\/lhomme-qui-a-tue-son-fils-avant-de-se-suicider.jpg","datePublished":"2021-03-13T09:24:57+00:00","dateModified":"2021-03-13T09:25:00+00:00","author":{"@id":"https:\/\/favorite-news.com\/fr\/#\/schema\/person\/b66c4cfdd10a5bf16d7d5efda647111f"},"breadcrumb":{"@id":"https:\/\/favorite-news.com\/fr\/lhomme-qui-a-tue-son-fils-avant-de-se-suicider-venait-den-perdre-la-garde\/#breadcrumb"},"inLanguage":"fr-FR","potentialAction":[{"@type":"ReadAction","target":["https:\/\/favorite-news.com\/fr\/lhomme-qui-a-tue-son-fils-avant-de-se-suicider-venait-den-perdre-la-garde\/"]}]},{"@type":"ImageObject","inLanguage":"fr-FR","@id":"https:\/\/favorite-news.com\/fr\/lhomme-qui-a-tue-son-fils-avant-de-se-suicider-venait-den-perdre-la-garde\/#primaryimage","url":"https:\/\/favorite-news.com\/fr\/wp-content\/uploads\/sites\/12\/2021\/03\/lhomme-qui-a-tue-son-fils-avant-de-se-suicider.jpg","contentUrl":"https:\/\/favorite-news.com\/fr\/wp-content\/uploads\/sites\/12\/2021\/03\/lhomme-qui-a-tue-son-fils-avant-de-se-suicider.jpg","width":648,"height":360,"caption":"l\u2019homme qui a tu\u00e9 son fils avant de se suicider venait d'en perdre la garde"},{"@type":"BreadcrumbList","@id":"https:\/\/favorite-news.com\/fr\/lhomme-qui-a-tue-son-fils-avant-de-se-suicider-venait-den-perdre-la-garde\/#breadcrumb","itemListElement":[{"@type":"ListItem","position":1,"name":"Home","item":"https:\/\/favorite-news.com\/fr\/"},{"@type":"ListItem","position":2,"name":"l\u2019homme qui a tu\u00e9 son fils avant de se suicider venait d&rsquo;en perdre la garde"}]},{"@type":"WebSite","@id":"https:\/\/favorite-news.com\/fr\/#website","url":"https:\/\/favorite-news.com\/fr\/","name":"Favorite News","description":"Favorite News France","potentialAction":[{"@type":"SearchAction","target":{"@type":"EntryPoint","urlTemplate":"https:\/\/favorite-news.com\/fr\/?s={search_term_string}"},"query-input":{"@type":"PropertyValueSpecification","valueRequired":true,"valueName":"search_term_string"}}],"inLanguage":"fr-FR"},{"@type":"Person","@id":"https:\/\/favorite-news.com\/fr\/#\/schema\/person\/b66c4cfdd10a5bf16d7d5efda647111f","name":"favorite-news","image":{"@type":"ImageObject","inLanguage":"fr-FR","@id":"https:\/\/secure.gravatar.com\/avatar\/f89959e01423a9ee3c2debbcf830eb021c575de0e1b3781ca3ae392b71c615a1?s=96&d=mm&r=g","url":"https:\/\/secure.gravatar.com\/avatar\/f89959e01423a9ee3c2debbcf830eb021c575de0e1b3781ca3ae392b71c615a1?s=96&d=mm&r=g","contentUrl":"https:\/\/secure.gravatar.com\/avatar\/f89959e01423a9ee3c2debbcf830eb021c575de0e1b3781ca3ae392b71c615a1?s=96&d=mm&r=g","caption":"favorite-news"},"url":"https:\/\/favorite-news.com\/fr\/author\/ruby\/"}]}},"_links":{"self":[{"href":"https:\/\/favorite-news.com\/fr\/wp-json\/wp\/v2\/posts\/1041","targetHints":{"allow":["GET"]}}],"collection":[{"href":"https:\/\/favorite-news.com\/fr\/wp-json\/wp\/v2\/posts"}],"about":[{"href":"https:\/\/favorite-news.com\/fr\/wp-json\/wp\/v2\/types\/post"}],"author":[{"embeddable":true,"href":"https:\/\/favorite-news.com\/fr\/wp-json\/wp\/v2\/users\/1"}],"replies":[{"embeddable":true,"href":"https:\/\/favorite-news.com\/fr\/wp-json\/wp\/v2\/comments?post=1041"}],"version-history":[{"count":1,"href":"https:\/\/favorite-news.com\/fr\/wp-json\/wp\/v2\/posts\/1041\/revisions"}],"predecessor-version":[{"id":1043,"href":"https:\/\/favorite-news.com\/fr\/wp-json\/wp\/v2\/posts\/1041\/revisions\/1043"}],"wp:featuredmedia":[{"embeddable":true,"href":"https:\/\/favorite-news.com\/fr\/wp-json\/wp\/v2\/media\/1042"}],"wp:attachment":[{"href":"https:\/\/favorite-news.com\/fr\/wp-json\/wp\/v2\/media?parent=1041"}],"wp:term":[{"taxonomy":"category","embeddable":true,"href":"https:\/\/favorite-news.com\/fr\/wp-json\/wp\/v2\/categories?post=1041"},{"taxonomy":"post_tag","embeddable":true,"href":"https:\/\/favorite-news.com\/fr\/wp-json\/wp\/v2\/tags?post=1041"}],"curies":[{"name":"wp","href":"https:\/\/api.w.org\/{rel}","templated":true}]}}