{"id":1036,"date":"2021-03-12T09:12:01","date_gmt":"2021-03-12T09:12:01","guid":{"rendered":"https:\/\/favorite-news.com\/fr\/un-nouveau-sommet-sur-les-forets-mais-pour-quoi-faire\/"},"modified":"2021-03-18T12:29:44","modified_gmt":"2021-03-18T12:29:44","slug":"un-nouveau-sommet-sur-les-forets-mais-pour-quoi-faire","status":"publish","type":"post","link":"https:\/\/favorite-news.com\/fr\/un-nouveau-sommet-sur-les-forets-mais-pour-quoi-faire\/","title":{"rendered":"Un nouveau sommet sur les for\u00eats\u2026 Mais pour quoi faire\u00a0?"},"content":{"rendered":"<p>Pourquoi, sans la for\u00eat, nous ne pourrions pas survivre \u2014 20 Minutes<br \/>\nOrganis\u00e9 sous le haut patronage de l\u2019\u00c9lys\u00e9e et avec la ministre Barbara Pompili pour ouvrir l\u2019\u00e9v\u00e9nement, le \u00ab\u00a0Global forest Summit\u00a0\u00bb est parvenu \u00e0 rassembler un joli parterre de personnalit\u00e9s pour sa premi\u00e8re \u00e9dition, ce vendredi.<br \/>\n\u00c0 l\u2019origine de ce nouveau sommet, on trouve un\u00a0think-tank, l\u2019Institut Open Diplomacy, et une entreprise sp\u00e9cialis\u00e9e dans la plantation d\u2019arbres, Reforest\u2019action. Deux organismes fran\u00e7ais qui veulent mettre la for\u00eat au sommet de l\u2019agenda international.<br \/>\nL&rsquo;association Canop\u00e9e ou encore Greenpeace s\u2019\u00e9tonnent de ce sommet sorti de \u00ab\u00a0nulle part\u00a0\u00bb, s\u2019inqui\u00e9tant qu\u2019il soit avant tout une op\u00e9ration pour promouvoir \u00ab\u00a0cette fausse bonne id\u00e9e\u00a0selon laquelle planter des arbres est la solution magique\u00a0\u00bb.<\/p>\n<p>Il y a du beau monde annonc\u00e9 \u00e0 la premi\u00e8re \u00e9dition du \u00ab\u00a0Global forest summit\u00a0\u00bb. Un sommet mondial virtuel organis\u00e9 depuis Paris, ce vendredi matin, pour tenter d\u2019acc\u00e9l\u00e9rer sur la protection et la restauration des for\u00eats. \u00c0 commencer par<br \/>\nBarbara Pompili, ministre de la Transition \u00e9cologique, attendue pour ouvrir la journ\u00e9e. Mais aussi son homologue britannique, le commissaire europ\u00e9en \u00e0 l\u2019Environnement, ou encore<br \/>\nla primatologue Jane Goodall\u2026<\/p>\n<p>\u00ab\u00a0Sur les 2.800 inscrits, on compte environ un quart de personnes venues du secteur acad\u00e9mique, un autre quart des ONG, un gros tiers du secteur priv\u00e9, 15\u00a0% des pouvoirs publics\u2026\u00a0\u00bb, d\u00e9taille Thomas Friang*, pr\u00e9sident de<br \/>\nl\u2019Institut Open Diplomacy.<\/p>\n<p>Les for\u00eats, \u00ab\u00a0r\u00f4le cl\u00e9 sur les crises jumelles du climat et de la biodiversit\u00e9\u00a0\u00bb<\/p>\n<p>Ce think-tank** coorganise l\u2019\u00e9v\u00e9nement\u00a0avec Reforest\u2019action, entreprise qui porte des projets de reforestation financ\u00e9s par des entreprises et des particuliers via des op\u00e9rations de crowfunding ***. Les deux organismes fran\u00e7ais avaient d\u00e9j\u00e0 travaill\u00e9 ensemble, en septembre, lors<br \/>\ndes Rencontres du d\u00e9veloppement durable, cr\u00e9\u00e9es\u00a0par l\u2019Institut Open Diplomacy. \u00ab\u00a0Avec St\u00e9phane Hallaire, fondateur de Reforest\u2019action, on s\u2019\u00e9tait dit qu\u2019il fallait faire quelque chose pour placer les for\u00eats en haut de l\u2019agenda international en ce d\u00e9but 2021, alors que se profile<br \/>\nune s\u00e9rie de sommets internationaux cruciaux tant sur les enjeux climat que biodiversit\u00e9\u00a0\u00bb, reprend Thomas Friang.<\/p>\n<p>Puits de carbone, habitat d\u2019un grand nombre d\u2019esp\u00e8ces animales et v\u00e9g\u00e9tales\u2026 La pr\u00e9servation et la restauration des for\u00eats constituent \u00ab\u00a0l\u2019une des solutions bas\u00e9es sur la nature les plus efficaces pour r\u00e9pondre \u00e0 la crise jumelle du climat et de la biodiversit\u00e9\u00a0\u00bb, insistent les organisateurs du sommet.<\/p>\n<p>Sur le mod\u00e8le des \u00ab\u00a0One planet summit\u00a0\u00bb\u00a0?<\/p>\n<p>Des points trop souvent occult\u00e9s\u00a0?\u00a0\u00ab\u00a0Ce n\u2019est pas tant qu\u2019on ignore aujourd\u2019hui le r\u00f4le crucial des for\u00eats ni l\u2019ampleur des d\u00e9gradations qui les affectent, mais on peine encore \u00e0 passer de l\u2019analyse \u00e0 l\u2019action\u00a0\u00bb, r\u00e9pond St\u00e9phane Hallaire. Pour preuve, sur les 4\u00a0milliards d\u2019hectares de for\u00eats que compte la Terre \u2013 soit un tiers des terres \u00e9merg\u00e9es \u2013 environ 10\u00a0millions ont \u00e9t\u00e9 d\u00e9bois\u00e9s chaque ann\u00e9e entre\u00a02015 et\u00a02020, selon le dernier rapport de l\u2019<br \/>\nOrganisation des Nations Unies pour l&rsquo;alimentation et l&rsquo;agriculture (FAO). Un rythme plus lent que dans les ann\u00e9es 1990, mais \u00ab\u00a0qui r\u00e9v\u00e8le\u00a0l\u2019\u00e9chec de certains engagements internationaux\u00a0\u00bb, indique St\u00e9phane Hallaire. L\u2019ONU s\u2019\u00e9tait notamment fix\u00e9<br \/>\npour ses objectifs de d\u00e9veloppement durable, \u00e0 atteindre d\u2019ici \u00e0 2020, de\u00a0mettre un terme \u00e0 la d\u00e9forestation et\u00a0de\u00a0restaurer les for\u00eats d\u00e9grad\u00e9es.<\/p>\n<p>Le \u00ab\u00a0Global forest summit\u00a0\u00bb veut donc marquer un passage aux actes. \u00ab\u00a0Il listera les solutions connues, reconnues, ma\u00eetris\u00e9es qu\u2019on va inviter \u00e0 passer \u00e0 l\u2019\u00e9chelle\u00a0\u00bb, poursuit St\u00e9phane Hallaire. Sur ce point, l\u2019\u00e9v\u00e9nement\u00a0n\u2019est pas sans rappeler les \u00ab\u00a0One Planet Summit\u00a0\u00bb, rendez-vous diplomatiques initi\u00e9s par Emmanuel Macron, sur les enjeux environnementaux, pour faire na\u00eetre des coalitions d\u2019acteurs tr\u00e8s vari\u00e9s sur des engagements tr\u00e8s concrets. \u00ab\u00a0\u00c0 la diff\u00e9rence que le sommet\u00a0de ce vendredi est lanc\u00e9 par des acteurs de la soci\u00e9t\u00e9 civile, insiste Thomas Friang. Mais l\u2019intention est l\u00e0 m\u00eame et il y aura des annonces d\u2019entreprises et d\u2019organisations internationales.\u00a0\u00bb \u00ab\u00a0\u00c7a se chiffrera en millions\u00a0\u00bb, lance-t-il, en pr\u00e9cisant qu\u2019il parle \u00e0 la fois en euros et en racines [nombre d\u2019arbres plant\u00e9s].<\/p>\n<p>\u00ab\u00a0Une confusion des genres\u00a0\u00bb\u00a0?<\/p>\n<p>Prometteur\u00a0?\u00a0Sylvain Angerand, coordinateur des campagnes de l&rsquo;association Canop\u00e9e \u2013 For\u00eats vivantes, affili\u00e9e<br \/>\naux Amis de la Terre, comme C\u00e9cile Leuba, charg\u00e9e de communcation \u00e0<br \/>\nGreenpeace France, sont\u00a0sceptiques. \u00ab\u00a0Il y a une confusion des genres, fustige le premier. On pr\u00e9sente l\u2019\u00e9v\u00e9nement comme un sommet mondial, sous le haut patronnage de l\u2019Elys\u00e9e, alors que c\u2019est une op\u00e9ration de communication achet\u00e9e et financ\u00e9e par une entreprise priv\u00e9e, Reforest\u2019action, dont l\u2019activit\u00e9 est de vendre des arbres.\u00a0\u00bb<\/p>\n<p>Toute la crainte des deux ONG\u00a0est que ce \u00ab\u00a0Global forest summit\u00a0\u00bb assoit un peu plus l\u2019id\u00e9e que la plantation d\u2019arbres serait \u00ab\u00a0la solution magique\u00a0\u00bb aux probl\u00e8mes environnementaux. Parmi les invit\u00e9s \u00e0 d\u00e9battre, Sylvain Angerand et C\u00e9cile Leuba pointent notamment la pr\u00e9sence du\u00a0chercheur britannique Thomas Crowther, qui a publi\u00e9 une \u00e9tude en f\u00e9vrier\u00a02019 assurant que<br \/>\nplanter 1.200 milliards d\u2019arbres permettrait d\u2019annuler au moins dix ans d\u2019\u00e9missions de CO2 anthropiques. \u00ab\u00a0Elle a \u00e9t\u00e9 reprise par de nombreux m\u00e9dias, bien que<br \/>\ntr\u00e8s vite critiqu\u00e9e par des scientifiques qui estimaient que le message \u00e9tait bien trop simpliste\u00a0\u00bb, indique C\u00e9cile Leuba. \u00ab\u00a0Le minimum, ce vendredi, aurait \u00e9t\u00e9 de mettre un contradicteur en face de Thomas Crowther, poursuit\u00a0Sylvain Angerand. Je n\u2019en vois pas.\u00a0\u00bb<\/p>\n<p>Pas si anodin\u00a0?\u00a0\u00ab\u00a0Planter un arbre est devenu une sorte de caution verte pour des entreprises qui, puisqu\u2019elles le font, se disent qu\u2019elles n\u2019ont pas besoin de revoir leur mod\u00e8le \u00e9conomique, m\u00eame s\u2019il est bas\u00e9\u00a0sur les \u00e9nergies fossiles **, regrette le coordinateur de campagnes de Canop\u00e9e. Ce sommet ne pr\u00e9voit pas de d\u00e9bat, par exemple, sur la question de savoir s\u2019il faut permettre \u00e0 ces entreprises-l\u00e0 de\u00a0faire de la compensation carbone via la plantation d\u2019arbres.\u00a0\u00bb<\/p>\n<p>\u00ab\u00a0Pas un sommet pour justifier la compensation carbone\u00a0\u00bb<\/p>\n<p>\u00ab\u00a0On ne fait pas ce sommet pour justifier la compensation qui, au passage, ne repr\u00e9sente qu\u2019une petite partie de l\u2019activit\u00e9 de Reforest\u2019action****, se d\u00e9fend St\u00e9phane Hallaire. On le fait pour avancer sur la question de comment prot\u00e9ger les for\u00eats encore existantes et restaurer celles qui ont \u00e9t\u00e9 d\u00e9grad\u00e9es. Ces deux enjeux sont tout aussi importants. L\u2019ONU ne lance pas cette ann\u00e9e la d\u00e9cennie de la restauration des \u00e9cosyst\u00e8mes pour rien.\u00a0\u00bb<\/p>\n<p>Mais pourquoi alors ce nouveau sommet \u00ab\u00a0sorti de nulle part\u00a0\u00bb\u00a0?, se demande Sylvain Angerand. \u00ab\u00a0Il y a d\u00e9j\u00e0 de nombreuses instances de d\u00e9bat et de concertations sur ces enjeux de la for\u00eat\u00a0\u00bb, rappelle-t-il. En France, cela se joue notamment autour de la Strat\u00e9gie nationale de d\u00e9forestation import\u00e9e (SNDI), que le gouvernement a adopt\u00e9e en novembre\u00a02018. Ambitieuse, elle pr\u00e9voit de mettre fin, d\u2019ici \u00e0 2030, \u00e0 la d\u00e9forestation caus\u00e9e par l\u2019importation de produits forestiers et agricoles non durables. \u00ab\u00a0Mais seulement en misant sur les engagements volontaires des entreprises \u00e0 revoir leurs approvisionnements, d\u00e9plore Sylvain Angerand. Sans surprise,<br \/>\nsa mise en \u0153uvre est un \u00e9chec et nous poussons, avec d\u2019autres ONG, au sein du comit\u00e9 de suivi, pour que le gouvernement aille bien plus loin. Ne serait-ce qu\u2019en r\u00e9examinant ses accords commerciaux internationaux\u2026\u00a0\u00bb \u00abOu en s&rsquo;assurant que le soja import\u00e9 par les entreprises fran\u00e7aises ne proviennent pas de d\u00e9forestation\u00bb, compl\u00e8te C\u00e9cile Leuba.<\/p>\n<p>Ch\u00e8re @barbarapompili Vous n&rsquo;\u00eates jamais venue \u00e0 une r\u00e9union de strat\u00e9gie nationale de lutte contre la #d\u00e9forestation import\u00e9e mais vous allez cautionner cette op\u00e9ration mont\u00e9e par une boite priv\u00e9e @reforestaction pour vendre de la #compensationcarbone?https:\/\/t.co\/5gltjPRBRT\u2014 Canop\u00e9e For\u00eats Vivantes (@Canopee_asso) March 9, 2021<\/p>\n<p>Sylvain Angerand regrette alors que ni Reforest\u2019action, ni l\u2019Institut Open Diplomacy ne s\u2019engagent \u00e0 leurs c\u00f4t\u00e9s sur ces sujets. \u00ab\u00a0On ne voit pas non plus Barbara Pompili aux r\u00e9unions du comit\u00e9 de suivi de la SNDI\u00a0d\u2019ailleurs, tacle-t-il. Voil\u00e0 pourquoi sa pr\u00e9sence, ce vendredi, nous met en rogne \u00e9galement.\u00a0\u00bb<\/p>\n<p>*Thomas Friang est aussi co-fondateur et membre du conseil politique d\u2019En Commun\u00a0!, parti politique cr\u00e9\u00e9 l\u2019an dernier autour de Barbara Pompili<\/p>\n<p>**Le think-tank\u00a0se fixe l\u2019objectif de favoriser la compr\u00e9hension et la participation des citoyens \u00e0 la vie internationale.<\/p>\n<p>*** En onze ans, Reforest\u2019action a plant\u00e9 15\u00a0millions d\u2019arbres dans trente pays, \u00ab\u00a0avec pour cheval de bataille de promouvoir des for\u00eats diversifi\u00e9es et qui rendent un maximum de services \u00e9cosyst\u00e9miques (lutte contre le r\u00e9chauffement climatique, pr\u00e9servation de la biodiversit\u00e9, d\u00e9veloppement social et \u00e9conomique des populations locales\u2026).<\/p>\n<p>**** \u00ab\u00a0La compensation carbone ne repr\u00e9sente que 10 \u00e0 20\u00a0% de notre activit\u00e9\u00a0\u00bb, assure St\u00e9phane Hallaire. Un cas typique\u00a0: Eni a un partenariat avec Reforest\u2019action via lequel l\u2019\u00e9nerg\u00e9ticien propose \u00e0 ses nouveaux clients de planter des arbres pour compenser les \u00e9missions de CO2 li\u00e9es \u00e0 leur consommation de gaz naturel.<\/p>\n<p><script async src=\"https:\/\/platform.twitter.com\/widgets.js\" charset=\"utf-8\"><\/script><\/p>\n<p><!--noindex--><br \/>\n<a href=\"https:\/\/www.20minutes.fr\/planete\/2996179-20210312-global-forest-summit-nouveau-sommet-forets-quoi-faire#xtor=RSS-149\" rel=\"nofollow\">Source link <\/a><br \/>\n<!--\/noindex--><\/p>\n","protected":false},"excerpt":{"rendered":"<p>Pourquoi, sans la for\u00eat, nous ne pourrions pas survivre \u2014 20 Minutes Organis\u00e9 sous le haut patronage de l\u2019\u00c9lys\u00e9e et avec la ministre Barbara Pompili pour ouvrir l\u2019\u00e9v\u00e9nement, le \u00ab\u00a0Global forest Summit\u00a0\u00bb est parvenu \u00e0 rassembler un joli parterre de personnalit\u00e9s pour sa premi\u00e8re \u00e9dition, ce vendredi. \u00c0 l\u2019origine de ce nouveau sommet, on trouve [&hellip;]<\/p>\n","protected":false},"author":1,"featured_media":1037,"comment_status":"open","ping_status":"open","sticky":false,"template":"","format":"standard","meta":{"footnotes":""},"categories":[1],"tags":[],"class_list":["post-1036","post","type-post","status-publish","format-standard","has-post-thumbnail","hentry","category-nouvelles"],"yoast_head":"<!-- This site is optimized with the Yoast SEO plugin v27.4 - https:\/\/yoast.com\/product\/yoast-seo-wordpress\/ -->\n<title>Un nouveau sommet sur les for\u00eats\u2026 Mais pour quoi faire\u00a0? - Favorite News<\/title>\n<meta name=\"robots\" content=\"index, follow, max-snippet:-1, max-image-preview:large, max-video-preview:-1\" \/>\n<link rel=\"canonical\" href=\"https:\/\/favorite-news.com\/fr\/un-nouveau-sommet-sur-les-forets-mais-pour-quoi-faire\/\" \/>\n<meta property=\"og:locale\" content=\"fr_FR\" \/>\n<meta property=\"og:type\" content=\"article\" \/>\n<meta property=\"og:title\" content=\"Un nouveau sommet sur les for\u00eats\u2026 Mais pour quoi faire\u00a0? - Favorite News\" \/>\n<meta property=\"og:description\" content=\"Pourquoi, sans la for\u00eat, nous ne pourrions pas survivre \u2014 20 Minutes Organis\u00e9 sous le haut patronage de l\u2019\u00c9lys\u00e9e et avec la ministre Barbara Pompili pour ouvrir l\u2019\u00e9v\u00e9nement, le \u00ab\u00a0Global forest Summit\u00a0\u00bb est parvenu \u00e0 rassembler un joli parterre de personnalit\u00e9s pour sa premi\u00e8re \u00e9dition, ce vendredi. \u00c0 l\u2019origine de ce nouveau sommet, on trouve [&hellip;]\" \/>\n<meta property=\"og:url\" content=\"https:\/\/favorite-news.com\/fr\/un-nouveau-sommet-sur-les-forets-mais-pour-quoi-faire\/\" \/>\n<meta property=\"og:site_name\" content=\"Favorite News\" \/>\n<meta property=\"article:published_time\" content=\"2021-03-12T09:12:01+00:00\" \/>\n<meta property=\"article:modified_time\" content=\"2021-03-18T12:29:44+00:00\" \/>\n<meta property=\"og:image\" content=\"https:\/\/favorite-news.com\/fr\/wp-content\/uploads\/sites\/12\/2021\/03\/Un-nouveau-sommet-sur-les-forets\u2026-Mais-pour-quoi-faire.jpg\" \/>\n\t<meta property=\"og:image:width\" content=\"648\" \/>\n\t<meta property=\"og:image:height\" content=\"360\" \/>\n\t<meta property=\"og:image:type\" content=\"image\/jpeg\" \/>\n<meta name=\"author\" content=\"favorite-news\" \/>\n<meta name=\"twitter:card\" content=\"summary_large_image\" \/>\n<meta name=\"twitter:label1\" content=\"\u00c9crit par\" \/>\n\t<meta name=\"twitter:data1\" content=\"favorite-news\" \/>\n\t<meta name=\"twitter:label2\" content=\"Dur\u00e9e de lecture estim\u00e9e\" \/>\n\t<meta name=\"twitter:data2\" content=\"8 minutes\" \/>\n<script type=\"application\/ld+json\" class=\"yoast-schema-graph\">{\"@context\":\"https:\\\/\\\/schema.org\",\"@graph\":[{\"@type\":\"Article\",\"@id\":\"https:\\\/\\\/favorite-news.com\\\/fr\\\/un-nouveau-sommet-sur-les-forets-mais-pour-quoi-faire\\\/#article\",\"isPartOf\":{\"@id\":\"https:\\\/\\\/favorite-news.com\\\/fr\\\/un-nouveau-sommet-sur-les-forets-mais-pour-quoi-faire\\\/\"},\"author\":{\"name\":\"favorite-news\",\"@id\":\"https:\\\/\\\/favorite-news.com\\\/fr\\\/#\\\/schema\\\/person\\\/b66c4cfdd10a5bf16d7d5efda647111f\"},\"headline\":\"Un nouveau sommet sur les for\u00eats\u2026 Mais pour quoi faire\u00a0?\",\"datePublished\":\"2021-03-12T09:12:01+00:00\",\"dateModified\":\"2021-03-18T12:29:44+00:00\",\"mainEntityOfPage\":{\"@id\":\"https:\\\/\\\/favorite-news.com\\\/fr\\\/un-nouveau-sommet-sur-les-forets-mais-pour-quoi-faire\\\/\"},\"wordCount\":1574,\"commentCount\":0,\"image\":{\"@id\":\"https:\\\/\\\/favorite-news.com\\\/fr\\\/un-nouveau-sommet-sur-les-forets-mais-pour-quoi-faire\\\/#primaryimage\"},\"thumbnailUrl\":\"https:\\\/\\\/favorite-news.com\\\/fr\\\/wp-content\\\/uploads\\\/sites\\\/12\\\/2021\\\/03\\\/Un-nouveau-sommet-sur-les-forets\u2026-Mais-pour-quoi-faire.jpg\",\"articleSection\":[\"NOUVELLES\"],\"inLanguage\":\"fr-FR\",\"potentialAction\":[{\"@type\":\"CommentAction\",\"name\":\"Comment\",\"target\":[\"https:\\\/\\\/favorite-news.com\\\/fr\\\/un-nouveau-sommet-sur-les-forets-mais-pour-quoi-faire\\\/#respond\"]}]},{\"@type\":\"WebPage\",\"@id\":\"https:\\\/\\\/favorite-news.com\\\/fr\\\/un-nouveau-sommet-sur-les-forets-mais-pour-quoi-faire\\\/\",\"url\":\"https:\\\/\\\/favorite-news.com\\\/fr\\\/un-nouveau-sommet-sur-les-forets-mais-pour-quoi-faire\\\/\",\"name\":\"Un nouveau sommet sur les for\u00eats\u2026 Mais pour quoi faire\u00a0? - Favorite News\",\"isPartOf\":{\"@id\":\"https:\\\/\\\/favorite-news.com\\\/fr\\\/#website\"},\"primaryImageOfPage\":{\"@id\":\"https:\\\/\\\/favorite-news.com\\\/fr\\\/un-nouveau-sommet-sur-les-forets-mais-pour-quoi-faire\\\/#primaryimage\"},\"image\":{\"@id\":\"https:\\\/\\\/favorite-news.com\\\/fr\\\/un-nouveau-sommet-sur-les-forets-mais-pour-quoi-faire\\\/#primaryimage\"},\"thumbnailUrl\":\"https:\\\/\\\/favorite-news.com\\\/fr\\\/wp-content\\\/uploads\\\/sites\\\/12\\\/2021\\\/03\\\/Un-nouveau-sommet-sur-les-forets\u2026-Mais-pour-quoi-faire.jpg\",\"datePublished\":\"2021-03-12T09:12:01+00:00\",\"dateModified\":\"2021-03-18T12:29:44+00:00\",\"author\":{\"@id\":\"https:\\\/\\\/favorite-news.com\\\/fr\\\/#\\\/schema\\\/person\\\/b66c4cfdd10a5bf16d7d5efda647111f\"},\"breadcrumb\":{\"@id\":\"https:\\\/\\\/favorite-news.com\\\/fr\\\/un-nouveau-sommet-sur-les-forets-mais-pour-quoi-faire\\\/#breadcrumb\"},\"inLanguage\":\"fr-FR\",\"potentialAction\":[{\"@type\":\"ReadAction\",\"target\":[\"https:\\\/\\\/favorite-news.com\\\/fr\\\/un-nouveau-sommet-sur-les-forets-mais-pour-quoi-faire\\\/\"]}]},{\"@type\":\"ImageObject\",\"inLanguage\":\"fr-FR\",\"@id\":\"https:\\\/\\\/favorite-news.com\\\/fr\\\/un-nouveau-sommet-sur-les-forets-mais-pour-quoi-faire\\\/#primaryimage\",\"url\":\"https:\\\/\\\/favorite-news.com\\\/fr\\\/wp-content\\\/uploads\\\/sites\\\/12\\\/2021\\\/03\\\/Un-nouveau-sommet-sur-les-forets\u2026-Mais-pour-quoi-faire.jpg\",\"contentUrl\":\"https:\\\/\\\/favorite-news.com\\\/fr\\\/wp-content\\\/uploads\\\/sites\\\/12\\\/2021\\\/03\\\/Un-nouveau-sommet-sur-les-forets\u2026-Mais-pour-quoi-faire.jpg\",\"width\":648,\"height\":360,\"caption\":\"Un nouveau sommet sur les for\u00eats\u2026 Mais pour quoi faire\u00a0?\"},{\"@type\":\"BreadcrumbList\",\"@id\":\"https:\\\/\\\/favorite-news.com\\\/fr\\\/un-nouveau-sommet-sur-les-forets-mais-pour-quoi-faire\\\/#breadcrumb\",\"itemListElement\":[{\"@type\":\"ListItem\",\"position\":1,\"name\":\"Home\",\"item\":\"https:\\\/\\\/favorite-news.com\\\/fr\\\/\"},{\"@type\":\"ListItem\",\"position\":2,\"name\":\"Un nouveau sommet sur les for\u00eats\u2026 Mais pour quoi faire\u00a0?\"}]},{\"@type\":\"WebSite\",\"@id\":\"https:\\\/\\\/favorite-news.com\\\/fr\\\/#website\",\"url\":\"https:\\\/\\\/favorite-news.com\\\/fr\\\/\",\"name\":\"Favorite News\",\"description\":\"Favorite News France\",\"potentialAction\":[{\"@type\":\"SearchAction\",\"target\":{\"@type\":\"EntryPoint\",\"urlTemplate\":\"https:\\\/\\\/favorite-news.com\\\/fr\\\/?s={search_term_string}\"},\"query-input\":{\"@type\":\"PropertyValueSpecification\",\"valueRequired\":true,\"valueName\":\"search_term_string\"}}],\"inLanguage\":\"fr-FR\"},{\"@type\":\"Person\",\"@id\":\"https:\\\/\\\/favorite-news.com\\\/fr\\\/#\\\/schema\\\/person\\\/b66c4cfdd10a5bf16d7d5efda647111f\",\"name\":\"favorite-news\",\"image\":{\"@type\":\"ImageObject\",\"inLanguage\":\"fr-FR\",\"@id\":\"https:\\\/\\\/secure.gravatar.com\\\/avatar\\\/f89959e01423a9ee3c2debbcf830eb021c575de0e1b3781ca3ae392b71c615a1?s=96&d=mm&r=g\",\"url\":\"https:\\\/\\\/secure.gravatar.com\\\/avatar\\\/f89959e01423a9ee3c2debbcf830eb021c575de0e1b3781ca3ae392b71c615a1?s=96&d=mm&r=g\",\"contentUrl\":\"https:\\\/\\\/secure.gravatar.com\\\/avatar\\\/f89959e01423a9ee3c2debbcf830eb021c575de0e1b3781ca3ae392b71c615a1?s=96&d=mm&r=g\",\"caption\":\"favorite-news\"},\"url\":\"https:\\\/\\\/favorite-news.com\\\/fr\\\/author\\\/ruby\\\/\"}]}<\/script>\n<!-- \/ Yoast SEO plugin. -->","yoast_head_json":{"title":"Un nouveau sommet sur les for\u00eats\u2026 Mais pour quoi faire\u00a0? - Favorite News","robots":{"index":"index","follow":"follow","max-snippet":"max-snippet:-1","max-image-preview":"max-image-preview:large","max-video-preview":"max-video-preview:-1"},"canonical":"https:\/\/favorite-news.com\/fr\/un-nouveau-sommet-sur-les-forets-mais-pour-quoi-faire\/","og_locale":"fr_FR","og_type":"article","og_title":"Un nouveau sommet sur les for\u00eats\u2026 Mais pour quoi faire\u00a0? - Favorite News","og_description":"Pourquoi, sans la for\u00eat, nous ne pourrions pas survivre \u2014 20 Minutes Organis\u00e9 sous le haut patronage de l\u2019\u00c9lys\u00e9e et avec la ministre Barbara Pompili pour ouvrir l\u2019\u00e9v\u00e9nement, le \u00ab\u00a0Global forest Summit\u00a0\u00bb est parvenu \u00e0 rassembler un joli parterre de personnalit\u00e9s pour sa premi\u00e8re \u00e9dition, ce vendredi. \u00c0 l\u2019origine de ce nouveau sommet, on trouve [&hellip;]","og_url":"https:\/\/favorite-news.com\/fr\/un-nouveau-sommet-sur-les-forets-mais-pour-quoi-faire\/","og_site_name":"Favorite News","article_published_time":"2021-03-12T09:12:01+00:00","article_modified_time":"2021-03-18T12:29:44+00:00","og_image":[{"width":648,"height":360,"url":"https:\/\/favorite-news.com\/fr\/wp-content\/uploads\/sites\/12\/2021\/03\/Un-nouveau-sommet-sur-les-forets\u2026-Mais-pour-quoi-faire.jpg","type":"image\/jpeg"}],"author":"favorite-news","twitter_card":"summary_large_image","twitter_misc":{"\u00c9crit par":"favorite-news","Dur\u00e9e de lecture estim\u00e9e":"8 minutes"},"schema":{"@context":"https:\/\/schema.org","@graph":[{"@type":"Article","@id":"https:\/\/favorite-news.com\/fr\/un-nouveau-sommet-sur-les-forets-mais-pour-quoi-faire\/#article","isPartOf":{"@id":"https:\/\/favorite-news.com\/fr\/un-nouveau-sommet-sur-les-forets-mais-pour-quoi-faire\/"},"author":{"name":"favorite-news","@id":"https:\/\/favorite-news.com\/fr\/#\/schema\/person\/b66c4cfdd10a5bf16d7d5efda647111f"},"headline":"Un nouveau sommet sur les for\u00eats\u2026 Mais pour quoi faire\u00a0?","datePublished":"2021-03-12T09:12:01+00:00","dateModified":"2021-03-18T12:29:44+00:00","mainEntityOfPage":{"@id":"https:\/\/favorite-news.com\/fr\/un-nouveau-sommet-sur-les-forets-mais-pour-quoi-faire\/"},"wordCount":1574,"commentCount":0,"image":{"@id":"https:\/\/favorite-news.com\/fr\/un-nouveau-sommet-sur-les-forets-mais-pour-quoi-faire\/#primaryimage"},"thumbnailUrl":"https:\/\/favorite-news.com\/fr\/wp-content\/uploads\/sites\/12\/2021\/03\/Un-nouveau-sommet-sur-les-forets\u2026-Mais-pour-quoi-faire.jpg","articleSection":["NOUVELLES"],"inLanguage":"fr-FR","potentialAction":[{"@type":"CommentAction","name":"Comment","target":["https:\/\/favorite-news.com\/fr\/un-nouveau-sommet-sur-les-forets-mais-pour-quoi-faire\/#respond"]}]},{"@type":"WebPage","@id":"https:\/\/favorite-news.com\/fr\/un-nouveau-sommet-sur-les-forets-mais-pour-quoi-faire\/","url":"https:\/\/favorite-news.com\/fr\/un-nouveau-sommet-sur-les-forets-mais-pour-quoi-faire\/","name":"Un nouveau sommet sur les for\u00eats\u2026 Mais pour quoi faire\u00a0? - Favorite News","isPartOf":{"@id":"https:\/\/favorite-news.com\/fr\/#website"},"primaryImageOfPage":{"@id":"https:\/\/favorite-news.com\/fr\/un-nouveau-sommet-sur-les-forets-mais-pour-quoi-faire\/#primaryimage"},"image":{"@id":"https:\/\/favorite-news.com\/fr\/un-nouveau-sommet-sur-les-forets-mais-pour-quoi-faire\/#primaryimage"},"thumbnailUrl":"https:\/\/favorite-news.com\/fr\/wp-content\/uploads\/sites\/12\/2021\/03\/Un-nouveau-sommet-sur-les-forets\u2026-Mais-pour-quoi-faire.jpg","datePublished":"2021-03-12T09:12:01+00:00","dateModified":"2021-03-18T12:29:44+00:00","author":{"@id":"https:\/\/favorite-news.com\/fr\/#\/schema\/person\/b66c4cfdd10a5bf16d7d5efda647111f"},"breadcrumb":{"@id":"https:\/\/favorite-news.com\/fr\/un-nouveau-sommet-sur-les-forets-mais-pour-quoi-faire\/#breadcrumb"},"inLanguage":"fr-FR","potentialAction":[{"@type":"ReadAction","target":["https:\/\/favorite-news.com\/fr\/un-nouveau-sommet-sur-les-forets-mais-pour-quoi-faire\/"]}]},{"@type":"ImageObject","inLanguage":"fr-FR","@id":"https:\/\/favorite-news.com\/fr\/un-nouveau-sommet-sur-les-forets-mais-pour-quoi-faire\/#primaryimage","url":"https:\/\/favorite-news.com\/fr\/wp-content\/uploads\/sites\/12\/2021\/03\/Un-nouveau-sommet-sur-les-forets\u2026-Mais-pour-quoi-faire.jpg","contentUrl":"https:\/\/favorite-news.com\/fr\/wp-content\/uploads\/sites\/12\/2021\/03\/Un-nouveau-sommet-sur-les-forets\u2026-Mais-pour-quoi-faire.jpg","width":648,"height":360,"caption":"Un nouveau sommet sur les for\u00eats\u2026 Mais pour quoi faire\u00a0?"},{"@type":"BreadcrumbList","@id":"https:\/\/favorite-news.com\/fr\/un-nouveau-sommet-sur-les-forets-mais-pour-quoi-faire\/#breadcrumb","itemListElement":[{"@type":"ListItem","position":1,"name":"Home","item":"https:\/\/favorite-news.com\/fr\/"},{"@type":"ListItem","position":2,"name":"Un nouveau sommet sur les for\u00eats\u2026 Mais pour quoi faire\u00a0?"}]},{"@type":"WebSite","@id":"https:\/\/favorite-news.com\/fr\/#website","url":"https:\/\/favorite-news.com\/fr\/","name":"Favorite News","description":"Favorite News France","potentialAction":[{"@type":"SearchAction","target":{"@type":"EntryPoint","urlTemplate":"https:\/\/favorite-news.com\/fr\/?s={search_term_string}"},"query-input":{"@type":"PropertyValueSpecification","valueRequired":true,"valueName":"search_term_string"}}],"inLanguage":"fr-FR"},{"@type":"Person","@id":"https:\/\/favorite-news.com\/fr\/#\/schema\/person\/b66c4cfdd10a5bf16d7d5efda647111f","name":"favorite-news","image":{"@type":"ImageObject","inLanguage":"fr-FR","@id":"https:\/\/secure.gravatar.com\/avatar\/f89959e01423a9ee3c2debbcf830eb021c575de0e1b3781ca3ae392b71c615a1?s=96&d=mm&r=g","url":"https:\/\/secure.gravatar.com\/avatar\/f89959e01423a9ee3c2debbcf830eb021c575de0e1b3781ca3ae392b71c615a1?s=96&d=mm&r=g","contentUrl":"https:\/\/secure.gravatar.com\/avatar\/f89959e01423a9ee3c2debbcf830eb021c575de0e1b3781ca3ae392b71c615a1?s=96&d=mm&r=g","caption":"favorite-news"},"url":"https:\/\/favorite-news.com\/fr\/author\/ruby\/"}]}},"_links":{"self":[{"href":"https:\/\/favorite-news.com\/fr\/wp-json\/wp\/v2\/posts\/1036","targetHints":{"allow":["GET"]}}],"collection":[{"href":"https:\/\/favorite-news.com\/fr\/wp-json\/wp\/v2\/posts"}],"about":[{"href":"https:\/\/favorite-news.com\/fr\/wp-json\/wp\/v2\/types\/post"}],"author":[{"embeddable":true,"href":"https:\/\/favorite-news.com\/fr\/wp-json\/wp\/v2\/users\/1"}],"replies":[{"embeddable":true,"href":"https:\/\/favorite-news.com\/fr\/wp-json\/wp\/v2\/comments?post=1036"}],"version-history":[{"count":3,"href":"https:\/\/favorite-news.com\/fr\/wp-json\/wp\/v2\/posts\/1036\/revisions"}],"predecessor-version":[{"id":1074,"href":"https:\/\/favorite-news.com\/fr\/wp-json\/wp\/v2\/posts\/1036\/revisions\/1074"}],"wp:featuredmedia":[{"embeddable":true,"href":"https:\/\/favorite-news.com\/fr\/wp-json\/wp\/v2\/media\/1037"}],"wp:attachment":[{"href":"https:\/\/favorite-news.com\/fr\/wp-json\/wp\/v2\/media?parent=1036"}],"wp:term":[{"taxonomy":"category","embeddable":true,"href":"https:\/\/favorite-news.com\/fr\/wp-json\/wp\/v2\/categories?post=1036"},{"taxonomy":"post_tag","embeddable":true,"href":"https:\/\/favorite-news.com\/fr\/wp-json\/wp\/v2\/tags?post=1036"}],"curies":[{"name":"wp","href":"https:\/\/api.w.org\/{rel}","templated":true}]}}