{"id":1030,"date":"2021-03-11T09:03:00","date_gmt":"2021-03-11T09:03:00","guid":{"rendered":"https:\/\/favorite-news.com\/fr\/le-president-de-ludi-jean-christophe-lagarde-place-en-garde-a-vue-pour-detention-darme\/"},"modified":"2021-03-11T09:03:03","modified_gmt":"2021-03-11T09:03:03","slug":"le-president-de-ludi-jean-christophe-lagarde-place-en-garde-a-vue-pour-detention-darme","status":"publish","type":"post","link":"https:\/\/favorite-news.com\/fr\/le-president-de-ludi-jean-christophe-lagarde-place-en-garde-a-vue-pour-detention-darme\/","title":{"rendered":"Le pr\u00e9sident de l\u2019UDI Jean-Christophe Lagarde plac\u00e9 en garde \u00e0 vue pour \u00ab\u00a0d\u00e9tention d\u2019arme\u00a0\u00bb"},"content":{"rendered":"<p>                Le pr\u00e9sident de l&rsquo;UDI Jean-Christophe Lagarde a \u00e9t\u00e9 plac\u00e9 en garde \u00e0 vue pour d\u00e9tention d&rsquo;arme jeudi 11 mars 2021. (Illustration \u2014 Jacques Witt\/SIPA<br \/>\n            Jean-Christophe Lagarde, l\u2019actuel\u00a0pr\u00e9sident du parti de l\u2019Union des d\u00e9mocrates et ind\u00e9pendants a \u00e9t\u00e9 plac\u00e9 en garde \u00e0 vue ce jeudi pour \u00ab\u00a0d\u00e9tention &#13;<br \/>\nd\u2019arme\u00a0\u00bb ont indiqu\u00e9 le parquet de Bobigny et la police.<\/p>\n<p>Jean-Christophe\u00a0Lagarde est entendu depuis 5 heures par les enqu\u00eateurs de la police judiciaire du d\u00e9partement pour s&rsquo;expliquer sur la pr\u00e9sence de plusieurs armes \u00e0 son domicile, ont pr\u00e9cis\u00e9 ces sources.<\/p>\n<p>Vis\u00e9 par une enqu\u00eate pr\u00e9liminaire du Parquet national financier<\/p>\n<p>Jean-Christophe Lagarde est \u00e9galement d\u00e9put\u00e9 de Seine-Saint-Denis depuis 2002, en plus d&rsquo;\u00eatre pr\u00e9sident de l&rsquo;UDI, le parti lanc\u00e9 par Jean-Louis Borloo,\u00a0depuis 2014.\u00a0Apr\u00e8s avoir coll\u00e9 des affiches pour la campagne de Raymond Barre en 1988, et pr\u00e9sid\u00e9 les jeunes UDF (1996-2001), Jean-Christophe Lagarde\u00a0s&rsquo;est empar\u00e9 de la ville de Drancy en 2001, faisant basculer cet historique bastion communiste.<\/p>\n<p>Sur le plan judiciaire, le chef de parti centriste est toujours vis\u00e9 par une enqu\u00eate pr\u00e9liminaire du Parquet national financier (PNF).\u00a0Une plainte, notamment pour d\u00e9tournement de fonds publics, avait \u00e9t\u00e9 d\u00e9pos\u00e9e en octobre 2017 par un conseiller municipal d&rsquo;opposition \u00e0 Drancy, Hac\u00e8ne Chibane, qui s&rsquo;interrogeait sur l&rsquo;activit\u00e9 d&rsquo;assistante parlementaire de l&rsquo;\u00e9pouse de Jean-Christophe\u00a0Lagarde, Aude Lavail-Lagarde, entre 2002 et 2014. Cette derni\u00e8re est aujourd&rsquo;hui maire de Drancy, ayant succ\u00e9d\u00e9 \u00e0 son \u00e9poux lorsqu&rsquo;il a \u00e9t\u00e9 r\u00e9\u00e9lu aux l\u00e9gislatives de juin 2017.\u00a0<\/p>\n<p>            Une faute\u00a0?<\/p>\n<p>                330<\/p>\n<p>            partages<\/p>\n<p>\n<!--noindex--><br \/>\n<a href=\"https:\/\/www.20minutes.fr\/societe\/2996047-20210311-president-udi-jean-christophe-lagarde-place-garde-vue-detention-arme#xtor=RSS-149\" rel=\"nofollow\">Source link <\/a><br \/>\n<!--\/noindex--><\/p>\n","protected":false},"excerpt":{"rendered":"<p>Le pr\u00e9sident de l&rsquo;UDI Jean-Christophe Lagarde a \u00e9t\u00e9 plac\u00e9 en garde \u00e0 vue pour d\u00e9tention d&rsquo;arme jeudi 11 mars 2021. (Illustration \u2014 Jacques Witt\/SIPA Jean-Christophe Lagarde, l\u2019actuel\u00a0pr\u00e9sident du parti de l\u2019Union des d\u00e9mocrates et ind\u00e9pendants a \u00e9t\u00e9 plac\u00e9 en garde \u00e0 vue ce jeudi pour \u00ab\u00a0d\u00e9tention &#13; d\u2019arme\u00a0\u00bb ont indiqu\u00e9 le parquet de Bobigny et [&hellip;]<\/p>\n","protected":false},"author":1,"featured_media":1031,"comment_status":"open","ping_status":"open","sticky":false,"template":"","format":"standard","meta":{"footnotes":""},"categories":[1],"tags":[],"class_list":["post-1030","post","type-post","status-publish","format-standard","has-post-thumbnail","hentry","category-nouvelles"],"yoast_head":"<!-- This site is optimized with the Yoast SEO plugin v27.4 - https:\/\/yoast.com\/product\/yoast-seo-wordpress\/ -->\n<title>Le pr\u00e9sident de l\u2019UDI Jean-Christophe Lagarde plac\u00e9 en garde \u00e0 vue pour \u00ab\u00a0d\u00e9tention d\u2019arme\u00a0\u00bb - Favorite News<\/title>\n<meta name=\"robots\" content=\"index, follow, max-snippet:-1, max-image-preview:large, max-video-preview:-1\" \/>\n<link rel=\"canonical\" href=\"https:\/\/favorite-news.com\/fr\/le-president-de-ludi-jean-christophe-lagarde-place-en-garde-a-vue-pour-detention-darme\/\" \/>\n<meta property=\"og:locale\" content=\"fr_FR\" \/>\n<meta property=\"og:type\" content=\"article\" \/>\n<meta property=\"og:title\" content=\"Le pr\u00e9sident de l\u2019UDI Jean-Christophe Lagarde plac\u00e9 en garde \u00e0 vue pour \u00ab\u00a0d\u00e9tention d\u2019arme\u00a0\u00bb - Favorite News\" \/>\n<meta property=\"og:description\" content=\"Le pr\u00e9sident de l&rsquo;UDI Jean-Christophe Lagarde a \u00e9t\u00e9 plac\u00e9 en garde \u00e0 vue pour d\u00e9tention d&rsquo;arme jeudi 11 mars 2021. (Illustration \u2014 Jacques Witt\/SIPA Jean-Christophe Lagarde, l\u2019actuel\u00a0pr\u00e9sident du parti de l\u2019Union des d\u00e9mocrates et ind\u00e9pendants a \u00e9t\u00e9 plac\u00e9 en garde \u00e0 vue ce jeudi pour \u00ab\u00a0d\u00e9tention &#013; d\u2019arme\u00a0\u00bb ont indiqu\u00e9 le parquet de Bobigny et [&hellip;]\" \/>\n<meta property=\"og:url\" content=\"https:\/\/favorite-news.com\/fr\/le-president-de-ludi-jean-christophe-lagarde-place-en-garde-a-vue-pour-detention-darme\/\" \/>\n<meta property=\"og:site_name\" content=\"Favorite News\" \/>\n<meta property=\"article:published_time\" content=\"2021-03-11T09:03:00+00:00\" \/>\n<meta property=\"article:modified_time\" content=\"2021-03-11T09:03:03+00:00\" \/>\n<meta property=\"og:image\" content=\"https:\/\/favorite-news.com\/fr\/wp-content\/uploads\/sites\/12\/2021\/03\/Le-president-de-lUDI-Jean-Christophe-Lagarde-place-en-garde-a.jpg\" \/>\n\t<meta property=\"og:image:width\" content=\"648\" \/>\n\t<meta property=\"og:image:height\" content=\"360\" \/>\n\t<meta property=\"og:image:type\" content=\"image\/jpeg\" \/>\n<meta name=\"author\" content=\"favorite-news\" \/>\n<meta name=\"twitter:card\" content=\"summary_large_image\" \/>\n<meta name=\"twitter:label1\" content=\"\u00c9crit par\" \/>\n\t<meta name=\"twitter:data1\" content=\"favorite-news\" \/>\n\t<meta name=\"twitter:label2\" content=\"Dur\u00e9e de lecture estim\u00e9e\" \/>\n\t<meta name=\"twitter:data2\" content=\"1 minute\" \/>\n<script type=\"application\/ld+json\" class=\"yoast-schema-graph\">{\"@context\":\"https:\\\/\\\/schema.org\",\"@graph\":[{\"@type\":\"Article\",\"@id\":\"https:\\\/\\\/favorite-news.com\\\/fr\\\/le-president-de-ludi-jean-christophe-lagarde-place-en-garde-a-vue-pour-detention-darme\\\/#article\",\"isPartOf\":{\"@id\":\"https:\\\/\\\/favorite-news.com\\\/fr\\\/le-president-de-ludi-jean-christophe-lagarde-place-en-garde-a-vue-pour-detention-darme\\\/\"},\"author\":{\"name\":\"favorite-news\",\"@id\":\"https:\\\/\\\/favorite-news.com\\\/fr\\\/#\\\/schema\\\/person\\\/b66c4cfdd10a5bf16d7d5efda647111f\"},\"headline\":\"Le pr\u00e9sident de l\u2019UDI Jean-Christophe Lagarde plac\u00e9 en garde \u00e0 vue pour \u00ab\u00a0d\u00e9tention d\u2019arme\u00a0\u00bb\",\"datePublished\":\"2021-03-11T09:03:00+00:00\",\"dateModified\":\"2021-03-11T09:03:03+00:00\",\"mainEntityOfPage\":{\"@id\":\"https:\\\/\\\/favorite-news.com\\\/fr\\\/le-president-de-ludi-jean-christophe-lagarde-place-en-garde-a-vue-pour-detention-darme\\\/\"},\"wordCount\":286,\"commentCount\":0,\"image\":{\"@id\":\"https:\\\/\\\/favorite-news.com\\\/fr\\\/le-president-de-ludi-jean-christophe-lagarde-place-en-garde-a-vue-pour-detention-darme\\\/#primaryimage\"},\"thumbnailUrl\":\"https:\\\/\\\/favorite-news.com\\\/fr\\\/wp-content\\\/uploads\\\/sites\\\/12\\\/2021\\\/03\\\/Le-president-de-lUDI-Jean-Christophe-Lagarde-place-en-garde-a.jpg\",\"articleSection\":[\"NOUVELLES\"],\"inLanguage\":\"fr-FR\",\"potentialAction\":[{\"@type\":\"CommentAction\",\"name\":\"Comment\",\"target\":[\"https:\\\/\\\/favorite-news.com\\\/fr\\\/le-president-de-ludi-jean-christophe-lagarde-place-en-garde-a-vue-pour-detention-darme\\\/#respond\"]}]},{\"@type\":\"WebPage\",\"@id\":\"https:\\\/\\\/favorite-news.com\\\/fr\\\/le-president-de-ludi-jean-christophe-lagarde-place-en-garde-a-vue-pour-detention-darme\\\/\",\"url\":\"https:\\\/\\\/favorite-news.com\\\/fr\\\/le-president-de-ludi-jean-christophe-lagarde-place-en-garde-a-vue-pour-detention-darme\\\/\",\"name\":\"Le pr\u00e9sident de l\u2019UDI Jean-Christophe Lagarde plac\u00e9 en garde \u00e0 vue pour \u00ab\u00a0d\u00e9tention d\u2019arme\u00a0\u00bb - Favorite News\",\"isPartOf\":{\"@id\":\"https:\\\/\\\/favorite-news.com\\\/fr\\\/#website\"},\"primaryImageOfPage\":{\"@id\":\"https:\\\/\\\/favorite-news.com\\\/fr\\\/le-president-de-ludi-jean-christophe-lagarde-place-en-garde-a-vue-pour-detention-darme\\\/#primaryimage\"},\"image\":{\"@id\":\"https:\\\/\\\/favorite-news.com\\\/fr\\\/le-president-de-ludi-jean-christophe-lagarde-place-en-garde-a-vue-pour-detention-darme\\\/#primaryimage\"},\"thumbnailUrl\":\"https:\\\/\\\/favorite-news.com\\\/fr\\\/wp-content\\\/uploads\\\/sites\\\/12\\\/2021\\\/03\\\/Le-president-de-lUDI-Jean-Christophe-Lagarde-place-en-garde-a.jpg\",\"datePublished\":\"2021-03-11T09:03:00+00:00\",\"dateModified\":\"2021-03-11T09:03:03+00:00\",\"author\":{\"@id\":\"https:\\\/\\\/favorite-news.com\\\/fr\\\/#\\\/schema\\\/person\\\/b66c4cfdd10a5bf16d7d5efda647111f\"},\"breadcrumb\":{\"@id\":\"https:\\\/\\\/favorite-news.com\\\/fr\\\/le-president-de-ludi-jean-christophe-lagarde-place-en-garde-a-vue-pour-detention-darme\\\/#breadcrumb\"},\"inLanguage\":\"fr-FR\",\"potentialAction\":[{\"@type\":\"ReadAction\",\"target\":[\"https:\\\/\\\/favorite-news.com\\\/fr\\\/le-president-de-ludi-jean-christophe-lagarde-place-en-garde-a-vue-pour-detention-darme\\\/\"]}]},{\"@type\":\"ImageObject\",\"inLanguage\":\"fr-FR\",\"@id\":\"https:\\\/\\\/favorite-news.com\\\/fr\\\/le-president-de-ludi-jean-christophe-lagarde-place-en-garde-a-vue-pour-detention-darme\\\/#primaryimage\",\"url\":\"https:\\\/\\\/favorite-news.com\\\/fr\\\/wp-content\\\/uploads\\\/sites\\\/12\\\/2021\\\/03\\\/Le-president-de-lUDI-Jean-Christophe-Lagarde-place-en-garde-a.jpg\",\"contentUrl\":\"https:\\\/\\\/favorite-news.com\\\/fr\\\/wp-content\\\/uploads\\\/sites\\\/12\\\/2021\\\/03\\\/Le-president-de-lUDI-Jean-Christophe-Lagarde-place-en-garde-a.jpg\",\"width\":648,\"height\":360,\"caption\":\"Le pr\u00e9sident de l\u2019UDI Jean-Christophe Lagarde plac\u00e9 en garde \u00e0 vue pour \u00ab\u00a0d\u00e9tention d\u2019arme\u00a0\u00bb\"},{\"@type\":\"BreadcrumbList\",\"@id\":\"https:\\\/\\\/favorite-news.com\\\/fr\\\/le-president-de-ludi-jean-christophe-lagarde-place-en-garde-a-vue-pour-detention-darme\\\/#breadcrumb\",\"itemListElement\":[{\"@type\":\"ListItem\",\"position\":1,\"name\":\"Home\",\"item\":\"https:\\\/\\\/favorite-news.com\\\/fr\\\/\"},{\"@type\":\"ListItem\",\"position\":2,\"name\":\"Le pr\u00e9sident de l\u2019UDI Jean-Christophe Lagarde plac\u00e9 en garde \u00e0 vue pour \u00ab\u00a0d\u00e9tention d\u2019arme\u00a0\u00bb\"}]},{\"@type\":\"WebSite\",\"@id\":\"https:\\\/\\\/favorite-news.com\\\/fr\\\/#website\",\"url\":\"https:\\\/\\\/favorite-news.com\\\/fr\\\/\",\"name\":\"Favorite News\",\"description\":\"Favorite News France\",\"potentialAction\":[{\"@type\":\"SearchAction\",\"target\":{\"@type\":\"EntryPoint\",\"urlTemplate\":\"https:\\\/\\\/favorite-news.com\\\/fr\\\/?s={search_term_string}\"},\"query-input\":{\"@type\":\"PropertyValueSpecification\",\"valueRequired\":true,\"valueName\":\"search_term_string\"}}],\"inLanguage\":\"fr-FR\"},{\"@type\":\"Person\",\"@id\":\"https:\\\/\\\/favorite-news.com\\\/fr\\\/#\\\/schema\\\/person\\\/b66c4cfdd10a5bf16d7d5efda647111f\",\"name\":\"favorite-news\",\"image\":{\"@type\":\"ImageObject\",\"inLanguage\":\"fr-FR\",\"@id\":\"https:\\\/\\\/secure.gravatar.com\\\/avatar\\\/f89959e01423a9ee3c2debbcf830eb021c575de0e1b3781ca3ae392b71c615a1?s=96&d=mm&r=g\",\"url\":\"https:\\\/\\\/secure.gravatar.com\\\/avatar\\\/f89959e01423a9ee3c2debbcf830eb021c575de0e1b3781ca3ae392b71c615a1?s=96&d=mm&r=g\",\"contentUrl\":\"https:\\\/\\\/secure.gravatar.com\\\/avatar\\\/f89959e01423a9ee3c2debbcf830eb021c575de0e1b3781ca3ae392b71c615a1?s=96&d=mm&r=g\",\"caption\":\"favorite-news\"},\"url\":\"https:\\\/\\\/favorite-news.com\\\/fr\\\/author\\\/ruby\\\/\"}]}<\/script>\n<!-- \/ Yoast SEO plugin. -->","yoast_head_json":{"title":"Le pr\u00e9sident de l\u2019UDI Jean-Christophe Lagarde plac\u00e9 en garde \u00e0 vue pour \u00ab\u00a0d\u00e9tention d\u2019arme\u00a0\u00bb - Favorite News","robots":{"index":"index","follow":"follow","max-snippet":"max-snippet:-1","max-image-preview":"max-image-preview:large","max-video-preview":"max-video-preview:-1"},"canonical":"https:\/\/favorite-news.com\/fr\/le-president-de-ludi-jean-christophe-lagarde-place-en-garde-a-vue-pour-detention-darme\/","og_locale":"fr_FR","og_type":"article","og_title":"Le pr\u00e9sident de l\u2019UDI Jean-Christophe Lagarde plac\u00e9 en garde \u00e0 vue pour \u00ab\u00a0d\u00e9tention d\u2019arme\u00a0\u00bb - Favorite News","og_description":"Le pr\u00e9sident de l&rsquo;UDI Jean-Christophe Lagarde a \u00e9t\u00e9 plac\u00e9 en garde \u00e0 vue pour d\u00e9tention d&rsquo;arme jeudi 11 mars 2021. (Illustration \u2014 Jacques Witt\/SIPA Jean-Christophe Lagarde, l\u2019actuel\u00a0pr\u00e9sident du parti de l\u2019Union des d\u00e9mocrates et ind\u00e9pendants a \u00e9t\u00e9 plac\u00e9 en garde \u00e0 vue ce jeudi pour \u00ab\u00a0d\u00e9tention &#13; d\u2019arme\u00a0\u00bb ont indiqu\u00e9 le parquet de Bobigny et [&hellip;]","og_url":"https:\/\/favorite-news.com\/fr\/le-president-de-ludi-jean-christophe-lagarde-place-en-garde-a-vue-pour-detention-darme\/","og_site_name":"Favorite News","article_published_time":"2021-03-11T09:03:00+00:00","article_modified_time":"2021-03-11T09:03:03+00:00","og_image":[{"width":648,"height":360,"url":"https:\/\/favorite-news.com\/fr\/wp-content\/uploads\/sites\/12\/2021\/03\/Le-president-de-lUDI-Jean-Christophe-Lagarde-place-en-garde-a.jpg","type":"image\/jpeg"}],"author":"favorite-news","twitter_card":"summary_large_image","twitter_misc":{"\u00c9crit par":"favorite-news","Dur\u00e9e de lecture estim\u00e9e":"1 minute"},"schema":{"@context":"https:\/\/schema.org","@graph":[{"@type":"Article","@id":"https:\/\/favorite-news.com\/fr\/le-president-de-ludi-jean-christophe-lagarde-place-en-garde-a-vue-pour-detention-darme\/#article","isPartOf":{"@id":"https:\/\/favorite-news.com\/fr\/le-president-de-ludi-jean-christophe-lagarde-place-en-garde-a-vue-pour-detention-darme\/"},"author":{"name":"favorite-news","@id":"https:\/\/favorite-news.com\/fr\/#\/schema\/person\/b66c4cfdd10a5bf16d7d5efda647111f"},"headline":"Le pr\u00e9sident de l\u2019UDI Jean-Christophe Lagarde plac\u00e9 en garde \u00e0 vue pour \u00ab\u00a0d\u00e9tention d\u2019arme\u00a0\u00bb","datePublished":"2021-03-11T09:03:00+00:00","dateModified":"2021-03-11T09:03:03+00:00","mainEntityOfPage":{"@id":"https:\/\/favorite-news.com\/fr\/le-president-de-ludi-jean-christophe-lagarde-place-en-garde-a-vue-pour-detention-darme\/"},"wordCount":286,"commentCount":0,"image":{"@id":"https:\/\/favorite-news.com\/fr\/le-president-de-ludi-jean-christophe-lagarde-place-en-garde-a-vue-pour-detention-darme\/#primaryimage"},"thumbnailUrl":"https:\/\/favorite-news.com\/fr\/wp-content\/uploads\/sites\/12\/2021\/03\/Le-president-de-lUDI-Jean-Christophe-Lagarde-place-en-garde-a.jpg","articleSection":["NOUVELLES"],"inLanguage":"fr-FR","potentialAction":[{"@type":"CommentAction","name":"Comment","target":["https:\/\/favorite-news.com\/fr\/le-president-de-ludi-jean-christophe-lagarde-place-en-garde-a-vue-pour-detention-darme\/#respond"]}]},{"@type":"WebPage","@id":"https:\/\/favorite-news.com\/fr\/le-president-de-ludi-jean-christophe-lagarde-place-en-garde-a-vue-pour-detention-darme\/","url":"https:\/\/favorite-news.com\/fr\/le-president-de-ludi-jean-christophe-lagarde-place-en-garde-a-vue-pour-detention-darme\/","name":"Le pr\u00e9sident de l\u2019UDI Jean-Christophe Lagarde plac\u00e9 en garde \u00e0 vue pour \u00ab\u00a0d\u00e9tention d\u2019arme\u00a0\u00bb - Favorite News","isPartOf":{"@id":"https:\/\/favorite-news.com\/fr\/#website"},"primaryImageOfPage":{"@id":"https:\/\/favorite-news.com\/fr\/le-president-de-ludi-jean-christophe-lagarde-place-en-garde-a-vue-pour-detention-darme\/#primaryimage"},"image":{"@id":"https:\/\/favorite-news.com\/fr\/le-president-de-ludi-jean-christophe-lagarde-place-en-garde-a-vue-pour-detention-darme\/#primaryimage"},"thumbnailUrl":"https:\/\/favorite-news.com\/fr\/wp-content\/uploads\/sites\/12\/2021\/03\/Le-president-de-lUDI-Jean-Christophe-Lagarde-place-en-garde-a.jpg","datePublished":"2021-03-11T09:03:00+00:00","dateModified":"2021-03-11T09:03:03+00:00","author":{"@id":"https:\/\/favorite-news.com\/fr\/#\/schema\/person\/b66c4cfdd10a5bf16d7d5efda647111f"},"breadcrumb":{"@id":"https:\/\/favorite-news.com\/fr\/le-president-de-ludi-jean-christophe-lagarde-place-en-garde-a-vue-pour-detention-darme\/#breadcrumb"},"inLanguage":"fr-FR","potentialAction":[{"@type":"ReadAction","target":["https:\/\/favorite-news.com\/fr\/le-president-de-ludi-jean-christophe-lagarde-place-en-garde-a-vue-pour-detention-darme\/"]}]},{"@type":"ImageObject","inLanguage":"fr-FR","@id":"https:\/\/favorite-news.com\/fr\/le-president-de-ludi-jean-christophe-lagarde-place-en-garde-a-vue-pour-detention-darme\/#primaryimage","url":"https:\/\/favorite-news.com\/fr\/wp-content\/uploads\/sites\/12\/2021\/03\/Le-president-de-lUDI-Jean-Christophe-Lagarde-place-en-garde-a.jpg","contentUrl":"https:\/\/favorite-news.com\/fr\/wp-content\/uploads\/sites\/12\/2021\/03\/Le-president-de-lUDI-Jean-Christophe-Lagarde-place-en-garde-a.jpg","width":648,"height":360,"caption":"Le pr\u00e9sident de l\u2019UDI Jean-Christophe Lagarde plac\u00e9 en garde \u00e0 vue pour \u00ab\u00a0d\u00e9tention d\u2019arme\u00a0\u00bb"},{"@type":"BreadcrumbList","@id":"https:\/\/favorite-news.com\/fr\/le-president-de-ludi-jean-christophe-lagarde-place-en-garde-a-vue-pour-detention-darme\/#breadcrumb","itemListElement":[{"@type":"ListItem","position":1,"name":"Home","item":"https:\/\/favorite-news.com\/fr\/"},{"@type":"ListItem","position":2,"name":"Le pr\u00e9sident de l\u2019UDI Jean-Christophe Lagarde plac\u00e9 en garde \u00e0 vue pour \u00ab\u00a0d\u00e9tention d\u2019arme\u00a0\u00bb"}]},{"@type":"WebSite","@id":"https:\/\/favorite-news.com\/fr\/#website","url":"https:\/\/favorite-news.com\/fr\/","name":"Favorite News","description":"Favorite News France","potentialAction":[{"@type":"SearchAction","target":{"@type":"EntryPoint","urlTemplate":"https:\/\/favorite-news.com\/fr\/?s={search_term_string}"},"query-input":{"@type":"PropertyValueSpecification","valueRequired":true,"valueName":"search_term_string"}}],"inLanguage":"fr-FR"},{"@type":"Person","@id":"https:\/\/favorite-news.com\/fr\/#\/schema\/person\/b66c4cfdd10a5bf16d7d5efda647111f","name":"favorite-news","image":{"@type":"ImageObject","inLanguage":"fr-FR","@id":"https:\/\/secure.gravatar.com\/avatar\/f89959e01423a9ee3c2debbcf830eb021c575de0e1b3781ca3ae392b71c615a1?s=96&d=mm&r=g","url":"https:\/\/secure.gravatar.com\/avatar\/f89959e01423a9ee3c2debbcf830eb021c575de0e1b3781ca3ae392b71c615a1?s=96&d=mm&r=g","contentUrl":"https:\/\/secure.gravatar.com\/avatar\/f89959e01423a9ee3c2debbcf830eb021c575de0e1b3781ca3ae392b71c615a1?s=96&d=mm&r=g","caption":"favorite-news"},"url":"https:\/\/favorite-news.com\/fr\/author\/ruby\/"}]}},"_links":{"self":[{"href":"https:\/\/favorite-news.com\/fr\/wp-json\/wp\/v2\/posts\/1030","targetHints":{"allow":["GET"]}}],"collection":[{"href":"https:\/\/favorite-news.com\/fr\/wp-json\/wp\/v2\/posts"}],"about":[{"href":"https:\/\/favorite-news.com\/fr\/wp-json\/wp\/v2\/types\/post"}],"author":[{"embeddable":true,"href":"https:\/\/favorite-news.com\/fr\/wp-json\/wp\/v2\/users\/1"}],"replies":[{"embeddable":true,"href":"https:\/\/favorite-news.com\/fr\/wp-json\/wp\/v2\/comments?post=1030"}],"version-history":[{"count":1,"href":"https:\/\/favorite-news.com\/fr\/wp-json\/wp\/v2\/posts\/1030\/revisions"}],"predecessor-version":[{"id":1032,"href":"https:\/\/favorite-news.com\/fr\/wp-json\/wp\/v2\/posts\/1030\/revisions\/1032"}],"wp:featuredmedia":[{"embeddable":true,"href":"https:\/\/favorite-news.com\/fr\/wp-json\/wp\/v2\/media\/1031"}],"wp:attachment":[{"href":"https:\/\/favorite-news.com\/fr\/wp-json\/wp\/v2\/media?parent=1030"}],"wp:term":[{"taxonomy":"category","embeddable":true,"href":"https:\/\/favorite-news.com\/fr\/wp-json\/wp\/v2\/categories?post=1030"},{"taxonomy":"post_tag","embeddable":true,"href":"https:\/\/favorite-news.com\/fr\/wp-json\/wp\/v2\/tags?post=1030"}],"curies":[{"name":"wp","href":"https:\/\/api.w.org\/{rel}","templated":true}]}}