{"id":1027,"date":"2021-03-11T03:18:10","date_gmt":"2021-03-11T03:18:10","guid":{"rendered":"https:\/\/favorite-news.com\/fr\/washington-denonce-des-actes-de-nettoyage-ethnique-au-tigre\/"},"modified":"2021-03-11T03:18:11","modified_gmt":"2021-03-11T03:18:11","slug":"washington-denonce-des-actes-de-nettoyage-ethnique-au-tigre","status":"publish","type":"post","link":"https:\/\/favorite-news.com\/fr\/washington-denonce-des-actes-de-nettoyage-ethnique-au-tigre\/","title":{"rendered":"Washington d\u00e9nonce des \u00ab\u00a0actes de nettoyage ethnique\u00a0\u00bb au Tigr\u00e9"},"content":{"rendered":"<p>                Plusieurs dizaines de milliers d&rsquo;habitants de la province du Tigr\u00e9 ont  fui l&rsquo;Ethiopie pour se r\u00e9fugier au Soudan. \u2014  NICOLAS CORTES \/ZEPPELIN\/SIPA<br \/>\n            Washington lance un avertissement. Le chef de la diplomatie am\u00e9ricaine, Antony Blinken, a d\u00e9nonc\u00e9 mercredi pour la premi\u00e8re fois des \u00ab\u00a0actes de nettoyage ethnique\u00a0\u00bb au Tigr\u00e9, r\u00e9gion d\u2019Ethiopie o\u00f9 Addis Abeba a lanc\u00e9 une op\u00e9ration militaire contre le pouvoir r\u00e9gional. Lors d\u2019une audition parlementaire, il a estim\u00e9 que les forces sur place devaient \u00ab\u00a0s\u2019abstenir de violer les droits humains des habitants du Tigr\u00e9 ou de commettre des actes de nettoyage ethnique comme nous en avons constat\u00e9 dans le Tigr\u00e9 occidental\u00a0\u00bb.<\/p>\n<p>Le Premier ministre \u00e9thiopien Abiy Ahmed, laur\u00e9at du prix Nobel de la paix 2019, a lanc\u00e9 d\u00e9but novembre une op\u00e9ration militaire pour renverser les autorit\u00e9s du parti au pouvoir dans la r\u00e9gion, le Front de lib\u00e9ration du peuple du Tigr\u00e9 (TPLF), qu\u2019il accusait d\u2019avoir attaqu\u00e9 des bases de l\u2019arm\u00e9e f\u00e9d\u00e9rale. Il s\u2019est appuy\u00e9 sur les forces r\u00e9gionales venues d\u2019Amhara, une r\u00e9gion qui borde le Sud du Tigr\u00e9, pour s\u00e9curiser de vastes zones apr\u00e8s le retrait du TPLF. Les troupes de l\u2019Erythr\u00e9e voisine, autre ennemi jur\u00e9 du TPLF, ont visiblement aussi eu un r\u00f4le pr\u00e9pond\u00e9rant dans les combats et elles sont accus\u00e9es d\u2019avoir perp\u00e9tr\u00e9 des massacres de civils.<\/p>\n<p>\u00ab\u00a0Cela doit cesser\u00a0\u00bb<\/p>\n<p>\u00ab\u00a0Je comprends tout \u00e0 fait les inqui\u00e9tudes que le Premier ministre avait au sujet du TPLF et de ses actes, mais la situation au Tigr\u00e9 est aujourd\u2019hui inacceptable et doit changer\u00a0\u00bb, a d\u00e9clar\u00e9 Antony Blinken. Il a \u00e9voqu\u00e9 deux \u00ab\u00a0d\u00e9fis\u00a0\u00bb en mati\u00e8re de s\u00e9curit\u00e9\u00a0:\u00a0la pr\u00e9sence de forces venues d\u2019Erythr\u00e9e et d\u2019Amhara, qui \u00ab\u00a0doivent partir\u00a0\u00bb, et les violations des droits humains par les forces d\u00e9ploy\u00e9es au Tigr\u00e9. \u00ab\u00a0Cela doit cesser\u00a0\u00bb, a-t-il martel\u00e9, r\u00e9clamant \u00e0 nouveau une \u00ab\u00a0enqu\u00eate ind\u00e9pendante\u00a0\u00bb et un \u00ab\u00a0processus de r\u00e9conciliation\u00a0\u00bb. Il avait d\u00e9j\u00e0 demand\u00e9 au Premier ministre \u00e9thiopien la semaine derni\u00e8re d\u2019autoriser une enqu\u00eate internationale, \u00e9voquant \u00e0 ce moment-l\u00e0 des \u00ab\u00a0informations cr\u00e9dibles faisant \u00e9tat d\u2019atrocit\u00e9s\u00a0\u00bb.<\/p>\n<p>Fin f\u00e9vrier, le quotidien New York Times avait affirm\u00e9 qu\u2019un rapport interne du gouvernement am\u00e9ricain avait qualifi\u00e9 de \u00ab\u00a0nettoyage ethnique\u00a0\u00bb les violences dans l\u2019ouest du Tigr\u00e9. La haute-commissaire de l\u2019ONU aux droits humains, Michelle Bachelet, a accus\u00e9 la semaine derni\u00e8re l\u2019arm\u00e9e \u00e9rythr\u00e9enne d\u2019atrocit\u00e9s au Tigr\u00e9 et a demand\u00e9 une \u00ab\u00a0enqu\u00eate objective et ind\u00e9pendante\u00a0\u00bb, apr\u00e8s avoir \u00ab\u00a0corrobor\u00e9 de graves violations\u00a0\u00bb susceptibles de constituer des \u00ab\u00a0crimes de guerre et des crimes contre l\u2019humanit\u00e9\u00a0\u00bb. Des organisations ind\u00e9pendantes de d\u00e9fense des droits humains ont fait \u00e9tat d\u2019accusations similaires.<\/p>\n<p>Violent conflit entre\u00a01998 et\u00a02000<\/p>\n<p>Addis Abeba et Asmara, qui se sont affront\u00e9s dans un sanglant conflit entre\u00a01998 et\u00a02000 avant de se rapprocher \u00e0 l\u2019initiative d\u2019Abiy Ahmed, ont rejet\u00e9 les accusations d\u2019atrocit\u00e9s. Le secr\u00e9taire d\u2019Etat a \u00e9galement r\u00e9clam\u00e9 mercredi un acc\u00e8s humanitaire sans entrave dans la r\u00e9gion.<\/p>\n<p>\u00ab\u00a0Le Premier ministre Abiy \u00e9tait un dirigeant qui suscitait l\u2019enthousiasme et qui a gagn\u00e9 le prix Nobel de la paix. Maintenant il doit r\u00e9agir et faire en sorte que son propre peuple, au Tigr\u00e9, re\u00e7oive la protection dont il a besoin et qu\u2019il m\u00e9rite\u00a0\u00bb, a-t-il insist\u00e9. Il a \u00e9voqu\u00e9 la nomination \u00ab\u00a0dans les prochaines semaines\u00a0\u00bb d\u2019un \u00e9missaire am\u00e9ricain pour la r\u00e9gion de la Corne de l\u2019Afrique, qui aura comme priorit\u00e9 la crise \u00e9thiopienne mais aussi la dispute entre l\u2019Ethiopie, le Soudan et l\u2019Egypte au sujet du m\u00e9gabarrage sur le Nil construit par Addis Abeba.<\/p>\n<p>\n<!--noindex--><br \/>\n<a href=\"https:\/\/www.20minutes.fr\/monde\/2996007-20210311-ethiopie-washington-denonce-actes-nettoyage-ethnique-tigre#xtor=RSS-149\" rel=\"nofollow\">Source link <\/a><br \/>\n<!--\/noindex--><\/p>\n","protected":false},"excerpt":{"rendered":"<p>Plusieurs dizaines de milliers d&rsquo;habitants de la province du Tigr\u00e9 ont fui l&rsquo;Ethiopie pour se r\u00e9fugier au Soudan. \u2014 NICOLAS CORTES \/ZEPPELIN\/SIPA Washington lance un avertissement. Le chef de la diplomatie am\u00e9ricaine, Antony Blinken, a d\u00e9nonc\u00e9 mercredi pour la premi\u00e8re fois des \u00ab\u00a0actes de nettoyage ethnique\u00a0\u00bb au Tigr\u00e9, r\u00e9gion d\u2019Ethiopie o\u00f9 Addis Abeba a lanc\u00e9 [&hellip;]<\/p>\n","protected":false},"author":1,"featured_media":1028,"comment_status":"open","ping_status":"open","sticky":false,"template":"","format":"standard","meta":{"footnotes":""},"categories":[1],"tags":[],"class_list":["post-1027","post","type-post","status-publish","format-standard","has-post-thumbnail","hentry","category-nouvelles"],"yoast_head":"<!-- This site is optimized with the Yoast SEO plugin v27.4 - https:\/\/yoast.com\/product\/yoast-seo-wordpress\/ -->\n<title>Washington d\u00e9nonce des \u00ab\u00a0actes de nettoyage ethnique\u00a0\u00bb au Tigr\u00e9 - Favorite News<\/title>\n<meta name=\"robots\" content=\"index, follow, max-snippet:-1, max-image-preview:large, max-video-preview:-1\" \/>\n<link rel=\"canonical\" href=\"https:\/\/favorite-news.com\/fr\/washington-denonce-des-actes-de-nettoyage-ethnique-au-tigre\/\" \/>\n<meta property=\"og:locale\" content=\"fr_FR\" \/>\n<meta property=\"og:type\" content=\"article\" \/>\n<meta property=\"og:title\" content=\"Washington d\u00e9nonce des \u00ab\u00a0actes de nettoyage ethnique\u00a0\u00bb au Tigr\u00e9 - Favorite News\" \/>\n<meta property=\"og:description\" content=\"Plusieurs dizaines de milliers d&rsquo;habitants de la province du Tigr\u00e9 ont fui l&rsquo;Ethiopie pour se r\u00e9fugier au Soudan. \u2014 NICOLAS CORTES \/ZEPPELIN\/SIPA Washington lance un avertissement. Le chef de la diplomatie am\u00e9ricaine, Antony Blinken, a d\u00e9nonc\u00e9 mercredi pour la premi\u00e8re fois des \u00ab\u00a0actes de nettoyage ethnique\u00a0\u00bb au Tigr\u00e9, r\u00e9gion d\u2019Ethiopie o\u00f9 Addis Abeba a lanc\u00e9 [&hellip;]\" \/>\n<meta property=\"og:url\" content=\"https:\/\/favorite-news.com\/fr\/washington-denonce-des-actes-de-nettoyage-ethnique-au-tigre\/\" \/>\n<meta property=\"og:site_name\" content=\"Favorite News\" \/>\n<meta property=\"article:published_time\" content=\"2021-03-11T03:18:10+00:00\" \/>\n<meta property=\"article:modified_time\" content=\"2021-03-11T03:18:11+00:00\" \/>\n<meta property=\"og:image\" content=\"https:\/\/favorite-news.com\/fr\/wp-content\/uploads\/sites\/12\/2021\/03\/Washington-denonce-des-actes-de-nettoyage-ethnique-au-Tigre.jpg\" \/>\n\t<meta property=\"og:image:width\" content=\"648\" \/>\n\t<meta property=\"og:image:height\" content=\"360\" \/>\n\t<meta property=\"og:image:type\" content=\"image\/jpeg\" \/>\n<meta name=\"author\" content=\"favorite-news\" \/>\n<meta name=\"twitter:card\" content=\"summary_large_image\" \/>\n<meta name=\"twitter:label1\" content=\"\u00c9crit par\" \/>\n\t<meta name=\"twitter:data1\" content=\"favorite-news\" \/>\n\t<meta name=\"twitter:label2\" content=\"Dur\u00e9e de lecture estim\u00e9e\" \/>\n\t<meta name=\"twitter:data2\" content=\"3 minutes\" \/>\n<script type=\"application\/ld+json\" class=\"yoast-schema-graph\">{\"@context\":\"https:\\\/\\\/schema.org\",\"@graph\":[{\"@type\":\"Article\",\"@id\":\"https:\\\/\\\/favorite-news.com\\\/fr\\\/washington-denonce-des-actes-de-nettoyage-ethnique-au-tigre\\\/#article\",\"isPartOf\":{\"@id\":\"https:\\\/\\\/favorite-news.com\\\/fr\\\/washington-denonce-des-actes-de-nettoyage-ethnique-au-tigre\\\/\"},\"author\":{\"name\":\"favorite-news\",\"@id\":\"https:\\\/\\\/favorite-news.com\\\/fr\\\/#\\\/schema\\\/person\\\/b66c4cfdd10a5bf16d7d5efda647111f\"},\"headline\":\"Washington d\u00e9nonce des \u00ab\u00a0actes de nettoyage ethnique\u00a0\u00bb au Tigr\u00e9\",\"datePublished\":\"2021-03-11T03:18:10+00:00\",\"dateModified\":\"2021-03-11T03:18:11+00:00\",\"mainEntityOfPage\":{\"@id\":\"https:\\\/\\\/favorite-news.com\\\/fr\\\/washington-denonce-des-actes-de-nettoyage-ethnique-au-tigre\\\/\"},\"wordCount\":652,\"commentCount\":0,\"image\":{\"@id\":\"https:\\\/\\\/favorite-news.com\\\/fr\\\/washington-denonce-des-actes-de-nettoyage-ethnique-au-tigre\\\/#primaryimage\"},\"thumbnailUrl\":\"https:\\\/\\\/favorite-news.com\\\/fr\\\/wp-content\\\/uploads\\\/sites\\\/12\\\/2021\\\/03\\\/Washington-denonce-des-actes-de-nettoyage-ethnique-au-Tigre.jpg\",\"articleSection\":[\"NOUVELLES\"],\"inLanguage\":\"fr-FR\",\"potentialAction\":[{\"@type\":\"CommentAction\",\"name\":\"Comment\",\"target\":[\"https:\\\/\\\/favorite-news.com\\\/fr\\\/washington-denonce-des-actes-de-nettoyage-ethnique-au-tigre\\\/#respond\"]}]},{\"@type\":\"WebPage\",\"@id\":\"https:\\\/\\\/favorite-news.com\\\/fr\\\/washington-denonce-des-actes-de-nettoyage-ethnique-au-tigre\\\/\",\"url\":\"https:\\\/\\\/favorite-news.com\\\/fr\\\/washington-denonce-des-actes-de-nettoyage-ethnique-au-tigre\\\/\",\"name\":\"Washington d\u00e9nonce des \u00ab\u00a0actes de nettoyage ethnique\u00a0\u00bb au Tigr\u00e9 - Favorite News\",\"isPartOf\":{\"@id\":\"https:\\\/\\\/favorite-news.com\\\/fr\\\/#website\"},\"primaryImageOfPage\":{\"@id\":\"https:\\\/\\\/favorite-news.com\\\/fr\\\/washington-denonce-des-actes-de-nettoyage-ethnique-au-tigre\\\/#primaryimage\"},\"image\":{\"@id\":\"https:\\\/\\\/favorite-news.com\\\/fr\\\/washington-denonce-des-actes-de-nettoyage-ethnique-au-tigre\\\/#primaryimage\"},\"thumbnailUrl\":\"https:\\\/\\\/favorite-news.com\\\/fr\\\/wp-content\\\/uploads\\\/sites\\\/12\\\/2021\\\/03\\\/Washington-denonce-des-actes-de-nettoyage-ethnique-au-Tigre.jpg\",\"datePublished\":\"2021-03-11T03:18:10+00:00\",\"dateModified\":\"2021-03-11T03:18:11+00:00\",\"author\":{\"@id\":\"https:\\\/\\\/favorite-news.com\\\/fr\\\/#\\\/schema\\\/person\\\/b66c4cfdd10a5bf16d7d5efda647111f\"},\"breadcrumb\":{\"@id\":\"https:\\\/\\\/favorite-news.com\\\/fr\\\/washington-denonce-des-actes-de-nettoyage-ethnique-au-tigre\\\/#breadcrumb\"},\"inLanguage\":\"fr-FR\",\"potentialAction\":[{\"@type\":\"ReadAction\",\"target\":[\"https:\\\/\\\/favorite-news.com\\\/fr\\\/washington-denonce-des-actes-de-nettoyage-ethnique-au-tigre\\\/\"]}]},{\"@type\":\"ImageObject\",\"inLanguage\":\"fr-FR\",\"@id\":\"https:\\\/\\\/favorite-news.com\\\/fr\\\/washington-denonce-des-actes-de-nettoyage-ethnique-au-tigre\\\/#primaryimage\",\"url\":\"https:\\\/\\\/favorite-news.com\\\/fr\\\/wp-content\\\/uploads\\\/sites\\\/12\\\/2021\\\/03\\\/Washington-denonce-des-actes-de-nettoyage-ethnique-au-Tigre.jpg\",\"contentUrl\":\"https:\\\/\\\/favorite-news.com\\\/fr\\\/wp-content\\\/uploads\\\/sites\\\/12\\\/2021\\\/03\\\/Washington-denonce-des-actes-de-nettoyage-ethnique-au-Tigre.jpg\",\"width\":648,\"height\":360,\"caption\":\"Washington d\u00e9nonce des \u00ab\u00a0actes de nettoyage ethnique\u00a0\u00bb au Tigr\u00e9\"},{\"@type\":\"BreadcrumbList\",\"@id\":\"https:\\\/\\\/favorite-news.com\\\/fr\\\/washington-denonce-des-actes-de-nettoyage-ethnique-au-tigre\\\/#breadcrumb\",\"itemListElement\":[{\"@type\":\"ListItem\",\"position\":1,\"name\":\"Home\",\"item\":\"https:\\\/\\\/favorite-news.com\\\/fr\\\/\"},{\"@type\":\"ListItem\",\"position\":2,\"name\":\"Washington d\u00e9nonce des \u00ab\u00a0actes de nettoyage ethnique\u00a0\u00bb au Tigr\u00e9\"}]},{\"@type\":\"WebSite\",\"@id\":\"https:\\\/\\\/favorite-news.com\\\/fr\\\/#website\",\"url\":\"https:\\\/\\\/favorite-news.com\\\/fr\\\/\",\"name\":\"Favorite News\",\"description\":\"Favorite News France\",\"potentialAction\":[{\"@type\":\"SearchAction\",\"target\":{\"@type\":\"EntryPoint\",\"urlTemplate\":\"https:\\\/\\\/favorite-news.com\\\/fr\\\/?s={search_term_string}\"},\"query-input\":{\"@type\":\"PropertyValueSpecification\",\"valueRequired\":true,\"valueName\":\"search_term_string\"}}],\"inLanguage\":\"fr-FR\"},{\"@type\":\"Person\",\"@id\":\"https:\\\/\\\/favorite-news.com\\\/fr\\\/#\\\/schema\\\/person\\\/b66c4cfdd10a5bf16d7d5efda647111f\",\"name\":\"favorite-news\",\"image\":{\"@type\":\"ImageObject\",\"inLanguage\":\"fr-FR\",\"@id\":\"https:\\\/\\\/secure.gravatar.com\\\/avatar\\\/f89959e01423a9ee3c2debbcf830eb021c575de0e1b3781ca3ae392b71c615a1?s=96&d=mm&r=g\",\"url\":\"https:\\\/\\\/secure.gravatar.com\\\/avatar\\\/f89959e01423a9ee3c2debbcf830eb021c575de0e1b3781ca3ae392b71c615a1?s=96&d=mm&r=g\",\"contentUrl\":\"https:\\\/\\\/secure.gravatar.com\\\/avatar\\\/f89959e01423a9ee3c2debbcf830eb021c575de0e1b3781ca3ae392b71c615a1?s=96&d=mm&r=g\",\"caption\":\"favorite-news\"},\"url\":\"https:\\\/\\\/favorite-news.com\\\/fr\\\/author\\\/ruby\\\/\"}]}<\/script>\n<!-- \/ Yoast SEO plugin. -->","yoast_head_json":{"title":"Washington d\u00e9nonce des \u00ab\u00a0actes de nettoyage ethnique\u00a0\u00bb au Tigr\u00e9 - Favorite News","robots":{"index":"index","follow":"follow","max-snippet":"max-snippet:-1","max-image-preview":"max-image-preview:large","max-video-preview":"max-video-preview:-1"},"canonical":"https:\/\/favorite-news.com\/fr\/washington-denonce-des-actes-de-nettoyage-ethnique-au-tigre\/","og_locale":"fr_FR","og_type":"article","og_title":"Washington d\u00e9nonce des \u00ab\u00a0actes de nettoyage ethnique\u00a0\u00bb au Tigr\u00e9 - Favorite News","og_description":"Plusieurs dizaines de milliers d&rsquo;habitants de la province du Tigr\u00e9 ont fui l&rsquo;Ethiopie pour se r\u00e9fugier au Soudan. \u2014 NICOLAS CORTES \/ZEPPELIN\/SIPA Washington lance un avertissement. Le chef de la diplomatie am\u00e9ricaine, Antony Blinken, a d\u00e9nonc\u00e9 mercredi pour la premi\u00e8re fois des \u00ab\u00a0actes de nettoyage ethnique\u00a0\u00bb au Tigr\u00e9, r\u00e9gion d\u2019Ethiopie o\u00f9 Addis Abeba a lanc\u00e9 [&hellip;]","og_url":"https:\/\/favorite-news.com\/fr\/washington-denonce-des-actes-de-nettoyage-ethnique-au-tigre\/","og_site_name":"Favorite News","article_published_time":"2021-03-11T03:18:10+00:00","article_modified_time":"2021-03-11T03:18:11+00:00","og_image":[{"width":648,"height":360,"url":"https:\/\/favorite-news.com\/fr\/wp-content\/uploads\/sites\/12\/2021\/03\/Washington-denonce-des-actes-de-nettoyage-ethnique-au-Tigre.jpg","type":"image\/jpeg"}],"author":"favorite-news","twitter_card":"summary_large_image","twitter_misc":{"\u00c9crit par":"favorite-news","Dur\u00e9e de lecture estim\u00e9e":"3 minutes"},"schema":{"@context":"https:\/\/schema.org","@graph":[{"@type":"Article","@id":"https:\/\/favorite-news.com\/fr\/washington-denonce-des-actes-de-nettoyage-ethnique-au-tigre\/#article","isPartOf":{"@id":"https:\/\/favorite-news.com\/fr\/washington-denonce-des-actes-de-nettoyage-ethnique-au-tigre\/"},"author":{"name":"favorite-news","@id":"https:\/\/favorite-news.com\/fr\/#\/schema\/person\/b66c4cfdd10a5bf16d7d5efda647111f"},"headline":"Washington d\u00e9nonce des \u00ab\u00a0actes de nettoyage ethnique\u00a0\u00bb au Tigr\u00e9","datePublished":"2021-03-11T03:18:10+00:00","dateModified":"2021-03-11T03:18:11+00:00","mainEntityOfPage":{"@id":"https:\/\/favorite-news.com\/fr\/washington-denonce-des-actes-de-nettoyage-ethnique-au-tigre\/"},"wordCount":652,"commentCount":0,"image":{"@id":"https:\/\/favorite-news.com\/fr\/washington-denonce-des-actes-de-nettoyage-ethnique-au-tigre\/#primaryimage"},"thumbnailUrl":"https:\/\/favorite-news.com\/fr\/wp-content\/uploads\/sites\/12\/2021\/03\/Washington-denonce-des-actes-de-nettoyage-ethnique-au-Tigre.jpg","articleSection":["NOUVELLES"],"inLanguage":"fr-FR","potentialAction":[{"@type":"CommentAction","name":"Comment","target":["https:\/\/favorite-news.com\/fr\/washington-denonce-des-actes-de-nettoyage-ethnique-au-tigre\/#respond"]}]},{"@type":"WebPage","@id":"https:\/\/favorite-news.com\/fr\/washington-denonce-des-actes-de-nettoyage-ethnique-au-tigre\/","url":"https:\/\/favorite-news.com\/fr\/washington-denonce-des-actes-de-nettoyage-ethnique-au-tigre\/","name":"Washington d\u00e9nonce des \u00ab\u00a0actes de nettoyage ethnique\u00a0\u00bb au Tigr\u00e9 - Favorite News","isPartOf":{"@id":"https:\/\/favorite-news.com\/fr\/#website"},"primaryImageOfPage":{"@id":"https:\/\/favorite-news.com\/fr\/washington-denonce-des-actes-de-nettoyage-ethnique-au-tigre\/#primaryimage"},"image":{"@id":"https:\/\/favorite-news.com\/fr\/washington-denonce-des-actes-de-nettoyage-ethnique-au-tigre\/#primaryimage"},"thumbnailUrl":"https:\/\/favorite-news.com\/fr\/wp-content\/uploads\/sites\/12\/2021\/03\/Washington-denonce-des-actes-de-nettoyage-ethnique-au-Tigre.jpg","datePublished":"2021-03-11T03:18:10+00:00","dateModified":"2021-03-11T03:18:11+00:00","author":{"@id":"https:\/\/favorite-news.com\/fr\/#\/schema\/person\/b66c4cfdd10a5bf16d7d5efda647111f"},"breadcrumb":{"@id":"https:\/\/favorite-news.com\/fr\/washington-denonce-des-actes-de-nettoyage-ethnique-au-tigre\/#breadcrumb"},"inLanguage":"fr-FR","potentialAction":[{"@type":"ReadAction","target":["https:\/\/favorite-news.com\/fr\/washington-denonce-des-actes-de-nettoyage-ethnique-au-tigre\/"]}]},{"@type":"ImageObject","inLanguage":"fr-FR","@id":"https:\/\/favorite-news.com\/fr\/washington-denonce-des-actes-de-nettoyage-ethnique-au-tigre\/#primaryimage","url":"https:\/\/favorite-news.com\/fr\/wp-content\/uploads\/sites\/12\/2021\/03\/Washington-denonce-des-actes-de-nettoyage-ethnique-au-Tigre.jpg","contentUrl":"https:\/\/favorite-news.com\/fr\/wp-content\/uploads\/sites\/12\/2021\/03\/Washington-denonce-des-actes-de-nettoyage-ethnique-au-Tigre.jpg","width":648,"height":360,"caption":"Washington d\u00e9nonce des \u00ab\u00a0actes de nettoyage ethnique\u00a0\u00bb au Tigr\u00e9"},{"@type":"BreadcrumbList","@id":"https:\/\/favorite-news.com\/fr\/washington-denonce-des-actes-de-nettoyage-ethnique-au-tigre\/#breadcrumb","itemListElement":[{"@type":"ListItem","position":1,"name":"Home","item":"https:\/\/favorite-news.com\/fr\/"},{"@type":"ListItem","position":2,"name":"Washington d\u00e9nonce des \u00ab\u00a0actes de nettoyage ethnique\u00a0\u00bb au Tigr\u00e9"}]},{"@type":"WebSite","@id":"https:\/\/favorite-news.com\/fr\/#website","url":"https:\/\/favorite-news.com\/fr\/","name":"Favorite News","description":"Favorite News France","potentialAction":[{"@type":"SearchAction","target":{"@type":"EntryPoint","urlTemplate":"https:\/\/favorite-news.com\/fr\/?s={search_term_string}"},"query-input":{"@type":"PropertyValueSpecification","valueRequired":true,"valueName":"search_term_string"}}],"inLanguage":"fr-FR"},{"@type":"Person","@id":"https:\/\/favorite-news.com\/fr\/#\/schema\/person\/b66c4cfdd10a5bf16d7d5efda647111f","name":"favorite-news","image":{"@type":"ImageObject","inLanguage":"fr-FR","@id":"https:\/\/secure.gravatar.com\/avatar\/f89959e01423a9ee3c2debbcf830eb021c575de0e1b3781ca3ae392b71c615a1?s=96&d=mm&r=g","url":"https:\/\/secure.gravatar.com\/avatar\/f89959e01423a9ee3c2debbcf830eb021c575de0e1b3781ca3ae392b71c615a1?s=96&d=mm&r=g","contentUrl":"https:\/\/secure.gravatar.com\/avatar\/f89959e01423a9ee3c2debbcf830eb021c575de0e1b3781ca3ae392b71c615a1?s=96&d=mm&r=g","caption":"favorite-news"},"url":"https:\/\/favorite-news.com\/fr\/author\/ruby\/"}]}},"_links":{"self":[{"href":"https:\/\/favorite-news.com\/fr\/wp-json\/wp\/v2\/posts\/1027","targetHints":{"allow":["GET"]}}],"collection":[{"href":"https:\/\/favorite-news.com\/fr\/wp-json\/wp\/v2\/posts"}],"about":[{"href":"https:\/\/favorite-news.com\/fr\/wp-json\/wp\/v2\/types\/post"}],"author":[{"embeddable":true,"href":"https:\/\/favorite-news.com\/fr\/wp-json\/wp\/v2\/users\/1"}],"replies":[{"embeddable":true,"href":"https:\/\/favorite-news.com\/fr\/wp-json\/wp\/v2\/comments?post=1027"}],"version-history":[{"count":1,"href":"https:\/\/favorite-news.com\/fr\/wp-json\/wp\/v2\/posts\/1027\/revisions"}],"predecessor-version":[{"id":1029,"href":"https:\/\/favorite-news.com\/fr\/wp-json\/wp\/v2\/posts\/1027\/revisions\/1029"}],"wp:featuredmedia":[{"embeddable":true,"href":"https:\/\/favorite-news.com\/fr\/wp-json\/wp\/v2\/media\/1028"}],"wp:attachment":[{"href":"https:\/\/favorite-news.com\/fr\/wp-json\/wp\/v2\/media?parent=1027"}],"wp:term":[{"taxonomy":"category","embeddable":true,"href":"https:\/\/favorite-news.com\/fr\/wp-json\/wp\/v2\/categories?post=1027"},{"taxonomy":"post_tag","embeddable":true,"href":"https:\/\/favorite-news.com\/fr\/wp-json\/wp\/v2\/tags?post=1027"}],"curies":[{"name":"wp","href":"https:\/\/api.w.org\/{rel}","templated":true}]}}