{"id":1024,"date":"2021-03-10T20:57:08","date_gmt":"2021-03-10T20:57:08","guid":{"rendered":"https:\/\/favorite-news.com\/fr\/accuse-de-contribuer-a-la-culture-du-viol-pepe-le-putois-disparait-des-productions-warner\/"},"modified":"2021-03-18T12:30:04","modified_gmt":"2021-03-18T12:30:04","slug":"accuse-de-contribuer-a-la-culture-du-viol-pepe-le-putois-disparait-des-productions-warner","status":"publish","type":"post","link":"https:\/\/favorite-news.com\/fr\/accuse-de-contribuer-a-la-culture-du-viol-pepe-le-putois-disparait-des-productions-warner\/","title":{"rendered":"Accus\u00e9 de contribuer \u00e0 la culture du viol, P\u00e9p\u00e9 le putois dispara\u00eet des productions Warner"},"content":{"rendered":"<p>Le logo des Looney Tunes \u2014 Warner Bros<br \/>\nLa Warner Bros a d\u00e9cid\u00e9 de supprimer de son catalogue l\u2019un des personnages cr\u00e9\u00e9s en 1945 par le dessinateur Chuck Jones\u00a0:\u00a0P\u00e9p\u00e9 le putois. La petite moufette noire et blanche, personnage des dessins anim\u00e9s Looney Tunes aux c\u00f4t\u00e9s de Bugs Bunny ou encore Daffy Duck, est caract\u00e9ris\u00e9e par son odeur pestilentielle, son fort accent fran\u00e7ais, et surtout son obsession pour la gent f\u00e9minine. Coup\u00e9 au montage du prochain film Space Jam 2, la bestiole est accus\u00e9e de perp\u00e9tuer la culture du viol.<\/p>\n<p>L\u2019affaire commence dans un \u00e9dito du journaliste Charles M. Blow paru dans le New York Times du 3\u00a0mars, commentant le retrait outre-Atlantique de plusieurs livres pour enfants du Dr. Seuss, accus\u00e9 de perp\u00e9tuer des st\u00e9r\u00e9otypes raciaux.<\/p>\n<p>\u00ab\u00a0Il attrape et embrasse une fille qu\u2019il ne conna\u00eet pas\u00a0\u00bb<\/p>\n<p>Dans cet article, le journaliste am\u00e9ricain estime que d\u2019autres personnages de cartoon sont probl\u00e9matiques. Au fil de ses apparitions lorsqu\u2019il poursuit de ses ardeurs la malheureuse P\u00e9n\u00e9lope la chatte, il est a minima un dragueur lourd, souvent un harceleur et parfois un agresseur sexuel. Il normalise ainsi la culture du viol.<\/p>\n<p>RW blogs are mad bc I said Pepe Le Pew added to rape culture. Let\u2019s see.1. He grabs\/kisses a girl\/stranger, repeatedly, w\/o consent and against her will. 2. She struggles mightily to get away from him, but he won\u2019t release her 3. He locks a door to prevent her from escaping. pic.twitter.com\/CbLCldLwvR\u2014 Charles M. Blow (@CharlesMBlow) March 6, 2021<\/p>\n<p>Et le journaliste de s\u2019expliquer ce samedi sur Twitter o\u00f9 il d\u00e9crypte une sc\u00e8ne mettant en sc\u00e8ne les deux personnages\u00a0:\u00a0\u00ab\u00a0Les blogs conservateurs m\u2019en veulent parce que j\u2019ai dit que P\u00e9p\u00e9 le putois participait \u00e0 la culture du viol. Voyons voir dans cette vid\u00e9o\u2026 Il attrape et embrasse une fille qu\u2019il ne conna\u00eet pas, de mani\u00e8re r\u00e9p\u00e9t\u00e9e, sans son consentement et contre sa volont\u00e9. Elle se d\u00e9bat fortement pour lui \u00e9chapper, mais il ne la rel\u00e2che pas. Il verrouille la porte pour l\u2019emp\u00eacher de fuir\u00a0\u00bb<\/p>\n<p>Ce dimanche, le site sp\u00e9cialis\u00e9 Deadline a annonc\u00e9 que P\u00e9p\u00e9 le putois venait d\u2019\u00eatre supprim\u00e9 du prochain Space Jam 2, film port\u00e9 par LeBron James, m\u00ealant personnages d\u2019animation et acteurs, attendu sur les \u00e9crans \u00e0 la r\u00e9ouverture des salles. Dans la s\u00e9quence o\u00f9 P\u00e9p\u00e9 le putois a \u00e9t\u00e9 coup\u00e9 au montage, il prenait de force dans ses bras une femme. Le basketteur lui faisait alors une le\u00e7on sur la notion de consentement.<\/p>\n<p>Au printemps, la Warner Bros avait d\u00e9j\u00e0 supprim\u00e9 Elmer, un chasseur grincheux obs\u00e9d\u00e9 par le lapin Bugs Bunny, toujours \u00e9quip\u00e9 d\u2019un fusil, alors que les Etats-Unis \u00e9taient en plein d\u00e9bat sur le contr\u00f4le des armes \u00e0 feu.<\/p>\n<p><script async src=\"https:\/\/platform.twitter.com\/widgets.js\" charset=\"utf-8\"><\/script><\/p>\n<p><!--noindex--><br \/>\n<a href=\"https:\/\/www.20minutes.fr\/arts-stars\/culture\/2995751-20210310-accuse-contribuer-culture-viol-pepe-putois-disparait-productions-warner#xtor=RSS-149\" rel=\"nofollow\">Source link <\/a><br \/>\n<!--\/noindex--><\/p>\n","protected":false},"excerpt":{"rendered":"<p>Le logo des Looney Tunes \u2014 Warner Bros La Warner Bros a d\u00e9cid\u00e9 de supprimer de son catalogue l\u2019un des personnages cr\u00e9\u00e9s en 1945 par le dessinateur Chuck Jones\u00a0:\u00a0P\u00e9p\u00e9 le putois. La petite moufette noire et blanche, personnage des dessins anim\u00e9s Looney Tunes aux c\u00f4t\u00e9s de Bugs Bunny ou encore Daffy Duck, est caract\u00e9ris\u00e9e par [&hellip;]<\/p>\n","protected":false},"author":1,"featured_media":1025,"comment_status":"open","ping_status":"open","sticky":false,"template":"","format":"standard","meta":{"footnotes":""},"categories":[1],"tags":[],"class_list":["post-1024","post","type-post","status-publish","format-standard","has-post-thumbnail","hentry","category-nouvelles"],"yoast_head":"<!-- This site is optimized with the Yoast SEO plugin v27.4 - https:\/\/yoast.com\/product\/yoast-seo-wordpress\/ -->\n<title>Accus\u00e9 de contribuer \u00e0 la culture du viol, P\u00e9p\u00e9 le putois dispara\u00eet des productions Warner - Favorite News<\/title>\n<meta name=\"robots\" content=\"index, follow, max-snippet:-1, max-image-preview:large, max-video-preview:-1\" \/>\n<link rel=\"canonical\" href=\"https:\/\/favorite-news.com\/fr\/accuse-de-contribuer-a-la-culture-du-viol-pepe-le-putois-disparait-des-productions-warner\/\" \/>\n<meta property=\"og:locale\" content=\"fr_FR\" \/>\n<meta property=\"og:type\" content=\"article\" \/>\n<meta property=\"og:title\" content=\"Accus\u00e9 de contribuer \u00e0 la culture du viol, P\u00e9p\u00e9 le putois dispara\u00eet des productions Warner - Favorite News\" \/>\n<meta property=\"og:description\" content=\"Le logo des Looney Tunes \u2014 Warner Bros La Warner Bros a d\u00e9cid\u00e9 de supprimer de son catalogue l\u2019un des personnages cr\u00e9\u00e9s en 1945 par le dessinateur Chuck Jones\u00a0:\u00a0P\u00e9p\u00e9 le putois. La petite moufette noire et blanche, personnage des dessins anim\u00e9s Looney Tunes aux c\u00f4t\u00e9s de Bugs Bunny ou encore Daffy Duck, est caract\u00e9ris\u00e9e par [&hellip;]\" \/>\n<meta property=\"og:url\" content=\"https:\/\/favorite-news.com\/fr\/accuse-de-contribuer-a-la-culture-du-viol-pepe-le-putois-disparait-des-productions-warner\/\" \/>\n<meta property=\"og:site_name\" content=\"Favorite News\" \/>\n<meta property=\"article:published_time\" content=\"2021-03-10T20:57:08+00:00\" \/>\n<meta property=\"article:modified_time\" content=\"2021-03-18T12:30:04+00:00\" \/>\n<meta property=\"og:image\" content=\"https:\/\/favorite-news.com\/fr\/wp-content\/uploads\/sites\/12\/2021\/03\/Accuse-de-contribuer-a-la-culture-du-viol-Pepe-le.jpg\" \/>\n\t<meta property=\"og:image:width\" content=\"648\" \/>\n\t<meta property=\"og:image:height\" content=\"360\" \/>\n\t<meta property=\"og:image:type\" content=\"image\/jpeg\" \/>\n<meta name=\"author\" content=\"favorite-news\" \/>\n<meta name=\"twitter:card\" content=\"summary_large_image\" \/>\n<meta name=\"twitter:label1\" content=\"\u00c9crit par\" \/>\n\t<meta name=\"twitter:data1\" content=\"favorite-news\" \/>\n\t<meta name=\"twitter:label2\" content=\"Dur\u00e9e de lecture estim\u00e9e\" \/>\n\t<meta name=\"twitter:data2\" content=\"2 minutes\" \/>\n<script type=\"application\/ld+json\" class=\"yoast-schema-graph\">{\"@context\":\"https:\\\/\\\/schema.org\",\"@graph\":[{\"@type\":\"Article\",\"@id\":\"https:\\\/\\\/favorite-news.com\\\/fr\\\/accuse-de-contribuer-a-la-culture-du-viol-pepe-le-putois-disparait-des-productions-warner\\\/#article\",\"isPartOf\":{\"@id\":\"https:\\\/\\\/favorite-news.com\\\/fr\\\/accuse-de-contribuer-a-la-culture-du-viol-pepe-le-putois-disparait-des-productions-warner\\\/\"},\"author\":{\"name\":\"favorite-news\",\"@id\":\"https:\\\/\\\/favorite-news.com\\\/fr\\\/#\\\/schema\\\/person\\\/b66c4cfdd10a5bf16d7d5efda647111f\"},\"headline\":\"Accus\u00e9 de contribuer \u00e0 la culture du viol, P\u00e9p\u00e9 le putois dispara\u00eet des productions Warner\",\"datePublished\":\"2021-03-10T20:57:08+00:00\",\"dateModified\":\"2021-03-18T12:30:04+00:00\",\"mainEntityOfPage\":{\"@id\":\"https:\\\/\\\/favorite-news.com\\\/fr\\\/accuse-de-contribuer-a-la-culture-du-viol-pepe-le-putois-disparait-des-productions-warner\\\/\"},\"wordCount\":512,\"commentCount\":0,\"image\":{\"@id\":\"https:\\\/\\\/favorite-news.com\\\/fr\\\/accuse-de-contribuer-a-la-culture-du-viol-pepe-le-putois-disparait-des-productions-warner\\\/#primaryimage\"},\"thumbnailUrl\":\"https:\\\/\\\/favorite-news.com\\\/fr\\\/wp-content\\\/uploads\\\/sites\\\/12\\\/2021\\\/03\\\/Accuse-de-contribuer-a-la-culture-du-viol-Pepe-le.jpg\",\"articleSection\":[\"NOUVELLES\"],\"inLanguage\":\"fr-FR\",\"potentialAction\":[{\"@type\":\"CommentAction\",\"name\":\"Comment\",\"target\":[\"https:\\\/\\\/favorite-news.com\\\/fr\\\/accuse-de-contribuer-a-la-culture-du-viol-pepe-le-putois-disparait-des-productions-warner\\\/#respond\"]}]},{\"@type\":\"WebPage\",\"@id\":\"https:\\\/\\\/favorite-news.com\\\/fr\\\/accuse-de-contribuer-a-la-culture-du-viol-pepe-le-putois-disparait-des-productions-warner\\\/\",\"url\":\"https:\\\/\\\/favorite-news.com\\\/fr\\\/accuse-de-contribuer-a-la-culture-du-viol-pepe-le-putois-disparait-des-productions-warner\\\/\",\"name\":\"Accus\u00e9 de contribuer \u00e0 la culture du viol, P\u00e9p\u00e9 le putois dispara\u00eet des productions Warner - Favorite News\",\"isPartOf\":{\"@id\":\"https:\\\/\\\/favorite-news.com\\\/fr\\\/#website\"},\"primaryImageOfPage\":{\"@id\":\"https:\\\/\\\/favorite-news.com\\\/fr\\\/accuse-de-contribuer-a-la-culture-du-viol-pepe-le-putois-disparait-des-productions-warner\\\/#primaryimage\"},\"image\":{\"@id\":\"https:\\\/\\\/favorite-news.com\\\/fr\\\/accuse-de-contribuer-a-la-culture-du-viol-pepe-le-putois-disparait-des-productions-warner\\\/#primaryimage\"},\"thumbnailUrl\":\"https:\\\/\\\/favorite-news.com\\\/fr\\\/wp-content\\\/uploads\\\/sites\\\/12\\\/2021\\\/03\\\/Accuse-de-contribuer-a-la-culture-du-viol-Pepe-le.jpg\",\"datePublished\":\"2021-03-10T20:57:08+00:00\",\"dateModified\":\"2021-03-18T12:30:04+00:00\",\"author\":{\"@id\":\"https:\\\/\\\/favorite-news.com\\\/fr\\\/#\\\/schema\\\/person\\\/b66c4cfdd10a5bf16d7d5efda647111f\"},\"breadcrumb\":{\"@id\":\"https:\\\/\\\/favorite-news.com\\\/fr\\\/accuse-de-contribuer-a-la-culture-du-viol-pepe-le-putois-disparait-des-productions-warner\\\/#breadcrumb\"},\"inLanguage\":\"fr-FR\",\"potentialAction\":[{\"@type\":\"ReadAction\",\"target\":[\"https:\\\/\\\/favorite-news.com\\\/fr\\\/accuse-de-contribuer-a-la-culture-du-viol-pepe-le-putois-disparait-des-productions-warner\\\/\"]}]},{\"@type\":\"ImageObject\",\"inLanguage\":\"fr-FR\",\"@id\":\"https:\\\/\\\/favorite-news.com\\\/fr\\\/accuse-de-contribuer-a-la-culture-du-viol-pepe-le-putois-disparait-des-productions-warner\\\/#primaryimage\",\"url\":\"https:\\\/\\\/favorite-news.com\\\/fr\\\/wp-content\\\/uploads\\\/sites\\\/12\\\/2021\\\/03\\\/Accuse-de-contribuer-a-la-culture-du-viol-Pepe-le.jpg\",\"contentUrl\":\"https:\\\/\\\/favorite-news.com\\\/fr\\\/wp-content\\\/uploads\\\/sites\\\/12\\\/2021\\\/03\\\/Accuse-de-contribuer-a-la-culture-du-viol-Pepe-le.jpg\",\"width\":648,\"height\":360,\"caption\":\"Accus\u00e9 de contribuer \u00e0 la culture du viol, P\u00e9p\u00e9 le putois dispara\u00eet des productions Warner\"},{\"@type\":\"BreadcrumbList\",\"@id\":\"https:\\\/\\\/favorite-news.com\\\/fr\\\/accuse-de-contribuer-a-la-culture-du-viol-pepe-le-putois-disparait-des-productions-warner\\\/#breadcrumb\",\"itemListElement\":[{\"@type\":\"ListItem\",\"position\":1,\"name\":\"Home\",\"item\":\"https:\\\/\\\/favorite-news.com\\\/fr\\\/\"},{\"@type\":\"ListItem\",\"position\":2,\"name\":\"Accus\u00e9 de contribuer \u00e0 la culture du viol, P\u00e9p\u00e9 le putois dispara\u00eet des productions Warner\"}]},{\"@type\":\"WebSite\",\"@id\":\"https:\\\/\\\/favorite-news.com\\\/fr\\\/#website\",\"url\":\"https:\\\/\\\/favorite-news.com\\\/fr\\\/\",\"name\":\"Favorite News\",\"description\":\"Favorite News France\",\"potentialAction\":[{\"@type\":\"SearchAction\",\"target\":{\"@type\":\"EntryPoint\",\"urlTemplate\":\"https:\\\/\\\/favorite-news.com\\\/fr\\\/?s={search_term_string}\"},\"query-input\":{\"@type\":\"PropertyValueSpecification\",\"valueRequired\":true,\"valueName\":\"search_term_string\"}}],\"inLanguage\":\"fr-FR\"},{\"@type\":\"Person\",\"@id\":\"https:\\\/\\\/favorite-news.com\\\/fr\\\/#\\\/schema\\\/person\\\/b66c4cfdd10a5bf16d7d5efda647111f\",\"name\":\"favorite-news\",\"image\":{\"@type\":\"ImageObject\",\"inLanguage\":\"fr-FR\",\"@id\":\"https:\\\/\\\/secure.gravatar.com\\\/avatar\\\/f89959e01423a9ee3c2debbcf830eb021c575de0e1b3781ca3ae392b71c615a1?s=96&d=mm&r=g\",\"url\":\"https:\\\/\\\/secure.gravatar.com\\\/avatar\\\/f89959e01423a9ee3c2debbcf830eb021c575de0e1b3781ca3ae392b71c615a1?s=96&d=mm&r=g\",\"contentUrl\":\"https:\\\/\\\/secure.gravatar.com\\\/avatar\\\/f89959e01423a9ee3c2debbcf830eb021c575de0e1b3781ca3ae392b71c615a1?s=96&d=mm&r=g\",\"caption\":\"favorite-news\"},\"url\":\"https:\\\/\\\/favorite-news.com\\\/fr\\\/author\\\/ruby\\\/\"}]}<\/script>\n<!-- \/ Yoast SEO plugin. -->","yoast_head_json":{"title":"Accus\u00e9 de contribuer \u00e0 la culture du viol, P\u00e9p\u00e9 le putois dispara\u00eet des productions Warner - Favorite News","robots":{"index":"index","follow":"follow","max-snippet":"max-snippet:-1","max-image-preview":"max-image-preview:large","max-video-preview":"max-video-preview:-1"},"canonical":"https:\/\/favorite-news.com\/fr\/accuse-de-contribuer-a-la-culture-du-viol-pepe-le-putois-disparait-des-productions-warner\/","og_locale":"fr_FR","og_type":"article","og_title":"Accus\u00e9 de contribuer \u00e0 la culture du viol, P\u00e9p\u00e9 le putois dispara\u00eet des productions Warner - Favorite News","og_description":"Le logo des Looney Tunes \u2014 Warner Bros La Warner Bros a d\u00e9cid\u00e9 de supprimer de son catalogue l\u2019un des personnages cr\u00e9\u00e9s en 1945 par le dessinateur Chuck Jones\u00a0:\u00a0P\u00e9p\u00e9 le putois. La petite moufette noire et blanche, personnage des dessins anim\u00e9s Looney Tunes aux c\u00f4t\u00e9s de Bugs Bunny ou encore Daffy Duck, est caract\u00e9ris\u00e9e par [&hellip;]","og_url":"https:\/\/favorite-news.com\/fr\/accuse-de-contribuer-a-la-culture-du-viol-pepe-le-putois-disparait-des-productions-warner\/","og_site_name":"Favorite News","article_published_time":"2021-03-10T20:57:08+00:00","article_modified_time":"2021-03-18T12:30:04+00:00","og_image":[{"width":648,"height":360,"url":"https:\/\/favorite-news.com\/fr\/wp-content\/uploads\/sites\/12\/2021\/03\/Accuse-de-contribuer-a-la-culture-du-viol-Pepe-le.jpg","type":"image\/jpeg"}],"author":"favorite-news","twitter_card":"summary_large_image","twitter_misc":{"\u00c9crit par":"favorite-news","Dur\u00e9e de lecture estim\u00e9e":"2 minutes"},"schema":{"@context":"https:\/\/schema.org","@graph":[{"@type":"Article","@id":"https:\/\/favorite-news.com\/fr\/accuse-de-contribuer-a-la-culture-du-viol-pepe-le-putois-disparait-des-productions-warner\/#article","isPartOf":{"@id":"https:\/\/favorite-news.com\/fr\/accuse-de-contribuer-a-la-culture-du-viol-pepe-le-putois-disparait-des-productions-warner\/"},"author":{"name":"favorite-news","@id":"https:\/\/favorite-news.com\/fr\/#\/schema\/person\/b66c4cfdd10a5bf16d7d5efda647111f"},"headline":"Accus\u00e9 de contribuer \u00e0 la culture du viol, P\u00e9p\u00e9 le putois dispara\u00eet des productions Warner","datePublished":"2021-03-10T20:57:08+00:00","dateModified":"2021-03-18T12:30:04+00:00","mainEntityOfPage":{"@id":"https:\/\/favorite-news.com\/fr\/accuse-de-contribuer-a-la-culture-du-viol-pepe-le-putois-disparait-des-productions-warner\/"},"wordCount":512,"commentCount":0,"image":{"@id":"https:\/\/favorite-news.com\/fr\/accuse-de-contribuer-a-la-culture-du-viol-pepe-le-putois-disparait-des-productions-warner\/#primaryimage"},"thumbnailUrl":"https:\/\/favorite-news.com\/fr\/wp-content\/uploads\/sites\/12\/2021\/03\/Accuse-de-contribuer-a-la-culture-du-viol-Pepe-le.jpg","articleSection":["NOUVELLES"],"inLanguage":"fr-FR","potentialAction":[{"@type":"CommentAction","name":"Comment","target":["https:\/\/favorite-news.com\/fr\/accuse-de-contribuer-a-la-culture-du-viol-pepe-le-putois-disparait-des-productions-warner\/#respond"]}]},{"@type":"WebPage","@id":"https:\/\/favorite-news.com\/fr\/accuse-de-contribuer-a-la-culture-du-viol-pepe-le-putois-disparait-des-productions-warner\/","url":"https:\/\/favorite-news.com\/fr\/accuse-de-contribuer-a-la-culture-du-viol-pepe-le-putois-disparait-des-productions-warner\/","name":"Accus\u00e9 de contribuer \u00e0 la culture du viol, P\u00e9p\u00e9 le putois dispara\u00eet des productions Warner - Favorite News","isPartOf":{"@id":"https:\/\/favorite-news.com\/fr\/#website"},"primaryImageOfPage":{"@id":"https:\/\/favorite-news.com\/fr\/accuse-de-contribuer-a-la-culture-du-viol-pepe-le-putois-disparait-des-productions-warner\/#primaryimage"},"image":{"@id":"https:\/\/favorite-news.com\/fr\/accuse-de-contribuer-a-la-culture-du-viol-pepe-le-putois-disparait-des-productions-warner\/#primaryimage"},"thumbnailUrl":"https:\/\/favorite-news.com\/fr\/wp-content\/uploads\/sites\/12\/2021\/03\/Accuse-de-contribuer-a-la-culture-du-viol-Pepe-le.jpg","datePublished":"2021-03-10T20:57:08+00:00","dateModified":"2021-03-18T12:30:04+00:00","author":{"@id":"https:\/\/favorite-news.com\/fr\/#\/schema\/person\/b66c4cfdd10a5bf16d7d5efda647111f"},"breadcrumb":{"@id":"https:\/\/favorite-news.com\/fr\/accuse-de-contribuer-a-la-culture-du-viol-pepe-le-putois-disparait-des-productions-warner\/#breadcrumb"},"inLanguage":"fr-FR","potentialAction":[{"@type":"ReadAction","target":["https:\/\/favorite-news.com\/fr\/accuse-de-contribuer-a-la-culture-du-viol-pepe-le-putois-disparait-des-productions-warner\/"]}]},{"@type":"ImageObject","inLanguage":"fr-FR","@id":"https:\/\/favorite-news.com\/fr\/accuse-de-contribuer-a-la-culture-du-viol-pepe-le-putois-disparait-des-productions-warner\/#primaryimage","url":"https:\/\/favorite-news.com\/fr\/wp-content\/uploads\/sites\/12\/2021\/03\/Accuse-de-contribuer-a-la-culture-du-viol-Pepe-le.jpg","contentUrl":"https:\/\/favorite-news.com\/fr\/wp-content\/uploads\/sites\/12\/2021\/03\/Accuse-de-contribuer-a-la-culture-du-viol-Pepe-le.jpg","width":648,"height":360,"caption":"Accus\u00e9 de contribuer \u00e0 la culture du viol, P\u00e9p\u00e9 le putois dispara\u00eet des productions Warner"},{"@type":"BreadcrumbList","@id":"https:\/\/favorite-news.com\/fr\/accuse-de-contribuer-a-la-culture-du-viol-pepe-le-putois-disparait-des-productions-warner\/#breadcrumb","itemListElement":[{"@type":"ListItem","position":1,"name":"Home","item":"https:\/\/favorite-news.com\/fr\/"},{"@type":"ListItem","position":2,"name":"Accus\u00e9 de contribuer \u00e0 la culture du viol, P\u00e9p\u00e9 le putois dispara\u00eet des productions Warner"}]},{"@type":"WebSite","@id":"https:\/\/favorite-news.com\/fr\/#website","url":"https:\/\/favorite-news.com\/fr\/","name":"Favorite News","description":"Favorite News France","potentialAction":[{"@type":"SearchAction","target":{"@type":"EntryPoint","urlTemplate":"https:\/\/favorite-news.com\/fr\/?s={search_term_string}"},"query-input":{"@type":"PropertyValueSpecification","valueRequired":true,"valueName":"search_term_string"}}],"inLanguage":"fr-FR"},{"@type":"Person","@id":"https:\/\/favorite-news.com\/fr\/#\/schema\/person\/b66c4cfdd10a5bf16d7d5efda647111f","name":"favorite-news","image":{"@type":"ImageObject","inLanguage":"fr-FR","@id":"https:\/\/secure.gravatar.com\/avatar\/f89959e01423a9ee3c2debbcf830eb021c575de0e1b3781ca3ae392b71c615a1?s=96&d=mm&r=g","url":"https:\/\/secure.gravatar.com\/avatar\/f89959e01423a9ee3c2debbcf830eb021c575de0e1b3781ca3ae392b71c615a1?s=96&d=mm&r=g","contentUrl":"https:\/\/secure.gravatar.com\/avatar\/f89959e01423a9ee3c2debbcf830eb021c575de0e1b3781ca3ae392b71c615a1?s=96&d=mm&r=g","caption":"favorite-news"},"url":"https:\/\/favorite-news.com\/fr\/author\/ruby\/"}]}},"_links":{"self":[{"href":"https:\/\/favorite-news.com\/fr\/wp-json\/wp\/v2\/posts\/1024","targetHints":{"allow":["GET"]}}],"collection":[{"href":"https:\/\/favorite-news.com\/fr\/wp-json\/wp\/v2\/posts"}],"about":[{"href":"https:\/\/favorite-news.com\/fr\/wp-json\/wp\/v2\/types\/post"}],"author":[{"embeddable":true,"href":"https:\/\/favorite-news.com\/fr\/wp-json\/wp\/v2\/users\/1"}],"replies":[{"embeddable":true,"href":"https:\/\/favorite-news.com\/fr\/wp-json\/wp\/v2\/comments?post=1024"}],"version-history":[{"count":2,"href":"https:\/\/favorite-news.com\/fr\/wp-json\/wp\/v2\/posts\/1024\/revisions"}],"predecessor-version":[{"id":1075,"href":"https:\/\/favorite-news.com\/fr\/wp-json\/wp\/v2\/posts\/1024\/revisions\/1075"}],"wp:featuredmedia":[{"embeddable":true,"href":"https:\/\/favorite-news.com\/fr\/wp-json\/wp\/v2\/media\/1025"}],"wp:attachment":[{"href":"https:\/\/favorite-news.com\/fr\/wp-json\/wp\/v2\/media?parent=1024"}],"wp:term":[{"taxonomy":"category","embeddable":true,"href":"https:\/\/favorite-news.com\/fr\/wp-json\/wp\/v2\/categories?post=1024"},{"taxonomy":"post_tag","embeddable":true,"href":"https:\/\/favorite-news.com\/fr\/wp-json\/wp\/v2\/tags?post=1024"}],"curies":[{"name":"wp","href":"https:\/\/api.w.org\/{rel}","templated":true}]}}