{"id":1006,"date":"2021-03-10T04:46:39","date_gmt":"2021-03-10T04:46:39","guid":{"rendered":"https:\/\/favorite-news.com\/fr\/les-gendarmes-cherchent-des-informations-sur-un-tueur-en-serie-allemand\/"},"modified":"2021-03-18T12:31:40","modified_gmt":"2021-03-18T12:31:40","slug":"les-gendarmes-cherchent-des-informations-sur-un-tueur-en-serie-allemand","status":"publish","type":"post","link":"https:\/\/favorite-news.com\/fr\/les-gendarmes-cherchent-des-informations-sur-un-tueur-en-serie-allemand\/","title":{"rendered":"les gendarmes cherchent des informations sur un tueur en s\u00e9rie Allemand"},"content":{"rendered":"<p>Le tueur en s\u00e9rie allemand Martin Ney est suspect\u00e9 d&rsquo;avoir enlev\u00e9 et tu\u00e9 Jonathan Coulom en 2004 \u2014 gendarmerie nationale<br \/>\nJonathan Coulom, 10 ans, a \u00e9t\u00e9 enlev\u00e9 \u00e0 Saint-Br\u00e9vin-les-Pins en avril\u00a02004. Le corps du gar\u00e7on a \u00e9t\u00e9 retrouv\u00e9 le 19\u00a0mai suivant dans un \u00e9tang de Gu\u00e9rande.<br \/>\nQuatorze\u00a0ans apr\u00e8s les faits, un tueur en s\u00e9rie allemand aurait confi\u00e9 \u00e0 son cod\u00e9tenu avoir enlev\u00e9 et tu\u00e9 l\u2019enfant. Il a \u00e9t\u00e9 extrad\u00e9 en France en janvier dernier et mis en examen.<br \/>\nLes gendarmes ont lanc\u00e9 ce mardi un appel \u00e0 t\u00e9moin pour recueillir des \u00e9l\u00e9ments prouvant qu\u2019il \u00e9tait en France au moment du meurtre.<\/p>\n<p>Dans la nuit du 6 au 7\u00a0avril 2004, Jonathan Coulom, 10 ans, \u00e9tait enlev\u00e9 en pleine nuit d\u2019un centre de vacances de Saint-Br\u00e9vin-les-Pins, pr\u00e8s de Saint-Nazaire (Loire-Atlantique). Quelques semaines plus tard, son corps \u00e9tait retrouv\u00e9, ligot\u00e9 et lest\u00e9 d\u2019un parpaing dans un \u00e9tang proche de Gu\u00e9rande, \u00e0 25\u00a0km de l\u00e0. Depuis pr\u00e8s de dix-sept ans, une cellule compos\u00e9e de<br \/>\ngendarmes tente d\u2019\u00e9lucider ce meurtre. Ils ont lanc\u00e9 plusieurs appels \u00e0 t\u00e9moins et explor\u00e9 de nombreuses pistes qui, longtemps, n\u2019ont jamais abouti. Mais l\u2019enqu\u00eate a connu une acc\u00e9l\u00e9ration soudaine en avril\u00a02018, apr\u00e8s qu\u2019un tueur en s\u00e9rie allemand<br \/>\naurait confi\u00e9 \u00e0 son cod\u00e9tenu avoir tu\u00e9 le petit gar\u00e7on, originaire du Cher.<\/p>\n<p>Ag\u00e9 de 50 ans, Martin Ney a \u00e9t\u00e9 remis aux autorit\u00e9s fran\u00e7aises en janvier dernier. Il a \u00e9t\u00e9 mis en examen pour \u00ab\u00a0meurtre d\u2019un mineur de moins de 15 ans et arrestation, enl\u00e8vement et s\u00e9questration\u00a0ou d\u00e9tournement arbitraire de mineurs de moins de 15 ans\u00a0\u00bb. Avant d\u2019\u00eatre transf\u00e9r\u00e9 \u00e0 Nantes, celui que les m\u00e9dias allemands surnomment le \u00ab\u00a0Schwartzman\u00a0\u00bb (l\u2019homme noir) \u00e9tait incarc\u00e9r\u00e9 \u00e0 Celle, en Basse-Saxe (nord-ouest de l\u2019Allemagne), o\u00f9 il purgeait une peine de prison \u00e0 perp\u00e9tuit\u00e9 pour le meurtre de trois gar\u00e7ons et plusieurs agressions sexuelles. Arr\u00eat\u00e9<br \/>\n\u00e0 Hambourg en 2011, il avait reconnu avoir tu\u00e9 Stephen Jahr en 1992, Dennis Rostel en 1995 et Dennis Klein 2001, des enfants \u00e2g\u00e9s de 8, 9 et 13 ans qu&rsquo;il avait enlev\u00e9s dans un internat, une \u00e9cole\u00a0et un campement pr\u00e8s de Br\u00eame.<\/p>\n<p>Un homme \u00e0 la \u00ab\u00a0stature imposante\u00a0\u00bb<\/p>\n<p>En revanche, au moment de son arrestation, il avait ni\u00e9 \u00eatre le meurtrier du petit Fran\u00e7ais, que ses parents surnommaient \u00ab\u00a0cow-boy\u00a0\u00bb. Apr\u00e8s ces\u00a0aveux indirects fragiles, les gendarmes cherchent des \u00e9l\u00e9ments prouvant que Martin Ney a bien s\u00e9journ\u00e9\u00a0en France, et notamment en Loire-Atlantique, entre\u00a01990 et\u00a02011. Ce mardi, ils ont donc lanc\u00e9 un nouvel appel \u00e0 t\u00e9moins accompagn\u00e9 de trois photos de cet homme \u00e0 la \u00ab\u00a0stature imposante\u00a0\u00bb, mesurant pr\u00e8s de deux m\u00e8tres. Ils recherchent \u00ab toute information m\u00eame anodine susceptible de faire avancer l&rsquo;enqu\u00eate et d&rsquo;aider la famille de ce petit gar\u00e7on \u00e0 d\u00e9couvrir la v\u00e9rit\u00e9 \u00bb. Peut-\u00eatre quelqu\u2019un se souviendra-t-il\u00a0avoir \u00ab\u00a0lou\u00e9 ou pr\u00eat\u00e9 un h\u00e9bergement\u00a0\u00bb \u00e0 cet ancien \u00e9ducateur.<\/p>\n<p>\u00ab\u00a0Il s\u2019agit de ne pas passer \u00e0 c\u00f4t\u00e9 d\u2019un \u00e9l\u00e9ment qui permettrait de le confondre\u00a0\u00bb, nous confie une source proche du dossier. Martin Ney aurait aussi confi\u00e9 \u00e0 son cod\u00e9tenu avoir \u00e9gar\u00e9 au moment des faits\u00a0un sac \u00e0 dos en cuir marron, \u00ab\u00a0poss\u00e9dant des poches ainsi qu\u2019un lacet sur le dessus pour le fermer\u00a0\u00bb. Pour le retrouver, les gendarmes regroup\u00e9s au sein d\u2019une cellule d\u2019investigations, baptis\u00e9e \u00ab\u00a0disparition 44\u00a0\u00bb, avaient \u00e9galement lanc\u00e9 un appel \u00e0 t\u00e9moin en avril\u00a02018.<\/p>\n<p>\u2757\ufe0f#Appel\u00c0T\u00e9moins lanc\u00e9 par les gendarmes de #LoireAtlantique suite \u00e0 l&rsquo;enl\u00e8vement et au meurtre du petit Jonathan en avril 2004. Les enqu\u00eateurs recherchent des t\u00e9moignages sur un sac \u00e0 dos qui aurait pu \u00eatre d\u00e9couvert dans les environs de #SaintBr\u00e9vinLesPins ou de #Gu\u00e9rande. pic.twitter.com\/0H6m4AvmLM\u2014 Gendarmerie nationale (@Gendarmerie) April 6, 2018<\/p>\n<p>Les enqu\u00eateurs ont explor\u00e9 de nombreuses pistes depuis la disparition de Jonathan en 2004. Celle du tueur allemand est \u00e9tudi\u00e9e \u00ab\u00a0depuis le d\u00e9part\u00a0\u00bb, nous explique l\u2019avocate de la m\u00e8re de Jonathan, Me Catherine Salsac. Alors que le\u00a0\u00ab Schwartzman \u00bb n\u2019avait pas encore \u00e9t\u00e9 arr\u00eat\u00e9\u00a0de l&rsquo;autre c\u00f4t\u00e9 du Rhin, \u00ab\u00a0les enqu\u00eateurs allemands avaient interpell\u00e9\u00a0leurs homologues fran\u00e7ais sur les similitudes entre\u00a0les\u00a0faits commis en Allemagne et ceux commis \u00e0 Saint-Br\u00e9vin\u00a0\u00bb.<\/p>\n<p>\u00ab\u00a0L\u2019espoir\u00a0\u00bb d\u2019un proc\u00e8s<\/p>\n<p>Mais \u00e0 l\u2019\u00e9poque, les gendarmes privil\u00e9giaient plut\u00f4t \u00ab\u00a0la piste locale\u00a0\u00bb, poursuit Me Salsac.\u00a0Aujourd\u2019hui, sa cliente garde \u00ab\u00a0l\u2019espoir\u00a0\u00bb que\u00a0le \u00ab\u00a0v\u00e9ritable coupable\u00a0\u00bb du meurtre de Jonathan soit jug\u00e9e, un jour, devant une cour d\u2019assises. \u00ab\u00a0Elle veut connaitre la v\u00e9rit\u00e9, savoir, m\u00eame\u00a0si c\u2019est horrible, ce qui a \u00e9t\u00e9 fait \u00e0 son enfant\u00a0\u00bb, souligne l\u2019avocate. \u00ab\u00a0Elle ne fermera jamais le livre mais au moins un chapitre de cette dramatique histoire.\u00a0\u00bb<\/p>\n<p>20 secondes de contexte<\/p>\n<p>Les personnes disposant d\u2019informations peuvent les communiquer \u00e0 la gendarmerie en envoyant un mail \u00e0 cellule-disparition-44@gendarmerie.interieur.gouv.fr ou en envoyant un courier \u00e0 Cellule Disparition 44- BP 33284 &#8211; 35032 RENNES CEDEX.<\/p>\n<p>Une faute\u00a0?<\/p>\n<p>493<\/p>\n<p>partages<\/p>\n<p><script async src=\"https:\/\/platform.twitter.com\/widgets.js\" charset=\"utf-8\"><\/script><\/p>\n<p><!--noindex--><br \/>\n<a href=\"https:\/\/www.20minutes.fr\/faits_divers\/2994743-20210309-meurtre-petit-jonathan-gendarmes-cherchent-informations-tueur-serie-allemand#xtor=RSS-149\" rel=\"nofollow\">Source link <\/a><br \/>\n<!--\/noindex--><\/p>\n","protected":false},"excerpt":{"rendered":"<p>Le tueur en s\u00e9rie allemand Martin Ney est suspect\u00e9 d&rsquo;avoir enlev\u00e9 et tu\u00e9 Jonathan Coulom en 2004 \u2014 gendarmerie nationale Jonathan Coulom, 10 ans, a \u00e9t\u00e9 enlev\u00e9 \u00e0 Saint-Br\u00e9vin-les-Pins en avril\u00a02004. Le corps du gar\u00e7on a \u00e9t\u00e9 retrouv\u00e9 le 19\u00a0mai suivant dans un \u00e9tang de Gu\u00e9rande. Quatorze\u00a0ans apr\u00e8s les faits, un tueur en s\u00e9rie allemand [&hellip;]<\/p>\n","protected":false},"author":1,"featured_media":1007,"comment_status":"open","ping_status":"open","sticky":false,"template":"","format":"standard","meta":{"footnotes":""},"categories":[1],"tags":[],"class_list":["post-1006","post","type-post","status-publish","format-standard","has-post-thumbnail","hentry","category-nouvelles"],"yoast_head":"<!-- This site is optimized with the Yoast SEO plugin v27.4 - https:\/\/yoast.com\/product\/yoast-seo-wordpress\/ -->\n<title>les gendarmes cherchent des informations sur un tueur en s\u00e9rie Allemand - Favorite News<\/title>\n<meta name=\"robots\" content=\"index, follow, max-snippet:-1, max-image-preview:large, max-video-preview:-1\" \/>\n<link rel=\"canonical\" href=\"https:\/\/favorite-news.com\/fr\/les-gendarmes-cherchent-des-informations-sur-un-tueur-en-serie-allemand\/\" \/>\n<meta property=\"og:locale\" content=\"fr_FR\" \/>\n<meta property=\"og:type\" content=\"article\" \/>\n<meta property=\"og:title\" content=\"les gendarmes cherchent des informations sur un tueur en s\u00e9rie Allemand - Favorite News\" \/>\n<meta property=\"og:description\" content=\"Le tueur en s\u00e9rie allemand Martin Ney est suspect\u00e9 d&rsquo;avoir enlev\u00e9 et tu\u00e9 Jonathan Coulom en 2004 \u2014 gendarmerie nationale Jonathan Coulom, 10 ans, a \u00e9t\u00e9 enlev\u00e9 \u00e0 Saint-Br\u00e9vin-les-Pins en avril\u00a02004. Le corps du gar\u00e7on a \u00e9t\u00e9 retrouv\u00e9 le 19\u00a0mai suivant dans un \u00e9tang de Gu\u00e9rande. Quatorze\u00a0ans apr\u00e8s les faits, un tueur en s\u00e9rie allemand [&hellip;]\" \/>\n<meta property=\"og:url\" content=\"https:\/\/favorite-news.com\/fr\/les-gendarmes-cherchent-des-informations-sur-un-tueur-en-serie-allemand\/\" \/>\n<meta property=\"og:site_name\" content=\"Favorite News\" \/>\n<meta property=\"article:published_time\" content=\"2021-03-10T04:46:39+00:00\" \/>\n<meta property=\"article:modified_time\" content=\"2021-03-18T12:31:40+00:00\" \/>\n<meta property=\"og:image\" content=\"https:\/\/favorite-news.com\/fr\/wp-content\/uploads\/sites\/12\/2021\/03\/les-gendarmes-cherchent-des-informations-sur-un-tueur-en-serie.jpg\" \/>\n\t<meta property=\"og:image:width\" content=\"648\" \/>\n\t<meta property=\"og:image:height\" content=\"360\" \/>\n\t<meta property=\"og:image:type\" content=\"image\/jpeg\" \/>\n<meta name=\"author\" content=\"favorite-news\" \/>\n<meta name=\"twitter:card\" content=\"summary_large_image\" \/>\n<meta name=\"twitter:label1\" content=\"\u00c9crit par\" \/>\n\t<meta name=\"twitter:data1\" content=\"favorite-news\" \/>\n\t<meta name=\"twitter:label2\" content=\"Dur\u00e9e de lecture estim\u00e9e\" \/>\n\t<meta name=\"twitter:data2\" content=\"4 minutes\" \/>\n<script type=\"application\/ld+json\" class=\"yoast-schema-graph\">{\"@context\":\"https:\\\/\\\/schema.org\",\"@graph\":[{\"@type\":\"Article\",\"@id\":\"https:\\\/\\\/favorite-news.com\\\/fr\\\/les-gendarmes-cherchent-des-informations-sur-un-tueur-en-serie-allemand\\\/#article\",\"isPartOf\":{\"@id\":\"https:\\\/\\\/favorite-news.com\\\/fr\\\/les-gendarmes-cherchent-des-informations-sur-un-tueur-en-serie-allemand\\\/\"},\"author\":{\"name\":\"favorite-news\",\"@id\":\"https:\\\/\\\/favorite-news.com\\\/fr\\\/#\\\/schema\\\/person\\\/b66c4cfdd10a5bf16d7d5efda647111f\"},\"headline\":\"les gendarmes cherchent des informations sur un tueur en s\u00e9rie Allemand\",\"datePublished\":\"2021-03-10T04:46:39+00:00\",\"dateModified\":\"2021-03-18T12:31:40+00:00\",\"mainEntityOfPage\":{\"@id\":\"https:\\\/\\\/favorite-news.com\\\/fr\\\/les-gendarmes-cherchent-des-informations-sur-un-tueur-en-serie-allemand\\\/\"},\"wordCount\":857,\"commentCount\":0,\"image\":{\"@id\":\"https:\\\/\\\/favorite-news.com\\\/fr\\\/les-gendarmes-cherchent-des-informations-sur-un-tueur-en-serie-allemand\\\/#primaryimage\"},\"thumbnailUrl\":\"https:\\\/\\\/favorite-news.com\\\/fr\\\/wp-content\\\/uploads\\\/sites\\\/12\\\/2021\\\/03\\\/les-gendarmes-cherchent-des-informations-sur-un-tueur-en-serie.jpg\",\"articleSection\":[\"NOUVELLES\"],\"inLanguage\":\"fr-FR\",\"potentialAction\":[{\"@type\":\"CommentAction\",\"name\":\"Comment\",\"target\":[\"https:\\\/\\\/favorite-news.com\\\/fr\\\/les-gendarmes-cherchent-des-informations-sur-un-tueur-en-serie-allemand\\\/#respond\"]}]},{\"@type\":\"WebPage\",\"@id\":\"https:\\\/\\\/favorite-news.com\\\/fr\\\/les-gendarmes-cherchent-des-informations-sur-un-tueur-en-serie-allemand\\\/\",\"url\":\"https:\\\/\\\/favorite-news.com\\\/fr\\\/les-gendarmes-cherchent-des-informations-sur-un-tueur-en-serie-allemand\\\/\",\"name\":\"les gendarmes cherchent des informations sur un tueur en s\u00e9rie Allemand - Favorite News\",\"isPartOf\":{\"@id\":\"https:\\\/\\\/favorite-news.com\\\/fr\\\/#website\"},\"primaryImageOfPage\":{\"@id\":\"https:\\\/\\\/favorite-news.com\\\/fr\\\/les-gendarmes-cherchent-des-informations-sur-un-tueur-en-serie-allemand\\\/#primaryimage\"},\"image\":{\"@id\":\"https:\\\/\\\/favorite-news.com\\\/fr\\\/les-gendarmes-cherchent-des-informations-sur-un-tueur-en-serie-allemand\\\/#primaryimage\"},\"thumbnailUrl\":\"https:\\\/\\\/favorite-news.com\\\/fr\\\/wp-content\\\/uploads\\\/sites\\\/12\\\/2021\\\/03\\\/les-gendarmes-cherchent-des-informations-sur-un-tueur-en-serie.jpg\",\"datePublished\":\"2021-03-10T04:46:39+00:00\",\"dateModified\":\"2021-03-18T12:31:40+00:00\",\"author\":{\"@id\":\"https:\\\/\\\/favorite-news.com\\\/fr\\\/#\\\/schema\\\/person\\\/b66c4cfdd10a5bf16d7d5efda647111f\"},\"breadcrumb\":{\"@id\":\"https:\\\/\\\/favorite-news.com\\\/fr\\\/les-gendarmes-cherchent-des-informations-sur-un-tueur-en-serie-allemand\\\/#breadcrumb\"},\"inLanguage\":\"fr-FR\",\"potentialAction\":[{\"@type\":\"ReadAction\",\"target\":[\"https:\\\/\\\/favorite-news.com\\\/fr\\\/les-gendarmes-cherchent-des-informations-sur-un-tueur-en-serie-allemand\\\/\"]}]},{\"@type\":\"ImageObject\",\"inLanguage\":\"fr-FR\",\"@id\":\"https:\\\/\\\/favorite-news.com\\\/fr\\\/les-gendarmes-cherchent-des-informations-sur-un-tueur-en-serie-allemand\\\/#primaryimage\",\"url\":\"https:\\\/\\\/favorite-news.com\\\/fr\\\/wp-content\\\/uploads\\\/sites\\\/12\\\/2021\\\/03\\\/les-gendarmes-cherchent-des-informations-sur-un-tueur-en-serie.jpg\",\"contentUrl\":\"https:\\\/\\\/favorite-news.com\\\/fr\\\/wp-content\\\/uploads\\\/sites\\\/12\\\/2021\\\/03\\\/les-gendarmes-cherchent-des-informations-sur-un-tueur-en-serie.jpg\",\"width\":648,\"height\":360,\"caption\":\"les gendarmes cherchent des informations sur un tueur en s\u00e9rie Allemand\"},{\"@type\":\"BreadcrumbList\",\"@id\":\"https:\\\/\\\/favorite-news.com\\\/fr\\\/les-gendarmes-cherchent-des-informations-sur-un-tueur-en-serie-allemand\\\/#breadcrumb\",\"itemListElement\":[{\"@type\":\"ListItem\",\"position\":1,\"name\":\"Home\",\"item\":\"https:\\\/\\\/favorite-news.com\\\/fr\\\/\"},{\"@type\":\"ListItem\",\"position\":2,\"name\":\"les gendarmes cherchent des informations sur un tueur en s\u00e9rie Allemand\"}]},{\"@type\":\"WebSite\",\"@id\":\"https:\\\/\\\/favorite-news.com\\\/fr\\\/#website\",\"url\":\"https:\\\/\\\/favorite-news.com\\\/fr\\\/\",\"name\":\"Favorite News\",\"description\":\"Favorite News France\",\"potentialAction\":[{\"@type\":\"SearchAction\",\"target\":{\"@type\":\"EntryPoint\",\"urlTemplate\":\"https:\\\/\\\/favorite-news.com\\\/fr\\\/?s={search_term_string}\"},\"query-input\":{\"@type\":\"PropertyValueSpecification\",\"valueRequired\":true,\"valueName\":\"search_term_string\"}}],\"inLanguage\":\"fr-FR\"},{\"@type\":\"Person\",\"@id\":\"https:\\\/\\\/favorite-news.com\\\/fr\\\/#\\\/schema\\\/person\\\/b66c4cfdd10a5bf16d7d5efda647111f\",\"name\":\"favorite-news\",\"image\":{\"@type\":\"ImageObject\",\"inLanguage\":\"fr-FR\",\"@id\":\"https:\\\/\\\/secure.gravatar.com\\\/avatar\\\/f89959e01423a9ee3c2debbcf830eb021c575de0e1b3781ca3ae392b71c615a1?s=96&d=mm&r=g\",\"url\":\"https:\\\/\\\/secure.gravatar.com\\\/avatar\\\/f89959e01423a9ee3c2debbcf830eb021c575de0e1b3781ca3ae392b71c615a1?s=96&d=mm&r=g\",\"contentUrl\":\"https:\\\/\\\/secure.gravatar.com\\\/avatar\\\/f89959e01423a9ee3c2debbcf830eb021c575de0e1b3781ca3ae392b71c615a1?s=96&d=mm&r=g\",\"caption\":\"favorite-news\"},\"url\":\"https:\\\/\\\/favorite-news.com\\\/fr\\\/author\\\/ruby\\\/\"}]}<\/script>\n<!-- \/ Yoast SEO plugin. -->","yoast_head_json":{"title":"les gendarmes cherchent des informations sur un tueur en s\u00e9rie Allemand - Favorite News","robots":{"index":"index","follow":"follow","max-snippet":"max-snippet:-1","max-image-preview":"max-image-preview:large","max-video-preview":"max-video-preview:-1"},"canonical":"https:\/\/favorite-news.com\/fr\/les-gendarmes-cherchent-des-informations-sur-un-tueur-en-serie-allemand\/","og_locale":"fr_FR","og_type":"article","og_title":"les gendarmes cherchent des informations sur un tueur en s\u00e9rie Allemand - Favorite News","og_description":"Le tueur en s\u00e9rie allemand Martin Ney est suspect\u00e9 d&rsquo;avoir enlev\u00e9 et tu\u00e9 Jonathan Coulom en 2004 \u2014 gendarmerie nationale Jonathan Coulom, 10 ans, a \u00e9t\u00e9 enlev\u00e9 \u00e0 Saint-Br\u00e9vin-les-Pins en avril\u00a02004. Le corps du gar\u00e7on a \u00e9t\u00e9 retrouv\u00e9 le 19\u00a0mai suivant dans un \u00e9tang de Gu\u00e9rande. Quatorze\u00a0ans apr\u00e8s les faits, un tueur en s\u00e9rie allemand [&hellip;]","og_url":"https:\/\/favorite-news.com\/fr\/les-gendarmes-cherchent-des-informations-sur-un-tueur-en-serie-allemand\/","og_site_name":"Favorite News","article_published_time":"2021-03-10T04:46:39+00:00","article_modified_time":"2021-03-18T12:31:40+00:00","og_image":[{"width":648,"height":360,"url":"https:\/\/favorite-news.com\/fr\/wp-content\/uploads\/sites\/12\/2021\/03\/les-gendarmes-cherchent-des-informations-sur-un-tueur-en-serie.jpg","type":"image\/jpeg"}],"author":"favorite-news","twitter_card":"summary_large_image","twitter_misc":{"\u00c9crit par":"favorite-news","Dur\u00e9e de lecture estim\u00e9e":"4 minutes"},"schema":{"@context":"https:\/\/schema.org","@graph":[{"@type":"Article","@id":"https:\/\/favorite-news.com\/fr\/les-gendarmes-cherchent-des-informations-sur-un-tueur-en-serie-allemand\/#article","isPartOf":{"@id":"https:\/\/favorite-news.com\/fr\/les-gendarmes-cherchent-des-informations-sur-un-tueur-en-serie-allemand\/"},"author":{"name":"favorite-news","@id":"https:\/\/favorite-news.com\/fr\/#\/schema\/person\/b66c4cfdd10a5bf16d7d5efda647111f"},"headline":"les gendarmes cherchent des informations sur un tueur en s\u00e9rie Allemand","datePublished":"2021-03-10T04:46:39+00:00","dateModified":"2021-03-18T12:31:40+00:00","mainEntityOfPage":{"@id":"https:\/\/favorite-news.com\/fr\/les-gendarmes-cherchent-des-informations-sur-un-tueur-en-serie-allemand\/"},"wordCount":857,"commentCount":0,"image":{"@id":"https:\/\/favorite-news.com\/fr\/les-gendarmes-cherchent-des-informations-sur-un-tueur-en-serie-allemand\/#primaryimage"},"thumbnailUrl":"https:\/\/favorite-news.com\/fr\/wp-content\/uploads\/sites\/12\/2021\/03\/les-gendarmes-cherchent-des-informations-sur-un-tueur-en-serie.jpg","articleSection":["NOUVELLES"],"inLanguage":"fr-FR","potentialAction":[{"@type":"CommentAction","name":"Comment","target":["https:\/\/favorite-news.com\/fr\/les-gendarmes-cherchent-des-informations-sur-un-tueur-en-serie-allemand\/#respond"]}]},{"@type":"WebPage","@id":"https:\/\/favorite-news.com\/fr\/les-gendarmes-cherchent-des-informations-sur-un-tueur-en-serie-allemand\/","url":"https:\/\/favorite-news.com\/fr\/les-gendarmes-cherchent-des-informations-sur-un-tueur-en-serie-allemand\/","name":"les gendarmes cherchent des informations sur un tueur en s\u00e9rie Allemand - Favorite News","isPartOf":{"@id":"https:\/\/favorite-news.com\/fr\/#website"},"primaryImageOfPage":{"@id":"https:\/\/favorite-news.com\/fr\/les-gendarmes-cherchent-des-informations-sur-un-tueur-en-serie-allemand\/#primaryimage"},"image":{"@id":"https:\/\/favorite-news.com\/fr\/les-gendarmes-cherchent-des-informations-sur-un-tueur-en-serie-allemand\/#primaryimage"},"thumbnailUrl":"https:\/\/favorite-news.com\/fr\/wp-content\/uploads\/sites\/12\/2021\/03\/les-gendarmes-cherchent-des-informations-sur-un-tueur-en-serie.jpg","datePublished":"2021-03-10T04:46:39+00:00","dateModified":"2021-03-18T12:31:40+00:00","author":{"@id":"https:\/\/favorite-news.com\/fr\/#\/schema\/person\/b66c4cfdd10a5bf16d7d5efda647111f"},"breadcrumb":{"@id":"https:\/\/favorite-news.com\/fr\/les-gendarmes-cherchent-des-informations-sur-un-tueur-en-serie-allemand\/#breadcrumb"},"inLanguage":"fr-FR","potentialAction":[{"@type":"ReadAction","target":["https:\/\/favorite-news.com\/fr\/les-gendarmes-cherchent-des-informations-sur-un-tueur-en-serie-allemand\/"]}]},{"@type":"ImageObject","inLanguage":"fr-FR","@id":"https:\/\/favorite-news.com\/fr\/les-gendarmes-cherchent-des-informations-sur-un-tueur-en-serie-allemand\/#primaryimage","url":"https:\/\/favorite-news.com\/fr\/wp-content\/uploads\/sites\/12\/2021\/03\/les-gendarmes-cherchent-des-informations-sur-un-tueur-en-serie.jpg","contentUrl":"https:\/\/favorite-news.com\/fr\/wp-content\/uploads\/sites\/12\/2021\/03\/les-gendarmes-cherchent-des-informations-sur-un-tueur-en-serie.jpg","width":648,"height":360,"caption":"les gendarmes cherchent des informations sur un tueur en s\u00e9rie Allemand"},{"@type":"BreadcrumbList","@id":"https:\/\/favorite-news.com\/fr\/les-gendarmes-cherchent-des-informations-sur-un-tueur-en-serie-allemand\/#breadcrumb","itemListElement":[{"@type":"ListItem","position":1,"name":"Home","item":"https:\/\/favorite-news.com\/fr\/"},{"@type":"ListItem","position":2,"name":"les gendarmes cherchent des informations sur un tueur en s\u00e9rie Allemand"}]},{"@type":"WebSite","@id":"https:\/\/favorite-news.com\/fr\/#website","url":"https:\/\/favorite-news.com\/fr\/","name":"Favorite News","description":"Favorite News France","potentialAction":[{"@type":"SearchAction","target":{"@type":"EntryPoint","urlTemplate":"https:\/\/favorite-news.com\/fr\/?s={search_term_string}"},"query-input":{"@type":"PropertyValueSpecification","valueRequired":true,"valueName":"search_term_string"}}],"inLanguage":"fr-FR"},{"@type":"Person","@id":"https:\/\/favorite-news.com\/fr\/#\/schema\/person\/b66c4cfdd10a5bf16d7d5efda647111f","name":"favorite-news","image":{"@type":"ImageObject","inLanguage":"fr-FR","@id":"https:\/\/secure.gravatar.com\/avatar\/f89959e01423a9ee3c2debbcf830eb021c575de0e1b3781ca3ae392b71c615a1?s=96&d=mm&r=g","url":"https:\/\/secure.gravatar.com\/avatar\/f89959e01423a9ee3c2debbcf830eb021c575de0e1b3781ca3ae392b71c615a1?s=96&d=mm&r=g","contentUrl":"https:\/\/secure.gravatar.com\/avatar\/f89959e01423a9ee3c2debbcf830eb021c575de0e1b3781ca3ae392b71c615a1?s=96&d=mm&r=g","caption":"favorite-news"},"url":"https:\/\/favorite-news.com\/fr\/author\/ruby\/"}]}},"_links":{"self":[{"href":"https:\/\/favorite-news.com\/fr\/wp-json\/wp\/v2\/posts\/1006","targetHints":{"allow":["GET"]}}],"collection":[{"href":"https:\/\/favorite-news.com\/fr\/wp-json\/wp\/v2\/posts"}],"about":[{"href":"https:\/\/favorite-news.com\/fr\/wp-json\/wp\/v2\/types\/post"}],"author":[{"embeddable":true,"href":"https:\/\/favorite-news.com\/fr\/wp-json\/wp\/v2\/users\/1"}],"replies":[{"embeddable":true,"href":"https:\/\/favorite-news.com\/fr\/wp-json\/wp\/v2\/comments?post=1006"}],"version-history":[{"count":3,"href":"https:\/\/favorite-news.com\/fr\/wp-json\/wp\/v2\/posts\/1006\/revisions"}],"predecessor-version":[{"id":1079,"href":"https:\/\/favorite-news.com\/fr\/wp-json\/wp\/v2\/posts\/1006\/revisions\/1079"}],"wp:featuredmedia":[{"embeddable":true,"href":"https:\/\/favorite-news.com\/fr\/wp-json\/wp\/v2\/media\/1007"}],"wp:attachment":[{"href":"https:\/\/favorite-news.com\/fr\/wp-json\/wp\/v2\/media?parent=1006"}],"wp:term":[{"taxonomy":"category","embeddable":true,"href":"https:\/\/favorite-news.com\/fr\/wp-json\/wp\/v2\/categories?post=1006"},{"taxonomy":"post_tag","embeddable":true,"href":"https:\/\/favorite-news.com\/fr\/wp-json\/wp\/v2\/tags?post=1006"}],"curies":[{"name":"wp","href":"https:\/\/api.w.org\/{rel}","templated":true}]}}