{"id":1000,"date":"2021-03-09T23:28:52","date_gmt":"2021-03-09T23:28:52","guid":{"rendered":"https:\/\/favorite-news.com\/fr\/ladolescent-passe-a-tabac-a-paris-assure-quil-ne-fait-pas-partie-dune-bande\/"},"modified":"2021-03-18T12:32:43","modified_gmt":"2021-03-18T12:32:43","slug":"ladolescent-passe-a-tabac-a-paris-assure-quil-ne-fait-pas-partie-dune-bande","status":"publish","type":"post","link":"https:\/\/favorite-news.com\/fr\/ladolescent-passe-a-tabac-a-paris-assure-quil-ne-fait-pas-partie-dune-bande\/","title":{"rendered":"L\u2019adolescent, pass\u00e9 \u00e0 tabac \u00e0 Paris, assure qu\u2019il ne fait pas partie d\u2019une bande"},"content":{"rendered":"<p>Agression de Yuriy\u00a0: La vid\u00e9o de l\u2019agression de cet adolescent, le 15\u00a0janvier dans le quartier de Beaugrenelle, avait suscit\u00e9 un vif \u00e9moi \u2014 Houpline Renard\/SIPA<br \/>\nL\u2019adolescent Yuriy, dont le passage \u00e0 tabac mi-janvier \u00e0 Paris avait suscit\u00e9 un \u00e9moi national, s\u2019est exprim\u00e9 publiquement mardi soir pour la premi\u00e8re fois en assurant qu\u2019il ne faisait \u00ab\u00a0pas partie d\u2019une bande\u00a0\u00bb.<\/p>\n<p>Le coll\u00e9gien avait \u00e9t\u00e9 conduit \u00e0 l\u2019h\u00f4pital dans un \u00e9tat grave apr\u00e8s avoir \u00e9t\u00e9 rou\u00e9 de coups dans la soir\u00e9e du 15\u00a0janvier, alors qu\u2019il se trouvait avec des amis sur la dalle de Beaugrenelle, le toit am\u00e9nag\u00e9 d\u2019un centre commercial du 15e\u00a0arrondissement de<br \/>\nParis. Son agression, document\u00e9e sur une vid\u00e9o, a \u00e9t\u00e9 largement attribu\u00e9e \u00e0 un r\u00e8glement comptes entre bandes rivales.<\/p>\n<p>\u00ab\u00a0Je ne me sentais pas en danger\u00a0\u00bb<\/p>\n<p>\u00ab\u00a0Je dirais que je ne fais pas partie d\u2019une bande, c\u2019est juste un groupe d\u2019amis qui est sur cette dalle, on s\u2019amuse bien, on joue au foot des fois, non c\u2019est pas une histoire de bandes\u00a0\u00bb, a d\u00e9clar\u00e9 Yuriy lors d\u2019un entretien accord\u00e9 \u00e0 l\u2019animateur Cyril Hanouna diffus\u00e9 mardi soir sur C8.<\/p>\n<p>\u00ab\u00a0Je vivais ma vie, \u00e7a m\u2019arrivait souvent d\u2019\u00eatre sur cette dalle, je me sentais pas en danger\u00a0\u00bb, a-t-il ajout\u00e9 en affirmant ne pas conna\u00eetre ses agresseurs et en souhaitant \u00ab\u00a0retourner \u00e0 la vie d\u2019avant\u00a0\u00bb.<\/p>\n<p>\u00ab\u00a0Je ne fais pas partie d&rsquo;une bande mais d&rsquo;un groupe d&rsquo;amis\u00a0\u00bbApr\u00e8s son passage \u00e0 tabac mi-janvier \u00e0 Paris, #Yuriy sort du silence pour #TPMP ! pic.twitter.com\/Dnnr4qPZPX\u2014 TPMP (@TPMP) March 9, 2021<\/p>\n<p>\u00ab\u00a0Je ressentais la peur de la mort, car ce qui m\u2019arrivait c\u2019\u00e9tait pas rien et je voyais les r\u00e9actions autour de moi (\u2026) le cr\u00e2ne ouvert, le sang partout\u00a0\u00bb, a d\u00e9crit l\u2019adolescent \u00e0 cheveux longs, qui porte encore sur son front une cicatrice, en \u00e9voquant les blessures qu\u2019il a subie en janvier.<\/p>\n<p>Onze mises en examen<\/p>\n<p>La diffusion sur les r\u00e9seaux sociaux le 22\u00a0janvier d\u2019une vingtaine de secondes d\u2019images de son agression avait suscit\u00e9 de nombreuses r\u00e9actions, aussi bien du pr\u00e9sident Emmanuel Macron que du footballeur Antoine Griezmann.<\/p>\n<p>Onze jeunes ont \u00e9t\u00e9 mis en examen dans ce dossier, notamment pour \u00ab\u00a0tentative d\u2019assassinat\u00a0\u00bb ou \u00ab\u00a0participation \u00e0 une association de malfaiteurs\u00a0\u00bb. La plupart d\u2019entre eux sont mineurs et domicili\u00e9s \u00e0 Vanves (Hauts-de-Seine), au sud de Paris.<\/p>\n<p>Cette affaire a braqu\u00e9 les projecteurs sur le ph\u00e9nom\u00e8ne des violentes rixes et rivalit\u00e9s entre bandes de jeunes, qui se multiplient depuis, notamment en r\u00e9gion parisienne. Lundi, un adolescent de 14 ans a \u00e9t\u00e9 gri\u00e8vement bless\u00e9 en Essonne, o\u00f9 deux coll\u00e9giens avaient d\u00e9j\u00e0 \u00e9t\u00e9 mortellement poignard\u00e9s en f\u00e9vrier.<\/p>\n<p><script async src=\"https:\/\/platform.twitter.com\/widgets.js\" charset=\"utf-8\"><\/script><\/p>\n<p><!--noindex--><br \/>\n<a href=\"https:\/\/www.20minutes.fr\/societe\/2994855-20210309-agression-yuriy-adolescent-passe-tabac-paris-assure-fait-partie-bande#xtor=RSS-149\" rel=\"nofollow\">Source link <\/a><br \/>\n<!--\/noindex--><\/p>\n","protected":false},"excerpt":{"rendered":"<p>Agression de Yuriy\u00a0: La vid\u00e9o de l\u2019agression de cet adolescent, le 15\u00a0janvier dans le quartier de Beaugrenelle, avait suscit\u00e9 un vif \u00e9moi \u2014 Houpline Renard\/SIPA L\u2019adolescent Yuriy, dont le passage \u00e0 tabac mi-janvier \u00e0 Paris avait suscit\u00e9 un \u00e9moi national, s\u2019est exprim\u00e9 publiquement mardi soir pour la premi\u00e8re fois en assurant qu\u2019il ne faisait \u00ab\u00a0pas [&hellip;]<\/p>\n","protected":false},"author":1,"featured_media":1001,"comment_status":"open","ping_status":"open","sticky":false,"template":"","format":"standard","meta":{"footnotes":""},"categories":[1],"tags":[],"class_list":["post-1000","post","type-post","status-publish","format-standard","has-post-thumbnail","hentry","category-nouvelles"],"yoast_head":"<!-- This site is optimized with the Yoast SEO plugin v27.4 - https:\/\/yoast.com\/product\/yoast-seo-wordpress\/ -->\n<title>L\u2019adolescent, pass\u00e9 \u00e0 tabac \u00e0 Paris, assure qu\u2019il ne fait pas partie d\u2019une bande - Favorite News<\/title>\n<meta name=\"robots\" content=\"index, follow, max-snippet:-1, max-image-preview:large, max-video-preview:-1\" \/>\n<link rel=\"canonical\" href=\"https:\/\/favorite-news.com\/fr\/ladolescent-passe-a-tabac-a-paris-assure-quil-ne-fait-pas-partie-dune-bande\/\" \/>\n<meta property=\"og:locale\" content=\"fr_FR\" \/>\n<meta property=\"og:type\" content=\"article\" \/>\n<meta property=\"og:title\" content=\"L\u2019adolescent, pass\u00e9 \u00e0 tabac \u00e0 Paris, assure qu\u2019il ne fait pas partie d\u2019une bande - Favorite News\" \/>\n<meta property=\"og:description\" content=\"Agression de Yuriy\u00a0: La vid\u00e9o de l\u2019agression de cet adolescent, le 15\u00a0janvier dans le quartier de Beaugrenelle, avait suscit\u00e9 un vif \u00e9moi \u2014 Houpline Renard\/SIPA L\u2019adolescent Yuriy, dont le passage \u00e0 tabac mi-janvier \u00e0 Paris avait suscit\u00e9 un \u00e9moi national, s\u2019est exprim\u00e9 publiquement mardi soir pour la premi\u00e8re fois en assurant qu\u2019il ne faisait \u00ab\u00a0pas [&hellip;]\" \/>\n<meta property=\"og:url\" content=\"https:\/\/favorite-news.com\/fr\/ladolescent-passe-a-tabac-a-paris-assure-quil-ne-fait-pas-partie-dune-bande\/\" \/>\n<meta property=\"og:site_name\" content=\"Favorite News\" \/>\n<meta property=\"article:published_time\" content=\"2021-03-09T23:28:52+00:00\" \/>\n<meta property=\"article:modified_time\" content=\"2021-03-18T12:32:43+00:00\" \/>\n<meta property=\"og:image\" content=\"https:\/\/favorite-news.com\/fr\/wp-content\/uploads\/sites\/12\/2021\/03\/Ladolescent-passe-a-tabac-a-Paris-assure-quil-ne-fait.jpg\" \/>\n\t<meta property=\"og:image:width\" content=\"648\" \/>\n\t<meta property=\"og:image:height\" content=\"360\" \/>\n\t<meta property=\"og:image:type\" content=\"image\/jpeg\" \/>\n<meta name=\"author\" content=\"favorite-news\" \/>\n<meta name=\"twitter:card\" content=\"summary_large_image\" \/>\n<meta name=\"twitter:label1\" content=\"\u00c9crit par\" \/>\n\t<meta name=\"twitter:data1\" content=\"favorite-news\" \/>\n\t<meta name=\"twitter:label2\" content=\"Dur\u00e9e de lecture estim\u00e9e\" \/>\n\t<meta name=\"twitter:data2\" content=\"2 minutes\" \/>\n<script type=\"application\/ld+json\" class=\"yoast-schema-graph\">{\"@context\":\"https:\\\/\\\/schema.org\",\"@graph\":[{\"@type\":\"Article\",\"@id\":\"https:\\\/\\\/favorite-news.com\\\/fr\\\/ladolescent-passe-a-tabac-a-paris-assure-quil-ne-fait-pas-partie-dune-bande\\\/#article\",\"isPartOf\":{\"@id\":\"https:\\\/\\\/favorite-news.com\\\/fr\\\/ladolescent-passe-a-tabac-a-paris-assure-quil-ne-fait-pas-partie-dune-bande\\\/\"},\"author\":{\"name\":\"favorite-news\",\"@id\":\"https:\\\/\\\/favorite-news.com\\\/fr\\\/#\\\/schema\\\/person\\\/b66c4cfdd10a5bf16d7d5efda647111f\"},\"headline\":\"L\u2019adolescent, pass\u00e9 \u00e0 tabac \u00e0 Paris, assure qu\u2019il ne fait pas partie d\u2019une bande\",\"datePublished\":\"2021-03-09T23:28:52+00:00\",\"dateModified\":\"2021-03-18T12:32:43+00:00\",\"mainEntityOfPage\":{\"@id\":\"https:\\\/\\\/favorite-news.com\\\/fr\\\/ladolescent-passe-a-tabac-a-paris-assure-quil-ne-fait-pas-partie-dune-bande\\\/\"},\"wordCount\":481,\"commentCount\":0,\"image\":{\"@id\":\"https:\\\/\\\/favorite-news.com\\\/fr\\\/ladolescent-passe-a-tabac-a-paris-assure-quil-ne-fait-pas-partie-dune-bande\\\/#primaryimage\"},\"thumbnailUrl\":\"https:\\\/\\\/favorite-news.com\\\/fr\\\/wp-content\\\/uploads\\\/sites\\\/12\\\/2021\\\/03\\\/Ladolescent-passe-a-tabac-a-Paris-assure-quil-ne-fait.jpg\",\"articleSection\":[\"NOUVELLES\"],\"inLanguage\":\"fr-FR\",\"potentialAction\":[{\"@type\":\"CommentAction\",\"name\":\"Comment\",\"target\":[\"https:\\\/\\\/favorite-news.com\\\/fr\\\/ladolescent-passe-a-tabac-a-paris-assure-quil-ne-fait-pas-partie-dune-bande\\\/#respond\"]}]},{\"@type\":\"WebPage\",\"@id\":\"https:\\\/\\\/favorite-news.com\\\/fr\\\/ladolescent-passe-a-tabac-a-paris-assure-quil-ne-fait-pas-partie-dune-bande\\\/\",\"url\":\"https:\\\/\\\/favorite-news.com\\\/fr\\\/ladolescent-passe-a-tabac-a-paris-assure-quil-ne-fait-pas-partie-dune-bande\\\/\",\"name\":\"L\u2019adolescent, pass\u00e9 \u00e0 tabac \u00e0 Paris, assure qu\u2019il ne fait pas partie d\u2019une bande - Favorite News\",\"isPartOf\":{\"@id\":\"https:\\\/\\\/favorite-news.com\\\/fr\\\/#website\"},\"primaryImageOfPage\":{\"@id\":\"https:\\\/\\\/favorite-news.com\\\/fr\\\/ladolescent-passe-a-tabac-a-paris-assure-quil-ne-fait-pas-partie-dune-bande\\\/#primaryimage\"},\"image\":{\"@id\":\"https:\\\/\\\/favorite-news.com\\\/fr\\\/ladolescent-passe-a-tabac-a-paris-assure-quil-ne-fait-pas-partie-dune-bande\\\/#primaryimage\"},\"thumbnailUrl\":\"https:\\\/\\\/favorite-news.com\\\/fr\\\/wp-content\\\/uploads\\\/sites\\\/12\\\/2021\\\/03\\\/Ladolescent-passe-a-tabac-a-Paris-assure-quil-ne-fait.jpg\",\"datePublished\":\"2021-03-09T23:28:52+00:00\",\"dateModified\":\"2021-03-18T12:32:43+00:00\",\"author\":{\"@id\":\"https:\\\/\\\/favorite-news.com\\\/fr\\\/#\\\/schema\\\/person\\\/b66c4cfdd10a5bf16d7d5efda647111f\"},\"breadcrumb\":{\"@id\":\"https:\\\/\\\/favorite-news.com\\\/fr\\\/ladolescent-passe-a-tabac-a-paris-assure-quil-ne-fait-pas-partie-dune-bande\\\/#breadcrumb\"},\"inLanguage\":\"fr-FR\",\"potentialAction\":[{\"@type\":\"ReadAction\",\"target\":[\"https:\\\/\\\/favorite-news.com\\\/fr\\\/ladolescent-passe-a-tabac-a-paris-assure-quil-ne-fait-pas-partie-dune-bande\\\/\"]}]},{\"@type\":\"ImageObject\",\"inLanguage\":\"fr-FR\",\"@id\":\"https:\\\/\\\/favorite-news.com\\\/fr\\\/ladolescent-passe-a-tabac-a-paris-assure-quil-ne-fait-pas-partie-dune-bande\\\/#primaryimage\",\"url\":\"https:\\\/\\\/favorite-news.com\\\/fr\\\/wp-content\\\/uploads\\\/sites\\\/12\\\/2021\\\/03\\\/Ladolescent-passe-a-tabac-a-Paris-assure-quil-ne-fait.jpg\",\"contentUrl\":\"https:\\\/\\\/favorite-news.com\\\/fr\\\/wp-content\\\/uploads\\\/sites\\\/12\\\/2021\\\/03\\\/Ladolescent-passe-a-tabac-a-Paris-assure-quil-ne-fait.jpg\",\"width\":648,\"height\":360,\"caption\":\"L\u2019adolescent, pass\u00e9 \u00e0 tabac \u00e0 Paris, assure qu\u2019il ne fait pas partie d\u2019une bande\"},{\"@type\":\"BreadcrumbList\",\"@id\":\"https:\\\/\\\/favorite-news.com\\\/fr\\\/ladolescent-passe-a-tabac-a-paris-assure-quil-ne-fait-pas-partie-dune-bande\\\/#breadcrumb\",\"itemListElement\":[{\"@type\":\"ListItem\",\"position\":1,\"name\":\"Home\",\"item\":\"https:\\\/\\\/favorite-news.com\\\/fr\\\/\"},{\"@type\":\"ListItem\",\"position\":2,\"name\":\"L\u2019adolescent, pass\u00e9 \u00e0 tabac \u00e0 Paris, assure qu\u2019il ne fait pas partie d\u2019une bande\"}]},{\"@type\":\"WebSite\",\"@id\":\"https:\\\/\\\/favorite-news.com\\\/fr\\\/#website\",\"url\":\"https:\\\/\\\/favorite-news.com\\\/fr\\\/\",\"name\":\"Favorite News\",\"description\":\"Favorite News France\",\"potentialAction\":[{\"@type\":\"SearchAction\",\"target\":{\"@type\":\"EntryPoint\",\"urlTemplate\":\"https:\\\/\\\/favorite-news.com\\\/fr\\\/?s={search_term_string}\"},\"query-input\":{\"@type\":\"PropertyValueSpecification\",\"valueRequired\":true,\"valueName\":\"search_term_string\"}}],\"inLanguage\":\"fr-FR\"},{\"@type\":\"Person\",\"@id\":\"https:\\\/\\\/favorite-news.com\\\/fr\\\/#\\\/schema\\\/person\\\/b66c4cfdd10a5bf16d7d5efda647111f\",\"name\":\"favorite-news\",\"image\":{\"@type\":\"ImageObject\",\"inLanguage\":\"fr-FR\",\"@id\":\"https:\\\/\\\/secure.gravatar.com\\\/avatar\\\/f89959e01423a9ee3c2debbcf830eb021c575de0e1b3781ca3ae392b71c615a1?s=96&d=mm&r=g\",\"url\":\"https:\\\/\\\/secure.gravatar.com\\\/avatar\\\/f89959e01423a9ee3c2debbcf830eb021c575de0e1b3781ca3ae392b71c615a1?s=96&d=mm&r=g\",\"contentUrl\":\"https:\\\/\\\/secure.gravatar.com\\\/avatar\\\/f89959e01423a9ee3c2debbcf830eb021c575de0e1b3781ca3ae392b71c615a1?s=96&d=mm&r=g\",\"caption\":\"favorite-news\"},\"url\":\"https:\\\/\\\/favorite-news.com\\\/fr\\\/author\\\/ruby\\\/\"}]}<\/script>\n<!-- \/ Yoast SEO plugin. -->","yoast_head_json":{"title":"L\u2019adolescent, pass\u00e9 \u00e0 tabac \u00e0 Paris, assure qu\u2019il ne fait pas partie d\u2019une bande - Favorite News","robots":{"index":"index","follow":"follow","max-snippet":"max-snippet:-1","max-image-preview":"max-image-preview:large","max-video-preview":"max-video-preview:-1"},"canonical":"https:\/\/favorite-news.com\/fr\/ladolescent-passe-a-tabac-a-paris-assure-quil-ne-fait-pas-partie-dune-bande\/","og_locale":"fr_FR","og_type":"article","og_title":"L\u2019adolescent, pass\u00e9 \u00e0 tabac \u00e0 Paris, assure qu\u2019il ne fait pas partie d\u2019une bande - Favorite News","og_description":"Agression de Yuriy\u00a0: La vid\u00e9o de l\u2019agression de cet adolescent, le 15\u00a0janvier dans le quartier de Beaugrenelle, avait suscit\u00e9 un vif \u00e9moi \u2014 Houpline Renard\/SIPA L\u2019adolescent Yuriy, dont le passage \u00e0 tabac mi-janvier \u00e0 Paris avait suscit\u00e9 un \u00e9moi national, s\u2019est exprim\u00e9 publiquement mardi soir pour la premi\u00e8re fois en assurant qu\u2019il ne faisait \u00ab\u00a0pas [&hellip;]","og_url":"https:\/\/favorite-news.com\/fr\/ladolescent-passe-a-tabac-a-paris-assure-quil-ne-fait-pas-partie-dune-bande\/","og_site_name":"Favorite News","article_published_time":"2021-03-09T23:28:52+00:00","article_modified_time":"2021-03-18T12:32:43+00:00","og_image":[{"width":648,"height":360,"url":"https:\/\/favorite-news.com\/fr\/wp-content\/uploads\/sites\/12\/2021\/03\/Ladolescent-passe-a-tabac-a-Paris-assure-quil-ne-fait.jpg","type":"image\/jpeg"}],"author":"favorite-news","twitter_card":"summary_large_image","twitter_misc":{"\u00c9crit par":"favorite-news","Dur\u00e9e de lecture estim\u00e9e":"2 minutes"},"schema":{"@context":"https:\/\/schema.org","@graph":[{"@type":"Article","@id":"https:\/\/favorite-news.com\/fr\/ladolescent-passe-a-tabac-a-paris-assure-quil-ne-fait-pas-partie-dune-bande\/#article","isPartOf":{"@id":"https:\/\/favorite-news.com\/fr\/ladolescent-passe-a-tabac-a-paris-assure-quil-ne-fait-pas-partie-dune-bande\/"},"author":{"name":"favorite-news","@id":"https:\/\/favorite-news.com\/fr\/#\/schema\/person\/b66c4cfdd10a5bf16d7d5efda647111f"},"headline":"L\u2019adolescent, pass\u00e9 \u00e0 tabac \u00e0 Paris, assure qu\u2019il ne fait pas partie d\u2019une bande","datePublished":"2021-03-09T23:28:52+00:00","dateModified":"2021-03-18T12:32:43+00:00","mainEntityOfPage":{"@id":"https:\/\/favorite-news.com\/fr\/ladolescent-passe-a-tabac-a-paris-assure-quil-ne-fait-pas-partie-dune-bande\/"},"wordCount":481,"commentCount":0,"image":{"@id":"https:\/\/favorite-news.com\/fr\/ladolescent-passe-a-tabac-a-paris-assure-quil-ne-fait-pas-partie-dune-bande\/#primaryimage"},"thumbnailUrl":"https:\/\/favorite-news.com\/fr\/wp-content\/uploads\/sites\/12\/2021\/03\/Ladolescent-passe-a-tabac-a-Paris-assure-quil-ne-fait.jpg","articleSection":["NOUVELLES"],"inLanguage":"fr-FR","potentialAction":[{"@type":"CommentAction","name":"Comment","target":["https:\/\/favorite-news.com\/fr\/ladolescent-passe-a-tabac-a-paris-assure-quil-ne-fait-pas-partie-dune-bande\/#respond"]}]},{"@type":"WebPage","@id":"https:\/\/favorite-news.com\/fr\/ladolescent-passe-a-tabac-a-paris-assure-quil-ne-fait-pas-partie-dune-bande\/","url":"https:\/\/favorite-news.com\/fr\/ladolescent-passe-a-tabac-a-paris-assure-quil-ne-fait-pas-partie-dune-bande\/","name":"L\u2019adolescent, pass\u00e9 \u00e0 tabac \u00e0 Paris, assure qu\u2019il ne fait pas partie d\u2019une bande - Favorite News","isPartOf":{"@id":"https:\/\/favorite-news.com\/fr\/#website"},"primaryImageOfPage":{"@id":"https:\/\/favorite-news.com\/fr\/ladolescent-passe-a-tabac-a-paris-assure-quil-ne-fait-pas-partie-dune-bande\/#primaryimage"},"image":{"@id":"https:\/\/favorite-news.com\/fr\/ladolescent-passe-a-tabac-a-paris-assure-quil-ne-fait-pas-partie-dune-bande\/#primaryimage"},"thumbnailUrl":"https:\/\/favorite-news.com\/fr\/wp-content\/uploads\/sites\/12\/2021\/03\/Ladolescent-passe-a-tabac-a-Paris-assure-quil-ne-fait.jpg","datePublished":"2021-03-09T23:28:52+00:00","dateModified":"2021-03-18T12:32:43+00:00","author":{"@id":"https:\/\/favorite-news.com\/fr\/#\/schema\/person\/b66c4cfdd10a5bf16d7d5efda647111f"},"breadcrumb":{"@id":"https:\/\/favorite-news.com\/fr\/ladolescent-passe-a-tabac-a-paris-assure-quil-ne-fait-pas-partie-dune-bande\/#breadcrumb"},"inLanguage":"fr-FR","potentialAction":[{"@type":"ReadAction","target":["https:\/\/favorite-news.com\/fr\/ladolescent-passe-a-tabac-a-paris-assure-quil-ne-fait-pas-partie-dune-bande\/"]}]},{"@type":"ImageObject","inLanguage":"fr-FR","@id":"https:\/\/favorite-news.com\/fr\/ladolescent-passe-a-tabac-a-paris-assure-quil-ne-fait-pas-partie-dune-bande\/#primaryimage","url":"https:\/\/favorite-news.com\/fr\/wp-content\/uploads\/sites\/12\/2021\/03\/Ladolescent-passe-a-tabac-a-Paris-assure-quil-ne-fait.jpg","contentUrl":"https:\/\/favorite-news.com\/fr\/wp-content\/uploads\/sites\/12\/2021\/03\/Ladolescent-passe-a-tabac-a-Paris-assure-quil-ne-fait.jpg","width":648,"height":360,"caption":"L\u2019adolescent, pass\u00e9 \u00e0 tabac \u00e0 Paris, assure qu\u2019il ne fait pas partie d\u2019une bande"},{"@type":"BreadcrumbList","@id":"https:\/\/favorite-news.com\/fr\/ladolescent-passe-a-tabac-a-paris-assure-quil-ne-fait-pas-partie-dune-bande\/#breadcrumb","itemListElement":[{"@type":"ListItem","position":1,"name":"Home","item":"https:\/\/favorite-news.com\/fr\/"},{"@type":"ListItem","position":2,"name":"L\u2019adolescent, pass\u00e9 \u00e0 tabac \u00e0 Paris, assure qu\u2019il ne fait pas partie d\u2019une bande"}]},{"@type":"WebSite","@id":"https:\/\/favorite-news.com\/fr\/#website","url":"https:\/\/favorite-news.com\/fr\/","name":"Favorite News","description":"Favorite News France","potentialAction":[{"@type":"SearchAction","target":{"@type":"EntryPoint","urlTemplate":"https:\/\/favorite-news.com\/fr\/?s={search_term_string}"},"query-input":{"@type":"PropertyValueSpecification","valueRequired":true,"valueName":"search_term_string"}}],"inLanguage":"fr-FR"},{"@type":"Person","@id":"https:\/\/favorite-news.com\/fr\/#\/schema\/person\/b66c4cfdd10a5bf16d7d5efda647111f","name":"favorite-news","image":{"@type":"ImageObject","inLanguage":"fr-FR","@id":"https:\/\/secure.gravatar.com\/avatar\/f89959e01423a9ee3c2debbcf830eb021c575de0e1b3781ca3ae392b71c615a1?s=96&d=mm&r=g","url":"https:\/\/secure.gravatar.com\/avatar\/f89959e01423a9ee3c2debbcf830eb021c575de0e1b3781ca3ae392b71c615a1?s=96&d=mm&r=g","contentUrl":"https:\/\/secure.gravatar.com\/avatar\/f89959e01423a9ee3c2debbcf830eb021c575de0e1b3781ca3ae392b71c615a1?s=96&d=mm&r=g","caption":"favorite-news"},"url":"https:\/\/favorite-news.com\/fr\/author\/ruby\/"}]}},"_links":{"self":[{"href":"https:\/\/favorite-news.com\/fr\/wp-json\/wp\/v2\/posts\/1000","targetHints":{"allow":["GET"]}}],"collection":[{"href":"https:\/\/favorite-news.com\/fr\/wp-json\/wp\/v2\/posts"}],"about":[{"href":"https:\/\/favorite-news.com\/fr\/wp-json\/wp\/v2\/types\/post"}],"author":[{"embeddable":true,"href":"https:\/\/favorite-news.com\/fr\/wp-json\/wp\/v2\/users\/1"}],"replies":[{"embeddable":true,"href":"https:\/\/favorite-news.com\/fr\/wp-json\/wp\/v2\/comments?post=1000"}],"version-history":[{"count":3,"href":"https:\/\/favorite-news.com\/fr\/wp-json\/wp\/v2\/posts\/1000\/revisions"}],"predecessor-version":[{"id":1081,"href":"https:\/\/favorite-news.com\/fr\/wp-json\/wp\/v2\/posts\/1000\/revisions\/1081"}],"wp:featuredmedia":[{"embeddable":true,"href":"https:\/\/favorite-news.com\/fr\/wp-json\/wp\/v2\/media\/1001"}],"wp:attachment":[{"href":"https:\/\/favorite-news.com\/fr\/wp-json\/wp\/v2\/media?parent=1000"}],"wp:term":[{"taxonomy":"category","embeddable":true,"href":"https:\/\/favorite-news.com\/fr\/wp-json\/wp\/v2\/categories?post=1000"},{"taxonomy":"post_tag","embeddable":true,"href":"https:\/\/favorite-news.com\/fr\/wp-json\/wp\/v2\/tags?post=1000"}],"curies":[{"name":"wp","href":"https:\/\/api.w.org\/{rel}","templated":true}]}}