{"id":7483,"date":"2021-07-19T06:13:35","date_gmt":"2021-07-19T03:13:35","guid":{"rendered":"https:\/\/favorite-news.com\/es\/bacardi-invita-a-media-copa-gracias-a-su-iniciativa-barrios-abiertos\/"},"modified":"2021-07-19T06:13:38","modified_gmt":"2021-07-19T03:13:38","slug":"bacardi-invita-a-media-copa-gracias-a-su-iniciativa-barrios-abiertos","status":"publish","type":"post","link":"https:\/\/favorite-news.com\/es\/bacardi-invita-a-media-copa-gracias-a-su-iniciativa-barrios-abiertos\/","title":{"rendered":"Bacard\u00ed invita a media copa gracias a su iniciativa \u2018Barrios abiertos\u2019"},"content":{"rendered":"<p>Bacard\u00ed lanza nueva campa\u00f1a: &#8216;Bares abiertos&#8217;.\u00a1Bacard\u00ed invita a media copa! La marca lanza una nueva campa\u00f1a llamada Barrios abiertos que pretende impulsar el sector de la restauraci\u00f3n. Para ello, adopta el cl\u00e1sico \u201cvamos a medias\u201d e invita a los consumidores a pagar mitad del precio de la copa de bebidas como Bombay Sapphire, Grey Goose, Dewar&#8217;s o Martini. Esta campa\u00f1a de la mano de OMD Espa\u00f1a forma parte del conjunto de acciones de #RaiseYourSpirits.Gracias a la tecnolog\u00eda de microsegmentaci\u00f3n geolocalizada de Around U los usuarios target ser\u00e1n notificados en sus smartphones del bar m\u00e1s cercano con su respectivo descuento. El reto de la agencia estrat\u00e9gica fue \u201cgenerar tr\u00e1fico cualitativo a los bares desde los medios digitales\u201d. Para conseguirlo se ha optado por una soluci\u00f3n tecnol\u00f3gica con la que el usuario recibe un impacto cualificado cerca al punto de venta y aumenta exponencialmente la conversi\u00f3n a tienda, optimizando as\u00ed la eficacia y rentabilidad en la comunicaci\u00f3n local.\u00bfC\u00f3mo hacerse con los tickets descuento?Para conseguir los descuentos es necesario registrarse en esta web, seleccionar la consumici\u00f3n, el bar donde consumirlo, y descargar un cup\u00f3n digital para mostrarla en el local y adquirir la copa elegida a mitad de precio, pag\u00e1ndolo &#8216;in situ&#8217; con los m\u00e9todos tradicionales.Nueva campa\u00f1a de Bacard\u00ed con OMD.Tambi\u00e9n se podr\u00e1 acceder con un c\u00f3digo QR que estar\u00e1 en medios de comunicaci\u00f3n impresos y en los anuncios de las paradas de autob\u00fas. Esta activaci\u00f3n estar\u00e1 en vigor hasta el 31 de octubre, aunque se podr\u00e1n aprovechar los cupones digitales hasta el 15 de noviembre, en Madrid y Barcelona.<br \/>\n<br \/>\n<!--noindex--><br \/>\n<a href=\"http:\/\/www.marketingnews.es\/marcas\/noticia\/1166729054305\/bacardi-invita-media-copa-gracias-iniciativa-barrios-abiertos.1.html\" rel=\"nofollow\">Source link <\/a><br \/>\n<!--\/noindex--><\/p>\n","protected":false},"excerpt":{"rendered":"<p>Bacard\u00ed lanza nueva campa\u00f1a: &#8216;Bares abiertos&#8217;.\u00a1Bacard\u00ed invita a media copa! La marca lanza una nueva campa\u00f1a llamada Barrios abiertos que pretende impulsar el sector de la restauraci\u00f3n. Para ello, adopta el cl\u00e1sico \u201cvamos a medias\u201d e invita a los consumidores a pagar mitad del precio de la copa de bebidas como Bombay Sapphire, Grey Goose, [&hellip;]<\/p>\n","protected":false},"author":2,"featured_media":7484,"comment_status":"open","ping_status":"open","sticky":false,"template":"","format":"standard","meta":{"footnotes":""},"categories":[2],"tags":[],"class_list":["post-7483","post","type-post","status-publish","format-standard","has-post-thumbnail","hentry","category-noticias-de-internet-marketing"],"yoast_head":"<!-- This site is optimized with the Yoast SEO plugin v27.4 - https:\/\/yoast.com\/product\/yoast-seo-wordpress\/ -->\n<title>Bacard\u00ed invita a media copa gracias a su iniciativa \u2018Barrios abiertos\u2019 - Favorite News<\/title>\n<meta name=\"robots\" content=\"index, follow, max-snippet:-1, max-image-preview:large, max-video-preview:-1\" \/>\n<link rel=\"canonical\" href=\"https:\/\/favorite-news.com\/es\/bacardi-invita-a-media-copa-gracias-a-su-iniciativa-barrios-abiertos\/\" \/>\n<meta property=\"og:locale\" content=\"es_ES\" \/>\n<meta property=\"og:type\" content=\"article\" \/>\n<meta property=\"og:title\" content=\"Bacard\u00ed invita a media copa gracias a su iniciativa \u2018Barrios abiertos\u2019 - Favorite News\" \/>\n<meta property=\"og:description\" content=\"Bacard\u00ed lanza nueva campa\u00f1a: &#8216;Bares abiertos&#8217;.\u00a1Bacard\u00ed invita a media copa! La marca lanza una nueva campa\u00f1a llamada Barrios abiertos que pretende impulsar el sector de la restauraci\u00f3n. Para ello, adopta el cl\u00e1sico \u201cvamos a medias\u201d e invita a los consumidores a pagar mitad del precio de la copa de bebidas como Bombay Sapphire, Grey Goose, [&hellip;]\" \/>\n<meta property=\"og:url\" content=\"https:\/\/favorite-news.com\/es\/bacardi-invita-a-media-copa-gracias-a-su-iniciativa-barrios-abiertos\/\" \/>\n<meta property=\"og:site_name\" content=\"Favorite News\" \/>\n<meta property=\"article:published_time\" content=\"2021-07-19T03:13:35+00:00\" \/>\n<meta property=\"article:modified_time\" content=\"2021-07-19T03:13:38+00:00\" \/>\n<meta property=\"og:image\" content=\"https:\/\/favorite-news.com\/es\/wp-content\/uploads\/sites\/4\/2021\/07\/Bacardi-invita-a-media-copa-gracias-a-su-iniciativa-\u2018Barrios.png\" \/>\n\t<meta property=\"og:image:width\" content=\"530\" \/>\n\t<meta property=\"og:image:height\" content=\"300\" \/>\n\t<meta property=\"og:image:type\" content=\"image\/png\" \/>\n<meta name=\"author\" content=\"favorite-news\" \/>\n<meta name=\"twitter:card\" content=\"summary_large_image\" \/>\n<meta name=\"twitter:label1\" content=\"Escrito por\" \/>\n\t<meta name=\"twitter:data1\" content=\"favorite-news\" \/>\n\t<meta name=\"twitter:label2\" content=\"Tiempo de lectura\" \/>\n\t<meta name=\"twitter:data2\" content=\"1 minuto\" \/>\n<script type=\"application\/ld+json\" class=\"yoast-schema-graph\">{\"@context\":\"https:\\\/\\\/schema.org\",\"@graph\":[{\"@type\":\"Article\",\"@id\":\"https:\\\/\\\/favorite-news.com\\\/es\\\/bacardi-invita-a-media-copa-gracias-a-su-iniciativa-barrios-abiertos\\\/#article\",\"isPartOf\":{\"@id\":\"https:\\\/\\\/favorite-news.com\\\/es\\\/bacardi-invita-a-media-copa-gracias-a-su-iniciativa-barrios-abiertos\\\/\"},\"author\":{\"name\":\"favorite-news\",\"@id\":\"https:\\\/\\\/favorite-news.com\\\/es\\\/#\\\/schema\\\/person\\\/b91573b717dcfa5e4696032a9d28d3e8\"},\"headline\":\"Bacard\u00ed invita a media copa gracias a su iniciativa \u2018Barrios abiertos\u2019\",\"datePublished\":\"2021-07-19T03:13:35+00:00\",\"dateModified\":\"2021-07-19T03:13:38+00:00\",\"mainEntityOfPage\":{\"@id\":\"https:\\\/\\\/favorite-news.com\\\/es\\\/bacardi-invita-a-media-copa-gracias-a-su-iniciativa-barrios-abiertos\\\/\"},\"wordCount\":303,\"commentCount\":0,\"image\":{\"@id\":\"https:\\\/\\\/favorite-news.com\\\/es\\\/bacardi-invita-a-media-copa-gracias-a-su-iniciativa-barrios-abiertos\\\/#primaryimage\"},\"thumbnailUrl\":\"https:\\\/\\\/favorite-news.com\\\/es\\\/wp-content\\\/uploads\\\/sites\\\/4\\\/2021\\\/07\\\/Bacardi-invita-a-media-copa-gracias-a-su-iniciativa-\u2018Barrios.png\",\"articleSection\":[\"NOTICIAS DE INTERNET MARKETING\"],\"inLanguage\":\"es\",\"potentialAction\":[{\"@type\":\"CommentAction\",\"name\":\"Comment\",\"target\":[\"https:\\\/\\\/favorite-news.com\\\/es\\\/bacardi-invita-a-media-copa-gracias-a-su-iniciativa-barrios-abiertos\\\/#respond\"]}]},{\"@type\":\"WebPage\",\"@id\":\"https:\\\/\\\/favorite-news.com\\\/es\\\/bacardi-invita-a-media-copa-gracias-a-su-iniciativa-barrios-abiertos\\\/\",\"url\":\"https:\\\/\\\/favorite-news.com\\\/es\\\/bacardi-invita-a-media-copa-gracias-a-su-iniciativa-barrios-abiertos\\\/\",\"name\":\"Bacard\u00ed invita a media copa gracias a su iniciativa \u2018Barrios abiertos\u2019 - Favorite News\",\"isPartOf\":{\"@id\":\"https:\\\/\\\/favorite-news.com\\\/es\\\/#website\"},\"primaryImageOfPage\":{\"@id\":\"https:\\\/\\\/favorite-news.com\\\/es\\\/bacardi-invita-a-media-copa-gracias-a-su-iniciativa-barrios-abiertos\\\/#primaryimage\"},\"image\":{\"@id\":\"https:\\\/\\\/favorite-news.com\\\/es\\\/bacardi-invita-a-media-copa-gracias-a-su-iniciativa-barrios-abiertos\\\/#primaryimage\"},\"thumbnailUrl\":\"https:\\\/\\\/favorite-news.com\\\/es\\\/wp-content\\\/uploads\\\/sites\\\/4\\\/2021\\\/07\\\/Bacardi-invita-a-media-copa-gracias-a-su-iniciativa-\u2018Barrios.png\",\"datePublished\":\"2021-07-19T03:13:35+00:00\",\"dateModified\":\"2021-07-19T03:13:38+00:00\",\"author\":{\"@id\":\"https:\\\/\\\/favorite-news.com\\\/es\\\/#\\\/schema\\\/person\\\/b91573b717dcfa5e4696032a9d28d3e8\"},\"breadcrumb\":{\"@id\":\"https:\\\/\\\/favorite-news.com\\\/es\\\/bacardi-invita-a-media-copa-gracias-a-su-iniciativa-barrios-abiertos\\\/#breadcrumb\"},\"inLanguage\":\"es\",\"potentialAction\":[{\"@type\":\"ReadAction\",\"target\":[\"https:\\\/\\\/favorite-news.com\\\/es\\\/bacardi-invita-a-media-copa-gracias-a-su-iniciativa-barrios-abiertos\\\/\"]}]},{\"@type\":\"ImageObject\",\"inLanguage\":\"es\",\"@id\":\"https:\\\/\\\/favorite-news.com\\\/es\\\/bacardi-invita-a-media-copa-gracias-a-su-iniciativa-barrios-abiertos\\\/#primaryimage\",\"url\":\"https:\\\/\\\/favorite-news.com\\\/es\\\/wp-content\\\/uploads\\\/sites\\\/4\\\/2021\\\/07\\\/Bacardi-invita-a-media-copa-gracias-a-su-iniciativa-\u2018Barrios.png\",\"contentUrl\":\"https:\\\/\\\/favorite-news.com\\\/es\\\/wp-content\\\/uploads\\\/sites\\\/4\\\/2021\\\/07\\\/Bacardi-invita-a-media-copa-gracias-a-su-iniciativa-\u2018Barrios.png\",\"width\":530,\"height\":300,\"caption\":\"Nueva campa\u00f1a de Bacard\u00ed con OMD.\"},{\"@type\":\"BreadcrumbList\",\"@id\":\"https:\\\/\\\/favorite-news.com\\\/es\\\/bacardi-invita-a-media-copa-gracias-a-su-iniciativa-barrios-abiertos\\\/#breadcrumb\",\"itemListElement\":[{\"@type\":\"ListItem\",\"position\":1,\"name\":\"Home\",\"item\":\"https:\\\/\\\/favorite-news.com\\\/es\\\/\"},{\"@type\":\"ListItem\",\"position\":2,\"name\":\"Bacard\u00ed invita a media copa gracias a su iniciativa \u2018Barrios abiertos\u2019\"}]},{\"@type\":\"WebSite\",\"@id\":\"https:\\\/\\\/favorite-news.com\\\/es\\\/#website\",\"url\":\"https:\\\/\\\/favorite-news.com\\\/es\\\/\",\"name\":\"Favorite News\",\"description\":\"Favorite News Espa\u00f1a\",\"potentialAction\":[{\"@type\":\"SearchAction\",\"target\":{\"@type\":\"EntryPoint\",\"urlTemplate\":\"https:\\\/\\\/favorite-news.com\\\/es\\\/?s={search_term_string}\"},\"query-input\":{\"@type\":\"PropertyValueSpecification\",\"valueRequired\":true,\"valueName\":\"search_term_string\"}}],\"inLanguage\":\"es\"},{\"@type\":\"Person\",\"@id\":\"https:\\\/\\\/favorite-news.com\\\/es\\\/#\\\/schema\\\/person\\\/b91573b717dcfa5e4696032a9d28d3e8\",\"name\":\"favorite-news\",\"image\":{\"@type\":\"ImageObject\",\"inLanguage\":\"es\",\"@id\":\"https:\\\/\\\/secure.gravatar.com\\\/avatar\\\/6c5a5cb12b74e9d517ee91cf570335b7d16177f1977cc91db161adfa435945a7?s=96&d=mm&r=g\",\"url\":\"https:\\\/\\\/secure.gravatar.com\\\/avatar\\\/6c5a5cb12b74e9d517ee91cf570335b7d16177f1977cc91db161adfa435945a7?s=96&d=mm&r=g\",\"contentUrl\":\"https:\\\/\\\/secure.gravatar.com\\\/avatar\\\/6c5a5cb12b74e9d517ee91cf570335b7d16177f1977cc91db161adfa435945a7?s=96&d=mm&r=g\",\"caption\":\"favorite-news\"},\"url\":\"https:\\\/\\\/favorite-news.com\\\/es\\\/author\\\/pt\\\/\"}]}<\/script>\n<!-- \/ Yoast SEO plugin. -->","yoast_head_json":{"title":"Bacard\u00ed invita a media copa gracias a su iniciativa \u2018Barrios abiertos\u2019 - Favorite News","robots":{"index":"index","follow":"follow","max-snippet":"max-snippet:-1","max-image-preview":"max-image-preview:large","max-video-preview":"max-video-preview:-1"},"canonical":"https:\/\/favorite-news.com\/es\/bacardi-invita-a-media-copa-gracias-a-su-iniciativa-barrios-abiertos\/","og_locale":"es_ES","og_type":"article","og_title":"Bacard\u00ed invita a media copa gracias a su iniciativa \u2018Barrios abiertos\u2019 - Favorite News","og_description":"Bacard\u00ed lanza nueva campa\u00f1a: &#8216;Bares abiertos&#8217;.\u00a1Bacard\u00ed invita a media copa! La marca lanza una nueva campa\u00f1a llamada Barrios abiertos que pretende impulsar el sector de la restauraci\u00f3n. Para ello, adopta el cl\u00e1sico \u201cvamos a medias\u201d e invita a los consumidores a pagar mitad del precio de la copa de bebidas como Bombay Sapphire, Grey Goose, [&hellip;]","og_url":"https:\/\/favorite-news.com\/es\/bacardi-invita-a-media-copa-gracias-a-su-iniciativa-barrios-abiertos\/","og_site_name":"Favorite News","article_published_time":"2021-07-19T03:13:35+00:00","article_modified_time":"2021-07-19T03:13:38+00:00","og_image":[{"width":530,"height":300,"url":"https:\/\/favorite-news.com\/es\/wp-content\/uploads\/sites\/4\/2021\/07\/Bacardi-invita-a-media-copa-gracias-a-su-iniciativa-\u2018Barrios.png","type":"image\/png"}],"author":"favorite-news","twitter_card":"summary_large_image","twitter_misc":{"Escrito por":"favorite-news","Tiempo de lectura":"1 minuto"},"schema":{"@context":"https:\/\/schema.org","@graph":[{"@type":"Article","@id":"https:\/\/favorite-news.com\/es\/bacardi-invita-a-media-copa-gracias-a-su-iniciativa-barrios-abiertos\/#article","isPartOf":{"@id":"https:\/\/favorite-news.com\/es\/bacardi-invita-a-media-copa-gracias-a-su-iniciativa-barrios-abiertos\/"},"author":{"name":"favorite-news","@id":"https:\/\/favorite-news.com\/es\/#\/schema\/person\/b91573b717dcfa5e4696032a9d28d3e8"},"headline":"Bacard\u00ed invita a media copa gracias a su iniciativa \u2018Barrios abiertos\u2019","datePublished":"2021-07-19T03:13:35+00:00","dateModified":"2021-07-19T03:13:38+00:00","mainEntityOfPage":{"@id":"https:\/\/favorite-news.com\/es\/bacardi-invita-a-media-copa-gracias-a-su-iniciativa-barrios-abiertos\/"},"wordCount":303,"commentCount":0,"image":{"@id":"https:\/\/favorite-news.com\/es\/bacardi-invita-a-media-copa-gracias-a-su-iniciativa-barrios-abiertos\/#primaryimage"},"thumbnailUrl":"https:\/\/favorite-news.com\/es\/wp-content\/uploads\/sites\/4\/2021\/07\/Bacardi-invita-a-media-copa-gracias-a-su-iniciativa-\u2018Barrios.png","articleSection":["NOTICIAS DE INTERNET MARKETING"],"inLanguage":"es","potentialAction":[{"@type":"CommentAction","name":"Comment","target":["https:\/\/favorite-news.com\/es\/bacardi-invita-a-media-copa-gracias-a-su-iniciativa-barrios-abiertos\/#respond"]}]},{"@type":"WebPage","@id":"https:\/\/favorite-news.com\/es\/bacardi-invita-a-media-copa-gracias-a-su-iniciativa-barrios-abiertos\/","url":"https:\/\/favorite-news.com\/es\/bacardi-invita-a-media-copa-gracias-a-su-iniciativa-barrios-abiertos\/","name":"Bacard\u00ed invita a media copa gracias a su iniciativa \u2018Barrios abiertos\u2019 - Favorite News","isPartOf":{"@id":"https:\/\/favorite-news.com\/es\/#website"},"primaryImageOfPage":{"@id":"https:\/\/favorite-news.com\/es\/bacardi-invita-a-media-copa-gracias-a-su-iniciativa-barrios-abiertos\/#primaryimage"},"image":{"@id":"https:\/\/favorite-news.com\/es\/bacardi-invita-a-media-copa-gracias-a-su-iniciativa-barrios-abiertos\/#primaryimage"},"thumbnailUrl":"https:\/\/favorite-news.com\/es\/wp-content\/uploads\/sites\/4\/2021\/07\/Bacardi-invita-a-media-copa-gracias-a-su-iniciativa-\u2018Barrios.png","datePublished":"2021-07-19T03:13:35+00:00","dateModified":"2021-07-19T03:13:38+00:00","author":{"@id":"https:\/\/favorite-news.com\/es\/#\/schema\/person\/b91573b717dcfa5e4696032a9d28d3e8"},"breadcrumb":{"@id":"https:\/\/favorite-news.com\/es\/bacardi-invita-a-media-copa-gracias-a-su-iniciativa-barrios-abiertos\/#breadcrumb"},"inLanguage":"es","potentialAction":[{"@type":"ReadAction","target":["https:\/\/favorite-news.com\/es\/bacardi-invita-a-media-copa-gracias-a-su-iniciativa-barrios-abiertos\/"]}]},{"@type":"ImageObject","inLanguage":"es","@id":"https:\/\/favorite-news.com\/es\/bacardi-invita-a-media-copa-gracias-a-su-iniciativa-barrios-abiertos\/#primaryimage","url":"https:\/\/favorite-news.com\/es\/wp-content\/uploads\/sites\/4\/2021\/07\/Bacardi-invita-a-media-copa-gracias-a-su-iniciativa-\u2018Barrios.png","contentUrl":"https:\/\/favorite-news.com\/es\/wp-content\/uploads\/sites\/4\/2021\/07\/Bacardi-invita-a-media-copa-gracias-a-su-iniciativa-\u2018Barrios.png","width":530,"height":300,"caption":"Nueva campa\u00f1a de Bacard\u00ed con OMD."},{"@type":"BreadcrumbList","@id":"https:\/\/favorite-news.com\/es\/bacardi-invita-a-media-copa-gracias-a-su-iniciativa-barrios-abiertos\/#breadcrumb","itemListElement":[{"@type":"ListItem","position":1,"name":"Home","item":"https:\/\/favorite-news.com\/es\/"},{"@type":"ListItem","position":2,"name":"Bacard\u00ed invita a media copa gracias a su iniciativa \u2018Barrios abiertos\u2019"}]},{"@type":"WebSite","@id":"https:\/\/favorite-news.com\/es\/#website","url":"https:\/\/favorite-news.com\/es\/","name":"Favorite News","description":"Favorite News Espa\u00f1a","potentialAction":[{"@type":"SearchAction","target":{"@type":"EntryPoint","urlTemplate":"https:\/\/favorite-news.com\/es\/?s={search_term_string}"},"query-input":{"@type":"PropertyValueSpecification","valueRequired":true,"valueName":"search_term_string"}}],"inLanguage":"es"},{"@type":"Person","@id":"https:\/\/favorite-news.com\/es\/#\/schema\/person\/b91573b717dcfa5e4696032a9d28d3e8","name":"favorite-news","image":{"@type":"ImageObject","inLanguage":"es","@id":"https:\/\/secure.gravatar.com\/avatar\/6c5a5cb12b74e9d517ee91cf570335b7d16177f1977cc91db161adfa435945a7?s=96&d=mm&r=g","url":"https:\/\/secure.gravatar.com\/avatar\/6c5a5cb12b74e9d517ee91cf570335b7d16177f1977cc91db161adfa435945a7?s=96&d=mm&r=g","contentUrl":"https:\/\/secure.gravatar.com\/avatar\/6c5a5cb12b74e9d517ee91cf570335b7d16177f1977cc91db161adfa435945a7?s=96&d=mm&r=g","caption":"favorite-news"},"url":"https:\/\/favorite-news.com\/es\/author\/pt\/"}]}},"_links":{"self":[{"href":"https:\/\/favorite-news.com\/es\/wp-json\/wp\/v2\/posts\/7483","targetHints":{"allow":["GET"]}}],"collection":[{"href":"https:\/\/favorite-news.com\/es\/wp-json\/wp\/v2\/posts"}],"about":[{"href":"https:\/\/favorite-news.com\/es\/wp-json\/wp\/v2\/types\/post"}],"author":[{"embeddable":true,"href":"https:\/\/favorite-news.com\/es\/wp-json\/wp\/v2\/users\/2"}],"replies":[{"embeddable":true,"href":"https:\/\/favorite-news.com\/es\/wp-json\/wp\/v2\/comments?post=7483"}],"version-history":[{"count":1,"href":"https:\/\/favorite-news.com\/es\/wp-json\/wp\/v2\/posts\/7483\/revisions"}],"predecessor-version":[{"id":7485,"href":"https:\/\/favorite-news.com\/es\/wp-json\/wp\/v2\/posts\/7483\/revisions\/7485"}],"wp:featuredmedia":[{"embeddable":true,"href":"https:\/\/favorite-news.com\/es\/wp-json\/wp\/v2\/media\/7484"}],"wp:attachment":[{"href":"https:\/\/favorite-news.com\/es\/wp-json\/wp\/v2\/media?parent=7483"}],"wp:term":[{"taxonomy":"category","embeddable":true,"href":"https:\/\/favorite-news.com\/es\/wp-json\/wp\/v2\/categories?post=7483"},{"taxonomy":"post_tag","embeddable":true,"href":"https:\/\/favorite-news.com\/es\/wp-json\/wp\/v2\/tags?post=7483"}],"curies":[{"name":"wp","href":"https:\/\/api.w.org\/{rel}","templated":true}]}}