{"id":7478,"date":"2021-07-18T18:11:33","date_gmt":"2021-07-18T15:11:33","guid":{"rendered":"https:\/\/favorite-news.com\/es\/la-casa-de-las-carcasas-encierra-en-una-casa-a-14-influencers-para-llegar-a-la-generacion-z\/"},"modified":"2021-07-18T18:11:35","modified_gmt":"2021-07-18T15:11:35","slug":"la-casa-de-las-carcasas-encierra-en-una-casa-a-14-influencers-para-llegar-a-la-generacion-z","status":"publish","type":"post","link":"https:\/\/favorite-news.com\/es\/la-casa-de-las-carcasas-encierra-en-una-casa-a-14-influencers-para-llegar-a-la-generacion-z\/","title":{"rendered":"La Casa de Las Carcasas \u2018encierra\u2019 en una casa a 14 &#8216;influencers&#8217; para llegar a la Generaci\u00f3n Z"},"content":{"rendered":"<p>La \u2018Generaci\u00f3n Z\u2019 comprende a los consumidores nacidos a finales de la d\u00e9cada de los 90, es decir, aquellos j\u00f3venes que ahora mismo tienen entre 18 y 23 a\u00f1os. Tambi\u00e9n conocidos como \u2018centennials\u2019 son verdaderos nativos digitales y, aunque la mayor\u00eda todav\u00eda est\u00e1 estudiando y vive con sus padres, suponen un reto para los planes de marketing de las empresas porque son los consumidores del futuro y est\u00e1n alejados de los medios de comunicaci\u00f3n tradicionales.La Casa de Las Carcasas ha puesto en marcha una estrategia para llegar a estos consumidores digitales con gran poder de prescripci\u00f3n: Influencer House Experience by La Casa de Las Carcasas.Esta acci\u00f3n de la empresa extreme\u00f1a, que tendr\u00e1 lugar a partir del pr\u00f3ximo 13 de julio tras el \u00e9xito de la primera edici\u00f3n celebrada el pasado verano, es la uni\u00f3n de catorce influencers en una casa con el objetivo de crear contenido de calidad para impactar al target m\u00e1s joven a trav\u00e9s de las redes sociales que m\u00e1s utilizan, TikTok e Instagram, y posicionar a la marca como referente.Este a\u00f1o Lidia Rauet (@lidiarauet) \u2013 con 1M de seguidores en Instagram y 2,2M en TikTok \u2013 Yunimat Studios (@yunimat) \u2013 con 348K seguidores en Instagram y 2,5M en TikTok \u2013 o Claudia Garc\u00eda (@_claudiiagarciaa)\u2013 con 761K seguidores en Instagram y 4,1M en TikTok \u2013 encabezan el listado de perfiles nacionales que disfrutar\u00e1n de la experiencia.Por primera vez, Influencer House Experience by La Casa de Las Carcasas contar\u00e1 con presencia de perfiles internacionales como el mexicano Ilika Cruz (@ilikacruz) \u2013 con 2,4M de seguidores en Instagram y 8,1M en Tik Tok \u2013 y las italianas Rebecca Gradoni (@rebecca.gradoni) \u2013 224K seguidores en Instagram y 1,1M en TikTok \u2013 o Carlotta Fiasella (@carlottafiasella) \u2013 327K seguidores en Instagram y 1,1M en TikTok \u2013.Durante los siete d\u00edas que dure esta edici\u00f3n estos y otros influencers disfrutar\u00e1n de diversas actividades y una gran performance en las que carcasas y accesorios para el m\u00f3vil ser\u00e1n los protagonistas.Resultados de la primera edici\u00f3nEl pasado a\u00f1o, La Casa de Las Carcasas celebr\u00f3 con \u00e9xito la primera edici\u00f3n de esta iniciativa con la que consiguieron un alcance org\u00e1nico total entre TikTok, Instagram e influencersde m\u00e1s de 30 millones de personas. Tambi\u00e9n experimentaron un crecimiento de 22.380 seguidores en Instagram y 21.200 en TikTok. Destaca sobre todo el caso de \u00e9xito de Instagram donde el engagement se dispar\u00f3 un +315%, las interacciones crecieron un 366% y los clicks en la web aumentaron un 298%. <script async defer src=\"https:\/\/platform.instagram.com\/en_US\/embeds.js\"><\/script><br \/>\n<br \/>\n<!--noindex--><br \/>\n<a href=\"http:\/\/www.marketingnews.es\/marcas\/noticia\/1166724054305\/casa-de-carcasas-encierra-casa-14-influencers-llegar-generacion-z.1.html\" rel=\"nofollow\">Source link <\/a><br \/>\n<!--\/noindex--><\/p>\n","protected":false},"excerpt":{"rendered":"<p>La \u2018Generaci\u00f3n Z\u2019 comprende a los consumidores nacidos a finales de la d\u00e9cada de los 90, es decir, aquellos j\u00f3venes que ahora mismo tienen entre 18 y 23 a\u00f1os. Tambi\u00e9n conocidos como \u2018centennials\u2019 son verdaderos nativos digitales y, aunque la mayor\u00eda todav\u00eda est\u00e1 estudiando y vive con sus padres, suponen un reto para los planes [&hellip;]<\/p>\n","protected":false},"author":2,"featured_media":7479,"comment_status":"open","ping_status":"open","sticky":false,"template":"","format":"standard","meta":{"footnotes":""},"categories":[2],"tags":[],"class_list":["post-7478","post","type-post","status-publish","format-standard","has-post-thumbnail","hentry","category-noticias-de-internet-marketing"],"yoast_head":"<!-- This site is optimized with the Yoast SEO plugin v27.4 - https:\/\/yoast.com\/product\/yoast-seo-wordpress\/ -->\n<title>La Casa de Las Carcasas \u2018encierra\u2019 en una casa a 14 &#039;influencers&#039; para llegar a la Generaci\u00f3n Z - Favorite News<\/title>\n<meta name=\"robots\" content=\"index, follow, max-snippet:-1, max-image-preview:large, max-video-preview:-1\" \/>\n<link rel=\"canonical\" href=\"https:\/\/favorite-news.com\/es\/la-casa-de-las-carcasas-encierra-en-una-casa-a-14-influencers-para-llegar-a-la-generacion-z\/\" \/>\n<meta property=\"og:locale\" content=\"es_ES\" \/>\n<meta property=\"og:type\" content=\"article\" \/>\n<meta property=\"og:title\" content=\"La Casa de Las Carcasas \u2018encierra\u2019 en una casa a 14 &#039;influencers&#039; para llegar a la Generaci\u00f3n Z - Favorite News\" \/>\n<meta property=\"og:description\" content=\"La \u2018Generaci\u00f3n Z\u2019 comprende a los consumidores nacidos a finales de la d\u00e9cada de los 90, es decir, aquellos j\u00f3venes que ahora mismo tienen entre 18 y 23 a\u00f1os. Tambi\u00e9n conocidos como \u2018centennials\u2019 son verdaderos nativos digitales y, aunque la mayor\u00eda todav\u00eda est\u00e1 estudiando y vive con sus padres, suponen un reto para los planes [&hellip;]\" \/>\n<meta property=\"og:url\" content=\"https:\/\/favorite-news.com\/es\/la-casa-de-las-carcasas-encierra-en-una-casa-a-14-influencers-para-llegar-a-la-generacion-z\/\" \/>\n<meta property=\"og:site_name\" content=\"Favorite News\" \/>\n<meta property=\"article:published_time\" content=\"2021-07-18T15:11:33+00:00\" \/>\n<meta property=\"article:modified_time\" content=\"2021-07-18T15:11:35+00:00\" \/>\n<meta property=\"og:image\" content=\"https:\/\/favorite-news.com\/es\/wp-content\/uploads\/sites\/4\/2021\/07\/La-Casa-de-Las-Carcasas-\u2018encierra-en-una-casa-a.jpg\" \/>\n\t<meta property=\"og:image:width\" content=\"530\" \/>\n\t<meta property=\"og:image:height\" content=\"303\" \/>\n\t<meta property=\"og:image:type\" content=\"image\/jpeg\" \/>\n<meta name=\"author\" content=\"favorite-news\" \/>\n<meta name=\"twitter:card\" content=\"summary_large_image\" \/>\n<meta name=\"twitter:label1\" content=\"Escrito por\" \/>\n\t<meta name=\"twitter:data1\" content=\"favorite-news\" \/>\n\t<meta name=\"twitter:label2\" content=\"Tiempo de lectura\" \/>\n\t<meta name=\"twitter:data2\" content=\"2 minutos\" \/>\n<script type=\"application\/ld+json\" class=\"yoast-schema-graph\">{\"@context\":\"https:\\\/\\\/schema.org\",\"@graph\":[{\"@type\":\"Article\",\"@id\":\"https:\\\/\\\/favorite-news.com\\\/es\\\/la-casa-de-las-carcasas-encierra-en-una-casa-a-14-influencers-para-llegar-a-la-generacion-z\\\/#article\",\"isPartOf\":{\"@id\":\"https:\\\/\\\/favorite-news.com\\\/es\\\/la-casa-de-las-carcasas-encierra-en-una-casa-a-14-influencers-para-llegar-a-la-generacion-z\\\/\"},\"author\":{\"name\":\"favorite-news\",\"@id\":\"https:\\\/\\\/favorite-news.com\\\/es\\\/#\\\/schema\\\/person\\\/b91573b717dcfa5e4696032a9d28d3e8\"},\"headline\":\"La Casa de Las Carcasas \u2018encierra\u2019 en una casa a 14 &#8216;influencers&#8217; para llegar a la Generaci\u00f3n Z\",\"datePublished\":\"2021-07-18T15:11:33+00:00\",\"dateModified\":\"2021-07-18T15:11:35+00:00\",\"mainEntityOfPage\":{\"@id\":\"https:\\\/\\\/favorite-news.com\\\/es\\\/la-casa-de-las-carcasas-encierra-en-una-casa-a-14-influencers-para-llegar-a-la-generacion-z\\\/\"},\"wordCount\":445,\"commentCount\":0,\"image\":{\"@id\":\"https:\\\/\\\/favorite-news.com\\\/es\\\/la-casa-de-las-carcasas-encierra-en-una-casa-a-14-influencers-para-llegar-a-la-generacion-z\\\/#primaryimage\"},\"thumbnailUrl\":\"https:\\\/\\\/favorite-news.com\\\/es\\\/wp-content\\\/uploads\\\/sites\\\/4\\\/2021\\\/07\\\/La-Casa-de-Las-Carcasas-\u2018encierra-en-una-casa-a.jpg\",\"articleSection\":[\"NOTICIAS DE INTERNET MARKETING\"],\"inLanguage\":\"es\",\"potentialAction\":[{\"@type\":\"CommentAction\",\"name\":\"Comment\",\"target\":[\"https:\\\/\\\/favorite-news.com\\\/es\\\/la-casa-de-las-carcasas-encierra-en-una-casa-a-14-influencers-para-llegar-a-la-generacion-z\\\/#respond\"]}]},{\"@type\":\"WebPage\",\"@id\":\"https:\\\/\\\/favorite-news.com\\\/es\\\/la-casa-de-las-carcasas-encierra-en-una-casa-a-14-influencers-para-llegar-a-la-generacion-z\\\/\",\"url\":\"https:\\\/\\\/favorite-news.com\\\/es\\\/la-casa-de-las-carcasas-encierra-en-una-casa-a-14-influencers-para-llegar-a-la-generacion-z\\\/\",\"name\":\"La Casa de Las Carcasas \u2018encierra\u2019 en una casa a 14 'influencers' para llegar a la Generaci\u00f3n Z - Favorite News\",\"isPartOf\":{\"@id\":\"https:\\\/\\\/favorite-news.com\\\/es\\\/#website\"},\"primaryImageOfPage\":{\"@id\":\"https:\\\/\\\/favorite-news.com\\\/es\\\/la-casa-de-las-carcasas-encierra-en-una-casa-a-14-influencers-para-llegar-a-la-generacion-z\\\/#primaryimage\"},\"image\":{\"@id\":\"https:\\\/\\\/favorite-news.com\\\/es\\\/la-casa-de-las-carcasas-encierra-en-una-casa-a-14-influencers-para-llegar-a-la-generacion-z\\\/#primaryimage\"},\"thumbnailUrl\":\"https:\\\/\\\/favorite-news.com\\\/es\\\/wp-content\\\/uploads\\\/sites\\\/4\\\/2021\\\/07\\\/La-Casa-de-Las-Carcasas-\u2018encierra-en-una-casa-a.jpg\",\"datePublished\":\"2021-07-18T15:11:33+00:00\",\"dateModified\":\"2021-07-18T15:11:35+00:00\",\"author\":{\"@id\":\"https:\\\/\\\/favorite-news.com\\\/es\\\/#\\\/schema\\\/person\\\/b91573b717dcfa5e4696032a9d28d3e8\"},\"breadcrumb\":{\"@id\":\"https:\\\/\\\/favorite-news.com\\\/es\\\/la-casa-de-las-carcasas-encierra-en-una-casa-a-14-influencers-para-llegar-a-la-generacion-z\\\/#breadcrumb\"},\"inLanguage\":\"es\",\"potentialAction\":[{\"@type\":\"ReadAction\",\"target\":[\"https:\\\/\\\/favorite-news.com\\\/es\\\/la-casa-de-las-carcasas-encierra-en-una-casa-a-14-influencers-para-llegar-a-la-generacion-z\\\/\"]}]},{\"@type\":\"ImageObject\",\"inLanguage\":\"es\",\"@id\":\"https:\\\/\\\/favorite-news.com\\\/es\\\/la-casa-de-las-carcasas-encierra-en-una-casa-a-14-influencers-para-llegar-a-la-generacion-z\\\/#primaryimage\",\"url\":\"https:\\\/\\\/favorite-news.com\\\/es\\\/wp-content\\\/uploads\\\/sites\\\/4\\\/2021\\\/07\\\/La-Casa-de-Las-Carcasas-\u2018encierra-en-una-casa-a.jpg\",\"contentUrl\":\"https:\\\/\\\/favorite-news.com\\\/es\\\/wp-content\\\/uploads\\\/sites\\\/4\\\/2021\\\/07\\\/La-Casa-de-Las-Carcasas-\u2018encierra-en-una-casa-a.jpg\",\"width\":530,\"height\":303,\"caption\":\"La Casa de Las Carcasas \u2018encierra\u2019 en una casa a 14 'influencers' para llegar a la Generaci\u00f3n Z\"},{\"@type\":\"BreadcrumbList\",\"@id\":\"https:\\\/\\\/favorite-news.com\\\/es\\\/la-casa-de-las-carcasas-encierra-en-una-casa-a-14-influencers-para-llegar-a-la-generacion-z\\\/#breadcrumb\",\"itemListElement\":[{\"@type\":\"ListItem\",\"position\":1,\"name\":\"Home\",\"item\":\"https:\\\/\\\/favorite-news.com\\\/es\\\/\"},{\"@type\":\"ListItem\",\"position\":2,\"name\":\"La Casa de Las Carcasas \u2018encierra\u2019 en una casa a 14 &#8216;influencers&#8217; para llegar a la Generaci\u00f3n Z\"}]},{\"@type\":\"WebSite\",\"@id\":\"https:\\\/\\\/favorite-news.com\\\/es\\\/#website\",\"url\":\"https:\\\/\\\/favorite-news.com\\\/es\\\/\",\"name\":\"Favorite News\",\"description\":\"Favorite News Espa\u00f1a\",\"potentialAction\":[{\"@type\":\"SearchAction\",\"target\":{\"@type\":\"EntryPoint\",\"urlTemplate\":\"https:\\\/\\\/favorite-news.com\\\/es\\\/?s={search_term_string}\"},\"query-input\":{\"@type\":\"PropertyValueSpecification\",\"valueRequired\":true,\"valueName\":\"search_term_string\"}}],\"inLanguage\":\"es\"},{\"@type\":\"Person\",\"@id\":\"https:\\\/\\\/favorite-news.com\\\/es\\\/#\\\/schema\\\/person\\\/b91573b717dcfa5e4696032a9d28d3e8\",\"name\":\"favorite-news\",\"image\":{\"@type\":\"ImageObject\",\"inLanguage\":\"es\",\"@id\":\"https:\\\/\\\/secure.gravatar.com\\\/avatar\\\/6c5a5cb12b74e9d517ee91cf570335b7d16177f1977cc91db161adfa435945a7?s=96&d=mm&r=g\",\"url\":\"https:\\\/\\\/secure.gravatar.com\\\/avatar\\\/6c5a5cb12b74e9d517ee91cf570335b7d16177f1977cc91db161adfa435945a7?s=96&d=mm&r=g\",\"contentUrl\":\"https:\\\/\\\/secure.gravatar.com\\\/avatar\\\/6c5a5cb12b74e9d517ee91cf570335b7d16177f1977cc91db161adfa435945a7?s=96&d=mm&r=g\",\"caption\":\"favorite-news\"},\"url\":\"https:\\\/\\\/favorite-news.com\\\/es\\\/author\\\/pt\\\/\"}]}<\/script>\n<!-- \/ Yoast SEO plugin. -->","yoast_head_json":{"title":"La Casa de Las Carcasas \u2018encierra\u2019 en una casa a 14 'influencers' para llegar a la Generaci\u00f3n Z - Favorite News","robots":{"index":"index","follow":"follow","max-snippet":"max-snippet:-1","max-image-preview":"max-image-preview:large","max-video-preview":"max-video-preview:-1"},"canonical":"https:\/\/favorite-news.com\/es\/la-casa-de-las-carcasas-encierra-en-una-casa-a-14-influencers-para-llegar-a-la-generacion-z\/","og_locale":"es_ES","og_type":"article","og_title":"La Casa de Las Carcasas \u2018encierra\u2019 en una casa a 14 'influencers' para llegar a la Generaci\u00f3n Z - Favorite News","og_description":"La \u2018Generaci\u00f3n Z\u2019 comprende a los consumidores nacidos a finales de la d\u00e9cada de los 90, es decir, aquellos j\u00f3venes que ahora mismo tienen entre 18 y 23 a\u00f1os. Tambi\u00e9n conocidos como \u2018centennials\u2019 son verdaderos nativos digitales y, aunque la mayor\u00eda todav\u00eda est\u00e1 estudiando y vive con sus padres, suponen un reto para los planes [&hellip;]","og_url":"https:\/\/favorite-news.com\/es\/la-casa-de-las-carcasas-encierra-en-una-casa-a-14-influencers-para-llegar-a-la-generacion-z\/","og_site_name":"Favorite News","article_published_time":"2021-07-18T15:11:33+00:00","article_modified_time":"2021-07-18T15:11:35+00:00","og_image":[{"width":530,"height":303,"url":"https:\/\/favorite-news.com\/es\/wp-content\/uploads\/sites\/4\/2021\/07\/La-Casa-de-Las-Carcasas-\u2018encierra-en-una-casa-a.jpg","type":"image\/jpeg"}],"author":"favorite-news","twitter_card":"summary_large_image","twitter_misc":{"Escrito por":"favorite-news","Tiempo de lectura":"2 minutos"},"schema":{"@context":"https:\/\/schema.org","@graph":[{"@type":"Article","@id":"https:\/\/favorite-news.com\/es\/la-casa-de-las-carcasas-encierra-en-una-casa-a-14-influencers-para-llegar-a-la-generacion-z\/#article","isPartOf":{"@id":"https:\/\/favorite-news.com\/es\/la-casa-de-las-carcasas-encierra-en-una-casa-a-14-influencers-para-llegar-a-la-generacion-z\/"},"author":{"name":"favorite-news","@id":"https:\/\/favorite-news.com\/es\/#\/schema\/person\/b91573b717dcfa5e4696032a9d28d3e8"},"headline":"La Casa de Las Carcasas \u2018encierra\u2019 en una casa a 14 &#8216;influencers&#8217; para llegar a la Generaci\u00f3n Z","datePublished":"2021-07-18T15:11:33+00:00","dateModified":"2021-07-18T15:11:35+00:00","mainEntityOfPage":{"@id":"https:\/\/favorite-news.com\/es\/la-casa-de-las-carcasas-encierra-en-una-casa-a-14-influencers-para-llegar-a-la-generacion-z\/"},"wordCount":445,"commentCount":0,"image":{"@id":"https:\/\/favorite-news.com\/es\/la-casa-de-las-carcasas-encierra-en-una-casa-a-14-influencers-para-llegar-a-la-generacion-z\/#primaryimage"},"thumbnailUrl":"https:\/\/favorite-news.com\/es\/wp-content\/uploads\/sites\/4\/2021\/07\/La-Casa-de-Las-Carcasas-\u2018encierra-en-una-casa-a.jpg","articleSection":["NOTICIAS DE INTERNET MARKETING"],"inLanguage":"es","potentialAction":[{"@type":"CommentAction","name":"Comment","target":["https:\/\/favorite-news.com\/es\/la-casa-de-las-carcasas-encierra-en-una-casa-a-14-influencers-para-llegar-a-la-generacion-z\/#respond"]}]},{"@type":"WebPage","@id":"https:\/\/favorite-news.com\/es\/la-casa-de-las-carcasas-encierra-en-una-casa-a-14-influencers-para-llegar-a-la-generacion-z\/","url":"https:\/\/favorite-news.com\/es\/la-casa-de-las-carcasas-encierra-en-una-casa-a-14-influencers-para-llegar-a-la-generacion-z\/","name":"La Casa de Las Carcasas \u2018encierra\u2019 en una casa a 14 'influencers' para llegar a la Generaci\u00f3n Z - Favorite News","isPartOf":{"@id":"https:\/\/favorite-news.com\/es\/#website"},"primaryImageOfPage":{"@id":"https:\/\/favorite-news.com\/es\/la-casa-de-las-carcasas-encierra-en-una-casa-a-14-influencers-para-llegar-a-la-generacion-z\/#primaryimage"},"image":{"@id":"https:\/\/favorite-news.com\/es\/la-casa-de-las-carcasas-encierra-en-una-casa-a-14-influencers-para-llegar-a-la-generacion-z\/#primaryimage"},"thumbnailUrl":"https:\/\/favorite-news.com\/es\/wp-content\/uploads\/sites\/4\/2021\/07\/La-Casa-de-Las-Carcasas-\u2018encierra-en-una-casa-a.jpg","datePublished":"2021-07-18T15:11:33+00:00","dateModified":"2021-07-18T15:11:35+00:00","author":{"@id":"https:\/\/favorite-news.com\/es\/#\/schema\/person\/b91573b717dcfa5e4696032a9d28d3e8"},"breadcrumb":{"@id":"https:\/\/favorite-news.com\/es\/la-casa-de-las-carcasas-encierra-en-una-casa-a-14-influencers-para-llegar-a-la-generacion-z\/#breadcrumb"},"inLanguage":"es","potentialAction":[{"@type":"ReadAction","target":["https:\/\/favorite-news.com\/es\/la-casa-de-las-carcasas-encierra-en-una-casa-a-14-influencers-para-llegar-a-la-generacion-z\/"]}]},{"@type":"ImageObject","inLanguage":"es","@id":"https:\/\/favorite-news.com\/es\/la-casa-de-las-carcasas-encierra-en-una-casa-a-14-influencers-para-llegar-a-la-generacion-z\/#primaryimage","url":"https:\/\/favorite-news.com\/es\/wp-content\/uploads\/sites\/4\/2021\/07\/La-Casa-de-Las-Carcasas-\u2018encierra-en-una-casa-a.jpg","contentUrl":"https:\/\/favorite-news.com\/es\/wp-content\/uploads\/sites\/4\/2021\/07\/La-Casa-de-Las-Carcasas-\u2018encierra-en-una-casa-a.jpg","width":530,"height":303,"caption":"La Casa de Las Carcasas \u2018encierra\u2019 en una casa a 14 'influencers' para llegar a la Generaci\u00f3n Z"},{"@type":"BreadcrumbList","@id":"https:\/\/favorite-news.com\/es\/la-casa-de-las-carcasas-encierra-en-una-casa-a-14-influencers-para-llegar-a-la-generacion-z\/#breadcrumb","itemListElement":[{"@type":"ListItem","position":1,"name":"Home","item":"https:\/\/favorite-news.com\/es\/"},{"@type":"ListItem","position":2,"name":"La Casa de Las Carcasas \u2018encierra\u2019 en una casa a 14 &#8216;influencers&#8217; para llegar a la Generaci\u00f3n Z"}]},{"@type":"WebSite","@id":"https:\/\/favorite-news.com\/es\/#website","url":"https:\/\/favorite-news.com\/es\/","name":"Favorite News","description":"Favorite News Espa\u00f1a","potentialAction":[{"@type":"SearchAction","target":{"@type":"EntryPoint","urlTemplate":"https:\/\/favorite-news.com\/es\/?s={search_term_string}"},"query-input":{"@type":"PropertyValueSpecification","valueRequired":true,"valueName":"search_term_string"}}],"inLanguage":"es"},{"@type":"Person","@id":"https:\/\/favorite-news.com\/es\/#\/schema\/person\/b91573b717dcfa5e4696032a9d28d3e8","name":"favorite-news","image":{"@type":"ImageObject","inLanguage":"es","@id":"https:\/\/secure.gravatar.com\/avatar\/6c5a5cb12b74e9d517ee91cf570335b7d16177f1977cc91db161adfa435945a7?s=96&d=mm&r=g","url":"https:\/\/secure.gravatar.com\/avatar\/6c5a5cb12b74e9d517ee91cf570335b7d16177f1977cc91db161adfa435945a7?s=96&d=mm&r=g","contentUrl":"https:\/\/secure.gravatar.com\/avatar\/6c5a5cb12b74e9d517ee91cf570335b7d16177f1977cc91db161adfa435945a7?s=96&d=mm&r=g","caption":"favorite-news"},"url":"https:\/\/favorite-news.com\/es\/author\/pt\/"}]}},"_links":{"self":[{"href":"https:\/\/favorite-news.com\/es\/wp-json\/wp\/v2\/posts\/7478","targetHints":{"allow":["GET"]}}],"collection":[{"href":"https:\/\/favorite-news.com\/es\/wp-json\/wp\/v2\/posts"}],"about":[{"href":"https:\/\/favorite-news.com\/es\/wp-json\/wp\/v2\/types\/post"}],"author":[{"embeddable":true,"href":"https:\/\/favorite-news.com\/es\/wp-json\/wp\/v2\/users\/2"}],"replies":[{"embeddable":true,"href":"https:\/\/favorite-news.com\/es\/wp-json\/wp\/v2\/comments?post=7478"}],"version-history":[{"count":1,"href":"https:\/\/favorite-news.com\/es\/wp-json\/wp\/v2\/posts\/7478\/revisions"}],"predecessor-version":[{"id":7480,"href":"https:\/\/favorite-news.com\/es\/wp-json\/wp\/v2\/posts\/7478\/revisions\/7480"}],"wp:featuredmedia":[{"embeddable":true,"href":"https:\/\/favorite-news.com\/es\/wp-json\/wp\/v2\/media\/7479"}],"wp:attachment":[{"href":"https:\/\/favorite-news.com\/es\/wp-json\/wp\/v2\/media?parent=7478"}],"wp:term":[{"taxonomy":"category","embeddable":true,"href":"https:\/\/favorite-news.com\/es\/wp-json\/wp\/v2\/categories?post=7478"},{"taxonomy":"post_tag","embeddable":true,"href":"https:\/\/favorite-news.com\/es\/wp-json\/wp\/v2\/tags?post=7478"}],"curies":[{"name":"wp","href":"https:\/\/api.w.org\/{rel}","templated":true}]}}