{"id":7468,"date":"2021-07-17T18:09:23","date_gmt":"2021-07-17T15:09:23","guid":{"rendered":"https:\/\/favorite-news.com\/es\/ron-barcelo-se-alia-con-kaotiko-y-marta-riumbau-para-disenar-un-bucket-hat\/"},"modified":"2021-07-17T18:09:26","modified_gmt":"2021-07-17T15:09:26","slug":"ron-barcelo-se-alia-con-kaotiko-y-marta-riumbau-para-disenar-un-bucket-hat","status":"publish","type":"post","link":"https:\/\/favorite-news.com\/es\/ron-barcelo-se-alia-con-kaotiko-y-marta-riumbau-para-disenar-un-bucket-hat\/","title":{"rendered":"Ron Barcel\u00f3 se al\u00eda con Kaotiko y Marta Riumbau para dise\u00f1ar un \u2018bucket hat\u2019"},"content":{"rendered":"<p>Ron Barcel\u00f3 dise\u00f1a un gorro de pescador con Kaotiko.Ron Barcel\u00f3 se suma a la tendencia bucket hat para este verano 2021. La marca se al\u00eda con la firma catalana Kaotico y una de las influencers de moda y lifestyle del momento, Marta Riumbau, para dise\u00f1ar el complemento. El resultado es un \u2018gorro de pescador\u2019 que refleja al m\u00e1ximo elementos caracter\u00edsticos de su esencia como marca: un atardecer de la costa valenciana y colores c\u00e1lidos.Esta es una acci\u00f3n que va muy ligada al esp\u00edritu de su \u00faltima campa\u00f1a, Vive ahora verano, para la que crearon una webserie con otros cuatro creadores de contenido. Esta vez Riumbau saca su faceta de modelo para posar con su creaci\u00f3n en un photoshoot a bordo de un barco.El gorro, de talla \u00fanica y genderless, es una edici\u00f3n limitada de 200 unidades que se encuentra en la plataforma barceloindajaus.com, un portal de e-commerce donde la marca vende productos como cojines,\u00a0calcetines, neones personalizados, bolas de luces, felpudos, copas o un Jenga personalizado.\u00a0\u00a0\u00a0\u00a0Ver esta publicaci\u00f3n en Instagram\u00a0\u00a0\u00a0\u00a0\u00a0\u00a0\u00a0\u00a0\u00a0\u00a0\u00a0Una publicaci\u00f3n compartida de Marta Riumbau (@riumbaumarta)Kaotico, por otro lado, fue la elegida para la colaboraci\u00f3n por ser una marca que se dirige a la generaci\u00f3n Z con un estilo urbano. Adem\u00e1s de ofrecer modelos sostenibles que huyen del fast fashion y apuestan por la industria local.<script async defer src=\"https:\/\/platform.instagram.com\/en_US\/embeds.js\"><\/script><br \/>\n<br \/>\n<!--noindex--><br \/>\n<a href=\"http:\/\/www.marketingnews.es\/marcas\/noticia\/1166722054305\/ron-barcelo-se-alia-kaotiko-y-marta-riumbau-disenar-bucket-hat.1.html\" rel=\"nofollow\">Source link <\/a><br \/>\n<!--\/noindex--><\/p>\n","protected":false},"excerpt":{"rendered":"<p>Ron Barcel\u00f3 dise\u00f1a un gorro de pescador con Kaotiko.Ron Barcel\u00f3 se suma a la tendencia bucket hat para este verano 2021. La marca se al\u00eda con la firma catalana Kaotico y una de las influencers de moda y lifestyle del momento, Marta Riumbau, para dise\u00f1ar el complemento. El resultado es un \u2018gorro de pescador\u2019 que [&hellip;]<\/p>\n","protected":false},"author":2,"featured_media":7469,"comment_status":"open","ping_status":"open","sticky":false,"template":"","format":"standard","meta":{"footnotes":""},"categories":[2],"tags":[],"class_list":["post-7468","post","type-post","status-publish","format-standard","has-post-thumbnail","hentry","category-noticias-de-internet-marketing"],"yoast_head":"<!-- This site is optimized with the Yoast SEO plugin v27.4 - https:\/\/yoast.com\/product\/yoast-seo-wordpress\/ -->\n<title>Ron Barcel\u00f3 se al\u00eda con Kaotiko y Marta Riumbau para dise\u00f1ar un \u2018bucket hat\u2019 - Favorite News<\/title>\n<meta name=\"robots\" content=\"index, follow, max-snippet:-1, max-image-preview:large, max-video-preview:-1\" \/>\n<link rel=\"canonical\" href=\"https:\/\/favorite-news.com\/es\/ron-barcelo-se-alia-con-kaotiko-y-marta-riumbau-para-disenar-un-bucket-hat\/\" \/>\n<meta property=\"og:locale\" content=\"es_ES\" \/>\n<meta property=\"og:type\" content=\"article\" \/>\n<meta property=\"og:title\" content=\"Ron Barcel\u00f3 se al\u00eda con Kaotiko y Marta Riumbau para dise\u00f1ar un \u2018bucket hat\u2019 - Favorite News\" \/>\n<meta property=\"og:description\" content=\"Ron Barcel\u00f3 dise\u00f1a un gorro de pescador con Kaotiko.Ron Barcel\u00f3 se suma a la tendencia bucket hat para este verano 2021. La marca se al\u00eda con la firma catalana Kaotico y una de las influencers de moda y lifestyle del momento, Marta Riumbau, para dise\u00f1ar el complemento. El resultado es un \u2018gorro de pescador\u2019 que [&hellip;]\" \/>\n<meta property=\"og:url\" content=\"https:\/\/favorite-news.com\/es\/ron-barcelo-se-alia-con-kaotiko-y-marta-riumbau-para-disenar-un-bucket-hat\/\" \/>\n<meta property=\"og:site_name\" content=\"Favorite News\" \/>\n<meta property=\"article:published_time\" content=\"2021-07-17T15:09:23+00:00\" \/>\n<meta property=\"article:modified_time\" content=\"2021-07-17T15:09:26+00:00\" \/>\n<meta property=\"og:image\" content=\"https:\/\/favorite-news.com\/es\/wp-content\/uploads\/sites\/4\/2021\/07\/Ron-Barcelo-se-alia-con-Kaotiko-y-Marta-Riumbau-para.png\" \/>\n\t<meta property=\"og:image:width\" content=\"530\" \/>\n\t<meta property=\"og:image:height\" content=\"300\" \/>\n\t<meta property=\"og:image:type\" content=\"image\/png\" \/>\n<meta name=\"author\" content=\"favorite-news\" \/>\n<meta name=\"twitter:card\" content=\"summary_large_image\" \/>\n<meta name=\"twitter:label1\" content=\"Escrito por\" \/>\n\t<meta name=\"twitter:data1\" content=\"favorite-news\" \/>\n\t<meta name=\"twitter:label2\" content=\"Tiempo de lectura\" \/>\n\t<meta name=\"twitter:data2\" content=\"1 minuto\" \/>\n<script type=\"application\/ld+json\" class=\"yoast-schema-graph\">{\"@context\":\"https:\\\/\\\/schema.org\",\"@graph\":[{\"@type\":\"Article\",\"@id\":\"https:\\\/\\\/favorite-news.com\\\/es\\\/ron-barcelo-se-alia-con-kaotiko-y-marta-riumbau-para-disenar-un-bucket-hat\\\/#article\",\"isPartOf\":{\"@id\":\"https:\\\/\\\/favorite-news.com\\\/es\\\/ron-barcelo-se-alia-con-kaotiko-y-marta-riumbau-para-disenar-un-bucket-hat\\\/\"},\"author\":{\"name\":\"favorite-news\",\"@id\":\"https:\\\/\\\/favorite-news.com\\\/es\\\/#\\\/schema\\\/person\\\/b91573b717dcfa5e4696032a9d28d3e8\"},\"headline\":\"Ron Barcel\u00f3 se al\u00eda con Kaotiko y Marta Riumbau para dise\u00f1ar un \u2018bucket hat\u2019\",\"datePublished\":\"2021-07-17T15:09:23+00:00\",\"dateModified\":\"2021-07-17T15:09:26+00:00\",\"mainEntityOfPage\":{\"@id\":\"https:\\\/\\\/favorite-news.com\\\/es\\\/ron-barcelo-se-alia-con-kaotiko-y-marta-riumbau-para-disenar-un-bucket-hat\\\/\"},\"wordCount\":255,\"commentCount\":0,\"image\":{\"@id\":\"https:\\\/\\\/favorite-news.com\\\/es\\\/ron-barcelo-se-alia-con-kaotiko-y-marta-riumbau-para-disenar-un-bucket-hat\\\/#primaryimage\"},\"thumbnailUrl\":\"https:\\\/\\\/favorite-news.com\\\/es\\\/wp-content\\\/uploads\\\/sites\\\/4\\\/2021\\\/07\\\/Ron-Barcelo-se-alia-con-Kaotiko-y-Marta-Riumbau-para.png\",\"articleSection\":[\"NOTICIAS DE INTERNET MARKETING\"],\"inLanguage\":\"es\",\"potentialAction\":[{\"@type\":\"CommentAction\",\"name\":\"Comment\",\"target\":[\"https:\\\/\\\/favorite-news.com\\\/es\\\/ron-barcelo-se-alia-con-kaotiko-y-marta-riumbau-para-disenar-un-bucket-hat\\\/#respond\"]}]},{\"@type\":\"WebPage\",\"@id\":\"https:\\\/\\\/favorite-news.com\\\/es\\\/ron-barcelo-se-alia-con-kaotiko-y-marta-riumbau-para-disenar-un-bucket-hat\\\/\",\"url\":\"https:\\\/\\\/favorite-news.com\\\/es\\\/ron-barcelo-se-alia-con-kaotiko-y-marta-riumbau-para-disenar-un-bucket-hat\\\/\",\"name\":\"Ron Barcel\u00f3 se al\u00eda con Kaotiko y Marta Riumbau para dise\u00f1ar un \u2018bucket hat\u2019 - Favorite News\",\"isPartOf\":{\"@id\":\"https:\\\/\\\/favorite-news.com\\\/es\\\/#website\"},\"primaryImageOfPage\":{\"@id\":\"https:\\\/\\\/favorite-news.com\\\/es\\\/ron-barcelo-se-alia-con-kaotiko-y-marta-riumbau-para-disenar-un-bucket-hat\\\/#primaryimage\"},\"image\":{\"@id\":\"https:\\\/\\\/favorite-news.com\\\/es\\\/ron-barcelo-se-alia-con-kaotiko-y-marta-riumbau-para-disenar-un-bucket-hat\\\/#primaryimage\"},\"thumbnailUrl\":\"https:\\\/\\\/favorite-news.com\\\/es\\\/wp-content\\\/uploads\\\/sites\\\/4\\\/2021\\\/07\\\/Ron-Barcelo-se-alia-con-Kaotiko-y-Marta-Riumbau-para.png\",\"datePublished\":\"2021-07-17T15:09:23+00:00\",\"dateModified\":\"2021-07-17T15:09:26+00:00\",\"author\":{\"@id\":\"https:\\\/\\\/favorite-news.com\\\/es\\\/#\\\/schema\\\/person\\\/b91573b717dcfa5e4696032a9d28d3e8\"},\"breadcrumb\":{\"@id\":\"https:\\\/\\\/favorite-news.com\\\/es\\\/ron-barcelo-se-alia-con-kaotiko-y-marta-riumbau-para-disenar-un-bucket-hat\\\/#breadcrumb\"},\"inLanguage\":\"es\",\"potentialAction\":[{\"@type\":\"ReadAction\",\"target\":[\"https:\\\/\\\/favorite-news.com\\\/es\\\/ron-barcelo-se-alia-con-kaotiko-y-marta-riumbau-para-disenar-un-bucket-hat\\\/\"]}]},{\"@type\":\"ImageObject\",\"inLanguage\":\"es\",\"@id\":\"https:\\\/\\\/favorite-news.com\\\/es\\\/ron-barcelo-se-alia-con-kaotiko-y-marta-riumbau-para-disenar-un-bucket-hat\\\/#primaryimage\",\"url\":\"https:\\\/\\\/favorite-news.com\\\/es\\\/wp-content\\\/uploads\\\/sites\\\/4\\\/2021\\\/07\\\/Ron-Barcelo-se-alia-con-Kaotiko-y-Marta-Riumbau-para.png\",\"contentUrl\":\"https:\\\/\\\/favorite-news.com\\\/es\\\/wp-content\\\/uploads\\\/sites\\\/4\\\/2021\\\/07\\\/Ron-Barcelo-se-alia-con-Kaotiko-y-Marta-Riumbau-para.png\",\"width\":530,\"height\":300,\"caption\":\"Ron Barcel\u00f3 se al\u00eda con Kaotiko y Marta Riumbau para dise\u00f1ar un \u2018bucket hat\u2019\"},{\"@type\":\"BreadcrumbList\",\"@id\":\"https:\\\/\\\/favorite-news.com\\\/es\\\/ron-barcelo-se-alia-con-kaotiko-y-marta-riumbau-para-disenar-un-bucket-hat\\\/#breadcrumb\",\"itemListElement\":[{\"@type\":\"ListItem\",\"position\":1,\"name\":\"Home\",\"item\":\"https:\\\/\\\/favorite-news.com\\\/es\\\/\"},{\"@type\":\"ListItem\",\"position\":2,\"name\":\"Ron Barcel\u00f3 se al\u00eda con Kaotiko y Marta Riumbau para dise\u00f1ar un \u2018bucket hat\u2019\"}]},{\"@type\":\"WebSite\",\"@id\":\"https:\\\/\\\/favorite-news.com\\\/es\\\/#website\",\"url\":\"https:\\\/\\\/favorite-news.com\\\/es\\\/\",\"name\":\"Favorite News\",\"description\":\"Favorite News Espa\u00f1a\",\"potentialAction\":[{\"@type\":\"SearchAction\",\"target\":{\"@type\":\"EntryPoint\",\"urlTemplate\":\"https:\\\/\\\/favorite-news.com\\\/es\\\/?s={search_term_string}\"},\"query-input\":{\"@type\":\"PropertyValueSpecification\",\"valueRequired\":true,\"valueName\":\"search_term_string\"}}],\"inLanguage\":\"es\"},{\"@type\":\"Person\",\"@id\":\"https:\\\/\\\/favorite-news.com\\\/es\\\/#\\\/schema\\\/person\\\/b91573b717dcfa5e4696032a9d28d3e8\",\"name\":\"favorite-news\",\"image\":{\"@type\":\"ImageObject\",\"inLanguage\":\"es\",\"@id\":\"https:\\\/\\\/secure.gravatar.com\\\/avatar\\\/6c5a5cb12b74e9d517ee91cf570335b7d16177f1977cc91db161adfa435945a7?s=96&d=mm&r=g\",\"url\":\"https:\\\/\\\/secure.gravatar.com\\\/avatar\\\/6c5a5cb12b74e9d517ee91cf570335b7d16177f1977cc91db161adfa435945a7?s=96&d=mm&r=g\",\"contentUrl\":\"https:\\\/\\\/secure.gravatar.com\\\/avatar\\\/6c5a5cb12b74e9d517ee91cf570335b7d16177f1977cc91db161adfa435945a7?s=96&d=mm&r=g\",\"caption\":\"favorite-news\"},\"url\":\"https:\\\/\\\/favorite-news.com\\\/es\\\/author\\\/pt\\\/\"}]}<\/script>\n<!-- \/ Yoast SEO plugin. -->","yoast_head_json":{"title":"Ron Barcel\u00f3 se al\u00eda con Kaotiko y Marta Riumbau para dise\u00f1ar un \u2018bucket hat\u2019 - Favorite News","robots":{"index":"index","follow":"follow","max-snippet":"max-snippet:-1","max-image-preview":"max-image-preview:large","max-video-preview":"max-video-preview:-1"},"canonical":"https:\/\/favorite-news.com\/es\/ron-barcelo-se-alia-con-kaotiko-y-marta-riumbau-para-disenar-un-bucket-hat\/","og_locale":"es_ES","og_type":"article","og_title":"Ron Barcel\u00f3 se al\u00eda con Kaotiko y Marta Riumbau para dise\u00f1ar un \u2018bucket hat\u2019 - Favorite News","og_description":"Ron Barcel\u00f3 dise\u00f1a un gorro de pescador con Kaotiko.Ron Barcel\u00f3 se suma a la tendencia bucket hat para este verano 2021. La marca se al\u00eda con la firma catalana Kaotico y una de las influencers de moda y lifestyle del momento, Marta Riumbau, para dise\u00f1ar el complemento. El resultado es un \u2018gorro de pescador\u2019 que [&hellip;]","og_url":"https:\/\/favorite-news.com\/es\/ron-barcelo-se-alia-con-kaotiko-y-marta-riumbau-para-disenar-un-bucket-hat\/","og_site_name":"Favorite News","article_published_time":"2021-07-17T15:09:23+00:00","article_modified_time":"2021-07-17T15:09:26+00:00","og_image":[{"width":530,"height":300,"url":"https:\/\/favorite-news.com\/es\/wp-content\/uploads\/sites\/4\/2021\/07\/Ron-Barcelo-se-alia-con-Kaotiko-y-Marta-Riumbau-para.png","type":"image\/png"}],"author":"favorite-news","twitter_card":"summary_large_image","twitter_misc":{"Escrito por":"favorite-news","Tiempo de lectura":"1 minuto"},"schema":{"@context":"https:\/\/schema.org","@graph":[{"@type":"Article","@id":"https:\/\/favorite-news.com\/es\/ron-barcelo-se-alia-con-kaotiko-y-marta-riumbau-para-disenar-un-bucket-hat\/#article","isPartOf":{"@id":"https:\/\/favorite-news.com\/es\/ron-barcelo-se-alia-con-kaotiko-y-marta-riumbau-para-disenar-un-bucket-hat\/"},"author":{"name":"favorite-news","@id":"https:\/\/favorite-news.com\/es\/#\/schema\/person\/b91573b717dcfa5e4696032a9d28d3e8"},"headline":"Ron Barcel\u00f3 se al\u00eda con Kaotiko y Marta Riumbau para dise\u00f1ar un \u2018bucket hat\u2019","datePublished":"2021-07-17T15:09:23+00:00","dateModified":"2021-07-17T15:09:26+00:00","mainEntityOfPage":{"@id":"https:\/\/favorite-news.com\/es\/ron-barcelo-se-alia-con-kaotiko-y-marta-riumbau-para-disenar-un-bucket-hat\/"},"wordCount":255,"commentCount":0,"image":{"@id":"https:\/\/favorite-news.com\/es\/ron-barcelo-se-alia-con-kaotiko-y-marta-riumbau-para-disenar-un-bucket-hat\/#primaryimage"},"thumbnailUrl":"https:\/\/favorite-news.com\/es\/wp-content\/uploads\/sites\/4\/2021\/07\/Ron-Barcelo-se-alia-con-Kaotiko-y-Marta-Riumbau-para.png","articleSection":["NOTICIAS DE INTERNET MARKETING"],"inLanguage":"es","potentialAction":[{"@type":"CommentAction","name":"Comment","target":["https:\/\/favorite-news.com\/es\/ron-barcelo-se-alia-con-kaotiko-y-marta-riumbau-para-disenar-un-bucket-hat\/#respond"]}]},{"@type":"WebPage","@id":"https:\/\/favorite-news.com\/es\/ron-barcelo-se-alia-con-kaotiko-y-marta-riumbau-para-disenar-un-bucket-hat\/","url":"https:\/\/favorite-news.com\/es\/ron-barcelo-se-alia-con-kaotiko-y-marta-riumbau-para-disenar-un-bucket-hat\/","name":"Ron Barcel\u00f3 se al\u00eda con Kaotiko y Marta Riumbau para dise\u00f1ar un \u2018bucket hat\u2019 - Favorite News","isPartOf":{"@id":"https:\/\/favorite-news.com\/es\/#website"},"primaryImageOfPage":{"@id":"https:\/\/favorite-news.com\/es\/ron-barcelo-se-alia-con-kaotiko-y-marta-riumbau-para-disenar-un-bucket-hat\/#primaryimage"},"image":{"@id":"https:\/\/favorite-news.com\/es\/ron-barcelo-se-alia-con-kaotiko-y-marta-riumbau-para-disenar-un-bucket-hat\/#primaryimage"},"thumbnailUrl":"https:\/\/favorite-news.com\/es\/wp-content\/uploads\/sites\/4\/2021\/07\/Ron-Barcelo-se-alia-con-Kaotiko-y-Marta-Riumbau-para.png","datePublished":"2021-07-17T15:09:23+00:00","dateModified":"2021-07-17T15:09:26+00:00","author":{"@id":"https:\/\/favorite-news.com\/es\/#\/schema\/person\/b91573b717dcfa5e4696032a9d28d3e8"},"breadcrumb":{"@id":"https:\/\/favorite-news.com\/es\/ron-barcelo-se-alia-con-kaotiko-y-marta-riumbau-para-disenar-un-bucket-hat\/#breadcrumb"},"inLanguage":"es","potentialAction":[{"@type":"ReadAction","target":["https:\/\/favorite-news.com\/es\/ron-barcelo-se-alia-con-kaotiko-y-marta-riumbau-para-disenar-un-bucket-hat\/"]}]},{"@type":"ImageObject","inLanguage":"es","@id":"https:\/\/favorite-news.com\/es\/ron-barcelo-se-alia-con-kaotiko-y-marta-riumbau-para-disenar-un-bucket-hat\/#primaryimage","url":"https:\/\/favorite-news.com\/es\/wp-content\/uploads\/sites\/4\/2021\/07\/Ron-Barcelo-se-alia-con-Kaotiko-y-Marta-Riumbau-para.png","contentUrl":"https:\/\/favorite-news.com\/es\/wp-content\/uploads\/sites\/4\/2021\/07\/Ron-Barcelo-se-alia-con-Kaotiko-y-Marta-Riumbau-para.png","width":530,"height":300,"caption":"Ron Barcel\u00f3 se al\u00eda con Kaotiko y Marta Riumbau para dise\u00f1ar un \u2018bucket hat\u2019"},{"@type":"BreadcrumbList","@id":"https:\/\/favorite-news.com\/es\/ron-barcelo-se-alia-con-kaotiko-y-marta-riumbau-para-disenar-un-bucket-hat\/#breadcrumb","itemListElement":[{"@type":"ListItem","position":1,"name":"Home","item":"https:\/\/favorite-news.com\/es\/"},{"@type":"ListItem","position":2,"name":"Ron Barcel\u00f3 se al\u00eda con Kaotiko y Marta Riumbau para dise\u00f1ar un \u2018bucket hat\u2019"}]},{"@type":"WebSite","@id":"https:\/\/favorite-news.com\/es\/#website","url":"https:\/\/favorite-news.com\/es\/","name":"Favorite News","description":"Favorite News Espa\u00f1a","potentialAction":[{"@type":"SearchAction","target":{"@type":"EntryPoint","urlTemplate":"https:\/\/favorite-news.com\/es\/?s={search_term_string}"},"query-input":{"@type":"PropertyValueSpecification","valueRequired":true,"valueName":"search_term_string"}}],"inLanguage":"es"},{"@type":"Person","@id":"https:\/\/favorite-news.com\/es\/#\/schema\/person\/b91573b717dcfa5e4696032a9d28d3e8","name":"favorite-news","image":{"@type":"ImageObject","inLanguage":"es","@id":"https:\/\/secure.gravatar.com\/avatar\/6c5a5cb12b74e9d517ee91cf570335b7d16177f1977cc91db161adfa435945a7?s=96&d=mm&r=g","url":"https:\/\/secure.gravatar.com\/avatar\/6c5a5cb12b74e9d517ee91cf570335b7d16177f1977cc91db161adfa435945a7?s=96&d=mm&r=g","contentUrl":"https:\/\/secure.gravatar.com\/avatar\/6c5a5cb12b74e9d517ee91cf570335b7d16177f1977cc91db161adfa435945a7?s=96&d=mm&r=g","caption":"favorite-news"},"url":"https:\/\/favorite-news.com\/es\/author\/pt\/"}]}},"_links":{"self":[{"href":"https:\/\/favorite-news.com\/es\/wp-json\/wp\/v2\/posts\/7468","targetHints":{"allow":["GET"]}}],"collection":[{"href":"https:\/\/favorite-news.com\/es\/wp-json\/wp\/v2\/posts"}],"about":[{"href":"https:\/\/favorite-news.com\/es\/wp-json\/wp\/v2\/types\/post"}],"author":[{"embeddable":true,"href":"https:\/\/favorite-news.com\/es\/wp-json\/wp\/v2\/users\/2"}],"replies":[{"embeddable":true,"href":"https:\/\/favorite-news.com\/es\/wp-json\/wp\/v2\/comments?post=7468"}],"version-history":[{"count":1,"href":"https:\/\/favorite-news.com\/es\/wp-json\/wp\/v2\/posts\/7468\/revisions"}],"predecessor-version":[{"id":7470,"href":"https:\/\/favorite-news.com\/es\/wp-json\/wp\/v2\/posts\/7468\/revisions\/7470"}],"wp:featuredmedia":[{"embeddable":true,"href":"https:\/\/favorite-news.com\/es\/wp-json\/wp\/v2\/media\/7469"}],"wp:attachment":[{"href":"https:\/\/favorite-news.com\/es\/wp-json\/wp\/v2\/media?parent=7468"}],"wp:term":[{"taxonomy":"category","embeddable":true,"href":"https:\/\/favorite-news.com\/es\/wp-json\/wp\/v2\/categories?post=7468"},{"taxonomy":"post_tag","embeddable":true,"href":"https:\/\/favorite-news.com\/es\/wp-json\/wp\/v2\/tags?post=7468"}],"curies":[{"name":"wp","href":"https:\/\/api.w.org\/{rel}","templated":true}]}}