{"id":7457,"date":"2021-07-16T18:05:50","date_gmt":"2021-07-16T15:05:50","guid":{"rendered":"https:\/\/favorite-news.com\/es\/samsung-lanza-un-podcast-sobre-el-futuro-de-la-tecnologia-en-audible\/"},"modified":"2021-07-16T18:05:52","modified_gmt":"2021-07-16T15:05:52","slug":"samsung-lanza-un-podcast-sobre-el-futuro-de-la-tecnologia-en-audible","status":"publish","type":"post","link":"https:\/\/favorite-news.com\/es\/samsung-lanza-un-podcast-sobre-el-futuro-de-la-tecnologia-en-audible\/","title":{"rendered":"Samsung lanza un p\u00f3dcast sobre el futuro de la tecnolog\u00eda en Audible"},"content":{"rendered":"<p>De la mano de la web especializada en tecnolog\u00eda Xataka, Samsung\u00a0ha lanzado \u00abOvejas El\u00e9ctricas\u00bb, un p\u00f3dcast que abordar\u00e1, desde un prisma diferente, la transformaci\u00f3n que el mundo est\u00e1 viviendo gracias a la tecnolog\u00eda. La producci\u00f3n est\u00e1 disponible en exclusiva en la plataforma\u00a0Audible, donde se pueden encontrar los dos primeros cap\u00edtulos. Cada mi\u00e9rcoles se publicar\u00e1 una nueva entrega de Ovejas El\u00e9ctricas, que tendr\u00e1 una duraci\u00f3n de 45 minutos y contar\u00e1 con invitados expertos y diversos protagonistas a lo largo de sus secciones.El primer cap\u00edtulo, \u00abEducaci\u00f3n y empleos del futuro\u00bb,\u00a0trata sobre c\u00f3mo las aulas de la carrera de Matem\u00e1ticas han experimentado un enorme cambio en los \u00faltimos a\u00f1os, desde el perfil del alumnado motivado por una nota de corte que se ha disparado hasta sus perspectivas de empleo y salidas profesionales m\u00e1s destacadas, tambi\u00e9n multiplicadas de una d\u00e9cada a otra. Entre los invitados se encuentran\u00a0 periodistas, profesores, escritores, y la participaci\u00f3n de Miguel \u00c1ngel Ruiz, brand, innovation &amp; CSV manager de Samsung Espa\u00f1a.El segundo cap\u00edtulo, \u00abTengo una vaca conectada, no es una vaca cualquiera\u00bb,\u00a0se centrar\u00e1 en la ganader\u00eda. El protagonista de este episodio, Torcuato Aguilera, moderniz\u00f3 su trabajo al cambiar los cencerros de sus vacas de Sierra Nevada por collares con GPS integrado y puede monitorizar su movimiento desde su smartphone. Un ejemplo perfecto de c\u00f3mo la tecnolog\u00eda impacta hasta en los sectores m\u00e1s insospechados. Adem\u00e1s de \u00e9l, varios profesores y emprendedores participan en el p\u00f3dcast, adem\u00e1s de Daniel Borr\u00e1s, responsable de marketing y estrategia de negocio de Samsung Network Europa, quien sabe mucho sobre las posibilidades que ha abierto y seguir\u00e1 abriendo la implantaci\u00f3n del 5G.<br \/>\n<br \/>\n<!--noindex--><br \/>\n<a href=\"http:\/\/www.marketingnews.es\/marcas\/noticia\/1166715054305\/samsung-lanza-podcast-futuro-de-tecnologia-audible.1.html\" rel=\"nofollow\">Source link <\/a><br \/>\n<!--\/noindex--><\/p>\n","protected":false},"excerpt":{"rendered":"<p>De la mano de la web especializada en tecnolog\u00eda Xataka, Samsung\u00a0ha lanzado \u00abOvejas El\u00e9ctricas\u00bb, un p\u00f3dcast que abordar\u00e1, desde un prisma diferente, la transformaci\u00f3n que el mundo est\u00e1 viviendo gracias a la tecnolog\u00eda. La producci\u00f3n est\u00e1 disponible en exclusiva en la plataforma\u00a0Audible, donde se pueden encontrar los dos primeros cap\u00edtulos. Cada mi\u00e9rcoles se publicar\u00e1 una [&hellip;]<\/p>\n","protected":false},"author":2,"featured_media":7458,"comment_status":"open","ping_status":"open","sticky":false,"template":"","format":"standard","meta":{"footnotes":""},"categories":[2],"tags":[],"class_list":["post-7457","post","type-post","status-publish","format-standard","has-post-thumbnail","hentry","category-noticias-de-internet-marketing"],"yoast_head":"<!-- This site is optimized with the Yoast SEO plugin v27.4 - https:\/\/yoast.com\/product\/yoast-seo-wordpress\/ -->\n<title>Samsung lanza un p\u00f3dcast sobre el futuro de la tecnolog\u00eda en Audible - Favorite News<\/title>\n<meta name=\"robots\" content=\"index, follow, max-snippet:-1, max-image-preview:large, max-video-preview:-1\" \/>\n<link rel=\"canonical\" href=\"https:\/\/favorite-news.com\/es\/samsung-lanza-un-podcast-sobre-el-futuro-de-la-tecnologia-en-audible\/\" \/>\n<meta property=\"og:locale\" content=\"es_ES\" \/>\n<meta property=\"og:type\" content=\"article\" \/>\n<meta property=\"og:title\" content=\"Samsung lanza un p\u00f3dcast sobre el futuro de la tecnolog\u00eda en Audible - Favorite News\" \/>\n<meta property=\"og:description\" content=\"De la mano de la web especializada en tecnolog\u00eda Xataka, Samsung\u00a0ha lanzado \u00abOvejas El\u00e9ctricas\u00bb, un p\u00f3dcast que abordar\u00e1, desde un prisma diferente, la transformaci\u00f3n que el mundo est\u00e1 viviendo gracias a la tecnolog\u00eda. La producci\u00f3n est\u00e1 disponible en exclusiva en la plataforma\u00a0Audible, donde se pueden encontrar los dos primeros cap\u00edtulos. Cada mi\u00e9rcoles se publicar\u00e1 una [&hellip;]\" \/>\n<meta property=\"og:url\" content=\"https:\/\/favorite-news.com\/es\/samsung-lanza-un-podcast-sobre-el-futuro-de-la-tecnologia-en-audible\/\" \/>\n<meta property=\"og:site_name\" content=\"Favorite News\" \/>\n<meta property=\"article:published_time\" content=\"2021-07-16T15:05:50+00:00\" \/>\n<meta property=\"article:modified_time\" content=\"2021-07-16T15:05:52+00:00\" \/>\n<meta property=\"og:image\" content=\"https:\/\/favorite-news.com\/es\/wp-content\/uploads\/sites\/4\/2021\/07\/Samsung-lanza-un-podcast-sobre-el-futuro-de-la-tecnologia.jpg\" \/>\n\t<meta property=\"og:image:width\" content=\"526\" \/>\n\t<meta property=\"og:image:height\" content=\"307\" \/>\n\t<meta property=\"og:image:type\" content=\"image\/jpeg\" \/>\n<meta name=\"author\" content=\"favorite-news\" \/>\n<meta name=\"twitter:card\" content=\"summary_large_image\" \/>\n<meta name=\"twitter:label1\" content=\"Escrito por\" \/>\n\t<meta name=\"twitter:data1\" content=\"favorite-news\" \/>\n\t<meta name=\"twitter:label2\" content=\"Tiempo de lectura\" \/>\n\t<meta name=\"twitter:data2\" content=\"2 minutos\" \/>\n<script type=\"application\/ld+json\" class=\"yoast-schema-graph\">{\"@context\":\"https:\\\/\\\/schema.org\",\"@graph\":[{\"@type\":\"Article\",\"@id\":\"https:\\\/\\\/favorite-news.com\\\/es\\\/samsung-lanza-un-podcast-sobre-el-futuro-de-la-tecnologia-en-audible\\\/#article\",\"isPartOf\":{\"@id\":\"https:\\\/\\\/favorite-news.com\\\/es\\\/samsung-lanza-un-podcast-sobre-el-futuro-de-la-tecnologia-en-audible\\\/\"},\"author\":{\"name\":\"favorite-news\",\"@id\":\"https:\\\/\\\/favorite-news.com\\\/es\\\/#\\\/schema\\\/person\\\/b91573b717dcfa5e4696032a9d28d3e8\"},\"headline\":\"Samsung lanza un p\u00f3dcast sobre el futuro de la tecnolog\u00eda en Audible\",\"datePublished\":\"2021-07-16T15:05:50+00:00\",\"dateModified\":\"2021-07-16T15:05:52+00:00\",\"mainEntityOfPage\":{\"@id\":\"https:\\\/\\\/favorite-news.com\\\/es\\\/samsung-lanza-un-podcast-sobre-el-futuro-de-la-tecnologia-en-audible\\\/\"},\"wordCount\":316,\"commentCount\":0,\"image\":{\"@id\":\"https:\\\/\\\/favorite-news.com\\\/es\\\/samsung-lanza-un-podcast-sobre-el-futuro-de-la-tecnologia-en-audible\\\/#primaryimage\"},\"thumbnailUrl\":\"https:\\\/\\\/favorite-news.com\\\/es\\\/wp-content\\\/uploads\\\/sites\\\/4\\\/2021\\\/07\\\/Samsung-lanza-un-podcast-sobre-el-futuro-de-la-tecnologia.jpg\",\"articleSection\":[\"NOTICIAS DE INTERNET MARKETING\"],\"inLanguage\":\"es\",\"potentialAction\":[{\"@type\":\"CommentAction\",\"name\":\"Comment\",\"target\":[\"https:\\\/\\\/favorite-news.com\\\/es\\\/samsung-lanza-un-podcast-sobre-el-futuro-de-la-tecnologia-en-audible\\\/#respond\"]}]},{\"@type\":\"WebPage\",\"@id\":\"https:\\\/\\\/favorite-news.com\\\/es\\\/samsung-lanza-un-podcast-sobre-el-futuro-de-la-tecnologia-en-audible\\\/\",\"url\":\"https:\\\/\\\/favorite-news.com\\\/es\\\/samsung-lanza-un-podcast-sobre-el-futuro-de-la-tecnologia-en-audible\\\/\",\"name\":\"Samsung lanza un p\u00f3dcast sobre el futuro de la tecnolog\u00eda en Audible - Favorite News\",\"isPartOf\":{\"@id\":\"https:\\\/\\\/favorite-news.com\\\/es\\\/#website\"},\"primaryImageOfPage\":{\"@id\":\"https:\\\/\\\/favorite-news.com\\\/es\\\/samsung-lanza-un-podcast-sobre-el-futuro-de-la-tecnologia-en-audible\\\/#primaryimage\"},\"image\":{\"@id\":\"https:\\\/\\\/favorite-news.com\\\/es\\\/samsung-lanza-un-podcast-sobre-el-futuro-de-la-tecnologia-en-audible\\\/#primaryimage\"},\"thumbnailUrl\":\"https:\\\/\\\/favorite-news.com\\\/es\\\/wp-content\\\/uploads\\\/sites\\\/4\\\/2021\\\/07\\\/Samsung-lanza-un-podcast-sobre-el-futuro-de-la-tecnologia.jpg\",\"datePublished\":\"2021-07-16T15:05:50+00:00\",\"dateModified\":\"2021-07-16T15:05:52+00:00\",\"author\":{\"@id\":\"https:\\\/\\\/favorite-news.com\\\/es\\\/#\\\/schema\\\/person\\\/b91573b717dcfa5e4696032a9d28d3e8\"},\"breadcrumb\":{\"@id\":\"https:\\\/\\\/favorite-news.com\\\/es\\\/samsung-lanza-un-podcast-sobre-el-futuro-de-la-tecnologia-en-audible\\\/#breadcrumb\"},\"inLanguage\":\"es\",\"potentialAction\":[{\"@type\":\"ReadAction\",\"target\":[\"https:\\\/\\\/favorite-news.com\\\/es\\\/samsung-lanza-un-podcast-sobre-el-futuro-de-la-tecnologia-en-audible\\\/\"]}]},{\"@type\":\"ImageObject\",\"inLanguage\":\"es\",\"@id\":\"https:\\\/\\\/favorite-news.com\\\/es\\\/samsung-lanza-un-podcast-sobre-el-futuro-de-la-tecnologia-en-audible\\\/#primaryimage\",\"url\":\"https:\\\/\\\/favorite-news.com\\\/es\\\/wp-content\\\/uploads\\\/sites\\\/4\\\/2021\\\/07\\\/Samsung-lanza-un-podcast-sobre-el-futuro-de-la-tecnologia.jpg\",\"contentUrl\":\"https:\\\/\\\/favorite-news.com\\\/es\\\/wp-content\\\/uploads\\\/sites\\\/4\\\/2021\\\/07\\\/Samsung-lanza-un-podcast-sobre-el-futuro-de-la-tecnologia.jpg\",\"width\":526,\"height\":307,\"caption\":\"Samsung lanza un p\u00f3dcast sobre el futuro de la tecnolog\u00eda en Audible\"},{\"@type\":\"BreadcrumbList\",\"@id\":\"https:\\\/\\\/favorite-news.com\\\/es\\\/samsung-lanza-un-podcast-sobre-el-futuro-de-la-tecnologia-en-audible\\\/#breadcrumb\",\"itemListElement\":[{\"@type\":\"ListItem\",\"position\":1,\"name\":\"Home\",\"item\":\"https:\\\/\\\/favorite-news.com\\\/es\\\/\"},{\"@type\":\"ListItem\",\"position\":2,\"name\":\"Samsung lanza un p\u00f3dcast sobre el futuro de la tecnolog\u00eda en Audible\"}]},{\"@type\":\"WebSite\",\"@id\":\"https:\\\/\\\/favorite-news.com\\\/es\\\/#website\",\"url\":\"https:\\\/\\\/favorite-news.com\\\/es\\\/\",\"name\":\"Favorite News\",\"description\":\"Favorite News Espa\u00f1a\",\"potentialAction\":[{\"@type\":\"SearchAction\",\"target\":{\"@type\":\"EntryPoint\",\"urlTemplate\":\"https:\\\/\\\/favorite-news.com\\\/es\\\/?s={search_term_string}\"},\"query-input\":{\"@type\":\"PropertyValueSpecification\",\"valueRequired\":true,\"valueName\":\"search_term_string\"}}],\"inLanguage\":\"es\"},{\"@type\":\"Person\",\"@id\":\"https:\\\/\\\/favorite-news.com\\\/es\\\/#\\\/schema\\\/person\\\/b91573b717dcfa5e4696032a9d28d3e8\",\"name\":\"favorite-news\",\"image\":{\"@type\":\"ImageObject\",\"inLanguage\":\"es\",\"@id\":\"https:\\\/\\\/secure.gravatar.com\\\/avatar\\\/6c5a5cb12b74e9d517ee91cf570335b7d16177f1977cc91db161adfa435945a7?s=96&d=mm&r=g\",\"url\":\"https:\\\/\\\/secure.gravatar.com\\\/avatar\\\/6c5a5cb12b74e9d517ee91cf570335b7d16177f1977cc91db161adfa435945a7?s=96&d=mm&r=g\",\"contentUrl\":\"https:\\\/\\\/secure.gravatar.com\\\/avatar\\\/6c5a5cb12b74e9d517ee91cf570335b7d16177f1977cc91db161adfa435945a7?s=96&d=mm&r=g\",\"caption\":\"favorite-news\"},\"url\":\"https:\\\/\\\/favorite-news.com\\\/es\\\/author\\\/pt\\\/\"}]}<\/script>\n<!-- \/ Yoast SEO plugin. -->","yoast_head_json":{"title":"Samsung lanza un p\u00f3dcast sobre el futuro de la tecnolog\u00eda en Audible - Favorite News","robots":{"index":"index","follow":"follow","max-snippet":"max-snippet:-1","max-image-preview":"max-image-preview:large","max-video-preview":"max-video-preview:-1"},"canonical":"https:\/\/favorite-news.com\/es\/samsung-lanza-un-podcast-sobre-el-futuro-de-la-tecnologia-en-audible\/","og_locale":"es_ES","og_type":"article","og_title":"Samsung lanza un p\u00f3dcast sobre el futuro de la tecnolog\u00eda en Audible - Favorite News","og_description":"De la mano de la web especializada en tecnolog\u00eda Xataka, Samsung\u00a0ha lanzado \u00abOvejas El\u00e9ctricas\u00bb, un p\u00f3dcast que abordar\u00e1, desde un prisma diferente, la transformaci\u00f3n que el mundo est\u00e1 viviendo gracias a la tecnolog\u00eda. La producci\u00f3n est\u00e1 disponible en exclusiva en la plataforma\u00a0Audible, donde se pueden encontrar los dos primeros cap\u00edtulos. Cada mi\u00e9rcoles se publicar\u00e1 una [&hellip;]","og_url":"https:\/\/favorite-news.com\/es\/samsung-lanza-un-podcast-sobre-el-futuro-de-la-tecnologia-en-audible\/","og_site_name":"Favorite News","article_published_time":"2021-07-16T15:05:50+00:00","article_modified_time":"2021-07-16T15:05:52+00:00","og_image":[{"width":526,"height":307,"url":"https:\/\/favorite-news.com\/es\/wp-content\/uploads\/sites\/4\/2021\/07\/Samsung-lanza-un-podcast-sobre-el-futuro-de-la-tecnologia.jpg","type":"image\/jpeg"}],"author":"favorite-news","twitter_card":"summary_large_image","twitter_misc":{"Escrito por":"favorite-news","Tiempo de lectura":"2 minutos"},"schema":{"@context":"https:\/\/schema.org","@graph":[{"@type":"Article","@id":"https:\/\/favorite-news.com\/es\/samsung-lanza-un-podcast-sobre-el-futuro-de-la-tecnologia-en-audible\/#article","isPartOf":{"@id":"https:\/\/favorite-news.com\/es\/samsung-lanza-un-podcast-sobre-el-futuro-de-la-tecnologia-en-audible\/"},"author":{"name":"favorite-news","@id":"https:\/\/favorite-news.com\/es\/#\/schema\/person\/b91573b717dcfa5e4696032a9d28d3e8"},"headline":"Samsung lanza un p\u00f3dcast sobre el futuro de la tecnolog\u00eda en Audible","datePublished":"2021-07-16T15:05:50+00:00","dateModified":"2021-07-16T15:05:52+00:00","mainEntityOfPage":{"@id":"https:\/\/favorite-news.com\/es\/samsung-lanza-un-podcast-sobre-el-futuro-de-la-tecnologia-en-audible\/"},"wordCount":316,"commentCount":0,"image":{"@id":"https:\/\/favorite-news.com\/es\/samsung-lanza-un-podcast-sobre-el-futuro-de-la-tecnologia-en-audible\/#primaryimage"},"thumbnailUrl":"https:\/\/favorite-news.com\/es\/wp-content\/uploads\/sites\/4\/2021\/07\/Samsung-lanza-un-podcast-sobre-el-futuro-de-la-tecnologia.jpg","articleSection":["NOTICIAS DE INTERNET MARKETING"],"inLanguage":"es","potentialAction":[{"@type":"CommentAction","name":"Comment","target":["https:\/\/favorite-news.com\/es\/samsung-lanza-un-podcast-sobre-el-futuro-de-la-tecnologia-en-audible\/#respond"]}]},{"@type":"WebPage","@id":"https:\/\/favorite-news.com\/es\/samsung-lanza-un-podcast-sobre-el-futuro-de-la-tecnologia-en-audible\/","url":"https:\/\/favorite-news.com\/es\/samsung-lanza-un-podcast-sobre-el-futuro-de-la-tecnologia-en-audible\/","name":"Samsung lanza un p\u00f3dcast sobre el futuro de la tecnolog\u00eda en Audible - Favorite News","isPartOf":{"@id":"https:\/\/favorite-news.com\/es\/#website"},"primaryImageOfPage":{"@id":"https:\/\/favorite-news.com\/es\/samsung-lanza-un-podcast-sobre-el-futuro-de-la-tecnologia-en-audible\/#primaryimage"},"image":{"@id":"https:\/\/favorite-news.com\/es\/samsung-lanza-un-podcast-sobre-el-futuro-de-la-tecnologia-en-audible\/#primaryimage"},"thumbnailUrl":"https:\/\/favorite-news.com\/es\/wp-content\/uploads\/sites\/4\/2021\/07\/Samsung-lanza-un-podcast-sobre-el-futuro-de-la-tecnologia.jpg","datePublished":"2021-07-16T15:05:50+00:00","dateModified":"2021-07-16T15:05:52+00:00","author":{"@id":"https:\/\/favorite-news.com\/es\/#\/schema\/person\/b91573b717dcfa5e4696032a9d28d3e8"},"breadcrumb":{"@id":"https:\/\/favorite-news.com\/es\/samsung-lanza-un-podcast-sobre-el-futuro-de-la-tecnologia-en-audible\/#breadcrumb"},"inLanguage":"es","potentialAction":[{"@type":"ReadAction","target":["https:\/\/favorite-news.com\/es\/samsung-lanza-un-podcast-sobre-el-futuro-de-la-tecnologia-en-audible\/"]}]},{"@type":"ImageObject","inLanguage":"es","@id":"https:\/\/favorite-news.com\/es\/samsung-lanza-un-podcast-sobre-el-futuro-de-la-tecnologia-en-audible\/#primaryimage","url":"https:\/\/favorite-news.com\/es\/wp-content\/uploads\/sites\/4\/2021\/07\/Samsung-lanza-un-podcast-sobre-el-futuro-de-la-tecnologia.jpg","contentUrl":"https:\/\/favorite-news.com\/es\/wp-content\/uploads\/sites\/4\/2021\/07\/Samsung-lanza-un-podcast-sobre-el-futuro-de-la-tecnologia.jpg","width":526,"height":307,"caption":"Samsung lanza un p\u00f3dcast sobre el futuro de la tecnolog\u00eda en Audible"},{"@type":"BreadcrumbList","@id":"https:\/\/favorite-news.com\/es\/samsung-lanza-un-podcast-sobre-el-futuro-de-la-tecnologia-en-audible\/#breadcrumb","itemListElement":[{"@type":"ListItem","position":1,"name":"Home","item":"https:\/\/favorite-news.com\/es\/"},{"@type":"ListItem","position":2,"name":"Samsung lanza un p\u00f3dcast sobre el futuro de la tecnolog\u00eda en Audible"}]},{"@type":"WebSite","@id":"https:\/\/favorite-news.com\/es\/#website","url":"https:\/\/favorite-news.com\/es\/","name":"Favorite News","description":"Favorite News Espa\u00f1a","potentialAction":[{"@type":"SearchAction","target":{"@type":"EntryPoint","urlTemplate":"https:\/\/favorite-news.com\/es\/?s={search_term_string}"},"query-input":{"@type":"PropertyValueSpecification","valueRequired":true,"valueName":"search_term_string"}}],"inLanguage":"es"},{"@type":"Person","@id":"https:\/\/favorite-news.com\/es\/#\/schema\/person\/b91573b717dcfa5e4696032a9d28d3e8","name":"favorite-news","image":{"@type":"ImageObject","inLanguage":"es","@id":"https:\/\/secure.gravatar.com\/avatar\/6c5a5cb12b74e9d517ee91cf570335b7d16177f1977cc91db161adfa435945a7?s=96&d=mm&r=g","url":"https:\/\/secure.gravatar.com\/avatar\/6c5a5cb12b74e9d517ee91cf570335b7d16177f1977cc91db161adfa435945a7?s=96&d=mm&r=g","contentUrl":"https:\/\/secure.gravatar.com\/avatar\/6c5a5cb12b74e9d517ee91cf570335b7d16177f1977cc91db161adfa435945a7?s=96&d=mm&r=g","caption":"favorite-news"},"url":"https:\/\/favorite-news.com\/es\/author\/pt\/"}]}},"_links":{"self":[{"href":"https:\/\/favorite-news.com\/es\/wp-json\/wp\/v2\/posts\/7457","targetHints":{"allow":["GET"]}}],"collection":[{"href":"https:\/\/favorite-news.com\/es\/wp-json\/wp\/v2\/posts"}],"about":[{"href":"https:\/\/favorite-news.com\/es\/wp-json\/wp\/v2\/types\/post"}],"author":[{"embeddable":true,"href":"https:\/\/favorite-news.com\/es\/wp-json\/wp\/v2\/users\/2"}],"replies":[{"embeddable":true,"href":"https:\/\/favorite-news.com\/es\/wp-json\/wp\/v2\/comments?post=7457"}],"version-history":[{"count":1,"href":"https:\/\/favorite-news.com\/es\/wp-json\/wp\/v2\/posts\/7457\/revisions"}],"predecessor-version":[{"id":7459,"href":"https:\/\/favorite-news.com\/es\/wp-json\/wp\/v2\/posts\/7457\/revisions\/7459"}],"wp:featuredmedia":[{"embeddable":true,"href":"https:\/\/favorite-news.com\/es\/wp-json\/wp\/v2\/media\/7458"}],"wp:attachment":[{"href":"https:\/\/favorite-news.com\/es\/wp-json\/wp\/v2\/media?parent=7457"}],"wp:term":[{"taxonomy":"category","embeddable":true,"href":"https:\/\/favorite-news.com\/es\/wp-json\/wp\/v2\/categories?post=7457"},{"taxonomy":"post_tag","embeddable":true,"href":"https:\/\/favorite-news.com\/es\/wp-json\/wp\/v2\/tags?post=7457"}],"curies":[{"name":"wp","href":"https:\/\/api.w.org\/{rel}","templated":true}]}}