{"id":7021,"date":"2021-06-04T12:08:54","date_gmt":"2021-06-04T09:08:54","guid":{"rendered":"https:\/\/favorite-news.com\/es\/mas-de-la-mitad-de-los-consumidores-aun-no-ha-planeado-sus-vacaciones-de-verano\/"},"modified":"2021-06-04T12:08:57","modified_gmt":"2021-06-04T09:08:57","slug":"mas-de-la-mitad-de-los-consumidores-aun-no-ha-planeado-sus-vacaciones-de-verano","status":"publish","type":"post","link":"https:\/\/favorite-news.com\/es\/mas-de-la-mitad-de-los-consumidores-aun-no-ha-planeado-sus-vacaciones-de-verano\/","title":{"rendered":"M\u00e1s de la mitad de los consumidores a\u00fan no ha planeado sus vacaciones de verano"},"content":{"rendered":"<p>Imagen de la campa\u00f1a de Turisme de AndorraCon la llegada del mes de junio muchos son los que ya no pueden pensar en otra cosa que no sea en las vacaciones de verano. Adem\u00e1s, este a\u00f1o las ganas son mayores que nunca ya que con el ritmo de vacunaci\u00f3n cada vez m\u00e1s alto, los pr\u00f3ximos meses dibujan un horizonte mucho m\u00e1s esperanzador y sin tantas restricciones que nos permitan disfrutar de un verano m\u00e1s parecido a lo que conoc\u00edamos antes.\u00a0 Ante este escenario, Ipsos ha querido conocer c\u00f3mo se plantean las vacaciones estivales los miembros de su comunidad What &amp; Why, y poder as\u00ed arrojar luz sobre las previsiones que el sector tur\u00edstico pueda hacer ante esta campa\u00f1a.\u00a0Mientras que el verano pasado un 24% de los encuestados decidi\u00f3 no irse de vacaciones, este a\u00f1o el 100% de los entrevistados afirma que s\u00ed que lo har\u00e1n. A pesar de ello, 2 de cada 3 admite que a\u00fan no tiene reservadas sus vacaciones, declarando el 52% de ellos que prefieren esperar a ver c\u00f3mo evoluciona la pandemia para asegurarse que todo est\u00e1 m\u00e1s controlado y tranquilo. A esto se suman los indecisos que a\u00fan no tienen claro el destino (16%) o aquellos que est\u00e1n esperando a que los vacunen (12%).\u00bfD\u00f3nde y c\u00f3mo ser\u00e1n las vacaciones de este a\u00f1o?Este a\u00f1o las vacaciones de verano se disfrutar\u00e1n dentro del territorio nacional, el 81% de los entrevistados afirma que viajar\u00e1 \u00fanicamente dentro de Espa\u00f1a. Un 18% combinar\u00e1 lo nacional con alguna escapada al extranjero, y un 2% que pasar\u00e1 sus vacaciones exclusivamente en el extranjero.\u00a0Dentro de estos destinos, como viene siendo habitual en esta \u00e9poca del a\u00f1o, la mayor\u00eda (73%) se decantar\u00e1 por un turismo de playa buscando el descanso y la desconexi\u00f3n de la vida cotidiana (57%). Por otro lado, un 33% optar\u00e1 por el turismo de ciudad, ya que tambi\u00e9n hay quien tiene como principal motivaci\u00f3n la de conocer nuevos lugares (29%).\u00a0En cuanto a d\u00f3nde alojarse, se observa un cambio respecto a 2020, ya que el porcentaje de aquellos que optar\u00e1n por quedarse en un hotel o complejo tur\u00edstico aumenta en 10 puntos (38% en 2020 frente al 48% en 2021); una opci\u00f3n que gana adeptos este verano frente a las segundas residencias, que baja en 7 puntos en comparaci\u00f3n a 2020, y viviendas de familiares o amigos que pasa de un 22% a un 18%.\u00a0Adem\u00e1s, al tratarse en su mayor\u00eda de un turismo nacional, casi el total de los encuestados (86%) elegir\u00e1 el coche como medio de transporte para llegar hasta su destino de vacaciones, mientras que un 21% utilizar\u00e1 el avi\u00f3n y un 8% el tren.\u00a0La Covid-19 tambi\u00e9n estar\u00e1 presente en las vacacionesAunque este verano se plantea con importantes diferencias al pasado, la Covid-19 contin\u00faa siendo un factor clave a la hora de planificar las vacaciones estivales y que las hace diferentes para un 56% de los encuestados, y es que de estos, un 54% afirman que pasar\u00e1n m\u00e1s tiempo al aire libre, seguidos de un 51% que evitar\u00e1 destinos muy masificados o un 44% que viajar\u00e1 a lugares cercanos.\u00a0\u00a0\u00a0Adem\u00e1s, entre los que tienen la opci\u00f3n de teletrabajar, casi la mitad de los encuestados, uno de cada tres (34%) afirma que alargar\u00e1 su estancia en su destino vacacional gracias a esta posibilidad laboral.<br \/>\n<br \/>\n<!--noindex--><br \/>\n<a href=\"http:\/\/www.marketingnews.es\/investigacion\/noticia\/1166234031605\/mas-de-mitad-de-consumidores-aun-no-planeado-vacaciones-de-verano.1.html\" rel=\"nofollow\">Source link <\/a><br \/>\n<!--\/noindex--><\/p>\n","protected":false},"excerpt":{"rendered":"<p>Imagen de la campa\u00f1a de Turisme de AndorraCon la llegada del mes de junio muchos son los que ya no pueden pensar en otra cosa que no sea en las vacaciones de verano. Adem\u00e1s, este a\u00f1o las ganas son mayores que nunca ya que con el ritmo de vacunaci\u00f3n cada vez m\u00e1s alto, los pr\u00f3ximos [&hellip;]<\/p>\n","protected":false},"author":2,"featured_media":7022,"comment_status":"open","ping_status":"open","sticky":false,"template":"","format":"standard","meta":{"footnotes":""},"categories":[2],"tags":[],"class_list":["post-7021","post","type-post","status-publish","format-standard","has-post-thumbnail","hentry","category-noticias-de-internet-marketing"],"yoast_head":"<!-- This site is optimized with the Yoast SEO plugin v27.4 - https:\/\/yoast.com\/product\/yoast-seo-wordpress\/ -->\n<title>M\u00e1s de la mitad de los consumidores a\u00fan no ha planeado sus vacaciones de verano - Favorite News<\/title>\n<meta name=\"robots\" content=\"index, follow, max-snippet:-1, max-image-preview:large, max-video-preview:-1\" \/>\n<link rel=\"canonical\" href=\"https:\/\/favorite-news.com\/es\/mas-de-la-mitad-de-los-consumidores-aun-no-ha-planeado-sus-vacaciones-de-verano\/\" \/>\n<meta property=\"og:locale\" content=\"es_ES\" \/>\n<meta property=\"og:type\" content=\"article\" \/>\n<meta property=\"og:title\" content=\"M\u00e1s de la mitad de los consumidores a\u00fan no ha planeado sus vacaciones de verano - Favorite News\" \/>\n<meta property=\"og:description\" content=\"Imagen de la campa\u00f1a de Turisme de AndorraCon la llegada del mes de junio muchos son los que ya no pueden pensar en otra cosa que no sea en las vacaciones de verano. Adem\u00e1s, este a\u00f1o las ganas son mayores que nunca ya que con el ritmo de vacunaci\u00f3n cada vez m\u00e1s alto, los pr\u00f3ximos [&hellip;]\" \/>\n<meta property=\"og:url\" content=\"https:\/\/favorite-news.com\/es\/mas-de-la-mitad-de-los-consumidores-aun-no-ha-planeado-sus-vacaciones-de-verano\/\" \/>\n<meta property=\"og:site_name\" content=\"Favorite News\" \/>\n<meta property=\"article:published_time\" content=\"2021-06-04T09:08:54+00:00\" \/>\n<meta property=\"article:modified_time\" content=\"2021-06-04T09:08:57+00:00\" \/>\n<meta property=\"og:image\" content=\"https:\/\/favorite-news.com\/es\/wp-content\/uploads\/sites\/4\/2021\/06\/Mas-de-la-mitad-de-los-consumidores-aun-no-ha.jpg\" \/>\n\t<meta property=\"og:image:width\" content=\"530\" \/>\n\t<meta property=\"og:image:height\" content=\"308\" \/>\n\t<meta property=\"og:image:type\" content=\"image\/jpeg\" \/>\n<meta name=\"author\" content=\"favorite-news\" \/>\n<meta name=\"twitter:card\" content=\"summary_large_image\" \/>\n<meta name=\"twitter:label1\" content=\"Escrito por\" \/>\n\t<meta name=\"twitter:data1\" content=\"favorite-news\" \/>\n\t<meta name=\"twitter:label2\" content=\"Tiempo de lectura\" \/>\n\t<meta name=\"twitter:data2\" content=\"3 minutos\" \/>\n<script type=\"application\/ld+json\" class=\"yoast-schema-graph\">{\"@context\":\"https:\\\/\\\/schema.org\",\"@graph\":[{\"@type\":\"Article\",\"@id\":\"https:\\\/\\\/favorite-news.com\\\/es\\\/mas-de-la-mitad-de-los-consumidores-aun-no-ha-planeado-sus-vacaciones-de-verano\\\/#article\",\"isPartOf\":{\"@id\":\"https:\\\/\\\/favorite-news.com\\\/es\\\/mas-de-la-mitad-de-los-consumidores-aun-no-ha-planeado-sus-vacaciones-de-verano\\\/\"},\"author\":{\"name\":\"favorite-news\",\"@id\":\"https:\\\/\\\/favorite-news.com\\\/es\\\/#\\\/schema\\\/person\\\/b91573b717dcfa5e4696032a9d28d3e8\"},\"headline\":\"M\u00e1s de la mitad de los consumidores a\u00fan no ha planeado sus vacaciones de verano\",\"datePublished\":\"2021-06-04T09:08:54+00:00\",\"dateModified\":\"2021-06-04T09:08:57+00:00\",\"mainEntityOfPage\":{\"@id\":\"https:\\\/\\\/favorite-news.com\\\/es\\\/mas-de-la-mitad-de-los-consumidores-aun-no-ha-planeado-sus-vacaciones-de-verano\\\/\"},\"wordCount\":582,\"commentCount\":0,\"image\":{\"@id\":\"https:\\\/\\\/favorite-news.com\\\/es\\\/mas-de-la-mitad-de-los-consumidores-aun-no-ha-planeado-sus-vacaciones-de-verano\\\/#primaryimage\"},\"thumbnailUrl\":\"https:\\\/\\\/favorite-news.com\\\/es\\\/wp-content\\\/uploads\\\/sites\\\/4\\\/2021\\\/06\\\/Mas-de-la-mitad-de-los-consumidores-aun-no-ha.jpg\",\"articleSection\":[\"NOTICIAS DE INTERNET MARKETING\"],\"inLanguage\":\"es\",\"potentialAction\":[{\"@type\":\"CommentAction\",\"name\":\"Comment\",\"target\":[\"https:\\\/\\\/favorite-news.com\\\/es\\\/mas-de-la-mitad-de-los-consumidores-aun-no-ha-planeado-sus-vacaciones-de-verano\\\/#respond\"]}]},{\"@type\":\"WebPage\",\"@id\":\"https:\\\/\\\/favorite-news.com\\\/es\\\/mas-de-la-mitad-de-los-consumidores-aun-no-ha-planeado-sus-vacaciones-de-verano\\\/\",\"url\":\"https:\\\/\\\/favorite-news.com\\\/es\\\/mas-de-la-mitad-de-los-consumidores-aun-no-ha-planeado-sus-vacaciones-de-verano\\\/\",\"name\":\"M\u00e1s de la mitad de los consumidores a\u00fan no ha planeado sus vacaciones de verano - Favorite News\",\"isPartOf\":{\"@id\":\"https:\\\/\\\/favorite-news.com\\\/es\\\/#website\"},\"primaryImageOfPage\":{\"@id\":\"https:\\\/\\\/favorite-news.com\\\/es\\\/mas-de-la-mitad-de-los-consumidores-aun-no-ha-planeado-sus-vacaciones-de-verano\\\/#primaryimage\"},\"image\":{\"@id\":\"https:\\\/\\\/favorite-news.com\\\/es\\\/mas-de-la-mitad-de-los-consumidores-aun-no-ha-planeado-sus-vacaciones-de-verano\\\/#primaryimage\"},\"thumbnailUrl\":\"https:\\\/\\\/favorite-news.com\\\/es\\\/wp-content\\\/uploads\\\/sites\\\/4\\\/2021\\\/06\\\/Mas-de-la-mitad-de-los-consumidores-aun-no-ha.jpg\",\"datePublished\":\"2021-06-04T09:08:54+00:00\",\"dateModified\":\"2021-06-04T09:08:57+00:00\",\"author\":{\"@id\":\"https:\\\/\\\/favorite-news.com\\\/es\\\/#\\\/schema\\\/person\\\/b91573b717dcfa5e4696032a9d28d3e8\"},\"breadcrumb\":{\"@id\":\"https:\\\/\\\/favorite-news.com\\\/es\\\/mas-de-la-mitad-de-los-consumidores-aun-no-ha-planeado-sus-vacaciones-de-verano\\\/#breadcrumb\"},\"inLanguage\":\"es\",\"potentialAction\":[{\"@type\":\"ReadAction\",\"target\":[\"https:\\\/\\\/favorite-news.com\\\/es\\\/mas-de-la-mitad-de-los-consumidores-aun-no-ha-planeado-sus-vacaciones-de-verano\\\/\"]}]},{\"@type\":\"ImageObject\",\"inLanguage\":\"es\",\"@id\":\"https:\\\/\\\/favorite-news.com\\\/es\\\/mas-de-la-mitad-de-los-consumidores-aun-no-ha-planeado-sus-vacaciones-de-verano\\\/#primaryimage\",\"url\":\"https:\\\/\\\/favorite-news.com\\\/es\\\/wp-content\\\/uploads\\\/sites\\\/4\\\/2021\\\/06\\\/Mas-de-la-mitad-de-los-consumidores-aun-no-ha.jpg\",\"contentUrl\":\"https:\\\/\\\/favorite-news.com\\\/es\\\/wp-content\\\/uploads\\\/sites\\\/4\\\/2021\\\/06\\\/Mas-de-la-mitad-de-los-consumidores-aun-no-ha.jpg\",\"width\":530,\"height\":308,\"caption\":\"M\u00e1s de la mitad de los consumidores a\u00fan no ha planeado sus vacaciones de verano\"},{\"@type\":\"BreadcrumbList\",\"@id\":\"https:\\\/\\\/favorite-news.com\\\/es\\\/mas-de-la-mitad-de-los-consumidores-aun-no-ha-planeado-sus-vacaciones-de-verano\\\/#breadcrumb\",\"itemListElement\":[{\"@type\":\"ListItem\",\"position\":1,\"name\":\"Home\",\"item\":\"https:\\\/\\\/favorite-news.com\\\/es\\\/\"},{\"@type\":\"ListItem\",\"position\":2,\"name\":\"M\u00e1s de la mitad de los consumidores a\u00fan no ha planeado sus vacaciones de verano\"}]},{\"@type\":\"WebSite\",\"@id\":\"https:\\\/\\\/favorite-news.com\\\/es\\\/#website\",\"url\":\"https:\\\/\\\/favorite-news.com\\\/es\\\/\",\"name\":\"Favorite News\",\"description\":\"Favorite News Espa\u00f1a\",\"potentialAction\":[{\"@type\":\"SearchAction\",\"target\":{\"@type\":\"EntryPoint\",\"urlTemplate\":\"https:\\\/\\\/favorite-news.com\\\/es\\\/?s={search_term_string}\"},\"query-input\":{\"@type\":\"PropertyValueSpecification\",\"valueRequired\":true,\"valueName\":\"search_term_string\"}}],\"inLanguage\":\"es\"},{\"@type\":\"Person\",\"@id\":\"https:\\\/\\\/favorite-news.com\\\/es\\\/#\\\/schema\\\/person\\\/b91573b717dcfa5e4696032a9d28d3e8\",\"name\":\"favorite-news\",\"image\":{\"@type\":\"ImageObject\",\"inLanguage\":\"es\",\"@id\":\"https:\\\/\\\/secure.gravatar.com\\\/avatar\\\/6c5a5cb12b74e9d517ee91cf570335b7d16177f1977cc91db161adfa435945a7?s=96&d=mm&r=g\",\"url\":\"https:\\\/\\\/secure.gravatar.com\\\/avatar\\\/6c5a5cb12b74e9d517ee91cf570335b7d16177f1977cc91db161adfa435945a7?s=96&d=mm&r=g\",\"contentUrl\":\"https:\\\/\\\/secure.gravatar.com\\\/avatar\\\/6c5a5cb12b74e9d517ee91cf570335b7d16177f1977cc91db161adfa435945a7?s=96&d=mm&r=g\",\"caption\":\"favorite-news\"},\"url\":\"https:\\\/\\\/favorite-news.com\\\/es\\\/author\\\/pt\\\/\"}]}<\/script>\n<!-- \/ Yoast SEO plugin. -->","yoast_head_json":{"title":"M\u00e1s de la mitad de los consumidores a\u00fan no ha planeado sus vacaciones de verano - Favorite News","robots":{"index":"index","follow":"follow","max-snippet":"max-snippet:-1","max-image-preview":"max-image-preview:large","max-video-preview":"max-video-preview:-1"},"canonical":"https:\/\/favorite-news.com\/es\/mas-de-la-mitad-de-los-consumidores-aun-no-ha-planeado-sus-vacaciones-de-verano\/","og_locale":"es_ES","og_type":"article","og_title":"M\u00e1s de la mitad de los consumidores a\u00fan no ha planeado sus vacaciones de verano - Favorite News","og_description":"Imagen de la campa\u00f1a de Turisme de AndorraCon la llegada del mes de junio muchos son los que ya no pueden pensar en otra cosa que no sea en las vacaciones de verano. Adem\u00e1s, este a\u00f1o las ganas son mayores que nunca ya que con el ritmo de vacunaci\u00f3n cada vez m\u00e1s alto, los pr\u00f3ximos [&hellip;]","og_url":"https:\/\/favorite-news.com\/es\/mas-de-la-mitad-de-los-consumidores-aun-no-ha-planeado-sus-vacaciones-de-verano\/","og_site_name":"Favorite News","article_published_time":"2021-06-04T09:08:54+00:00","article_modified_time":"2021-06-04T09:08:57+00:00","og_image":[{"width":530,"height":308,"url":"https:\/\/favorite-news.com\/es\/wp-content\/uploads\/sites\/4\/2021\/06\/Mas-de-la-mitad-de-los-consumidores-aun-no-ha.jpg","type":"image\/jpeg"}],"author":"favorite-news","twitter_card":"summary_large_image","twitter_misc":{"Escrito por":"favorite-news","Tiempo de lectura":"3 minutos"},"schema":{"@context":"https:\/\/schema.org","@graph":[{"@type":"Article","@id":"https:\/\/favorite-news.com\/es\/mas-de-la-mitad-de-los-consumidores-aun-no-ha-planeado-sus-vacaciones-de-verano\/#article","isPartOf":{"@id":"https:\/\/favorite-news.com\/es\/mas-de-la-mitad-de-los-consumidores-aun-no-ha-planeado-sus-vacaciones-de-verano\/"},"author":{"name":"favorite-news","@id":"https:\/\/favorite-news.com\/es\/#\/schema\/person\/b91573b717dcfa5e4696032a9d28d3e8"},"headline":"M\u00e1s de la mitad de los consumidores a\u00fan no ha planeado sus vacaciones de verano","datePublished":"2021-06-04T09:08:54+00:00","dateModified":"2021-06-04T09:08:57+00:00","mainEntityOfPage":{"@id":"https:\/\/favorite-news.com\/es\/mas-de-la-mitad-de-los-consumidores-aun-no-ha-planeado-sus-vacaciones-de-verano\/"},"wordCount":582,"commentCount":0,"image":{"@id":"https:\/\/favorite-news.com\/es\/mas-de-la-mitad-de-los-consumidores-aun-no-ha-planeado-sus-vacaciones-de-verano\/#primaryimage"},"thumbnailUrl":"https:\/\/favorite-news.com\/es\/wp-content\/uploads\/sites\/4\/2021\/06\/Mas-de-la-mitad-de-los-consumidores-aun-no-ha.jpg","articleSection":["NOTICIAS DE INTERNET MARKETING"],"inLanguage":"es","potentialAction":[{"@type":"CommentAction","name":"Comment","target":["https:\/\/favorite-news.com\/es\/mas-de-la-mitad-de-los-consumidores-aun-no-ha-planeado-sus-vacaciones-de-verano\/#respond"]}]},{"@type":"WebPage","@id":"https:\/\/favorite-news.com\/es\/mas-de-la-mitad-de-los-consumidores-aun-no-ha-planeado-sus-vacaciones-de-verano\/","url":"https:\/\/favorite-news.com\/es\/mas-de-la-mitad-de-los-consumidores-aun-no-ha-planeado-sus-vacaciones-de-verano\/","name":"M\u00e1s de la mitad de los consumidores a\u00fan no ha planeado sus vacaciones de verano - Favorite News","isPartOf":{"@id":"https:\/\/favorite-news.com\/es\/#website"},"primaryImageOfPage":{"@id":"https:\/\/favorite-news.com\/es\/mas-de-la-mitad-de-los-consumidores-aun-no-ha-planeado-sus-vacaciones-de-verano\/#primaryimage"},"image":{"@id":"https:\/\/favorite-news.com\/es\/mas-de-la-mitad-de-los-consumidores-aun-no-ha-planeado-sus-vacaciones-de-verano\/#primaryimage"},"thumbnailUrl":"https:\/\/favorite-news.com\/es\/wp-content\/uploads\/sites\/4\/2021\/06\/Mas-de-la-mitad-de-los-consumidores-aun-no-ha.jpg","datePublished":"2021-06-04T09:08:54+00:00","dateModified":"2021-06-04T09:08:57+00:00","author":{"@id":"https:\/\/favorite-news.com\/es\/#\/schema\/person\/b91573b717dcfa5e4696032a9d28d3e8"},"breadcrumb":{"@id":"https:\/\/favorite-news.com\/es\/mas-de-la-mitad-de-los-consumidores-aun-no-ha-planeado-sus-vacaciones-de-verano\/#breadcrumb"},"inLanguage":"es","potentialAction":[{"@type":"ReadAction","target":["https:\/\/favorite-news.com\/es\/mas-de-la-mitad-de-los-consumidores-aun-no-ha-planeado-sus-vacaciones-de-verano\/"]}]},{"@type":"ImageObject","inLanguage":"es","@id":"https:\/\/favorite-news.com\/es\/mas-de-la-mitad-de-los-consumidores-aun-no-ha-planeado-sus-vacaciones-de-verano\/#primaryimage","url":"https:\/\/favorite-news.com\/es\/wp-content\/uploads\/sites\/4\/2021\/06\/Mas-de-la-mitad-de-los-consumidores-aun-no-ha.jpg","contentUrl":"https:\/\/favorite-news.com\/es\/wp-content\/uploads\/sites\/4\/2021\/06\/Mas-de-la-mitad-de-los-consumidores-aun-no-ha.jpg","width":530,"height":308,"caption":"M\u00e1s de la mitad de los consumidores a\u00fan no ha planeado sus vacaciones de verano"},{"@type":"BreadcrumbList","@id":"https:\/\/favorite-news.com\/es\/mas-de-la-mitad-de-los-consumidores-aun-no-ha-planeado-sus-vacaciones-de-verano\/#breadcrumb","itemListElement":[{"@type":"ListItem","position":1,"name":"Home","item":"https:\/\/favorite-news.com\/es\/"},{"@type":"ListItem","position":2,"name":"M\u00e1s de la mitad de los consumidores a\u00fan no ha planeado sus vacaciones de verano"}]},{"@type":"WebSite","@id":"https:\/\/favorite-news.com\/es\/#website","url":"https:\/\/favorite-news.com\/es\/","name":"Favorite News","description":"Favorite News Espa\u00f1a","potentialAction":[{"@type":"SearchAction","target":{"@type":"EntryPoint","urlTemplate":"https:\/\/favorite-news.com\/es\/?s={search_term_string}"},"query-input":{"@type":"PropertyValueSpecification","valueRequired":true,"valueName":"search_term_string"}}],"inLanguage":"es"},{"@type":"Person","@id":"https:\/\/favorite-news.com\/es\/#\/schema\/person\/b91573b717dcfa5e4696032a9d28d3e8","name":"favorite-news","image":{"@type":"ImageObject","inLanguage":"es","@id":"https:\/\/secure.gravatar.com\/avatar\/6c5a5cb12b74e9d517ee91cf570335b7d16177f1977cc91db161adfa435945a7?s=96&d=mm&r=g","url":"https:\/\/secure.gravatar.com\/avatar\/6c5a5cb12b74e9d517ee91cf570335b7d16177f1977cc91db161adfa435945a7?s=96&d=mm&r=g","contentUrl":"https:\/\/secure.gravatar.com\/avatar\/6c5a5cb12b74e9d517ee91cf570335b7d16177f1977cc91db161adfa435945a7?s=96&d=mm&r=g","caption":"favorite-news"},"url":"https:\/\/favorite-news.com\/es\/author\/pt\/"}]}},"_links":{"self":[{"href":"https:\/\/favorite-news.com\/es\/wp-json\/wp\/v2\/posts\/7021","targetHints":{"allow":["GET"]}}],"collection":[{"href":"https:\/\/favorite-news.com\/es\/wp-json\/wp\/v2\/posts"}],"about":[{"href":"https:\/\/favorite-news.com\/es\/wp-json\/wp\/v2\/types\/post"}],"author":[{"embeddable":true,"href":"https:\/\/favorite-news.com\/es\/wp-json\/wp\/v2\/users\/2"}],"replies":[{"embeddable":true,"href":"https:\/\/favorite-news.com\/es\/wp-json\/wp\/v2\/comments?post=7021"}],"version-history":[{"count":1,"href":"https:\/\/favorite-news.com\/es\/wp-json\/wp\/v2\/posts\/7021\/revisions"}],"predecessor-version":[{"id":7023,"href":"https:\/\/favorite-news.com\/es\/wp-json\/wp\/v2\/posts\/7021\/revisions\/7023"}],"wp:featuredmedia":[{"embeddable":true,"href":"https:\/\/favorite-news.com\/es\/wp-json\/wp\/v2\/media\/7022"}],"wp:attachment":[{"href":"https:\/\/favorite-news.com\/es\/wp-json\/wp\/v2\/media?parent=7021"}],"wp:term":[{"taxonomy":"category","embeddable":true,"href":"https:\/\/favorite-news.com\/es\/wp-json\/wp\/v2\/categories?post=7021"},{"taxonomy":"post_tag","embeddable":true,"href":"https:\/\/favorite-news.com\/es\/wp-json\/wp\/v2\/tags?post=7021"}],"curies":[{"name":"wp","href":"https:\/\/api.w.org\/{rel}","templated":true}]}}