{"id":6714,"date":"2021-05-05T21:35:12","date_gmt":"2021-05-05T18:35:12","guid":{"rendered":"https:\/\/favorite-news.com\/es\/javier-lopez-zafra-loreal-nuevo-presidente-de-la-aea\/"},"modified":"2021-05-05T21:35:15","modified_gmt":"2021-05-05T18:35:15","slug":"javier-lopez-zafra-loreal-nuevo-presidente-de-la-aea","status":"publish","type":"post","link":"https:\/\/favorite-news.com\/es\/javier-lopez-zafra-loreal-nuevo-presidente-de-la-aea\/","title":{"rendered":"Javier L\u00f3pez Zafra (L&#8217;Or\u00e9al), nuevo presidente de la AEA"},"content":{"rendered":"<p>Javier L\u00f3pez-ZafraEl secretario general y del consejo de L\u2019Or\u00e9al Espa\u00f1a Javier L\u00f3pez Zafra\u00a0ha sido elegido presidente de la Asociaci\u00f3n Espa\u00f1ola de Anunciantes (AEA) en el transcurso del primer consejo directivo celebrado a continuaci\u00f3n de la asamblea general.\u00a0Con L\u00f3pez Zafra como presidente, el resto del comit\u00e9 ejecutivo ha quedado configurado por los vicepresidentes Luis G\u00f3mez (Iberdrola) y Luis Gonz\u00e1lez (ING), vicepresidente econ\u00f3mico; adem\u00e1s de Marta Lozano (BP Oil), en el cap\u00edtlo de relaciones institucionales y comunicaci\u00f3n; Silvia Bajo (CaixaBank), para los Premios Eficacia; Carlos Bosch (Danone), en el \u00e1rea de Foro de Medios, e Isabel Ontoso (El Corte Ingl\u00e9s), para el Foro Profesional del Anunciante, y, como vocales, Esther Morillas (Coca-Cola), Rafael Alf\u00e9rez (Kia Motors Iberia), Javier Ria\u00f1o (Procter &amp; Gamble), que este a\u00f1o ejerce, adem\u00e1s, como presidente del jurado de los Premios Eficacia, y Teresa de Isturiz (Repsol).Tambi\u00e9n se ha renovado el consejo directivo (que designa al comit\u00e9 ejecutivo y define el plan de acci\u00f3n, se indida en un comunicado), que ha quedado constituido por las siguientes compa\u00f1\u00edas: ANEFP, Asociaci\u00f3n Espa\u00f1ola de Fabricantes de Juguetes, \u00a0BBVA, BP Oil Espa\u00f1a, Banco Santander, Bankinter, CaixaBank, Campofr\u00edo Food Group, Central Lechera Asturiana Corporaci\u00f3n Pe\u00f1asanta Alimentaria, Cepsa, Coca-Cola, Danone, Diageo, El Corte Ingl\u00e9s, Endesa, Ferrero Ib\u00e9rica, Gallina Blanca, Henkel Ib\u00e9rica, Iberdrola, Idilia Foods, ING, Kia Motors Iberia, \u00a0L&#8217;Oreal Espa\u00f1a, LaLiga, Mahou San Miguel, McDonald&#8217;s Espa\u00f1a, Naturgy, Nestl\u00e9 Espa\u00f1a, Nintendo Ib\u00e9rica, Pescanova Espa\u00f1a, Procter &amp; Gamble Espa\u00f1a, Repsol, \u00a0Samsung Electronics Iberia, \u00a0Telef\u00f3nica y Vodafone Espa\u00f1a. Como representante de los socios colaboradores, ADJINN Control y An\u00e1lisis, y del Consejo Asesor, Fernando Amenedo.Durante la asamblea, celebrada de forma telem\u00e1tica bajo el lema la mejor comunicaci\u00f3n comercial, Alberto Velasco ha sido nombrado socio de honor, tras su jubilaci\u00f3n de Mahou-San Miguel y despu\u00e9s de 26 a\u00f1os como miembro del consejo directivo y a cargo de la vocal\u00eda de relaciones institucionales y comunicaci\u00f3n. Tambi\u00e9n se ha dado la bienvenida a 17 nuevos socios, 7 de n\u00famero: Banca March, Diageo, Eurocaja Rural, Free Now, Helvetia Seguros, Jaguar Land Rover y Sprinter, y 10 colaboradores: Admetricks, Fluzo, GfK, IKI Group, Integral Ad Science, Jellyfish, Pinterest, Spotify, TikTok y Xandr.\u00a0\u00a0<br \/>\n<br \/>\n<!--noindex--><br \/>\n<a href=\"http:\/\/www.marketingnews.es\/profesionales\/noticia\/1165701031505\/javier-lopez-zafra-loreal-nuevo-presidente-de-aea.1.html\" rel=\"nofollow\">Source link <\/a><br \/>\n<!--\/noindex--><\/p>\n","protected":false},"excerpt":{"rendered":"<p>Javier L\u00f3pez-ZafraEl secretario general y del consejo de L\u2019Or\u00e9al Espa\u00f1a Javier L\u00f3pez Zafra\u00a0ha sido elegido presidente de la Asociaci\u00f3n Espa\u00f1ola de Anunciantes (AEA) en el transcurso del primer consejo directivo celebrado a continuaci\u00f3n de la asamblea general.\u00a0Con L\u00f3pez Zafra como presidente, el resto del comit\u00e9 ejecutivo ha quedado configurado por los vicepresidentes Luis G\u00f3mez (Iberdrola) [&hellip;]<\/p>\n","protected":false},"author":2,"featured_media":6715,"comment_status":"open","ping_status":"open","sticky":false,"template":"","format":"standard","meta":{"footnotes":""},"categories":[2],"tags":[],"class_list":["post-6714","post","type-post","status-publish","format-standard","has-post-thumbnail","hentry","category-noticias-de-internet-marketing"],"yoast_head":"<!-- This site is optimized with the Yoast SEO plugin v27.4 - https:\/\/yoast.com\/product\/yoast-seo-wordpress\/ -->\n<title>Javier L\u00f3pez Zafra (L&#039;Or\u00e9al), nuevo presidente de la AEA - Favorite News<\/title>\n<meta name=\"robots\" content=\"index, follow, max-snippet:-1, max-image-preview:large, max-video-preview:-1\" \/>\n<link rel=\"canonical\" href=\"https:\/\/favorite-news.com\/es\/javier-lopez-zafra-loreal-nuevo-presidente-de-la-aea\/\" \/>\n<meta property=\"og:locale\" content=\"es_ES\" \/>\n<meta property=\"og:type\" content=\"article\" \/>\n<meta property=\"og:title\" content=\"Javier L\u00f3pez Zafra (L&#039;Or\u00e9al), nuevo presidente de la AEA - Favorite News\" \/>\n<meta property=\"og:description\" content=\"Javier L\u00f3pez-ZafraEl secretario general y del consejo de L\u2019Or\u00e9al Espa\u00f1a Javier L\u00f3pez Zafra\u00a0ha sido elegido presidente de la Asociaci\u00f3n Espa\u00f1ola de Anunciantes (AEA) en el transcurso del primer consejo directivo celebrado a continuaci\u00f3n de la asamblea general.\u00a0Con L\u00f3pez Zafra como presidente, el resto del comit\u00e9 ejecutivo ha quedado configurado por los vicepresidentes Luis G\u00f3mez (Iberdrola) [&hellip;]\" \/>\n<meta property=\"og:url\" content=\"https:\/\/favorite-news.com\/es\/javier-lopez-zafra-loreal-nuevo-presidente-de-la-aea\/\" \/>\n<meta property=\"og:site_name\" content=\"Favorite News\" \/>\n<meta property=\"article:published_time\" content=\"2021-05-05T18:35:12+00:00\" \/>\n<meta property=\"article:modified_time\" content=\"2021-05-05T18:35:15+00:00\" \/>\n<meta property=\"og:image\" content=\"https:\/\/favorite-news.com\/es\/wp-content\/uploads\/sites\/4\/2021\/05\/Javier-Lopez-Zafra-LOreal-nuevo-presidente-de-la-AEA.jpg\" \/>\n\t<meta property=\"og:image:width\" content=\"530\" \/>\n\t<meta property=\"og:image:height\" content=\"302\" \/>\n\t<meta property=\"og:image:type\" content=\"image\/jpeg\" \/>\n<meta name=\"author\" content=\"favorite-news\" \/>\n<meta name=\"twitter:card\" content=\"summary_large_image\" \/>\n<meta name=\"twitter:label1\" content=\"Escrito por\" \/>\n\t<meta name=\"twitter:data1\" content=\"favorite-news\" \/>\n\t<meta name=\"twitter:label2\" content=\"Tiempo de lectura\" \/>\n\t<meta name=\"twitter:data2\" content=\"2 minutos\" \/>\n<script type=\"application\/ld+json\" class=\"yoast-schema-graph\">{\"@context\":\"https:\\\/\\\/schema.org\",\"@graph\":[{\"@type\":\"Article\",\"@id\":\"https:\\\/\\\/favorite-news.com\\\/es\\\/javier-lopez-zafra-loreal-nuevo-presidente-de-la-aea\\\/#article\",\"isPartOf\":{\"@id\":\"https:\\\/\\\/favorite-news.com\\\/es\\\/javier-lopez-zafra-loreal-nuevo-presidente-de-la-aea\\\/\"},\"author\":{\"name\":\"favorite-news\",\"@id\":\"https:\\\/\\\/favorite-news.com\\\/es\\\/#\\\/schema\\\/person\\\/b91573b717dcfa5e4696032a9d28d3e8\"},\"headline\":\"Javier L\u00f3pez Zafra (L&#8217;Or\u00e9al), nuevo presidente de la AEA\",\"datePublished\":\"2021-05-05T18:35:12+00:00\",\"dateModified\":\"2021-05-05T18:35:15+00:00\",\"mainEntityOfPage\":{\"@id\":\"https:\\\/\\\/favorite-news.com\\\/es\\\/javier-lopez-zafra-loreal-nuevo-presidente-de-la-aea\\\/\"},\"wordCount\":414,\"commentCount\":0,\"image\":{\"@id\":\"https:\\\/\\\/favorite-news.com\\\/es\\\/javier-lopez-zafra-loreal-nuevo-presidente-de-la-aea\\\/#primaryimage\"},\"thumbnailUrl\":\"https:\\\/\\\/favorite-news.com\\\/es\\\/wp-content\\\/uploads\\\/sites\\\/4\\\/2021\\\/05\\\/Javier-Lopez-Zafra-LOreal-nuevo-presidente-de-la-AEA.jpg\",\"articleSection\":[\"NOTICIAS DE INTERNET MARKETING\"],\"inLanguage\":\"es\",\"potentialAction\":[{\"@type\":\"CommentAction\",\"name\":\"Comment\",\"target\":[\"https:\\\/\\\/favorite-news.com\\\/es\\\/javier-lopez-zafra-loreal-nuevo-presidente-de-la-aea\\\/#respond\"]}]},{\"@type\":\"WebPage\",\"@id\":\"https:\\\/\\\/favorite-news.com\\\/es\\\/javier-lopez-zafra-loreal-nuevo-presidente-de-la-aea\\\/\",\"url\":\"https:\\\/\\\/favorite-news.com\\\/es\\\/javier-lopez-zafra-loreal-nuevo-presidente-de-la-aea\\\/\",\"name\":\"Javier L\u00f3pez Zafra (L'Or\u00e9al), nuevo presidente de la AEA - Favorite News\",\"isPartOf\":{\"@id\":\"https:\\\/\\\/favorite-news.com\\\/es\\\/#website\"},\"primaryImageOfPage\":{\"@id\":\"https:\\\/\\\/favorite-news.com\\\/es\\\/javier-lopez-zafra-loreal-nuevo-presidente-de-la-aea\\\/#primaryimage\"},\"image\":{\"@id\":\"https:\\\/\\\/favorite-news.com\\\/es\\\/javier-lopez-zafra-loreal-nuevo-presidente-de-la-aea\\\/#primaryimage\"},\"thumbnailUrl\":\"https:\\\/\\\/favorite-news.com\\\/es\\\/wp-content\\\/uploads\\\/sites\\\/4\\\/2021\\\/05\\\/Javier-Lopez-Zafra-LOreal-nuevo-presidente-de-la-AEA.jpg\",\"datePublished\":\"2021-05-05T18:35:12+00:00\",\"dateModified\":\"2021-05-05T18:35:15+00:00\",\"author\":{\"@id\":\"https:\\\/\\\/favorite-news.com\\\/es\\\/#\\\/schema\\\/person\\\/b91573b717dcfa5e4696032a9d28d3e8\"},\"breadcrumb\":{\"@id\":\"https:\\\/\\\/favorite-news.com\\\/es\\\/javier-lopez-zafra-loreal-nuevo-presidente-de-la-aea\\\/#breadcrumb\"},\"inLanguage\":\"es\",\"potentialAction\":[{\"@type\":\"ReadAction\",\"target\":[\"https:\\\/\\\/favorite-news.com\\\/es\\\/javier-lopez-zafra-loreal-nuevo-presidente-de-la-aea\\\/\"]}]},{\"@type\":\"ImageObject\",\"inLanguage\":\"es\",\"@id\":\"https:\\\/\\\/favorite-news.com\\\/es\\\/javier-lopez-zafra-loreal-nuevo-presidente-de-la-aea\\\/#primaryimage\",\"url\":\"https:\\\/\\\/favorite-news.com\\\/es\\\/wp-content\\\/uploads\\\/sites\\\/4\\\/2021\\\/05\\\/Javier-Lopez-Zafra-LOreal-nuevo-presidente-de-la-AEA.jpg\",\"contentUrl\":\"https:\\\/\\\/favorite-news.com\\\/es\\\/wp-content\\\/uploads\\\/sites\\\/4\\\/2021\\\/05\\\/Javier-Lopez-Zafra-LOreal-nuevo-presidente-de-la-AEA.jpg\",\"width\":530,\"height\":302,\"caption\":\"imagen\"},{\"@type\":\"BreadcrumbList\",\"@id\":\"https:\\\/\\\/favorite-news.com\\\/es\\\/javier-lopez-zafra-loreal-nuevo-presidente-de-la-aea\\\/#breadcrumb\",\"itemListElement\":[{\"@type\":\"ListItem\",\"position\":1,\"name\":\"Home\",\"item\":\"https:\\\/\\\/favorite-news.com\\\/es\\\/\"},{\"@type\":\"ListItem\",\"position\":2,\"name\":\"Javier L\u00f3pez Zafra (L&#8217;Or\u00e9al), nuevo presidente de la AEA\"}]},{\"@type\":\"WebSite\",\"@id\":\"https:\\\/\\\/favorite-news.com\\\/es\\\/#website\",\"url\":\"https:\\\/\\\/favorite-news.com\\\/es\\\/\",\"name\":\"Favorite News\",\"description\":\"Favorite News Espa\u00f1a\",\"potentialAction\":[{\"@type\":\"SearchAction\",\"target\":{\"@type\":\"EntryPoint\",\"urlTemplate\":\"https:\\\/\\\/favorite-news.com\\\/es\\\/?s={search_term_string}\"},\"query-input\":{\"@type\":\"PropertyValueSpecification\",\"valueRequired\":true,\"valueName\":\"search_term_string\"}}],\"inLanguage\":\"es\"},{\"@type\":\"Person\",\"@id\":\"https:\\\/\\\/favorite-news.com\\\/es\\\/#\\\/schema\\\/person\\\/b91573b717dcfa5e4696032a9d28d3e8\",\"name\":\"favorite-news\",\"image\":{\"@type\":\"ImageObject\",\"inLanguage\":\"es\",\"@id\":\"https:\\\/\\\/secure.gravatar.com\\\/avatar\\\/6c5a5cb12b74e9d517ee91cf570335b7d16177f1977cc91db161adfa435945a7?s=96&d=mm&r=g\",\"url\":\"https:\\\/\\\/secure.gravatar.com\\\/avatar\\\/6c5a5cb12b74e9d517ee91cf570335b7d16177f1977cc91db161adfa435945a7?s=96&d=mm&r=g\",\"contentUrl\":\"https:\\\/\\\/secure.gravatar.com\\\/avatar\\\/6c5a5cb12b74e9d517ee91cf570335b7d16177f1977cc91db161adfa435945a7?s=96&d=mm&r=g\",\"caption\":\"favorite-news\"},\"url\":\"https:\\\/\\\/favorite-news.com\\\/es\\\/author\\\/pt\\\/\"}]}<\/script>\n<!-- \/ Yoast SEO plugin. -->","yoast_head_json":{"title":"Javier L\u00f3pez Zafra (L'Or\u00e9al), nuevo presidente de la AEA - Favorite News","robots":{"index":"index","follow":"follow","max-snippet":"max-snippet:-1","max-image-preview":"max-image-preview:large","max-video-preview":"max-video-preview:-1"},"canonical":"https:\/\/favorite-news.com\/es\/javier-lopez-zafra-loreal-nuevo-presidente-de-la-aea\/","og_locale":"es_ES","og_type":"article","og_title":"Javier L\u00f3pez Zafra (L'Or\u00e9al), nuevo presidente de la AEA - Favorite News","og_description":"Javier L\u00f3pez-ZafraEl secretario general y del consejo de L\u2019Or\u00e9al Espa\u00f1a Javier L\u00f3pez Zafra\u00a0ha sido elegido presidente de la Asociaci\u00f3n Espa\u00f1ola de Anunciantes (AEA) en el transcurso del primer consejo directivo celebrado a continuaci\u00f3n de la asamblea general.\u00a0Con L\u00f3pez Zafra como presidente, el resto del comit\u00e9 ejecutivo ha quedado configurado por los vicepresidentes Luis G\u00f3mez (Iberdrola) [&hellip;]","og_url":"https:\/\/favorite-news.com\/es\/javier-lopez-zafra-loreal-nuevo-presidente-de-la-aea\/","og_site_name":"Favorite News","article_published_time":"2021-05-05T18:35:12+00:00","article_modified_time":"2021-05-05T18:35:15+00:00","og_image":[{"width":530,"height":302,"url":"https:\/\/favorite-news.com\/es\/wp-content\/uploads\/sites\/4\/2021\/05\/Javier-Lopez-Zafra-LOreal-nuevo-presidente-de-la-AEA.jpg","type":"image\/jpeg"}],"author":"favorite-news","twitter_card":"summary_large_image","twitter_misc":{"Escrito por":"favorite-news","Tiempo de lectura":"2 minutos"},"schema":{"@context":"https:\/\/schema.org","@graph":[{"@type":"Article","@id":"https:\/\/favorite-news.com\/es\/javier-lopez-zafra-loreal-nuevo-presidente-de-la-aea\/#article","isPartOf":{"@id":"https:\/\/favorite-news.com\/es\/javier-lopez-zafra-loreal-nuevo-presidente-de-la-aea\/"},"author":{"name":"favorite-news","@id":"https:\/\/favorite-news.com\/es\/#\/schema\/person\/b91573b717dcfa5e4696032a9d28d3e8"},"headline":"Javier L\u00f3pez Zafra (L&#8217;Or\u00e9al), nuevo presidente de la AEA","datePublished":"2021-05-05T18:35:12+00:00","dateModified":"2021-05-05T18:35:15+00:00","mainEntityOfPage":{"@id":"https:\/\/favorite-news.com\/es\/javier-lopez-zafra-loreal-nuevo-presidente-de-la-aea\/"},"wordCount":414,"commentCount":0,"image":{"@id":"https:\/\/favorite-news.com\/es\/javier-lopez-zafra-loreal-nuevo-presidente-de-la-aea\/#primaryimage"},"thumbnailUrl":"https:\/\/favorite-news.com\/es\/wp-content\/uploads\/sites\/4\/2021\/05\/Javier-Lopez-Zafra-LOreal-nuevo-presidente-de-la-AEA.jpg","articleSection":["NOTICIAS DE INTERNET MARKETING"],"inLanguage":"es","potentialAction":[{"@type":"CommentAction","name":"Comment","target":["https:\/\/favorite-news.com\/es\/javier-lopez-zafra-loreal-nuevo-presidente-de-la-aea\/#respond"]}]},{"@type":"WebPage","@id":"https:\/\/favorite-news.com\/es\/javier-lopez-zafra-loreal-nuevo-presidente-de-la-aea\/","url":"https:\/\/favorite-news.com\/es\/javier-lopez-zafra-loreal-nuevo-presidente-de-la-aea\/","name":"Javier L\u00f3pez Zafra (L'Or\u00e9al), nuevo presidente de la AEA - Favorite News","isPartOf":{"@id":"https:\/\/favorite-news.com\/es\/#website"},"primaryImageOfPage":{"@id":"https:\/\/favorite-news.com\/es\/javier-lopez-zafra-loreal-nuevo-presidente-de-la-aea\/#primaryimage"},"image":{"@id":"https:\/\/favorite-news.com\/es\/javier-lopez-zafra-loreal-nuevo-presidente-de-la-aea\/#primaryimage"},"thumbnailUrl":"https:\/\/favorite-news.com\/es\/wp-content\/uploads\/sites\/4\/2021\/05\/Javier-Lopez-Zafra-LOreal-nuevo-presidente-de-la-AEA.jpg","datePublished":"2021-05-05T18:35:12+00:00","dateModified":"2021-05-05T18:35:15+00:00","author":{"@id":"https:\/\/favorite-news.com\/es\/#\/schema\/person\/b91573b717dcfa5e4696032a9d28d3e8"},"breadcrumb":{"@id":"https:\/\/favorite-news.com\/es\/javier-lopez-zafra-loreal-nuevo-presidente-de-la-aea\/#breadcrumb"},"inLanguage":"es","potentialAction":[{"@type":"ReadAction","target":["https:\/\/favorite-news.com\/es\/javier-lopez-zafra-loreal-nuevo-presidente-de-la-aea\/"]}]},{"@type":"ImageObject","inLanguage":"es","@id":"https:\/\/favorite-news.com\/es\/javier-lopez-zafra-loreal-nuevo-presidente-de-la-aea\/#primaryimage","url":"https:\/\/favorite-news.com\/es\/wp-content\/uploads\/sites\/4\/2021\/05\/Javier-Lopez-Zafra-LOreal-nuevo-presidente-de-la-AEA.jpg","contentUrl":"https:\/\/favorite-news.com\/es\/wp-content\/uploads\/sites\/4\/2021\/05\/Javier-Lopez-Zafra-LOreal-nuevo-presidente-de-la-AEA.jpg","width":530,"height":302,"caption":"imagen"},{"@type":"BreadcrumbList","@id":"https:\/\/favorite-news.com\/es\/javier-lopez-zafra-loreal-nuevo-presidente-de-la-aea\/#breadcrumb","itemListElement":[{"@type":"ListItem","position":1,"name":"Home","item":"https:\/\/favorite-news.com\/es\/"},{"@type":"ListItem","position":2,"name":"Javier L\u00f3pez Zafra (L&#8217;Or\u00e9al), nuevo presidente de la AEA"}]},{"@type":"WebSite","@id":"https:\/\/favorite-news.com\/es\/#website","url":"https:\/\/favorite-news.com\/es\/","name":"Favorite News","description":"Favorite News Espa\u00f1a","potentialAction":[{"@type":"SearchAction","target":{"@type":"EntryPoint","urlTemplate":"https:\/\/favorite-news.com\/es\/?s={search_term_string}"},"query-input":{"@type":"PropertyValueSpecification","valueRequired":true,"valueName":"search_term_string"}}],"inLanguage":"es"},{"@type":"Person","@id":"https:\/\/favorite-news.com\/es\/#\/schema\/person\/b91573b717dcfa5e4696032a9d28d3e8","name":"favorite-news","image":{"@type":"ImageObject","inLanguage":"es","@id":"https:\/\/secure.gravatar.com\/avatar\/6c5a5cb12b74e9d517ee91cf570335b7d16177f1977cc91db161adfa435945a7?s=96&d=mm&r=g","url":"https:\/\/secure.gravatar.com\/avatar\/6c5a5cb12b74e9d517ee91cf570335b7d16177f1977cc91db161adfa435945a7?s=96&d=mm&r=g","contentUrl":"https:\/\/secure.gravatar.com\/avatar\/6c5a5cb12b74e9d517ee91cf570335b7d16177f1977cc91db161adfa435945a7?s=96&d=mm&r=g","caption":"favorite-news"},"url":"https:\/\/favorite-news.com\/es\/author\/pt\/"}]}},"_links":{"self":[{"href":"https:\/\/favorite-news.com\/es\/wp-json\/wp\/v2\/posts\/6714","targetHints":{"allow":["GET"]}}],"collection":[{"href":"https:\/\/favorite-news.com\/es\/wp-json\/wp\/v2\/posts"}],"about":[{"href":"https:\/\/favorite-news.com\/es\/wp-json\/wp\/v2\/types\/post"}],"author":[{"embeddable":true,"href":"https:\/\/favorite-news.com\/es\/wp-json\/wp\/v2\/users\/2"}],"replies":[{"embeddable":true,"href":"https:\/\/favorite-news.com\/es\/wp-json\/wp\/v2\/comments?post=6714"}],"version-history":[{"count":1,"href":"https:\/\/favorite-news.com\/es\/wp-json\/wp\/v2\/posts\/6714\/revisions"}],"predecessor-version":[{"id":6716,"href":"https:\/\/favorite-news.com\/es\/wp-json\/wp\/v2\/posts\/6714\/revisions\/6716"}],"wp:featuredmedia":[{"embeddable":true,"href":"https:\/\/favorite-news.com\/es\/wp-json\/wp\/v2\/media\/6715"}],"wp:attachment":[{"href":"https:\/\/favorite-news.com\/es\/wp-json\/wp\/v2\/media?parent=6714"}],"wp:term":[{"taxonomy":"category","embeddable":true,"href":"https:\/\/favorite-news.com\/es\/wp-json\/wp\/v2\/categories?post=6714"},{"taxonomy":"post_tag","embeddable":true,"href":"https:\/\/favorite-news.com\/es\/wp-json\/wp\/v2\/tags?post=6714"}],"curies":[{"name":"wp","href":"https:\/\/api.w.org\/{rel}","templated":true}]}}