{"id":6419,"date":"2021-04-06T17:38:01","date_gmt":"2021-04-06T14:38:01","guid":{"rendered":"https:\/\/favorite-news.com\/es\/primera-campana-en-television-de-el-aguila-tras-su-relanzamiento\/"},"modified":"2021-04-06T17:38:04","modified_gmt":"2021-04-06T14:38:04","slug":"primera-campana-en-television-de-el-aguila-tras-su-relanzamiento","status":"publish","type":"post","link":"https:\/\/favorite-news.com\/es\/primera-campana-en-television-de-el-aguila-tras-su-relanzamiento\/","title":{"rendered":"Primera campa\u00f1a en televisi\u00f3n de El \u00c1guila, tras su relanzamiento"},"content":{"rendered":"<p>Mono firma la creatividadTras un largo letargo de d\u00e9cadas, la centenaria cerveza El \u00c1guila volvi\u00f3 con fuerza en 2019 de la mano de Heineken. Tras una campa\u00f1a de lanzamiento centrada en Madrid y en exterior, el anunciante ha confiado en la agencia Mono para la primera campa\u00f1a nacional de publicidad de la marca, centrada en un mensaje con el que invita a\u00a0dar la vuelta a lo que sea necesario para \u00absaborear tu liberta\u00bb\u2019. Televisi\u00f3n, internet (Instagram, Twitch\u00a0y Twitter) \u00a0y radio son los medios en los que se difunde la creatividad. Pixel&amp;Pixel es la agencia digital de la campa\u00f1a y\u00a0Dentsu Red Star maneja los medios.\u201cSi algo hemos aprendido estos \u00faltimos meses, es que la libertad no es algo que est\u00e9 fuera de nosotros, si no dentro\u201d, comenta Luc\u00eda L\u00f3pez-R\u00faa, directora de marketing de Heineken Espa\u00f1a. \u201cEsa libertad que encontramos cuando tenemos\u00a0la valent\u00eda de ser aut\u00e9nticos y escribir nuestro propio camino, como en su d\u00eda hizo nuestro fundador, un inconformista que crey\u00f3 en que pod\u00eda hacer una cerveza de calidad, y la hizo\u201d,\u00a0explica.El spot es una pieza sencilla rodada en pel\u00edcula de 35 mm como las viejas producciones, sin filtros, org\u00e1nica.\u00a0\u201cEra importante crear algo bello, pero dejando ver las imperfecciones, que son parte de esa belleza\u201d,\u00a0explican desde la marca. La sensorialidad de la pieza, rodada en el Pantano de Sau en la comarca de Osona (Barcelona), viene acompa\u00f1ada de una m\u00fasica compuesta en exclusiva para El \u00c1guila y que evoca los ritmos primitivos de la txalaparta, un instrumento tradicional de Pa\u00eds Vasco y Navarra.\u00a0La cervecera presenta en esta campa\u00f1a El \u00c1guila Sin Filtrar, una lager especial ligeramente turbia\u00a0cuya elaboraci\u00f3n moderna se inspira\u00a0en los m\u00e9todos de 1900.\u00a0Al ser una cerveza sin filtrar, antes de disfrutarla es necesario darle la vuelta para despertar su levadura en suspensi\u00f3n y as\u00ed todo su sabor.\u00a0<br \/>\n<br \/>\n<!--noindex--><br \/>\n<a href=\"http:\/\/www.marketingnews.es\/marcas\/noticia\/1165200054305\/primera-campana-television-de-aguila-relanzamiento.1.html\" rel=\"nofollow\">Source link <\/a><br \/>\n<!--\/noindex--><\/p>\n","protected":false},"excerpt":{"rendered":"<p>Mono firma la creatividadTras un largo letargo de d\u00e9cadas, la centenaria cerveza El \u00c1guila volvi\u00f3 con fuerza en 2019 de la mano de Heineken. Tras una campa\u00f1a de lanzamiento centrada en Madrid y en exterior, el anunciante ha confiado en la agencia Mono para la primera campa\u00f1a nacional de publicidad de la marca, centrada en [&hellip;]<\/p>\n","protected":false},"author":2,"featured_media":6420,"comment_status":"open","ping_status":"open","sticky":false,"template":"","format":"standard","meta":{"footnotes":""},"categories":[2],"tags":[],"class_list":["post-6419","post","type-post","status-publish","format-standard","has-post-thumbnail","hentry","category-noticias-de-internet-marketing"],"yoast_head":"<!-- This site is optimized with the Yoast SEO plugin v27.4 - https:\/\/yoast.com\/product\/yoast-seo-wordpress\/ -->\n<title>Primera campa\u00f1a en televisi\u00f3n de El \u00c1guila, tras su relanzamiento - Favorite News<\/title>\n<meta name=\"robots\" content=\"index, follow, max-snippet:-1, max-image-preview:large, max-video-preview:-1\" \/>\n<link rel=\"canonical\" href=\"https:\/\/favorite-news.com\/es\/primera-campana-en-television-de-el-aguila-tras-su-relanzamiento\/\" \/>\n<meta property=\"og:locale\" content=\"es_ES\" \/>\n<meta property=\"og:type\" content=\"article\" \/>\n<meta property=\"og:title\" content=\"Primera campa\u00f1a en televisi\u00f3n de El \u00c1guila, tras su relanzamiento - Favorite News\" \/>\n<meta property=\"og:description\" content=\"Mono firma la creatividadTras un largo letargo de d\u00e9cadas, la centenaria cerveza El \u00c1guila volvi\u00f3 con fuerza en 2019 de la mano de Heineken. Tras una campa\u00f1a de lanzamiento centrada en Madrid y en exterior, el anunciante ha confiado en la agencia Mono para la primera campa\u00f1a nacional de publicidad de la marca, centrada en [&hellip;]\" \/>\n<meta property=\"og:url\" content=\"https:\/\/favorite-news.com\/es\/primera-campana-en-television-de-el-aguila-tras-su-relanzamiento\/\" \/>\n<meta property=\"og:site_name\" content=\"Favorite News\" \/>\n<meta property=\"article:published_time\" content=\"2021-04-06T14:38:01+00:00\" \/>\n<meta property=\"article:modified_time\" content=\"2021-04-06T14:38:04+00:00\" \/>\n<meta property=\"og:image\" content=\"https:\/\/favorite-news.com\/es\/wp-content\/uploads\/sites\/4\/2021\/04\/Primera-campana-en-television-de-El-Aguila-tras-su-relanzamiento.jpg\" \/>\n\t<meta property=\"og:image:width\" content=\"530\" \/>\n\t<meta property=\"og:image:height\" content=\"301\" \/>\n\t<meta property=\"og:image:type\" content=\"image\/jpeg\" \/>\n<meta name=\"author\" content=\"favorite-news\" \/>\n<meta name=\"twitter:card\" content=\"summary_large_image\" \/>\n<meta name=\"twitter:label1\" content=\"Escrito por\" \/>\n\t<meta name=\"twitter:data1\" content=\"favorite-news\" \/>\n\t<meta name=\"twitter:label2\" content=\"Tiempo de lectura\" \/>\n\t<meta name=\"twitter:data2\" content=\"2 minutos\" \/>\n<script type=\"application\/ld+json\" class=\"yoast-schema-graph\">{\"@context\":\"https:\\\/\\\/schema.org\",\"@graph\":[{\"@type\":\"Article\",\"@id\":\"https:\\\/\\\/favorite-news.com\\\/es\\\/primera-campana-en-television-de-el-aguila-tras-su-relanzamiento\\\/#article\",\"isPartOf\":{\"@id\":\"https:\\\/\\\/favorite-news.com\\\/es\\\/primera-campana-en-television-de-el-aguila-tras-su-relanzamiento\\\/\"},\"author\":{\"name\":\"favorite-news\",\"@id\":\"https:\\\/\\\/favorite-news.com\\\/es\\\/#\\\/schema\\\/person\\\/b91573b717dcfa5e4696032a9d28d3e8\"},\"headline\":\"Primera campa\u00f1a en televisi\u00f3n de El \u00c1guila, tras su relanzamiento\",\"datePublished\":\"2021-04-06T14:38:01+00:00\",\"dateModified\":\"2021-04-06T14:38:04+00:00\",\"mainEntityOfPage\":{\"@id\":\"https:\\\/\\\/favorite-news.com\\\/es\\\/primera-campana-en-television-de-el-aguila-tras-su-relanzamiento\\\/\"},\"wordCount\":346,\"commentCount\":0,\"image\":{\"@id\":\"https:\\\/\\\/favorite-news.com\\\/es\\\/primera-campana-en-television-de-el-aguila-tras-su-relanzamiento\\\/#primaryimage\"},\"thumbnailUrl\":\"https:\\\/\\\/favorite-news.com\\\/es\\\/wp-content\\\/uploads\\\/sites\\\/4\\\/2021\\\/04\\\/Primera-campana-en-television-de-El-Aguila-tras-su-relanzamiento.jpg\",\"articleSection\":[\"NOTICIAS DE INTERNET MARKETING\"],\"inLanguage\":\"es\",\"potentialAction\":[{\"@type\":\"CommentAction\",\"name\":\"Comment\",\"target\":[\"https:\\\/\\\/favorite-news.com\\\/es\\\/primera-campana-en-television-de-el-aguila-tras-su-relanzamiento\\\/#respond\"]}]},{\"@type\":\"WebPage\",\"@id\":\"https:\\\/\\\/favorite-news.com\\\/es\\\/primera-campana-en-television-de-el-aguila-tras-su-relanzamiento\\\/\",\"url\":\"https:\\\/\\\/favorite-news.com\\\/es\\\/primera-campana-en-television-de-el-aguila-tras-su-relanzamiento\\\/\",\"name\":\"Primera campa\u00f1a en televisi\u00f3n de El \u00c1guila, tras su relanzamiento - Favorite News\",\"isPartOf\":{\"@id\":\"https:\\\/\\\/favorite-news.com\\\/es\\\/#website\"},\"primaryImageOfPage\":{\"@id\":\"https:\\\/\\\/favorite-news.com\\\/es\\\/primera-campana-en-television-de-el-aguila-tras-su-relanzamiento\\\/#primaryimage\"},\"image\":{\"@id\":\"https:\\\/\\\/favorite-news.com\\\/es\\\/primera-campana-en-television-de-el-aguila-tras-su-relanzamiento\\\/#primaryimage\"},\"thumbnailUrl\":\"https:\\\/\\\/favorite-news.com\\\/es\\\/wp-content\\\/uploads\\\/sites\\\/4\\\/2021\\\/04\\\/Primera-campana-en-television-de-El-Aguila-tras-su-relanzamiento.jpg\",\"datePublished\":\"2021-04-06T14:38:01+00:00\",\"dateModified\":\"2021-04-06T14:38:04+00:00\",\"author\":{\"@id\":\"https:\\\/\\\/favorite-news.com\\\/es\\\/#\\\/schema\\\/person\\\/b91573b717dcfa5e4696032a9d28d3e8\"},\"breadcrumb\":{\"@id\":\"https:\\\/\\\/favorite-news.com\\\/es\\\/primera-campana-en-television-de-el-aguila-tras-su-relanzamiento\\\/#breadcrumb\"},\"inLanguage\":\"es\",\"potentialAction\":[{\"@type\":\"ReadAction\",\"target\":[\"https:\\\/\\\/favorite-news.com\\\/es\\\/primera-campana-en-television-de-el-aguila-tras-su-relanzamiento\\\/\"]}]},{\"@type\":\"ImageObject\",\"inLanguage\":\"es\",\"@id\":\"https:\\\/\\\/favorite-news.com\\\/es\\\/primera-campana-en-television-de-el-aguila-tras-su-relanzamiento\\\/#primaryimage\",\"url\":\"https:\\\/\\\/favorite-news.com\\\/es\\\/wp-content\\\/uploads\\\/sites\\\/4\\\/2021\\\/04\\\/Primera-campana-en-television-de-El-Aguila-tras-su-relanzamiento.jpg\",\"contentUrl\":\"https:\\\/\\\/favorite-news.com\\\/es\\\/wp-content\\\/uploads\\\/sites\\\/4\\\/2021\\\/04\\\/Primera-campana-en-television-de-El-Aguila-tras-su-relanzamiento.jpg\",\"width\":530,\"height\":301,\"caption\":\"Primera campa\u00f1a en televisi\u00f3n de El \u00c1guila, tras su relanzamiento\"},{\"@type\":\"BreadcrumbList\",\"@id\":\"https:\\\/\\\/favorite-news.com\\\/es\\\/primera-campana-en-television-de-el-aguila-tras-su-relanzamiento\\\/#breadcrumb\",\"itemListElement\":[{\"@type\":\"ListItem\",\"position\":1,\"name\":\"Home\",\"item\":\"https:\\\/\\\/favorite-news.com\\\/es\\\/\"},{\"@type\":\"ListItem\",\"position\":2,\"name\":\"Primera campa\u00f1a en televisi\u00f3n de El \u00c1guila, tras su relanzamiento\"}]},{\"@type\":\"WebSite\",\"@id\":\"https:\\\/\\\/favorite-news.com\\\/es\\\/#website\",\"url\":\"https:\\\/\\\/favorite-news.com\\\/es\\\/\",\"name\":\"Favorite News\",\"description\":\"Favorite News Espa\u00f1a\",\"potentialAction\":[{\"@type\":\"SearchAction\",\"target\":{\"@type\":\"EntryPoint\",\"urlTemplate\":\"https:\\\/\\\/favorite-news.com\\\/es\\\/?s={search_term_string}\"},\"query-input\":{\"@type\":\"PropertyValueSpecification\",\"valueRequired\":true,\"valueName\":\"search_term_string\"}}],\"inLanguage\":\"es\"},{\"@type\":\"Person\",\"@id\":\"https:\\\/\\\/favorite-news.com\\\/es\\\/#\\\/schema\\\/person\\\/b91573b717dcfa5e4696032a9d28d3e8\",\"name\":\"favorite-news\",\"image\":{\"@type\":\"ImageObject\",\"inLanguage\":\"es\",\"@id\":\"https:\\\/\\\/secure.gravatar.com\\\/avatar\\\/6c5a5cb12b74e9d517ee91cf570335b7d16177f1977cc91db161adfa435945a7?s=96&d=mm&r=g\",\"url\":\"https:\\\/\\\/secure.gravatar.com\\\/avatar\\\/6c5a5cb12b74e9d517ee91cf570335b7d16177f1977cc91db161adfa435945a7?s=96&d=mm&r=g\",\"contentUrl\":\"https:\\\/\\\/secure.gravatar.com\\\/avatar\\\/6c5a5cb12b74e9d517ee91cf570335b7d16177f1977cc91db161adfa435945a7?s=96&d=mm&r=g\",\"caption\":\"favorite-news\"},\"url\":\"https:\\\/\\\/favorite-news.com\\\/es\\\/author\\\/pt\\\/\"}]}<\/script>\n<!-- \/ Yoast SEO plugin. -->","yoast_head_json":{"title":"Primera campa\u00f1a en televisi\u00f3n de El \u00c1guila, tras su relanzamiento - Favorite News","robots":{"index":"index","follow":"follow","max-snippet":"max-snippet:-1","max-image-preview":"max-image-preview:large","max-video-preview":"max-video-preview:-1"},"canonical":"https:\/\/favorite-news.com\/es\/primera-campana-en-television-de-el-aguila-tras-su-relanzamiento\/","og_locale":"es_ES","og_type":"article","og_title":"Primera campa\u00f1a en televisi\u00f3n de El \u00c1guila, tras su relanzamiento - Favorite News","og_description":"Mono firma la creatividadTras un largo letargo de d\u00e9cadas, la centenaria cerveza El \u00c1guila volvi\u00f3 con fuerza en 2019 de la mano de Heineken. Tras una campa\u00f1a de lanzamiento centrada en Madrid y en exterior, el anunciante ha confiado en la agencia Mono para la primera campa\u00f1a nacional de publicidad de la marca, centrada en [&hellip;]","og_url":"https:\/\/favorite-news.com\/es\/primera-campana-en-television-de-el-aguila-tras-su-relanzamiento\/","og_site_name":"Favorite News","article_published_time":"2021-04-06T14:38:01+00:00","article_modified_time":"2021-04-06T14:38:04+00:00","og_image":[{"width":530,"height":301,"url":"https:\/\/favorite-news.com\/es\/wp-content\/uploads\/sites\/4\/2021\/04\/Primera-campana-en-television-de-El-Aguila-tras-su-relanzamiento.jpg","type":"image\/jpeg"}],"author":"favorite-news","twitter_card":"summary_large_image","twitter_misc":{"Escrito por":"favorite-news","Tiempo de lectura":"2 minutos"},"schema":{"@context":"https:\/\/schema.org","@graph":[{"@type":"Article","@id":"https:\/\/favorite-news.com\/es\/primera-campana-en-television-de-el-aguila-tras-su-relanzamiento\/#article","isPartOf":{"@id":"https:\/\/favorite-news.com\/es\/primera-campana-en-television-de-el-aguila-tras-su-relanzamiento\/"},"author":{"name":"favorite-news","@id":"https:\/\/favorite-news.com\/es\/#\/schema\/person\/b91573b717dcfa5e4696032a9d28d3e8"},"headline":"Primera campa\u00f1a en televisi\u00f3n de El \u00c1guila, tras su relanzamiento","datePublished":"2021-04-06T14:38:01+00:00","dateModified":"2021-04-06T14:38:04+00:00","mainEntityOfPage":{"@id":"https:\/\/favorite-news.com\/es\/primera-campana-en-television-de-el-aguila-tras-su-relanzamiento\/"},"wordCount":346,"commentCount":0,"image":{"@id":"https:\/\/favorite-news.com\/es\/primera-campana-en-television-de-el-aguila-tras-su-relanzamiento\/#primaryimage"},"thumbnailUrl":"https:\/\/favorite-news.com\/es\/wp-content\/uploads\/sites\/4\/2021\/04\/Primera-campana-en-television-de-El-Aguila-tras-su-relanzamiento.jpg","articleSection":["NOTICIAS DE INTERNET MARKETING"],"inLanguage":"es","potentialAction":[{"@type":"CommentAction","name":"Comment","target":["https:\/\/favorite-news.com\/es\/primera-campana-en-television-de-el-aguila-tras-su-relanzamiento\/#respond"]}]},{"@type":"WebPage","@id":"https:\/\/favorite-news.com\/es\/primera-campana-en-television-de-el-aguila-tras-su-relanzamiento\/","url":"https:\/\/favorite-news.com\/es\/primera-campana-en-television-de-el-aguila-tras-su-relanzamiento\/","name":"Primera campa\u00f1a en televisi\u00f3n de El \u00c1guila, tras su relanzamiento - Favorite News","isPartOf":{"@id":"https:\/\/favorite-news.com\/es\/#website"},"primaryImageOfPage":{"@id":"https:\/\/favorite-news.com\/es\/primera-campana-en-television-de-el-aguila-tras-su-relanzamiento\/#primaryimage"},"image":{"@id":"https:\/\/favorite-news.com\/es\/primera-campana-en-television-de-el-aguila-tras-su-relanzamiento\/#primaryimage"},"thumbnailUrl":"https:\/\/favorite-news.com\/es\/wp-content\/uploads\/sites\/4\/2021\/04\/Primera-campana-en-television-de-El-Aguila-tras-su-relanzamiento.jpg","datePublished":"2021-04-06T14:38:01+00:00","dateModified":"2021-04-06T14:38:04+00:00","author":{"@id":"https:\/\/favorite-news.com\/es\/#\/schema\/person\/b91573b717dcfa5e4696032a9d28d3e8"},"breadcrumb":{"@id":"https:\/\/favorite-news.com\/es\/primera-campana-en-television-de-el-aguila-tras-su-relanzamiento\/#breadcrumb"},"inLanguage":"es","potentialAction":[{"@type":"ReadAction","target":["https:\/\/favorite-news.com\/es\/primera-campana-en-television-de-el-aguila-tras-su-relanzamiento\/"]}]},{"@type":"ImageObject","inLanguage":"es","@id":"https:\/\/favorite-news.com\/es\/primera-campana-en-television-de-el-aguila-tras-su-relanzamiento\/#primaryimage","url":"https:\/\/favorite-news.com\/es\/wp-content\/uploads\/sites\/4\/2021\/04\/Primera-campana-en-television-de-El-Aguila-tras-su-relanzamiento.jpg","contentUrl":"https:\/\/favorite-news.com\/es\/wp-content\/uploads\/sites\/4\/2021\/04\/Primera-campana-en-television-de-El-Aguila-tras-su-relanzamiento.jpg","width":530,"height":301,"caption":"Primera campa\u00f1a en televisi\u00f3n de El \u00c1guila, tras su relanzamiento"},{"@type":"BreadcrumbList","@id":"https:\/\/favorite-news.com\/es\/primera-campana-en-television-de-el-aguila-tras-su-relanzamiento\/#breadcrumb","itemListElement":[{"@type":"ListItem","position":1,"name":"Home","item":"https:\/\/favorite-news.com\/es\/"},{"@type":"ListItem","position":2,"name":"Primera campa\u00f1a en televisi\u00f3n de El \u00c1guila, tras su relanzamiento"}]},{"@type":"WebSite","@id":"https:\/\/favorite-news.com\/es\/#website","url":"https:\/\/favorite-news.com\/es\/","name":"Favorite News","description":"Favorite News Espa\u00f1a","potentialAction":[{"@type":"SearchAction","target":{"@type":"EntryPoint","urlTemplate":"https:\/\/favorite-news.com\/es\/?s={search_term_string}"},"query-input":{"@type":"PropertyValueSpecification","valueRequired":true,"valueName":"search_term_string"}}],"inLanguage":"es"},{"@type":"Person","@id":"https:\/\/favorite-news.com\/es\/#\/schema\/person\/b91573b717dcfa5e4696032a9d28d3e8","name":"favorite-news","image":{"@type":"ImageObject","inLanguage":"es","@id":"https:\/\/secure.gravatar.com\/avatar\/6c5a5cb12b74e9d517ee91cf570335b7d16177f1977cc91db161adfa435945a7?s=96&d=mm&r=g","url":"https:\/\/secure.gravatar.com\/avatar\/6c5a5cb12b74e9d517ee91cf570335b7d16177f1977cc91db161adfa435945a7?s=96&d=mm&r=g","contentUrl":"https:\/\/secure.gravatar.com\/avatar\/6c5a5cb12b74e9d517ee91cf570335b7d16177f1977cc91db161adfa435945a7?s=96&d=mm&r=g","caption":"favorite-news"},"url":"https:\/\/favorite-news.com\/es\/author\/pt\/"}]}},"_links":{"self":[{"href":"https:\/\/favorite-news.com\/es\/wp-json\/wp\/v2\/posts\/6419","targetHints":{"allow":["GET"]}}],"collection":[{"href":"https:\/\/favorite-news.com\/es\/wp-json\/wp\/v2\/posts"}],"about":[{"href":"https:\/\/favorite-news.com\/es\/wp-json\/wp\/v2\/types\/post"}],"author":[{"embeddable":true,"href":"https:\/\/favorite-news.com\/es\/wp-json\/wp\/v2\/users\/2"}],"replies":[{"embeddable":true,"href":"https:\/\/favorite-news.com\/es\/wp-json\/wp\/v2\/comments?post=6419"}],"version-history":[{"count":1,"href":"https:\/\/favorite-news.com\/es\/wp-json\/wp\/v2\/posts\/6419\/revisions"}],"predecessor-version":[{"id":6421,"href":"https:\/\/favorite-news.com\/es\/wp-json\/wp\/v2\/posts\/6419\/revisions\/6421"}],"wp:featuredmedia":[{"embeddable":true,"href":"https:\/\/favorite-news.com\/es\/wp-json\/wp\/v2\/media\/6420"}],"wp:attachment":[{"href":"https:\/\/favorite-news.com\/es\/wp-json\/wp\/v2\/media?parent=6419"}],"wp:term":[{"taxonomy":"category","embeddable":true,"href":"https:\/\/favorite-news.com\/es\/wp-json\/wp\/v2\/categories?post=6419"},{"taxonomy":"post_tag","embeddable":true,"href":"https:\/\/favorite-news.com\/es\/wp-json\/wp\/v2\/tags?post=6419"}],"curies":[{"name":"wp","href":"https:\/\/api.w.org\/{rel}","templated":true}]}}