{"id":6409,"date":"2021-04-05T17:25:27","date_gmt":"2021-04-05T14:25:27","guid":{"rendered":"https:\/\/favorite-news.com\/es\/pascual-abre-tienda-en-amazon-para-su-marca-mocay\/"},"modified":"2021-04-05T17:25:30","modified_gmt":"2021-04-05T14:25:30","slug":"pascual-abre-tienda-en-amazon-para-su-marca-mocay","status":"publish","type":"post","link":"https:\/\/favorite-news.com\/es\/pascual-abre-tienda-en-amazon-para-su-marca-mocay\/","title":{"rendered":"Pascual  abre tienda en Amazon para su marca Mocay"},"content":{"rendered":"<p>Pascual ha creado una\u00a0brand store\u00a0en Amazon para vender caf\u00e9 de su marca Mocay. La empresa de alimentaci\u00f3n y bebidas extiende as\u00ed el llamaso \u2018el caf\u00e9 de los baristas\u2019 a un nuevo p\u00fablico, ya que hasta ahora solo se vend\u00eda a la hosteler\u00eda. La marca vender\u00e1 cuatro tipos de packs de caf\u00e9: molido compuesto por 6 paquetes de 250 gramos natural o descafeinado; pack de c\u00e1psulas, con 100 c\u00e1psulas compatibles con m\u00e1quinas Nespresso; pack mixto de infusiones y pack ready to drink compuesto por 20 vasos de caf\u00e9 listo para tomar.Tal y como se\u00f1ala en un comunicado Juan Carlos Rey, director del negocio de caf\u00e9 de Pascual, \u201cuna compa\u00f1\u00eda l\u00edder debe adaptarse a todos estos cambios y convertirlos en una ventaja competitiva. Uno de los retos en los que m\u00e1s r\u00e1pido ha avanzado en el sector alimentario es el de la omnicanalidad. Es decir, poner al consumidor en el centro de todo lo que hagamos, aspirar a que la experiencia del consumidor con nuestras marcas sea la misma, con independencia del canal de contacto.\u00a0Mocay, despu\u00e9s de entrar en retail con dos categor\u00edas de producto en 2020, da un paso al frente en este sentido y vender\u00e1 directamente al consumidor- D2C o Direct To Consumer en una brand store en Amazon.\u00a0Las oportunidades que se abren son ampl\u00edsimas y estamos solo ante el principio\u201d.La brand store de Amazon es una herramienta que permite a las marcas dise\u00f1ar y crear cat\u00e1logos multip\u00e1gina para mostrar sus productos y una propuesta de valor \u00fanica para los consumidores. Los usuarios que llegan a una tienda Amazon pueden comprar una colecci\u00f3n de productos de la marca en una experiencia de compra personalizada y centrada en la marca. ?\u00a0<br \/>\n<br \/>\n<!--noindex--><br \/>\n<a href=\"http:\/\/www.marketingnews.es\/marcas\/noticia\/1165177054305\/pascual-abre-tienda-amazon-marca-mocay.1.html\" rel=\"nofollow\">Source link <\/a><br \/>\n<!--\/noindex--><\/p>\n","protected":false},"excerpt":{"rendered":"<p>Pascual ha creado una\u00a0brand store\u00a0en Amazon para vender caf\u00e9 de su marca Mocay. La empresa de alimentaci\u00f3n y bebidas extiende as\u00ed el llamaso \u2018el caf\u00e9 de los baristas\u2019 a un nuevo p\u00fablico, ya que hasta ahora solo se vend\u00eda a la hosteler\u00eda. La marca vender\u00e1 cuatro tipos de packs de caf\u00e9: molido compuesto por 6 [&hellip;]<\/p>\n","protected":false},"author":2,"featured_media":6410,"comment_status":"open","ping_status":"open","sticky":false,"template":"","format":"standard","meta":{"footnotes":""},"categories":[2],"tags":[],"class_list":["post-6409","post","type-post","status-publish","format-standard","has-post-thumbnail","hentry","category-noticias-de-internet-marketing"],"yoast_head":"<!-- This site is optimized with the Yoast SEO plugin v27.4 - https:\/\/yoast.com\/product\/yoast-seo-wordpress\/ -->\n<title>Pascual abre tienda en Amazon para su marca Mocay - Favorite News<\/title>\n<meta name=\"robots\" content=\"index, follow, max-snippet:-1, max-image-preview:large, max-video-preview:-1\" \/>\n<link rel=\"canonical\" href=\"https:\/\/favorite-news.com\/es\/pascual-abre-tienda-en-amazon-para-su-marca-mocay\/\" \/>\n<meta property=\"og:locale\" content=\"es_ES\" \/>\n<meta property=\"og:type\" content=\"article\" \/>\n<meta property=\"og:title\" content=\"Pascual abre tienda en Amazon para su marca Mocay - Favorite News\" \/>\n<meta property=\"og:description\" content=\"Pascual ha creado una\u00a0brand store\u00a0en Amazon para vender caf\u00e9 de su marca Mocay. La empresa de alimentaci\u00f3n y bebidas extiende as\u00ed el llamaso \u2018el caf\u00e9 de los baristas\u2019 a un nuevo p\u00fablico, ya que hasta ahora solo se vend\u00eda a la hosteler\u00eda. La marca vender\u00e1 cuatro tipos de packs de caf\u00e9: molido compuesto por 6 [&hellip;]\" \/>\n<meta property=\"og:url\" content=\"https:\/\/favorite-news.com\/es\/pascual-abre-tienda-en-amazon-para-su-marca-mocay\/\" \/>\n<meta property=\"og:site_name\" content=\"Favorite News\" \/>\n<meta property=\"article:published_time\" content=\"2021-04-05T14:25:27+00:00\" \/>\n<meta property=\"article:modified_time\" content=\"2021-04-05T14:25:30+00:00\" \/>\n<meta property=\"og:image\" content=\"https:\/\/favorite-news.com\/es\/wp-content\/uploads\/sites\/4\/2021\/04\/Pascual-abre-tienda-en-Amazon-para-su-marca-Mocay.jpg\" \/>\n\t<meta property=\"og:image:width\" content=\"530\" \/>\n\t<meta property=\"og:image:height\" content=\"300\" \/>\n\t<meta property=\"og:image:type\" content=\"image\/jpeg\" \/>\n<meta name=\"author\" content=\"favorite-news\" \/>\n<meta name=\"twitter:card\" content=\"summary_large_image\" \/>\n<meta name=\"twitter:label1\" content=\"Escrito por\" \/>\n\t<meta name=\"twitter:data1\" content=\"favorite-news\" \/>\n\t<meta name=\"twitter:label2\" content=\"Tiempo de lectura\" \/>\n\t<meta name=\"twitter:data2\" content=\"2 minutos\" \/>\n<script type=\"application\/ld+json\" class=\"yoast-schema-graph\">{\"@context\":\"https:\\\/\\\/schema.org\",\"@graph\":[{\"@type\":\"Article\",\"@id\":\"https:\\\/\\\/favorite-news.com\\\/es\\\/pascual-abre-tienda-en-amazon-para-su-marca-mocay\\\/#article\",\"isPartOf\":{\"@id\":\"https:\\\/\\\/favorite-news.com\\\/es\\\/pascual-abre-tienda-en-amazon-para-su-marca-mocay\\\/\"},\"author\":{\"name\":\"favorite-news\",\"@id\":\"https:\\\/\\\/favorite-news.com\\\/es\\\/#\\\/schema\\\/person\\\/b91573b717dcfa5e4696032a9d28d3e8\"},\"headline\":\"Pascual abre tienda en Amazon para su marca Mocay\",\"datePublished\":\"2021-04-05T14:25:27+00:00\",\"dateModified\":\"2021-04-05T14:25:30+00:00\",\"mainEntityOfPage\":{\"@id\":\"https:\\\/\\\/favorite-news.com\\\/es\\\/pascual-abre-tienda-en-amazon-para-su-marca-mocay\\\/\"},\"wordCount\":311,\"commentCount\":0,\"image\":{\"@id\":\"https:\\\/\\\/favorite-news.com\\\/es\\\/pascual-abre-tienda-en-amazon-para-su-marca-mocay\\\/#primaryimage\"},\"thumbnailUrl\":\"https:\\\/\\\/favorite-news.com\\\/es\\\/wp-content\\\/uploads\\\/sites\\\/4\\\/2021\\\/04\\\/Pascual-abre-tienda-en-Amazon-para-su-marca-Mocay.jpg\",\"articleSection\":[\"NOTICIAS DE INTERNET MARKETING\"],\"inLanguage\":\"es\",\"potentialAction\":[{\"@type\":\"CommentAction\",\"name\":\"Comment\",\"target\":[\"https:\\\/\\\/favorite-news.com\\\/es\\\/pascual-abre-tienda-en-amazon-para-su-marca-mocay\\\/#respond\"]}]},{\"@type\":\"WebPage\",\"@id\":\"https:\\\/\\\/favorite-news.com\\\/es\\\/pascual-abre-tienda-en-amazon-para-su-marca-mocay\\\/\",\"url\":\"https:\\\/\\\/favorite-news.com\\\/es\\\/pascual-abre-tienda-en-amazon-para-su-marca-mocay\\\/\",\"name\":\"Pascual abre tienda en Amazon para su marca Mocay - Favorite News\",\"isPartOf\":{\"@id\":\"https:\\\/\\\/favorite-news.com\\\/es\\\/#website\"},\"primaryImageOfPage\":{\"@id\":\"https:\\\/\\\/favorite-news.com\\\/es\\\/pascual-abre-tienda-en-amazon-para-su-marca-mocay\\\/#primaryimage\"},\"image\":{\"@id\":\"https:\\\/\\\/favorite-news.com\\\/es\\\/pascual-abre-tienda-en-amazon-para-su-marca-mocay\\\/#primaryimage\"},\"thumbnailUrl\":\"https:\\\/\\\/favorite-news.com\\\/es\\\/wp-content\\\/uploads\\\/sites\\\/4\\\/2021\\\/04\\\/Pascual-abre-tienda-en-Amazon-para-su-marca-Mocay.jpg\",\"datePublished\":\"2021-04-05T14:25:27+00:00\",\"dateModified\":\"2021-04-05T14:25:30+00:00\",\"author\":{\"@id\":\"https:\\\/\\\/favorite-news.com\\\/es\\\/#\\\/schema\\\/person\\\/b91573b717dcfa5e4696032a9d28d3e8\"},\"breadcrumb\":{\"@id\":\"https:\\\/\\\/favorite-news.com\\\/es\\\/pascual-abre-tienda-en-amazon-para-su-marca-mocay\\\/#breadcrumb\"},\"inLanguage\":\"es\",\"potentialAction\":[{\"@type\":\"ReadAction\",\"target\":[\"https:\\\/\\\/favorite-news.com\\\/es\\\/pascual-abre-tienda-en-amazon-para-su-marca-mocay\\\/\"]}]},{\"@type\":\"ImageObject\",\"inLanguage\":\"es\",\"@id\":\"https:\\\/\\\/favorite-news.com\\\/es\\\/pascual-abre-tienda-en-amazon-para-su-marca-mocay\\\/#primaryimage\",\"url\":\"https:\\\/\\\/favorite-news.com\\\/es\\\/wp-content\\\/uploads\\\/sites\\\/4\\\/2021\\\/04\\\/Pascual-abre-tienda-en-Amazon-para-su-marca-Mocay.jpg\",\"contentUrl\":\"https:\\\/\\\/favorite-news.com\\\/es\\\/wp-content\\\/uploads\\\/sites\\\/4\\\/2021\\\/04\\\/Pascual-abre-tienda-en-Amazon-para-su-marca-Mocay.jpg\",\"width\":530,\"height\":300,\"caption\":\"Pascual abre tienda en Amazon para su marca Mocay\"},{\"@type\":\"BreadcrumbList\",\"@id\":\"https:\\\/\\\/favorite-news.com\\\/es\\\/pascual-abre-tienda-en-amazon-para-su-marca-mocay\\\/#breadcrumb\",\"itemListElement\":[{\"@type\":\"ListItem\",\"position\":1,\"name\":\"Home\",\"item\":\"https:\\\/\\\/favorite-news.com\\\/es\\\/\"},{\"@type\":\"ListItem\",\"position\":2,\"name\":\"Pascual abre tienda en Amazon para su marca Mocay\"}]},{\"@type\":\"WebSite\",\"@id\":\"https:\\\/\\\/favorite-news.com\\\/es\\\/#website\",\"url\":\"https:\\\/\\\/favorite-news.com\\\/es\\\/\",\"name\":\"Favorite News\",\"description\":\"Favorite News Espa\u00f1a\",\"potentialAction\":[{\"@type\":\"SearchAction\",\"target\":{\"@type\":\"EntryPoint\",\"urlTemplate\":\"https:\\\/\\\/favorite-news.com\\\/es\\\/?s={search_term_string}\"},\"query-input\":{\"@type\":\"PropertyValueSpecification\",\"valueRequired\":true,\"valueName\":\"search_term_string\"}}],\"inLanguage\":\"es\"},{\"@type\":\"Person\",\"@id\":\"https:\\\/\\\/favorite-news.com\\\/es\\\/#\\\/schema\\\/person\\\/b91573b717dcfa5e4696032a9d28d3e8\",\"name\":\"favorite-news\",\"image\":{\"@type\":\"ImageObject\",\"inLanguage\":\"es\",\"@id\":\"https:\\\/\\\/secure.gravatar.com\\\/avatar\\\/6c5a5cb12b74e9d517ee91cf570335b7d16177f1977cc91db161adfa435945a7?s=96&d=mm&r=g\",\"url\":\"https:\\\/\\\/secure.gravatar.com\\\/avatar\\\/6c5a5cb12b74e9d517ee91cf570335b7d16177f1977cc91db161adfa435945a7?s=96&d=mm&r=g\",\"contentUrl\":\"https:\\\/\\\/secure.gravatar.com\\\/avatar\\\/6c5a5cb12b74e9d517ee91cf570335b7d16177f1977cc91db161adfa435945a7?s=96&d=mm&r=g\",\"caption\":\"favorite-news\"},\"url\":\"https:\\\/\\\/favorite-news.com\\\/es\\\/author\\\/pt\\\/\"}]}<\/script>\n<!-- \/ Yoast SEO plugin. -->","yoast_head_json":{"title":"Pascual abre tienda en Amazon para su marca Mocay - Favorite News","robots":{"index":"index","follow":"follow","max-snippet":"max-snippet:-1","max-image-preview":"max-image-preview:large","max-video-preview":"max-video-preview:-1"},"canonical":"https:\/\/favorite-news.com\/es\/pascual-abre-tienda-en-amazon-para-su-marca-mocay\/","og_locale":"es_ES","og_type":"article","og_title":"Pascual abre tienda en Amazon para su marca Mocay - Favorite News","og_description":"Pascual ha creado una\u00a0brand store\u00a0en Amazon para vender caf\u00e9 de su marca Mocay. La empresa de alimentaci\u00f3n y bebidas extiende as\u00ed el llamaso \u2018el caf\u00e9 de los baristas\u2019 a un nuevo p\u00fablico, ya que hasta ahora solo se vend\u00eda a la hosteler\u00eda. La marca vender\u00e1 cuatro tipos de packs de caf\u00e9: molido compuesto por 6 [&hellip;]","og_url":"https:\/\/favorite-news.com\/es\/pascual-abre-tienda-en-amazon-para-su-marca-mocay\/","og_site_name":"Favorite News","article_published_time":"2021-04-05T14:25:27+00:00","article_modified_time":"2021-04-05T14:25:30+00:00","og_image":[{"width":530,"height":300,"url":"https:\/\/favorite-news.com\/es\/wp-content\/uploads\/sites\/4\/2021\/04\/Pascual-abre-tienda-en-Amazon-para-su-marca-Mocay.jpg","type":"image\/jpeg"}],"author":"favorite-news","twitter_card":"summary_large_image","twitter_misc":{"Escrito por":"favorite-news","Tiempo de lectura":"2 minutos"},"schema":{"@context":"https:\/\/schema.org","@graph":[{"@type":"Article","@id":"https:\/\/favorite-news.com\/es\/pascual-abre-tienda-en-amazon-para-su-marca-mocay\/#article","isPartOf":{"@id":"https:\/\/favorite-news.com\/es\/pascual-abre-tienda-en-amazon-para-su-marca-mocay\/"},"author":{"name":"favorite-news","@id":"https:\/\/favorite-news.com\/es\/#\/schema\/person\/b91573b717dcfa5e4696032a9d28d3e8"},"headline":"Pascual abre tienda en Amazon para su marca Mocay","datePublished":"2021-04-05T14:25:27+00:00","dateModified":"2021-04-05T14:25:30+00:00","mainEntityOfPage":{"@id":"https:\/\/favorite-news.com\/es\/pascual-abre-tienda-en-amazon-para-su-marca-mocay\/"},"wordCount":311,"commentCount":0,"image":{"@id":"https:\/\/favorite-news.com\/es\/pascual-abre-tienda-en-amazon-para-su-marca-mocay\/#primaryimage"},"thumbnailUrl":"https:\/\/favorite-news.com\/es\/wp-content\/uploads\/sites\/4\/2021\/04\/Pascual-abre-tienda-en-Amazon-para-su-marca-Mocay.jpg","articleSection":["NOTICIAS DE INTERNET MARKETING"],"inLanguage":"es","potentialAction":[{"@type":"CommentAction","name":"Comment","target":["https:\/\/favorite-news.com\/es\/pascual-abre-tienda-en-amazon-para-su-marca-mocay\/#respond"]}]},{"@type":"WebPage","@id":"https:\/\/favorite-news.com\/es\/pascual-abre-tienda-en-amazon-para-su-marca-mocay\/","url":"https:\/\/favorite-news.com\/es\/pascual-abre-tienda-en-amazon-para-su-marca-mocay\/","name":"Pascual abre tienda en Amazon para su marca Mocay - Favorite News","isPartOf":{"@id":"https:\/\/favorite-news.com\/es\/#website"},"primaryImageOfPage":{"@id":"https:\/\/favorite-news.com\/es\/pascual-abre-tienda-en-amazon-para-su-marca-mocay\/#primaryimage"},"image":{"@id":"https:\/\/favorite-news.com\/es\/pascual-abre-tienda-en-amazon-para-su-marca-mocay\/#primaryimage"},"thumbnailUrl":"https:\/\/favorite-news.com\/es\/wp-content\/uploads\/sites\/4\/2021\/04\/Pascual-abre-tienda-en-Amazon-para-su-marca-Mocay.jpg","datePublished":"2021-04-05T14:25:27+00:00","dateModified":"2021-04-05T14:25:30+00:00","author":{"@id":"https:\/\/favorite-news.com\/es\/#\/schema\/person\/b91573b717dcfa5e4696032a9d28d3e8"},"breadcrumb":{"@id":"https:\/\/favorite-news.com\/es\/pascual-abre-tienda-en-amazon-para-su-marca-mocay\/#breadcrumb"},"inLanguage":"es","potentialAction":[{"@type":"ReadAction","target":["https:\/\/favorite-news.com\/es\/pascual-abre-tienda-en-amazon-para-su-marca-mocay\/"]}]},{"@type":"ImageObject","inLanguage":"es","@id":"https:\/\/favorite-news.com\/es\/pascual-abre-tienda-en-amazon-para-su-marca-mocay\/#primaryimage","url":"https:\/\/favorite-news.com\/es\/wp-content\/uploads\/sites\/4\/2021\/04\/Pascual-abre-tienda-en-Amazon-para-su-marca-Mocay.jpg","contentUrl":"https:\/\/favorite-news.com\/es\/wp-content\/uploads\/sites\/4\/2021\/04\/Pascual-abre-tienda-en-Amazon-para-su-marca-Mocay.jpg","width":530,"height":300,"caption":"Pascual abre tienda en Amazon para su marca Mocay"},{"@type":"BreadcrumbList","@id":"https:\/\/favorite-news.com\/es\/pascual-abre-tienda-en-amazon-para-su-marca-mocay\/#breadcrumb","itemListElement":[{"@type":"ListItem","position":1,"name":"Home","item":"https:\/\/favorite-news.com\/es\/"},{"@type":"ListItem","position":2,"name":"Pascual abre tienda en Amazon para su marca Mocay"}]},{"@type":"WebSite","@id":"https:\/\/favorite-news.com\/es\/#website","url":"https:\/\/favorite-news.com\/es\/","name":"Favorite News","description":"Favorite News Espa\u00f1a","potentialAction":[{"@type":"SearchAction","target":{"@type":"EntryPoint","urlTemplate":"https:\/\/favorite-news.com\/es\/?s={search_term_string}"},"query-input":{"@type":"PropertyValueSpecification","valueRequired":true,"valueName":"search_term_string"}}],"inLanguage":"es"},{"@type":"Person","@id":"https:\/\/favorite-news.com\/es\/#\/schema\/person\/b91573b717dcfa5e4696032a9d28d3e8","name":"favorite-news","image":{"@type":"ImageObject","inLanguage":"es","@id":"https:\/\/secure.gravatar.com\/avatar\/6c5a5cb12b74e9d517ee91cf570335b7d16177f1977cc91db161adfa435945a7?s=96&d=mm&r=g","url":"https:\/\/secure.gravatar.com\/avatar\/6c5a5cb12b74e9d517ee91cf570335b7d16177f1977cc91db161adfa435945a7?s=96&d=mm&r=g","contentUrl":"https:\/\/secure.gravatar.com\/avatar\/6c5a5cb12b74e9d517ee91cf570335b7d16177f1977cc91db161adfa435945a7?s=96&d=mm&r=g","caption":"favorite-news"},"url":"https:\/\/favorite-news.com\/es\/author\/pt\/"}]}},"_links":{"self":[{"href":"https:\/\/favorite-news.com\/es\/wp-json\/wp\/v2\/posts\/6409","targetHints":{"allow":["GET"]}}],"collection":[{"href":"https:\/\/favorite-news.com\/es\/wp-json\/wp\/v2\/posts"}],"about":[{"href":"https:\/\/favorite-news.com\/es\/wp-json\/wp\/v2\/types\/post"}],"author":[{"embeddable":true,"href":"https:\/\/favorite-news.com\/es\/wp-json\/wp\/v2\/users\/2"}],"replies":[{"embeddable":true,"href":"https:\/\/favorite-news.com\/es\/wp-json\/wp\/v2\/comments?post=6409"}],"version-history":[{"count":1,"href":"https:\/\/favorite-news.com\/es\/wp-json\/wp\/v2\/posts\/6409\/revisions"}],"predecessor-version":[{"id":6411,"href":"https:\/\/favorite-news.com\/es\/wp-json\/wp\/v2\/posts\/6409\/revisions\/6411"}],"wp:featuredmedia":[{"embeddable":true,"href":"https:\/\/favorite-news.com\/es\/wp-json\/wp\/v2\/media\/6410"}],"wp:attachment":[{"href":"https:\/\/favorite-news.com\/es\/wp-json\/wp\/v2\/media?parent=6409"}],"wp:term":[{"taxonomy":"category","embeddable":true,"href":"https:\/\/favorite-news.com\/es\/wp-json\/wp\/v2\/categories?post=6409"},{"taxonomy":"post_tag","embeddable":true,"href":"https:\/\/favorite-news.com\/es\/wp-json\/wp\/v2\/tags?post=6409"}],"curies":[{"name":"wp","href":"https:\/\/api.w.org\/{rel}","templated":true}]}}