{"id":6404,"date":"2021-04-05T05:23:54","date_gmt":"2021-04-05T02:23:54","guid":{"rendered":"https:\/\/favorite-news.com\/es\/quienes-son-los-nuevos-lideres-en-espana\/"},"modified":"2021-04-05T05:23:56","modified_gmt":"2021-04-05T02:23:56","slug":"quienes-son-los-nuevos-lideres-en-espana","status":"publish","type":"post","link":"https:\/\/favorite-news.com\/es\/quienes-son-los-nuevos-lideres-en-espana\/","title":{"rendered":"\u00bfQui\u00e9nes son los nuevos l\u00edderes en Espa\u00f1a?"},"content":{"rendered":"<p>2020 ha sido un a\u00f1o de cambio: la pandemia, la justicia social y la influencia de la tecnolog\u00eda en el trabajo han creado retos y oportunidades.\u00a0El estudio de B2B Institute \u201cLos BETAS: El auge de los nuevos l\u00edderes B2B\u201d de la investigadora Lucie Greene y Jason Mander, jefe de investigaci\u00f3n en GWI, examina los cambios en el comportamiento y las aptitudes de 17,000 profesionales en 10 pa\u00edses (incluido Espa\u00f1a) que ostentan cargos con poder decisi\u00f3n.El pasado 17 de marzo tuvo lugar un evento online LinkedIn donde los asistentes descubrieron c\u00f3mo deben actuar las marcas para interaccionar con \u201cLos BETA\u201d y tener \u00e9xito. Si te lo perdiste \u00a1a\u00fan estas a tiempo! puedes ver la grabaci\u00f3n aqu\u00ed.Los BETA est\u00e1n preparados para nuestra sociedad, \u00bfest\u00e1s t\u00fa preparado para ellos?\u00a0\u00a0<br \/>\n<br \/>\n<!--noindex--><br \/>\n<a href=\"http:\/\/www.marketingnews.es\/investigacion\/noticia\/1165074031605\/quienes-nuevos-lideres-espana.1.html\" rel=\"nofollow\">Source link <\/a><br \/>\n<!--\/noindex--><\/p>\n","protected":false},"excerpt":{"rendered":"<p>2020 ha sido un a\u00f1o de cambio: la pandemia, la justicia social y la influencia de la tecnolog\u00eda en el trabajo han creado retos y oportunidades.\u00a0El estudio de B2B Institute \u201cLos BETAS: El auge de los nuevos l\u00edderes B2B\u201d de la investigadora Lucie Greene y Jason Mander, jefe de investigaci\u00f3n en GWI, examina los cambios [&hellip;]<\/p>\n","protected":false},"author":2,"featured_media":6405,"comment_status":"open","ping_status":"open","sticky":false,"template":"","format":"standard","meta":{"footnotes":""},"categories":[2],"tags":[],"class_list":["post-6404","post","type-post","status-publish","format-standard","has-post-thumbnail","hentry","category-noticias-de-internet-marketing"],"yoast_head":"<!-- This site is optimized with the Yoast SEO plugin v27.4 - https:\/\/yoast.com\/product\/yoast-seo-wordpress\/ -->\n<title>\u00bfQui\u00e9nes son los nuevos l\u00edderes en Espa\u00f1a? - Favorite News<\/title>\n<meta name=\"robots\" content=\"index, follow, max-snippet:-1, max-image-preview:large, max-video-preview:-1\" \/>\n<link rel=\"canonical\" href=\"https:\/\/favorite-news.com\/es\/quienes-son-los-nuevos-lideres-en-espana\/\" \/>\n<meta property=\"og:locale\" content=\"es_ES\" \/>\n<meta property=\"og:type\" content=\"article\" \/>\n<meta property=\"og:title\" content=\"\u00bfQui\u00e9nes son los nuevos l\u00edderes en Espa\u00f1a? - Favorite News\" \/>\n<meta property=\"og:description\" content=\"2020 ha sido un a\u00f1o de cambio: la pandemia, la justicia social y la influencia de la tecnolog\u00eda en el trabajo han creado retos y oportunidades.\u00a0El estudio de B2B Institute \u201cLos BETAS: El auge de los nuevos l\u00edderes B2B\u201d de la investigadora Lucie Greene y Jason Mander, jefe de investigaci\u00f3n en GWI, examina los cambios [&hellip;]\" \/>\n<meta property=\"og:url\" content=\"https:\/\/favorite-news.com\/es\/quienes-son-los-nuevos-lideres-en-espana\/\" \/>\n<meta property=\"og:site_name\" content=\"Favorite News\" \/>\n<meta property=\"article:published_time\" content=\"2021-04-05T02:23:54+00:00\" \/>\n<meta property=\"article:modified_time\" content=\"2021-04-05T02:23:56+00:00\" \/>\n<meta property=\"og:image\" content=\"https:\/\/favorite-news.com\/es\/wp-content\/uploads\/sites\/4\/2021\/04\/\u00bfQuienes-son-los-nuevos-lideres-en-Espana.PNG\" \/>\n\t<meta property=\"og:image:width\" content=\"530\" \/>\n\t<meta property=\"og:image:height\" content=\"303\" \/>\n\t<meta property=\"og:image:type\" content=\"image\/png\" \/>\n<meta name=\"author\" content=\"favorite-news\" \/>\n<meta name=\"twitter:card\" content=\"summary_large_image\" \/>\n<meta name=\"twitter:label1\" content=\"Escrito por\" \/>\n\t<meta name=\"twitter:data1\" content=\"favorite-news\" \/>\n\t<meta name=\"twitter:label2\" content=\"Tiempo de lectura\" \/>\n\t<meta name=\"twitter:data2\" content=\"1 minuto\" \/>\n<script type=\"application\/ld+json\" class=\"yoast-schema-graph\">{\"@context\":\"https:\\\/\\\/schema.org\",\"@graph\":[{\"@type\":\"Article\",\"@id\":\"https:\\\/\\\/favorite-news.com\\\/es\\\/quienes-son-los-nuevos-lideres-en-espana\\\/#article\",\"isPartOf\":{\"@id\":\"https:\\\/\\\/favorite-news.com\\\/es\\\/quienes-son-los-nuevos-lideres-en-espana\\\/\"},\"author\":{\"name\":\"favorite-news\",\"@id\":\"https:\\\/\\\/favorite-news.com\\\/es\\\/#\\\/schema\\\/person\\\/b91573b717dcfa5e4696032a9d28d3e8\"},\"headline\":\"\u00bfQui\u00e9nes son los nuevos l\u00edderes en Espa\u00f1a?\",\"datePublished\":\"2021-04-05T02:23:54+00:00\",\"dateModified\":\"2021-04-05T02:23:56+00:00\",\"mainEntityOfPage\":{\"@id\":\"https:\\\/\\\/favorite-news.com\\\/es\\\/quienes-son-los-nuevos-lideres-en-espana\\\/\"},\"wordCount\":151,\"commentCount\":0,\"image\":{\"@id\":\"https:\\\/\\\/favorite-news.com\\\/es\\\/quienes-son-los-nuevos-lideres-en-espana\\\/#primaryimage\"},\"thumbnailUrl\":\"https:\\\/\\\/favorite-news.com\\\/es\\\/wp-content\\\/uploads\\\/sites\\\/4\\\/2021\\\/04\\\/\u00bfQuienes-son-los-nuevos-lideres-en-Espana.PNG\",\"articleSection\":[\"NOTICIAS DE INTERNET MARKETING\"],\"inLanguage\":\"es\",\"potentialAction\":[{\"@type\":\"CommentAction\",\"name\":\"Comment\",\"target\":[\"https:\\\/\\\/favorite-news.com\\\/es\\\/quienes-son-los-nuevos-lideres-en-espana\\\/#respond\"]}]},{\"@type\":\"WebPage\",\"@id\":\"https:\\\/\\\/favorite-news.com\\\/es\\\/quienes-son-los-nuevos-lideres-en-espana\\\/\",\"url\":\"https:\\\/\\\/favorite-news.com\\\/es\\\/quienes-son-los-nuevos-lideres-en-espana\\\/\",\"name\":\"\u00bfQui\u00e9nes son los nuevos l\u00edderes en Espa\u00f1a? - Favorite News\",\"isPartOf\":{\"@id\":\"https:\\\/\\\/favorite-news.com\\\/es\\\/#website\"},\"primaryImageOfPage\":{\"@id\":\"https:\\\/\\\/favorite-news.com\\\/es\\\/quienes-son-los-nuevos-lideres-en-espana\\\/#primaryimage\"},\"image\":{\"@id\":\"https:\\\/\\\/favorite-news.com\\\/es\\\/quienes-son-los-nuevos-lideres-en-espana\\\/#primaryimage\"},\"thumbnailUrl\":\"https:\\\/\\\/favorite-news.com\\\/es\\\/wp-content\\\/uploads\\\/sites\\\/4\\\/2021\\\/04\\\/\u00bfQuienes-son-los-nuevos-lideres-en-Espana.PNG\",\"datePublished\":\"2021-04-05T02:23:54+00:00\",\"dateModified\":\"2021-04-05T02:23:56+00:00\",\"author\":{\"@id\":\"https:\\\/\\\/favorite-news.com\\\/es\\\/#\\\/schema\\\/person\\\/b91573b717dcfa5e4696032a9d28d3e8\"},\"breadcrumb\":{\"@id\":\"https:\\\/\\\/favorite-news.com\\\/es\\\/quienes-son-los-nuevos-lideres-en-espana\\\/#breadcrumb\"},\"inLanguage\":\"es\",\"potentialAction\":[{\"@type\":\"ReadAction\",\"target\":[\"https:\\\/\\\/favorite-news.com\\\/es\\\/quienes-son-los-nuevos-lideres-en-espana\\\/\"]}]},{\"@type\":\"ImageObject\",\"inLanguage\":\"es\",\"@id\":\"https:\\\/\\\/favorite-news.com\\\/es\\\/quienes-son-los-nuevos-lideres-en-espana\\\/#primaryimage\",\"url\":\"https:\\\/\\\/favorite-news.com\\\/es\\\/wp-content\\\/uploads\\\/sites\\\/4\\\/2021\\\/04\\\/\u00bfQuienes-son-los-nuevos-lideres-en-Espana.PNG\",\"contentUrl\":\"https:\\\/\\\/favorite-news.com\\\/es\\\/wp-content\\\/uploads\\\/sites\\\/4\\\/2021\\\/04\\\/\u00bfQuienes-son-los-nuevos-lideres-en-Espana.PNG\",\"width\":530,\"height\":303,\"caption\":\"\u00bfQui\u00e9nes son los nuevos l\u00edderes en Espa\u00f1a?\"},{\"@type\":\"BreadcrumbList\",\"@id\":\"https:\\\/\\\/favorite-news.com\\\/es\\\/quienes-son-los-nuevos-lideres-en-espana\\\/#breadcrumb\",\"itemListElement\":[{\"@type\":\"ListItem\",\"position\":1,\"name\":\"Home\",\"item\":\"https:\\\/\\\/favorite-news.com\\\/es\\\/\"},{\"@type\":\"ListItem\",\"position\":2,\"name\":\"\u00bfQui\u00e9nes son los nuevos l\u00edderes en Espa\u00f1a?\"}]},{\"@type\":\"WebSite\",\"@id\":\"https:\\\/\\\/favorite-news.com\\\/es\\\/#website\",\"url\":\"https:\\\/\\\/favorite-news.com\\\/es\\\/\",\"name\":\"Favorite News\",\"description\":\"Favorite News Espa\u00f1a\",\"potentialAction\":[{\"@type\":\"SearchAction\",\"target\":{\"@type\":\"EntryPoint\",\"urlTemplate\":\"https:\\\/\\\/favorite-news.com\\\/es\\\/?s={search_term_string}\"},\"query-input\":{\"@type\":\"PropertyValueSpecification\",\"valueRequired\":true,\"valueName\":\"search_term_string\"}}],\"inLanguage\":\"es\"},{\"@type\":\"Person\",\"@id\":\"https:\\\/\\\/favorite-news.com\\\/es\\\/#\\\/schema\\\/person\\\/b91573b717dcfa5e4696032a9d28d3e8\",\"name\":\"favorite-news\",\"image\":{\"@type\":\"ImageObject\",\"inLanguage\":\"es\",\"@id\":\"https:\\\/\\\/secure.gravatar.com\\\/avatar\\\/6c5a5cb12b74e9d517ee91cf570335b7d16177f1977cc91db161adfa435945a7?s=96&d=mm&r=g\",\"url\":\"https:\\\/\\\/secure.gravatar.com\\\/avatar\\\/6c5a5cb12b74e9d517ee91cf570335b7d16177f1977cc91db161adfa435945a7?s=96&d=mm&r=g\",\"contentUrl\":\"https:\\\/\\\/secure.gravatar.com\\\/avatar\\\/6c5a5cb12b74e9d517ee91cf570335b7d16177f1977cc91db161adfa435945a7?s=96&d=mm&r=g\",\"caption\":\"favorite-news\"},\"url\":\"https:\\\/\\\/favorite-news.com\\\/es\\\/author\\\/pt\\\/\"}]}<\/script>\n<!-- \/ Yoast SEO plugin. -->","yoast_head_json":{"title":"\u00bfQui\u00e9nes son los nuevos l\u00edderes en Espa\u00f1a? - Favorite News","robots":{"index":"index","follow":"follow","max-snippet":"max-snippet:-1","max-image-preview":"max-image-preview:large","max-video-preview":"max-video-preview:-1"},"canonical":"https:\/\/favorite-news.com\/es\/quienes-son-los-nuevos-lideres-en-espana\/","og_locale":"es_ES","og_type":"article","og_title":"\u00bfQui\u00e9nes son los nuevos l\u00edderes en Espa\u00f1a? - Favorite News","og_description":"2020 ha sido un a\u00f1o de cambio: la pandemia, la justicia social y la influencia de la tecnolog\u00eda en el trabajo han creado retos y oportunidades.\u00a0El estudio de B2B Institute \u201cLos BETAS: El auge de los nuevos l\u00edderes B2B\u201d de la investigadora Lucie Greene y Jason Mander, jefe de investigaci\u00f3n en GWI, examina los cambios [&hellip;]","og_url":"https:\/\/favorite-news.com\/es\/quienes-son-los-nuevos-lideres-en-espana\/","og_site_name":"Favorite News","article_published_time":"2021-04-05T02:23:54+00:00","article_modified_time":"2021-04-05T02:23:56+00:00","og_image":[{"width":530,"height":303,"url":"https:\/\/favorite-news.com\/es\/wp-content\/uploads\/sites\/4\/2021\/04\/\u00bfQuienes-son-los-nuevos-lideres-en-Espana.PNG","type":"image\/png"}],"author":"favorite-news","twitter_card":"summary_large_image","twitter_misc":{"Escrito por":"favorite-news","Tiempo de lectura":"1 minuto"},"schema":{"@context":"https:\/\/schema.org","@graph":[{"@type":"Article","@id":"https:\/\/favorite-news.com\/es\/quienes-son-los-nuevos-lideres-en-espana\/#article","isPartOf":{"@id":"https:\/\/favorite-news.com\/es\/quienes-son-los-nuevos-lideres-en-espana\/"},"author":{"name":"favorite-news","@id":"https:\/\/favorite-news.com\/es\/#\/schema\/person\/b91573b717dcfa5e4696032a9d28d3e8"},"headline":"\u00bfQui\u00e9nes son los nuevos l\u00edderes en Espa\u00f1a?","datePublished":"2021-04-05T02:23:54+00:00","dateModified":"2021-04-05T02:23:56+00:00","mainEntityOfPage":{"@id":"https:\/\/favorite-news.com\/es\/quienes-son-los-nuevos-lideres-en-espana\/"},"wordCount":151,"commentCount":0,"image":{"@id":"https:\/\/favorite-news.com\/es\/quienes-son-los-nuevos-lideres-en-espana\/#primaryimage"},"thumbnailUrl":"https:\/\/favorite-news.com\/es\/wp-content\/uploads\/sites\/4\/2021\/04\/\u00bfQuienes-son-los-nuevos-lideres-en-Espana.PNG","articleSection":["NOTICIAS DE INTERNET MARKETING"],"inLanguage":"es","potentialAction":[{"@type":"CommentAction","name":"Comment","target":["https:\/\/favorite-news.com\/es\/quienes-son-los-nuevos-lideres-en-espana\/#respond"]}]},{"@type":"WebPage","@id":"https:\/\/favorite-news.com\/es\/quienes-son-los-nuevos-lideres-en-espana\/","url":"https:\/\/favorite-news.com\/es\/quienes-son-los-nuevos-lideres-en-espana\/","name":"\u00bfQui\u00e9nes son los nuevos l\u00edderes en Espa\u00f1a? - Favorite News","isPartOf":{"@id":"https:\/\/favorite-news.com\/es\/#website"},"primaryImageOfPage":{"@id":"https:\/\/favorite-news.com\/es\/quienes-son-los-nuevos-lideres-en-espana\/#primaryimage"},"image":{"@id":"https:\/\/favorite-news.com\/es\/quienes-son-los-nuevos-lideres-en-espana\/#primaryimage"},"thumbnailUrl":"https:\/\/favorite-news.com\/es\/wp-content\/uploads\/sites\/4\/2021\/04\/\u00bfQuienes-son-los-nuevos-lideres-en-Espana.PNG","datePublished":"2021-04-05T02:23:54+00:00","dateModified":"2021-04-05T02:23:56+00:00","author":{"@id":"https:\/\/favorite-news.com\/es\/#\/schema\/person\/b91573b717dcfa5e4696032a9d28d3e8"},"breadcrumb":{"@id":"https:\/\/favorite-news.com\/es\/quienes-son-los-nuevos-lideres-en-espana\/#breadcrumb"},"inLanguage":"es","potentialAction":[{"@type":"ReadAction","target":["https:\/\/favorite-news.com\/es\/quienes-son-los-nuevos-lideres-en-espana\/"]}]},{"@type":"ImageObject","inLanguage":"es","@id":"https:\/\/favorite-news.com\/es\/quienes-son-los-nuevos-lideres-en-espana\/#primaryimage","url":"https:\/\/favorite-news.com\/es\/wp-content\/uploads\/sites\/4\/2021\/04\/\u00bfQuienes-son-los-nuevos-lideres-en-Espana.PNG","contentUrl":"https:\/\/favorite-news.com\/es\/wp-content\/uploads\/sites\/4\/2021\/04\/\u00bfQuienes-son-los-nuevos-lideres-en-Espana.PNG","width":530,"height":303,"caption":"\u00bfQui\u00e9nes son los nuevos l\u00edderes en Espa\u00f1a?"},{"@type":"BreadcrumbList","@id":"https:\/\/favorite-news.com\/es\/quienes-son-los-nuevos-lideres-en-espana\/#breadcrumb","itemListElement":[{"@type":"ListItem","position":1,"name":"Home","item":"https:\/\/favorite-news.com\/es\/"},{"@type":"ListItem","position":2,"name":"\u00bfQui\u00e9nes son los nuevos l\u00edderes en Espa\u00f1a?"}]},{"@type":"WebSite","@id":"https:\/\/favorite-news.com\/es\/#website","url":"https:\/\/favorite-news.com\/es\/","name":"Favorite News","description":"Favorite News Espa\u00f1a","potentialAction":[{"@type":"SearchAction","target":{"@type":"EntryPoint","urlTemplate":"https:\/\/favorite-news.com\/es\/?s={search_term_string}"},"query-input":{"@type":"PropertyValueSpecification","valueRequired":true,"valueName":"search_term_string"}}],"inLanguage":"es"},{"@type":"Person","@id":"https:\/\/favorite-news.com\/es\/#\/schema\/person\/b91573b717dcfa5e4696032a9d28d3e8","name":"favorite-news","image":{"@type":"ImageObject","inLanguage":"es","@id":"https:\/\/secure.gravatar.com\/avatar\/6c5a5cb12b74e9d517ee91cf570335b7d16177f1977cc91db161adfa435945a7?s=96&d=mm&r=g","url":"https:\/\/secure.gravatar.com\/avatar\/6c5a5cb12b74e9d517ee91cf570335b7d16177f1977cc91db161adfa435945a7?s=96&d=mm&r=g","contentUrl":"https:\/\/secure.gravatar.com\/avatar\/6c5a5cb12b74e9d517ee91cf570335b7d16177f1977cc91db161adfa435945a7?s=96&d=mm&r=g","caption":"favorite-news"},"url":"https:\/\/favorite-news.com\/es\/author\/pt\/"}]}},"_links":{"self":[{"href":"https:\/\/favorite-news.com\/es\/wp-json\/wp\/v2\/posts\/6404","targetHints":{"allow":["GET"]}}],"collection":[{"href":"https:\/\/favorite-news.com\/es\/wp-json\/wp\/v2\/posts"}],"about":[{"href":"https:\/\/favorite-news.com\/es\/wp-json\/wp\/v2\/types\/post"}],"author":[{"embeddable":true,"href":"https:\/\/favorite-news.com\/es\/wp-json\/wp\/v2\/users\/2"}],"replies":[{"embeddable":true,"href":"https:\/\/favorite-news.com\/es\/wp-json\/wp\/v2\/comments?post=6404"}],"version-history":[{"count":1,"href":"https:\/\/favorite-news.com\/es\/wp-json\/wp\/v2\/posts\/6404\/revisions"}],"predecessor-version":[{"id":6406,"href":"https:\/\/favorite-news.com\/es\/wp-json\/wp\/v2\/posts\/6404\/revisions\/6406"}],"wp:featuredmedia":[{"embeddable":true,"href":"https:\/\/favorite-news.com\/es\/wp-json\/wp\/v2\/media\/6405"}],"wp:attachment":[{"href":"https:\/\/favorite-news.com\/es\/wp-json\/wp\/v2\/media?parent=6404"}],"wp:term":[{"taxonomy":"category","embeddable":true,"href":"https:\/\/favorite-news.com\/es\/wp-json\/wp\/v2\/categories?post=6404"},{"taxonomy":"post_tag","embeddable":true,"href":"https:\/\/favorite-news.com\/es\/wp-json\/wp\/v2\/tags?post=6404"}],"curies":[{"name":"wp","href":"https:\/\/api.w.org\/{rel}","templated":true}]}}