{"id":6314,"date":"2021-03-27T16:21:07","date_gmt":"2021-03-27T13:21:07","guid":{"rendered":"https:\/\/favorite-news.com\/es\/coosur-reivindica-el-sur-en-su-nueva-linea-estrategica\/"},"modified":"2021-03-27T16:21:09","modified_gmt":"2021-03-27T13:21:09","slug":"coosur-reivindica-el-sur-en-su-nueva-linea-estrategica","status":"publish","type":"post","link":"https:\/\/favorite-news.com\/es\/coosur-reivindica-el-sur-en-su-nueva-linea-estrategica\/","title":{"rendered":"Coosur reivindica el Sur en su nueva l\u00ednea estrat\u00e9gica"},"content":{"rendered":"<p>La creatividad es de Ping\u00fcino TorreblancaLa marca de aceites Coosur, propiedad de Acesur, ha elegido mediante concurso a Ping\u00fcino Torreblanca para el desarrollo de su nuevo spot de televisi\u00f3n, cuya gesti\u00f3n de medios est\u00e1 a cargo de La Peque\u00f1a F\u00e1brica. Esta pieza supone el inicio de una nueva l\u00ednea estrat\u00e9gica para la marca.\u201cUn camino en el que reivindica su origen alrededor de los atributos del sur, principalmente la luz, como s\u00edmbolo de todas esas cosas que nos gustan y atraen del sur: la energ\u00eda, la vitalidad, la alegr\u00eda y el optimismo. Este nuevo camino estrat\u00e9gico se plasma en un nuevo claim de marca: Pon un extra de sur en tu vida\u201d, se indica en una nota de prensa.En la misma, Francisco Rionda, director de marketing de Acesur, se\u00f1ala que \u201caunque muchas veces se olvida, realizar un diagn\u00f3stico adecuado es una parte fundamental para el \u00e9xito de una campa\u00f1a, y es una responsabilidad que recae en el cliente. Tambi\u00e9n tener claro cu\u00e1les son los objetivos de la campa\u00f1a, en base a los que mediremos ese \u00e9xito. En Acesur siempre hemos tenido claro que nuestro objetivo es ganar nuevos consumidores intensivos de consumo de aceite de oliva para Coosur, marca l\u00edder del Aceite de Oliva Virgen Extra en Espa\u00f1a, reforzando su reconocimiento y elevando su valor percibido. En esta l\u00ednea hemos encontrado dos partners, Ping\u00fcino Torreblanca y La Peque\u00f1a F\u00e1brica, que han entendido perfectamente nuestras necesidades. Creo que llevamos una campa\u00f1a s\u00f3lida y centrada en las necesidades de la marca y de nuestro negocio\u201d.Por su parte, Manuel L\u00f3pez Pi\u00f1eiro, director de planificaci\u00f3n estrat\u00e9gica de Ping\u00fcino Torreblanca, a\u00f1ade que \u00abde entre todo de lo que podr\u00eda decir Coosur, pens\u00e1bamos que la marca estaba obligada a reivindicar su origen del sur, que lleva grabado con orgullo hasta en su nombre, y con ello, llevar la luz, la energ\u00eda, la intensidad, el sabor y toda la vitalidad del sur a las cocinas, las recetas y los platos de cualquier rinc\u00f3n de Espa\u00f1a, reafirmando as\u00ed su liderazgo en el Virgen Extra\u201d.Para Jos\u00e9 Luis Moro, director general creativo y socio de la agencia, \u201cen Espa\u00f1a, toda la cocina gira alrededor del aceite. En cualquier comida que hagamos, a cualquier hora del d\u00eda, el aceite est\u00e1 presente. Cuando pusimos esta reflexi\u00f3n al lado de este territorio de la luz del sur que marcaba la estrategia, surgi\u00f3 la idea de convertir al aceite en el sol de las cocinas y hacer una ejecuci\u00f3n en la que todo girase alrededor de la botella de Coosur\u201d.Pablo Torreblanca, el otro socio y director general creativo de Ping\u00fcino Torreblanca, comenta que \u201cquer\u00edamos que la botella octogonal, tan caracter\u00edstica de la marca, fuera la protagonista absoluta, y para ello, la hemos convertido en el eje de toda la acci\u00f3n. Durante los veinte segundos que dura el spot, la c\u00e1mara hace un movimiento circular a su alrededor, igual que la tierra alrededor del sol, marcando el transcurso de un d\u00eda completo en el que el aceite es permanentemente el actor principal en la cocina. Arnau entendi\u00f3 perfectamente la idea y ha sido un lujo contar con \u00e9l. Y por supuesto con Paco para conseguir esa luz especial y calidez del sur que busc\u00e1bamos\u201d.\u00a0<br \/>\n<br \/>\n<!--noindex--><br \/>\n<a href=\"http:\/\/www.marketingnews.es\/marcas\/noticia\/1165133054305\/coosur-reivindica-sur-nueva-linea-estrategica.1.html\" rel=\"nofollow\">Source link <\/a><br \/>\n<!--\/noindex--><\/p>\n","protected":false},"excerpt":{"rendered":"<p>La creatividad es de Ping\u00fcino TorreblancaLa marca de aceites Coosur, propiedad de Acesur, ha elegido mediante concurso a Ping\u00fcino Torreblanca para el desarrollo de su nuevo spot de televisi\u00f3n, cuya gesti\u00f3n de medios est\u00e1 a cargo de La Peque\u00f1a F\u00e1brica. Esta pieza supone el inicio de una nueva l\u00ednea estrat\u00e9gica para la marca.\u201cUn camino en [&hellip;]<\/p>\n","protected":false},"author":2,"featured_media":6315,"comment_status":"open","ping_status":"open","sticky":false,"template":"","format":"standard","meta":{"footnotes":""},"categories":[2],"tags":[],"class_list":["post-6314","post","type-post","status-publish","format-standard","has-post-thumbnail","hentry","category-noticias-de-internet-marketing"],"yoast_head":"<!-- This site is optimized with the Yoast SEO plugin v27.4 - https:\/\/yoast.com\/product\/yoast-seo-wordpress\/ -->\n<title>Coosur reivindica el Sur en su nueva l\u00ednea estrat\u00e9gica - Favorite News<\/title>\n<meta name=\"robots\" content=\"index, follow, max-snippet:-1, max-image-preview:large, max-video-preview:-1\" \/>\n<link rel=\"canonical\" href=\"https:\/\/favorite-news.com\/es\/coosur-reivindica-el-sur-en-su-nueva-linea-estrategica\/\" \/>\n<meta property=\"og:locale\" content=\"es_ES\" \/>\n<meta property=\"og:type\" content=\"article\" \/>\n<meta property=\"og:title\" content=\"Coosur reivindica el Sur en su nueva l\u00ednea estrat\u00e9gica - Favorite News\" \/>\n<meta property=\"og:description\" content=\"La creatividad es de Ping\u00fcino TorreblancaLa marca de aceites Coosur, propiedad de Acesur, ha elegido mediante concurso a Ping\u00fcino Torreblanca para el desarrollo de su nuevo spot de televisi\u00f3n, cuya gesti\u00f3n de medios est\u00e1 a cargo de La Peque\u00f1a F\u00e1brica. Esta pieza supone el inicio de una nueva l\u00ednea estrat\u00e9gica para la marca.\u201cUn camino en [&hellip;]\" \/>\n<meta property=\"og:url\" content=\"https:\/\/favorite-news.com\/es\/coosur-reivindica-el-sur-en-su-nueva-linea-estrategica\/\" \/>\n<meta property=\"og:site_name\" content=\"Favorite News\" \/>\n<meta property=\"article:published_time\" content=\"2021-03-27T13:21:07+00:00\" \/>\n<meta property=\"article:modified_time\" content=\"2021-03-27T13:21:09+00:00\" \/>\n<meta property=\"og:image\" content=\"https:\/\/favorite-news.com\/es\/wp-content\/uploads\/sites\/4\/2021\/03\/Coosur-reivindica-el-Sur-en-su-nueva-linea-estrategica.jpg\" \/>\n\t<meta property=\"og:image:width\" content=\"530\" \/>\n\t<meta property=\"og:image:height\" content=\"298\" \/>\n\t<meta property=\"og:image:type\" content=\"image\/jpeg\" \/>\n<meta name=\"author\" content=\"favorite-news\" \/>\n<meta name=\"twitter:card\" content=\"summary_large_image\" \/>\n<meta name=\"twitter:label1\" content=\"Escrito por\" \/>\n\t<meta name=\"twitter:data1\" content=\"favorite-news\" \/>\n\t<meta name=\"twitter:label2\" content=\"Tiempo de lectura\" \/>\n\t<meta name=\"twitter:data2\" content=\"3 minutos\" \/>\n<script type=\"application\/ld+json\" class=\"yoast-schema-graph\">{\"@context\":\"https:\\\/\\\/schema.org\",\"@graph\":[{\"@type\":\"Article\",\"@id\":\"https:\\\/\\\/favorite-news.com\\\/es\\\/coosur-reivindica-el-sur-en-su-nueva-linea-estrategica\\\/#article\",\"isPartOf\":{\"@id\":\"https:\\\/\\\/favorite-news.com\\\/es\\\/coosur-reivindica-el-sur-en-su-nueva-linea-estrategica\\\/\"},\"author\":{\"name\":\"favorite-news\",\"@id\":\"https:\\\/\\\/favorite-news.com\\\/es\\\/#\\\/schema\\\/person\\\/b91573b717dcfa5e4696032a9d28d3e8\"},\"headline\":\"Coosur reivindica el Sur en su nueva l\u00ednea estrat\u00e9gica\",\"datePublished\":\"2021-03-27T13:21:07+00:00\",\"dateModified\":\"2021-03-27T13:21:09+00:00\",\"mainEntityOfPage\":{\"@id\":\"https:\\\/\\\/favorite-news.com\\\/es\\\/coosur-reivindica-el-sur-en-su-nueva-linea-estrategica\\\/\"},\"wordCount\":594,\"commentCount\":0,\"image\":{\"@id\":\"https:\\\/\\\/favorite-news.com\\\/es\\\/coosur-reivindica-el-sur-en-su-nueva-linea-estrategica\\\/#primaryimage\"},\"thumbnailUrl\":\"https:\\\/\\\/favorite-news.com\\\/es\\\/wp-content\\\/uploads\\\/sites\\\/4\\\/2021\\\/03\\\/Coosur-reivindica-el-Sur-en-su-nueva-linea-estrategica.jpg\",\"articleSection\":[\"NOTICIAS DE INTERNET MARKETING\"],\"inLanguage\":\"es\",\"potentialAction\":[{\"@type\":\"CommentAction\",\"name\":\"Comment\",\"target\":[\"https:\\\/\\\/favorite-news.com\\\/es\\\/coosur-reivindica-el-sur-en-su-nueva-linea-estrategica\\\/#respond\"]}]},{\"@type\":\"WebPage\",\"@id\":\"https:\\\/\\\/favorite-news.com\\\/es\\\/coosur-reivindica-el-sur-en-su-nueva-linea-estrategica\\\/\",\"url\":\"https:\\\/\\\/favorite-news.com\\\/es\\\/coosur-reivindica-el-sur-en-su-nueva-linea-estrategica\\\/\",\"name\":\"Coosur reivindica el Sur en su nueva l\u00ednea estrat\u00e9gica - Favorite News\",\"isPartOf\":{\"@id\":\"https:\\\/\\\/favorite-news.com\\\/es\\\/#website\"},\"primaryImageOfPage\":{\"@id\":\"https:\\\/\\\/favorite-news.com\\\/es\\\/coosur-reivindica-el-sur-en-su-nueva-linea-estrategica\\\/#primaryimage\"},\"image\":{\"@id\":\"https:\\\/\\\/favorite-news.com\\\/es\\\/coosur-reivindica-el-sur-en-su-nueva-linea-estrategica\\\/#primaryimage\"},\"thumbnailUrl\":\"https:\\\/\\\/favorite-news.com\\\/es\\\/wp-content\\\/uploads\\\/sites\\\/4\\\/2021\\\/03\\\/Coosur-reivindica-el-Sur-en-su-nueva-linea-estrategica.jpg\",\"datePublished\":\"2021-03-27T13:21:07+00:00\",\"dateModified\":\"2021-03-27T13:21:09+00:00\",\"author\":{\"@id\":\"https:\\\/\\\/favorite-news.com\\\/es\\\/#\\\/schema\\\/person\\\/b91573b717dcfa5e4696032a9d28d3e8\"},\"breadcrumb\":{\"@id\":\"https:\\\/\\\/favorite-news.com\\\/es\\\/coosur-reivindica-el-sur-en-su-nueva-linea-estrategica\\\/#breadcrumb\"},\"inLanguage\":\"es\",\"potentialAction\":[{\"@type\":\"ReadAction\",\"target\":[\"https:\\\/\\\/favorite-news.com\\\/es\\\/coosur-reivindica-el-sur-en-su-nueva-linea-estrategica\\\/\"]}]},{\"@type\":\"ImageObject\",\"inLanguage\":\"es\",\"@id\":\"https:\\\/\\\/favorite-news.com\\\/es\\\/coosur-reivindica-el-sur-en-su-nueva-linea-estrategica\\\/#primaryimage\",\"url\":\"https:\\\/\\\/favorite-news.com\\\/es\\\/wp-content\\\/uploads\\\/sites\\\/4\\\/2021\\\/03\\\/Coosur-reivindica-el-Sur-en-su-nueva-linea-estrategica.jpg\",\"contentUrl\":\"https:\\\/\\\/favorite-news.com\\\/es\\\/wp-content\\\/uploads\\\/sites\\\/4\\\/2021\\\/03\\\/Coosur-reivindica-el-Sur-en-su-nueva-linea-estrategica.jpg\",\"width\":530,\"height\":298,\"caption\":\"Coosur reivindica el Sur en su nueva l\u00ednea estrat\u00e9gica\"},{\"@type\":\"BreadcrumbList\",\"@id\":\"https:\\\/\\\/favorite-news.com\\\/es\\\/coosur-reivindica-el-sur-en-su-nueva-linea-estrategica\\\/#breadcrumb\",\"itemListElement\":[{\"@type\":\"ListItem\",\"position\":1,\"name\":\"Home\",\"item\":\"https:\\\/\\\/favorite-news.com\\\/es\\\/\"},{\"@type\":\"ListItem\",\"position\":2,\"name\":\"Coosur reivindica el Sur en su nueva l\u00ednea estrat\u00e9gica\"}]},{\"@type\":\"WebSite\",\"@id\":\"https:\\\/\\\/favorite-news.com\\\/es\\\/#website\",\"url\":\"https:\\\/\\\/favorite-news.com\\\/es\\\/\",\"name\":\"Favorite News\",\"description\":\"Favorite News Espa\u00f1a\",\"potentialAction\":[{\"@type\":\"SearchAction\",\"target\":{\"@type\":\"EntryPoint\",\"urlTemplate\":\"https:\\\/\\\/favorite-news.com\\\/es\\\/?s={search_term_string}\"},\"query-input\":{\"@type\":\"PropertyValueSpecification\",\"valueRequired\":true,\"valueName\":\"search_term_string\"}}],\"inLanguage\":\"es\"},{\"@type\":\"Person\",\"@id\":\"https:\\\/\\\/favorite-news.com\\\/es\\\/#\\\/schema\\\/person\\\/b91573b717dcfa5e4696032a9d28d3e8\",\"name\":\"favorite-news\",\"image\":{\"@type\":\"ImageObject\",\"inLanguage\":\"es\",\"@id\":\"https:\\\/\\\/secure.gravatar.com\\\/avatar\\\/6c5a5cb12b74e9d517ee91cf570335b7d16177f1977cc91db161adfa435945a7?s=96&d=mm&r=g\",\"url\":\"https:\\\/\\\/secure.gravatar.com\\\/avatar\\\/6c5a5cb12b74e9d517ee91cf570335b7d16177f1977cc91db161adfa435945a7?s=96&d=mm&r=g\",\"contentUrl\":\"https:\\\/\\\/secure.gravatar.com\\\/avatar\\\/6c5a5cb12b74e9d517ee91cf570335b7d16177f1977cc91db161adfa435945a7?s=96&d=mm&r=g\",\"caption\":\"favorite-news\"},\"url\":\"https:\\\/\\\/favorite-news.com\\\/es\\\/author\\\/pt\\\/\"}]}<\/script>\n<!-- \/ Yoast SEO plugin. -->","yoast_head_json":{"title":"Coosur reivindica el Sur en su nueva l\u00ednea estrat\u00e9gica - Favorite News","robots":{"index":"index","follow":"follow","max-snippet":"max-snippet:-1","max-image-preview":"max-image-preview:large","max-video-preview":"max-video-preview:-1"},"canonical":"https:\/\/favorite-news.com\/es\/coosur-reivindica-el-sur-en-su-nueva-linea-estrategica\/","og_locale":"es_ES","og_type":"article","og_title":"Coosur reivindica el Sur en su nueva l\u00ednea estrat\u00e9gica - Favorite News","og_description":"La creatividad es de Ping\u00fcino TorreblancaLa marca de aceites Coosur, propiedad de Acesur, ha elegido mediante concurso a Ping\u00fcino Torreblanca para el desarrollo de su nuevo spot de televisi\u00f3n, cuya gesti\u00f3n de medios est\u00e1 a cargo de La Peque\u00f1a F\u00e1brica. Esta pieza supone el inicio de una nueva l\u00ednea estrat\u00e9gica para la marca.\u201cUn camino en [&hellip;]","og_url":"https:\/\/favorite-news.com\/es\/coosur-reivindica-el-sur-en-su-nueva-linea-estrategica\/","og_site_name":"Favorite News","article_published_time":"2021-03-27T13:21:07+00:00","article_modified_time":"2021-03-27T13:21:09+00:00","og_image":[{"width":530,"height":298,"url":"https:\/\/favorite-news.com\/es\/wp-content\/uploads\/sites\/4\/2021\/03\/Coosur-reivindica-el-Sur-en-su-nueva-linea-estrategica.jpg","type":"image\/jpeg"}],"author":"favorite-news","twitter_card":"summary_large_image","twitter_misc":{"Escrito por":"favorite-news","Tiempo de lectura":"3 minutos"},"schema":{"@context":"https:\/\/schema.org","@graph":[{"@type":"Article","@id":"https:\/\/favorite-news.com\/es\/coosur-reivindica-el-sur-en-su-nueva-linea-estrategica\/#article","isPartOf":{"@id":"https:\/\/favorite-news.com\/es\/coosur-reivindica-el-sur-en-su-nueva-linea-estrategica\/"},"author":{"name":"favorite-news","@id":"https:\/\/favorite-news.com\/es\/#\/schema\/person\/b91573b717dcfa5e4696032a9d28d3e8"},"headline":"Coosur reivindica el Sur en su nueva l\u00ednea estrat\u00e9gica","datePublished":"2021-03-27T13:21:07+00:00","dateModified":"2021-03-27T13:21:09+00:00","mainEntityOfPage":{"@id":"https:\/\/favorite-news.com\/es\/coosur-reivindica-el-sur-en-su-nueva-linea-estrategica\/"},"wordCount":594,"commentCount":0,"image":{"@id":"https:\/\/favorite-news.com\/es\/coosur-reivindica-el-sur-en-su-nueva-linea-estrategica\/#primaryimage"},"thumbnailUrl":"https:\/\/favorite-news.com\/es\/wp-content\/uploads\/sites\/4\/2021\/03\/Coosur-reivindica-el-Sur-en-su-nueva-linea-estrategica.jpg","articleSection":["NOTICIAS DE INTERNET MARKETING"],"inLanguage":"es","potentialAction":[{"@type":"CommentAction","name":"Comment","target":["https:\/\/favorite-news.com\/es\/coosur-reivindica-el-sur-en-su-nueva-linea-estrategica\/#respond"]}]},{"@type":"WebPage","@id":"https:\/\/favorite-news.com\/es\/coosur-reivindica-el-sur-en-su-nueva-linea-estrategica\/","url":"https:\/\/favorite-news.com\/es\/coosur-reivindica-el-sur-en-su-nueva-linea-estrategica\/","name":"Coosur reivindica el Sur en su nueva l\u00ednea estrat\u00e9gica - Favorite News","isPartOf":{"@id":"https:\/\/favorite-news.com\/es\/#website"},"primaryImageOfPage":{"@id":"https:\/\/favorite-news.com\/es\/coosur-reivindica-el-sur-en-su-nueva-linea-estrategica\/#primaryimage"},"image":{"@id":"https:\/\/favorite-news.com\/es\/coosur-reivindica-el-sur-en-su-nueva-linea-estrategica\/#primaryimage"},"thumbnailUrl":"https:\/\/favorite-news.com\/es\/wp-content\/uploads\/sites\/4\/2021\/03\/Coosur-reivindica-el-Sur-en-su-nueva-linea-estrategica.jpg","datePublished":"2021-03-27T13:21:07+00:00","dateModified":"2021-03-27T13:21:09+00:00","author":{"@id":"https:\/\/favorite-news.com\/es\/#\/schema\/person\/b91573b717dcfa5e4696032a9d28d3e8"},"breadcrumb":{"@id":"https:\/\/favorite-news.com\/es\/coosur-reivindica-el-sur-en-su-nueva-linea-estrategica\/#breadcrumb"},"inLanguage":"es","potentialAction":[{"@type":"ReadAction","target":["https:\/\/favorite-news.com\/es\/coosur-reivindica-el-sur-en-su-nueva-linea-estrategica\/"]}]},{"@type":"ImageObject","inLanguage":"es","@id":"https:\/\/favorite-news.com\/es\/coosur-reivindica-el-sur-en-su-nueva-linea-estrategica\/#primaryimage","url":"https:\/\/favorite-news.com\/es\/wp-content\/uploads\/sites\/4\/2021\/03\/Coosur-reivindica-el-Sur-en-su-nueva-linea-estrategica.jpg","contentUrl":"https:\/\/favorite-news.com\/es\/wp-content\/uploads\/sites\/4\/2021\/03\/Coosur-reivindica-el-Sur-en-su-nueva-linea-estrategica.jpg","width":530,"height":298,"caption":"Coosur reivindica el Sur en su nueva l\u00ednea estrat\u00e9gica"},{"@type":"BreadcrumbList","@id":"https:\/\/favorite-news.com\/es\/coosur-reivindica-el-sur-en-su-nueva-linea-estrategica\/#breadcrumb","itemListElement":[{"@type":"ListItem","position":1,"name":"Home","item":"https:\/\/favorite-news.com\/es\/"},{"@type":"ListItem","position":2,"name":"Coosur reivindica el Sur en su nueva l\u00ednea estrat\u00e9gica"}]},{"@type":"WebSite","@id":"https:\/\/favorite-news.com\/es\/#website","url":"https:\/\/favorite-news.com\/es\/","name":"Favorite News","description":"Favorite News Espa\u00f1a","potentialAction":[{"@type":"SearchAction","target":{"@type":"EntryPoint","urlTemplate":"https:\/\/favorite-news.com\/es\/?s={search_term_string}"},"query-input":{"@type":"PropertyValueSpecification","valueRequired":true,"valueName":"search_term_string"}}],"inLanguage":"es"},{"@type":"Person","@id":"https:\/\/favorite-news.com\/es\/#\/schema\/person\/b91573b717dcfa5e4696032a9d28d3e8","name":"favorite-news","image":{"@type":"ImageObject","inLanguage":"es","@id":"https:\/\/secure.gravatar.com\/avatar\/6c5a5cb12b74e9d517ee91cf570335b7d16177f1977cc91db161adfa435945a7?s=96&d=mm&r=g","url":"https:\/\/secure.gravatar.com\/avatar\/6c5a5cb12b74e9d517ee91cf570335b7d16177f1977cc91db161adfa435945a7?s=96&d=mm&r=g","contentUrl":"https:\/\/secure.gravatar.com\/avatar\/6c5a5cb12b74e9d517ee91cf570335b7d16177f1977cc91db161adfa435945a7?s=96&d=mm&r=g","caption":"favorite-news"},"url":"https:\/\/favorite-news.com\/es\/author\/pt\/"}]}},"_links":{"self":[{"href":"https:\/\/favorite-news.com\/es\/wp-json\/wp\/v2\/posts\/6314","targetHints":{"allow":["GET"]}}],"collection":[{"href":"https:\/\/favorite-news.com\/es\/wp-json\/wp\/v2\/posts"}],"about":[{"href":"https:\/\/favorite-news.com\/es\/wp-json\/wp\/v2\/types\/post"}],"author":[{"embeddable":true,"href":"https:\/\/favorite-news.com\/es\/wp-json\/wp\/v2\/users\/2"}],"replies":[{"embeddable":true,"href":"https:\/\/favorite-news.com\/es\/wp-json\/wp\/v2\/comments?post=6314"}],"version-history":[{"count":1,"href":"https:\/\/favorite-news.com\/es\/wp-json\/wp\/v2\/posts\/6314\/revisions"}],"predecessor-version":[{"id":6316,"href":"https:\/\/favorite-news.com\/es\/wp-json\/wp\/v2\/posts\/6314\/revisions\/6316"}],"wp:featuredmedia":[{"embeddable":true,"href":"https:\/\/favorite-news.com\/es\/wp-json\/wp\/v2\/media\/6315"}],"wp:attachment":[{"href":"https:\/\/favorite-news.com\/es\/wp-json\/wp\/v2\/media?parent=6314"}],"wp:term":[{"taxonomy":"category","embeddable":true,"href":"https:\/\/favorite-news.com\/es\/wp-json\/wp\/v2\/categories?post=6314"},{"taxonomy":"post_tag","embeddable":true,"href":"https:\/\/favorite-news.com\/es\/wp-json\/wp\/v2\/tags?post=6314"}],"curies":[{"name":"wp","href":"https:\/\/api.w.org\/{rel}","templated":true}]}}