{"id":6287,"date":"2021-03-25T03:30:12","date_gmt":"2021-03-25T00:30:12","guid":{"rendered":"https:\/\/favorite-news.com\/es\/instituto-cervantes-30-anos-creando-hispanistas\/"},"modified":"2021-03-25T03:30:16","modified_gmt":"2021-03-25T00:30:16","slug":"instituto-cervantes-30-anos-creando-hispanistas","status":"publish","type":"post","link":"https:\/\/favorite-news.com\/es\/instituto-cervantes-30-anos-creando-hispanistas\/","title":{"rendered":"Instituto Cervantes: 30 a\u00f1os creando hispanistas"},"content":{"rendered":"<p>La actriz Sof\u00eda VergaraLa Princesa de Asturias ha realiza hoy su primer acto oficial en solitario, con una visita a la sede central del Instituto Cervantes con la que abrir\u00e1 la celebraci\u00f3n del 30.\u00ba aniversario de la creaci\u00f3n del organismo. Acompa\u00f1ada por la vicepresidenta primera del Gobierno,\u00a0Carmen Calvo, y por el director del Instituto Cervantes,\u00a0Luis Garc\u00eda Montero, la Princesa Leonor ha depositado en la caja de seguridad n\u00famero 2021 de la Caja de las Letras el ejemplar de la Constituci\u00f3n cuyo primer art\u00edculo ley\u00f3 en p\u00fablico el 31 de octubre de 2018 y el tomo del\u00a0Quijote\u00a0(edici\u00f3n del Instituto Cervantes de la colecci\u00f3n\u00a0Cl\u00e1sicos de la Real Academia Espa\u00f1ola) que ley\u00f3 ante las c\u00e1maras junto a la Infanta Sof\u00eda con motivo del D\u00eda Internacional del Libro 2020.\u00a0La visita abre la celebraci\u00f3n de su trig\u00e9simo aniversario bajo el lema \u00ab30 a\u00f1os creando hispanistas\u00bb, campa\u00f1a que ha sido creada por la independiente Mi Querido Watson.La agencia ha centrado las acciones para este trabajo en la figura del &#8216;hispanista&#8217;. Ya no solo como la persona que estudia el espa\u00f1ol, sino como el apasionado por la lengua y la cultura hispanoamericana, el que influye en su entorno haci\u00e9ndolo m\u00e1s rico y diverso. Exactamente igual que el propio Instituto Cervantes. De aqu\u00ed surge el lema \u201c30 a\u00f1os creando hispanistas\u201d.Bajo este paraguas conceptual se ha desarrollado un amplio mapa de piezas que cubrir\u00e1 un a\u00f1o completo de contenidos:logotipo conmemorativo, identidad de marca del aniversario, v\u00eddeo de campa\u00f1a con la colaboraci\u00f3n de la cantante y actriz Ana Bel\u00e9n, calendario anual de tem\u00e1ticas y representantes (entre los que se incluyen personajes an\u00f3nimos y famosos como Sof\u00eda Vergara, Viggo Mortensen o el Premio Nobel Mario Vargas Llosa), dinamizaci\u00f3n de redes sociales, intervenci\u00f3n de la sede principal de Gran V\u00eda en Madrid y un largo etc\u00e9tera que, sin duda, acercar\u00e1n a todos los p\u00fablicos una instituci\u00f3n que es de todos.<br \/>\n<br \/>\n<!--noindex--><br \/>\n<a href=\"http:\/\/www.marketingnews.es\/marcas\/noticia\/1165096054305\/instituto-cervantes-30-anos-creando-hispanistas.1.html\" rel=\"nofollow\">Source link <\/a><br \/>\n<!--\/noindex--><\/p>\n","protected":false},"excerpt":{"rendered":"<p>La actriz Sof\u00eda VergaraLa Princesa de Asturias ha realiza hoy su primer acto oficial en solitario, con una visita a la sede central del Instituto Cervantes con la que abrir\u00e1 la celebraci\u00f3n del 30.\u00ba aniversario de la creaci\u00f3n del organismo. Acompa\u00f1ada por la vicepresidenta primera del Gobierno,\u00a0Carmen Calvo, y por el director del Instituto Cervantes,\u00a0Luis [&hellip;]<\/p>\n","protected":false},"author":2,"featured_media":6288,"comment_status":"open","ping_status":"open","sticky":false,"template":"","format":"standard","meta":{"footnotes":""},"categories":[2],"tags":[],"class_list":["post-6287","post","type-post","status-publish","format-standard","has-post-thumbnail","hentry","category-noticias-de-internet-marketing"],"yoast_head":"<!-- This site is optimized with the Yoast SEO plugin v27.4 - https:\/\/yoast.com\/product\/yoast-seo-wordpress\/ -->\n<title>Instituto Cervantes: 30 a\u00f1os creando hispanistas - Favorite News<\/title>\n<meta name=\"robots\" content=\"index, follow, max-snippet:-1, max-image-preview:large, max-video-preview:-1\" \/>\n<link rel=\"canonical\" href=\"https:\/\/favorite-news.com\/es\/instituto-cervantes-30-anos-creando-hispanistas\/\" \/>\n<meta property=\"og:locale\" content=\"es_ES\" \/>\n<meta property=\"og:type\" content=\"article\" \/>\n<meta property=\"og:title\" content=\"Instituto Cervantes: 30 a\u00f1os creando hispanistas - Favorite News\" \/>\n<meta property=\"og:description\" content=\"La actriz Sof\u00eda VergaraLa Princesa de Asturias ha realiza hoy su primer acto oficial en solitario, con una visita a la sede central del Instituto Cervantes con la que abrir\u00e1 la celebraci\u00f3n del 30.\u00ba aniversario de la creaci\u00f3n del organismo. Acompa\u00f1ada por la vicepresidenta primera del Gobierno,\u00a0Carmen Calvo, y por el director del Instituto Cervantes,\u00a0Luis [&hellip;]\" \/>\n<meta property=\"og:url\" content=\"https:\/\/favorite-news.com\/es\/instituto-cervantes-30-anos-creando-hispanistas\/\" \/>\n<meta property=\"og:site_name\" content=\"Favorite News\" \/>\n<meta property=\"article:published_time\" content=\"2021-03-25T00:30:12+00:00\" \/>\n<meta property=\"article:modified_time\" content=\"2021-03-25T00:30:16+00:00\" \/>\n<meta property=\"og:image\" content=\"https:\/\/favorite-news.com\/es\/wp-content\/uploads\/sites\/4\/2021\/03\/Instituto-Cervantes-30-anos-creando-hispanistas.png\" \/>\n\t<meta property=\"og:image:width\" content=\"530\" \/>\n\t<meta property=\"og:image:height\" content=\"298\" \/>\n\t<meta property=\"og:image:type\" content=\"image\/png\" \/>\n<meta name=\"author\" content=\"favorite-news\" \/>\n<meta name=\"twitter:card\" content=\"summary_large_image\" \/>\n<meta name=\"twitter:label1\" content=\"Escrito por\" \/>\n\t<meta name=\"twitter:data1\" content=\"favorite-news\" \/>\n\t<meta name=\"twitter:label2\" content=\"Tiempo de lectura\" \/>\n\t<meta name=\"twitter:data2\" content=\"2 minutos\" \/>\n<script type=\"application\/ld+json\" class=\"yoast-schema-graph\">{\"@context\":\"https:\\\/\\\/schema.org\",\"@graph\":[{\"@type\":\"Article\",\"@id\":\"https:\\\/\\\/favorite-news.com\\\/es\\\/instituto-cervantes-30-anos-creando-hispanistas\\\/#article\",\"isPartOf\":{\"@id\":\"https:\\\/\\\/favorite-news.com\\\/es\\\/instituto-cervantes-30-anos-creando-hispanistas\\\/\"},\"author\":{\"name\":\"favorite-news\",\"@id\":\"https:\\\/\\\/favorite-news.com\\\/es\\\/#\\\/schema\\\/person\\\/b91573b717dcfa5e4696032a9d28d3e8\"},\"headline\":\"Instituto Cervantes: 30 a\u00f1os creando hispanistas\",\"datePublished\":\"2021-03-25T00:30:12+00:00\",\"dateModified\":\"2021-03-25T00:30:16+00:00\",\"mainEntityOfPage\":{\"@id\":\"https:\\\/\\\/favorite-news.com\\\/es\\\/instituto-cervantes-30-anos-creando-hispanistas\\\/\"},\"wordCount\":357,\"commentCount\":0,\"image\":{\"@id\":\"https:\\\/\\\/favorite-news.com\\\/es\\\/instituto-cervantes-30-anos-creando-hispanistas\\\/#primaryimage\"},\"thumbnailUrl\":\"https:\\\/\\\/favorite-news.com\\\/es\\\/wp-content\\\/uploads\\\/sites\\\/4\\\/2021\\\/03\\\/Instituto-Cervantes-30-anos-creando-hispanistas.png\",\"articleSection\":[\"NOTICIAS DE INTERNET MARKETING\"],\"inLanguage\":\"es\",\"potentialAction\":[{\"@type\":\"CommentAction\",\"name\":\"Comment\",\"target\":[\"https:\\\/\\\/favorite-news.com\\\/es\\\/instituto-cervantes-30-anos-creando-hispanistas\\\/#respond\"]}]},{\"@type\":\"WebPage\",\"@id\":\"https:\\\/\\\/favorite-news.com\\\/es\\\/instituto-cervantes-30-anos-creando-hispanistas\\\/\",\"url\":\"https:\\\/\\\/favorite-news.com\\\/es\\\/instituto-cervantes-30-anos-creando-hispanistas\\\/\",\"name\":\"Instituto Cervantes: 30 a\u00f1os creando hispanistas - Favorite News\",\"isPartOf\":{\"@id\":\"https:\\\/\\\/favorite-news.com\\\/es\\\/#website\"},\"primaryImageOfPage\":{\"@id\":\"https:\\\/\\\/favorite-news.com\\\/es\\\/instituto-cervantes-30-anos-creando-hispanistas\\\/#primaryimage\"},\"image\":{\"@id\":\"https:\\\/\\\/favorite-news.com\\\/es\\\/instituto-cervantes-30-anos-creando-hispanistas\\\/#primaryimage\"},\"thumbnailUrl\":\"https:\\\/\\\/favorite-news.com\\\/es\\\/wp-content\\\/uploads\\\/sites\\\/4\\\/2021\\\/03\\\/Instituto-Cervantes-30-anos-creando-hispanistas.png\",\"datePublished\":\"2021-03-25T00:30:12+00:00\",\"dateModified\":\"2021-03-25T00:30:16+00:00\",\"author\":{\"@id\":\"https:\\\/\\\/favorite-news.com\\\/es\\\/#\\\/schema\\\/person\\\/b91573b717dcfa5e4696032a9d28d3e8\"},\"breadcrumb\":{\"@id\":\"https:\\\/\\\/favorite-news.com\\\/es\\\/instituto-cervantes-30-anos-creando-hispanistas\\\/#breadcrumb\"},\"inLanguage\":\"es\",\"potentialAction\":[{\"@type\":\"ReadAction\",\"target\":[\"https:\\\/\\\/favorite-news.com\\\/es\\\/instituto-cervantes-30-anos-creando-hispanistas\\\/\"]}]},{\"@type\":\"ImageObject\",\"inLanguage\":\"es\",\"@id\":\"https:\\\/\\\/favorite-news.com\\\/es\\\/instituto-cervantes-30-anos-creando-hispanistas\\\/#primaryimage\",\"url\":\"https:\\\/\\\/favorite-news.com\\\/es\\\/wp-content\\\/uploads\\\/sites\\\/4\\\/2021\\\/03\\\/Instituto-Cervantes-30-anos-creando-hispanistas.png\",\"contentUrl\":\"https:\\\/\\\/favorite-news.com\\\/es\\\/wp-content\\\/uploads\\\/sites\\\/4\\\/2021\\\/03\\\/Instituto-Cervantes-30-anos-creando-hispanistas.png\",\"width\":530,\"height\":298,\"caption\":\"Instituto Cervantes: 30 a\u00f1os creando hispanistas\"},{\"@type\":\"BreadcrumbList\",\"@id\":\"https:\\\/\\\/favorite-news.com\\\/es\\\/instituto-cervantes-30-anos-creando-hispanistas\\\/#breadcrumb\",\"itemListElement\":[{\"@type\":\"ListItem\",\"position\":1,\"name\":\"Home\",\"item\":\"https:\\\/\\\/favorite-news.com\\\/es\\\/\"},{\"@type\":\"ListItem\",\"position\":2,\"name\":\"Instituto Cervantes: 30 a\u00f1os creando hispanistas\"}]},{\"@type\":\"WebSite\",\"@id\":\"https:\\\/\\\/favorite-news.com\\\/es\\\/#website\",\"url\":\"https:\\\/\\\/favorite-news.com\\\/es\\\/\",\"name\":\"Favorite News\",\"description\":\"Favorite News Espa\u00f1a\",\"potentialAction\":[{\"@type\":\"SearchAction\",\"target\":{\"@type\":\"EntryPoint\",\"urlTemplate\":\"https:\\\/\\\/favorite-news.com\\\/es\\\/?s={search_term_string}\"},\"query-input\":{\"@type\":\"PropertyValueSpecification\",\"valueRequired\":true,\"valueName\":\"search_term_string\"}}],\"inLanguage\":\"es\"},{\"@type\":\"Person\",\"@id\":\"https:\\\/\\\/favorite-news.com\\\/es\\\/#\\\/schema\\\/person\\\/b91573b717dcfa5e4696032a9d28d3e8\",\"name\":\"favorite-news\",\"image\":{\"@type\":\"ImageObject\",\"inLanguage\":\"es\",\"@id\":\"https:\\\/\\\/secure.gravatar.com\\\/avatar\\\/6c5a5cb12b74e9d517ee91cf570335b7d16177f1977cc91db161adfa435945a7?s=96&d=mm&r=g\",\"url\":\"https:\\\/\\\/secure.gravatar.com\\\/avatar\\\/6c5a5cb12b74e9d517ee91cf570335b7d16177f1977cc91db161adfa435945a7?s=96&d=mm&r=g\",\"contentUrl\":\"https:\\\/\\\/secure.gravatar.com\\\/avatar\\\/6c5a5cb12b74e9d517ee91cf570335b7d16177f1977cc91db161adfa435945a7?s=96&d=mm&r=g\",\"caption\":\"favorite-news\"},\"url\":\"https:\\\/\\\/favorite-news.com\\\/es\\\/author\\\/pt\\\/\"}]}<\/script>\n<!-- \/ Yoast SEO plugin. -->","yoast_head_json":{"title":"Instituto Cervantes: 30 a\u00f1os creando hispanistas - Favorite News","robots":{"index":"index","follow":"follow","max-snippet":"max-snippet:-1","max-image-preview":"max-image-preview:large","max-video-preview":"max-video-preview:-1"},"canonical":"https:\/\/favorite-news.com\/es\/instituto-cervantes-30-anos-creando-hispanistas\/","og_locale":"es_ES","og_type":"article","og_title":"Instituto Cervantes: 30 a\u00f1os creando hispanistas - Favorite News","og_description":"La actriz Sof\u00eda VergaraLa Princesa de Asturias ha realiza hoy su primer acto oficial en solitario, con una visita a la sede central del Instituto Cervantes con la que abrir\u00e1 la celebraci\u00f3n del 30.\u00ba aniversario de la creaci\u00f3n del organismo. Acompa\u00f1ada por la vicepresidenta primera del Gobierno,\u00a0Carmen Calvo, y por el director del Instituto Cervantes,\u00a0Luis [&hellip;]","og_url":"https:\/\/favorite-news.com\/es\/instituto-cervantes-30-anos-creando-hispanistas\/","og_site_name":"Favorite News","article_published_time":"2021-03-25T00:30:12+00:00","article_modified_time":"2021-03-25T00:30:16+00:00","og_image":[{"width":530,"height":298,"url":"https:\/\/favorite-news.com\/es\/wp-content\/uploads\/sites\/4\/2021\/03\/Instituto-Cervantes-30-anos-creando-hispanistas.png","type":"image\/png"}],"author":"favorite-news","twitter_card":"summary_large_image","twitter_misc":{"Escrito por":"favorite-news","Tiempo de lectura":"2 minutos"},"schema":{"@context":"https:\/\/schema.org","@graph":[{"@type":"Article","@id":"https:\/\/favorite-news.com\/es\/instituto-cervantes-30-anos-creando-hispanistas\/#article","isPartOf":{"@id":"https:\/\/favorite-news.com\/es\/instituto-cervantes-30-anos-creando-hispanistas\/"},"author":{"name":"favorite-news","@id":"https:\/\/favorite-news.com\/es\/#\/schema\/person\/b91573b717dcfa5e4696032a9d28d3e8"},"headline":"Instituto Cervantes: 30 a\u00f1os creando hispanistas","datePublished":"2021-03-25T00:30:12+00:00","dateModified":"2021-03-25T00:30:16+00:00","mainEntityOfPage":{"@id":"https:\/\/favorite-news.com\/es\/instituto-cervantes-30-anos-creando-hispanistas\/"},"wordCount":357,"commentCount":0,"image":{"@id":"https:\/\/favorite-news.com\/es\/instituto-cervantes-30-anos-creando-hispanistas\/#primaryimage"},"thumbnailUrl":"https:\/\/favorite-news.com\/es\/wp-content\/uploads\/sites\/4\/2021\/03\/Instituto-Cervantes-30-anos-creando-hispanistas.png","articleSection":["NOTICIAS DE INTERNET MARKETING"],"inLanguage":"es","potentialAction":[{"@type":"CommentAction","name":"Comment","target":["https:\/\/favorite-news.com\/es\/instituto-cervantes-30-anos-creando-hispanistas\/#respond"]}]},{"@type":"WebPage","@id":"https:\/\/favorite-news.com\/es\/instituto-cervantes-30-anos-creando-hispanistas\/","url":"https:\/\/favorite-news.com\/es\/instituto-cervantes-30-anos-creando-hispanistas\/","name":"Instituto Cervantes: 30 a\u00f1os creando hispanistas - Favorite News","isPartOf":{"@id":"https:\/\/favorite-news.com\/es\/#website"},"primaryImageOfPage":{"@id":"https:\/\/favorite-news.com\/es\/instituto-cervantes-30-anos-creando-hispanistas\/#primaryimage"},"image":{"@id":"https:\/\/favorite-news.com\/es\/instituto-cervantes-30-anos-creando-hispanistas\/#primaryimage"},"thumbnailUrl":"https:\/\/favorite-news.com\/es\/wp-content\/uploads\/sites\/4\/2021\/03\/Instituto-Cervantes-30-anos-creando-hispanistas.png","datePublished":"2021-03-25T00:30:12+00:00","dateModified":"2021-03-25T00:30:16+00:00","author":{"@id":"https:\/\/favorite-news.com\/es\/#\/schema\/person\/b91573b717dcfa5e4696032a9d28d3e8"},"breadcrumb":{"@id":"https:\/\/favorite-news.com\/es\/instituto-cervantes-30-anos-creando-hispanistas\/#breadcrumb"},"inLanguage":"es","potentialAction":[{"@type":"ReadAction","target":["https:\/\/favorite-news.com\/es\/instituto-cervantes-30-anos-creando-hispanistas\/"]}]},{"@type":"ImageObject","inLanguage":"es","@id":"https:\/\/favorite-news.com\/es\/instituto-cervantes-30-anos-creando-hispanistas\/#primaryimage","url":"https:\/\/favorite-news.com\/es\/wp-content\/uploads\/sites\/4\/2021\/03\/Instituto-Cervantes-30-anos-creando-hispanistas.png","contentUrl":"https:\/\/favorite-news.com\/es\/wp-content\/uploads\/sites\/4\/2021\/03\/Instituto-Cervantes-30-anos-creando-hispanistas.png","width":530,"height":298,"caption":"Instituto Cervantes: 30 a\u00f1os creando hispanistas"},{"@type":"BreadcrumbList","@id":"https:\/\/favorite-news.com\/es\/instituto-cervantes-30-anos-creando-hispanistas\/#breadcrumb","itemListElement":[{"@type":"ListItem","position":1,"name":"Home","item":"https:\/\/favorite-news.com\/es\/"},{"@type":"ListItem","position":2,"name":"Instituto Cervantes: 30 a\u00f1os creando hispanistas"}]},{"@type":"WebSite","@id":"https:\/\/favorite-news.com\/es\/#website","url":"https:\/\/favorite-news.com\/es\/","name":"Favorite News","description":"Favorite News Espa\u00f1a","potentialAction":[{"@type":"SearchAction","target":{"@type":"EntryPoint","urlTemplate":"https:\/\/favorite-news.com\/es\/?s={search_term_string}"},"query-input":{"@type":"PropertyValueSpecification","valueRequired":true,"valueName":"search_term_string"}}],"inLanguage":"es"},{"@type":"Person","@id":"https:\/\/favorite-news.com\/es\/#\/schema\/person\/b91573b717dcfa5e4696032a9d28d3e8","name":"favorite-news","image":{"@type":"ImageObject","inLanguage":"es","@id":"https:\/\/secure.gravatar.com\/avatar\/6c5a5cb12b74e9d517ee91cf570335b7d16177f1977cc91db161adfa435945a7?s=96&d=mm&r=g","url":"https:\/\/secure.gravatar.com\/avatar\/6c5a5cb12b74e9d517ee91cf570335b7d16177f1977cc91db161adfa435945a7?s=96&d=mm&r=g","contentUrl":"https:\/\/secure.gravatar.com\/avatar\/6c5a5cb12b74e9d517ee91cf570335b7d16177f1977cc91db161adfa435945a7?s=96&d=mm&r=g","caption":"favorite-news"},"url":"https:\/\/favorite-news.com\/es\/author\/pt\/"}]}},"_links":{"self":[{"href":"https:\/\/favorite-news.com\/es\/wp-json\/wp\/v2\/posts\/6287","targetHints":{"allow":["GET"]}}],"collection":[{"href":"https:\/\/favorite-news.com\/es\/wp-json\/wp\/v2\/posts"}],"about":[{"href":"https:\/\/favorite-news.com\/es\/wp-json\/wp\/v2\/types\/post"}],"author":[{"embeddable":true,"href":"https:\/\/favorite-news.com\/es\/wp-json\/wp\/v2\/users\/2"}],"replies":[{"embeddable":true,"href":"https:\/\/favorite-news.com\/es\/wp-json\/wp\/v2\/comments?post=6287"}],"version-history":[{"count":1,"href":"https:\/\/favorite-news.com\/es\/wp-json\/wp\/v2\/posts\/6287\/revisions"}],"predecessor-version":[{"id":6289,"href":"https:\/\/favorite-news.com\/es\/wp-json\/wp\/v2\/posts\/6287\/revisions\/6289"}],"wp:featuredmedia":[{"embeddable":true,"href":"https:\/\/favorite-news.com\/es\/wp-json\/wp\/v2\/media\/6288"}],"wp:attachment":[{"href":"https:\/\/favorite-news.com\/es\/wp-json\/wp\/v2\/media?parent=6287"}],"wp:term":[{"taxonomy":"category","embeddable":true,"href":"https:\/\/favorite-news.com\/es\/wp-json\/wp\/v2\/categories?post=6287"},{"taxonomy":"post_tag","embeddable":true,"href":"https:\/\/favorite-news.com\/es\/wp-json\/wp\/v2\/tags?post=6287"}],"curies":[{"name":"wp","href":"https:\/\/api.w.org\/{rel}","templated":true}]}}