{"id":6283,"date":"2021-03-24T15:25:34","date_gmt":"2021-03-24T12:25:34","guid":{"rendered":"https:\/\/favorite-news.com\/es\/los-espanoles-los-europeos-que-mas-se-informan-de-la-pandemia-a-traves-de-internet\/"},"modified":"2021-03-24T15:25:36","modified_gmt":"2021-03-24T12:25:36","slug":"los-espanoles-los-europeos-que-mas-se-informan-de-la-pandemia-a-traves-de-internet","status":"publish","type":"post","link":"https:\/\/favorite-news.com\/es\/los-espanoles-los-europeos-que-mas-se-informan-de-la-pandemia-a-traves-de-internet\/","title":{"rendered":"Los espa\u00f1oles, los europeos que m\u00e1s se informan de la pandemia a trav\u00e9s de internet"},"content":{"rendered":"<p>El estudio lo ha realizado IpsosIpsos, a trav\u00e9s de su estudio cont\u00ednuo Essentials, ha querido analizar cu\u00e1les son las fuentes de informaci\u00f3n preferidas por los ciudadanos para informarse de la evoluci\u00f3n del Covid y a su vez, cu\u00e1l es el impacto que tienen los medios de comunicaci\u00f3n en la percepci\u00f3n de la pandemia en estos.Los medios tradicionales y digitales se consumen en la misma proporci\u00f3n para estar informados de la pandemiaDe media global, el 77% de los ciudadanos de los pa\u00edses encuestados, afirman que se informan tanto a trav\u00e9s de los medios tradicionales como digitales. Dentro de los tradicionales, la televisi\u00f3n (67% de media global) es el medio l\u00edder, seguida de la radio (36%) y los peri\u00f3dicos y revistas impresas (21%). En lo que respecta a los medios digitales, estos se encuentran m\u00e1s fragmentados, aunque las redes sociales se sit\u00faan como las l\u00edderes con un 44% de media global. Fuente a la que les siguen los medios online (39%).\u00a0En el caso de Espa\u00f1a, sus ciudadanos se sit\u00faan como los europeos que m\u00e1s se informan sobre la pandemia a trav\u00e9s de plataformas digitales (79%), sin embargo, aunque solo con 4 puntos de ventaja, los medios tradicionales (83%) siguen siendo los preferidos para mantenerse informados.\u00a0A la hora de la procedencia de los medios, los nacionales se convierten en la opci\u00f3n favorita para estar informados sobre esta pandemia (37% media global), seguidos de las redes sociales (20%), los medios locales (16%) y los medios internacionales (13%). Por regiones, Europa (38%) as\u00ed como Asia-Pac\u00edfico (44%) eligen los medios nacionales, Norteam\u00e9rica (29%) prefiere los medios locales y Latino Am\u00e9rica (30%) opta por las redes sociales.A nivel global, a la hora de analizar las preferencias para informarse en funci\u00f3n de las diferentes generaciones, se observa c\u00f3mo a mayor edad el consumo de medios tradicionales aumenta en detrimento de los digitales. De hecho, solo hay una generaci\u00f3n, los Z (19 a 23 a\u00f1os), que su fuente principal de informaci\u00f3n son las redes sociales. Esta elecci\u00f3n lleva a que los j\u00f3venes sean los m\u00e1s propensos a creer ideas sobre la pandemia que no est\u00e1n confirmadas.\u00a0Visi\u00f3n de la pandemia en funci\u00f3n de la fuente de informaci\u00f3n preferida\u00a0El estudio revela que en general aquellos que eligen las redes sociales junto con el \u201cboca a boca\u201d, proveniente de familiares y amigos, para estar informados, son los que m\u00e1s creen en informaci\u00f3n no confirmada sobre la pandemia. Tambi\u00e9n es el colectivo que m\u00e1s cree que la COVID-19 fue creada en un laboratorio con un objetivo militar y coincide con que son los menos predispuestos a vacunarse, solo un 40% muestra predisposici\u00f3n a hacerlo frente al 62% de aquellos que consumen medios nacionales.\u00a0Por su parte, los que consumen medios de car\u00e1cter nacional o local son los m\u00e1s optimistas, ya que no consideran que la situaci\u00f3n en su pa\u00eds est\u00e9 fuera de control (49% frente a un 58% de los que su canal de informaci\u00f3n preferente son las redes sociales y hasta un 60% los que se informan a trav\u00e9s de familia y amigos). Adem\u00e1s, son los que menos nerviosos se sienten por retomar su vida normal (48% medios nacionales, 58% redes sociales y 61% familia y amigos).\u00a0La importancia de consumir medios de todas las ideolog\u00edasSe recomienda que para tener una visi\u00f3n m\u00e1s neutral y menos sesgada de la realidad lo ideal es consumir medios de todas las ideolog\u00edas, algo que, de media a nivel mundial, reconocen hacer s\u00f3lo un 35%. Sin embargo, al analizar cada uno de los pa\u00edses, se observa como \u00a0el consumo de medios mixtas no es una pr\u00e1ctica extendida. A nivel europeo, Espa\u00f1a (25%) es el pa\u00eds, despu\u00e9s de Alemania (23%), que menos consume medios \u201cmixtos\u201d. \u00a0Adem\u00e1s, es el pa\u00eds en el que m\u00e1s poblaci\u00f3n consume medios de ideolog\u00eda de izquierdas (41%) y el que menos poblaci\u00f3n consume medios de derechas (16%).\u00a0El hecho de consumir medios con una marcada ideolog\u00eda lleva a la poblaci\u00f3n a tener un sesgo de la realidad y percibir de manera diferente la evoluci\u00f3n de la pandemia. Mientras que, de media a nivel global, los que consumen medios de izquierdas son los m\u00e1s predispuestos a vacunarse (61% de media global), los de derechas creen que se consigue m\u00e1s inmunidad contagi\u00e1ndose que vacun\u00e1ndose (29% de media global). Adem\u00e1s, tambi\u00e9n aquellos que consumen medios de derechas son los que m\u00e1s de acuerdo est\u00e1n con que la Covid-19 fue creada en un laboratorio con fines militares (31% de media), los que m\u00e1s piensan que los ni\u00f1os no se contagian (19% de media), y aquellos que defienden que una vez que se han vacunado ya no hace falta llevar mascarilla (17%).\u00a0<br \/>\n<br \/>\n<!--noindex--><br \/>\n<a href=\"http:\/\/www.marketingnews.es\/investigacion\/noticia\/1165091031605\/espanoles-europeos-mas-se-informan-de-pandemia-traves-de-internet.1.html\" rel=\"nofollow\">Source link <\/a><br \/>\n<!--\/noindex--><\/p>\n","protected":false},"excerpt":{"rendered":"<p>El estudio lo ha realizado IpsosIpsos, a trav\u00e9s de su estudio cont\u00ednuo Essentials, ha querido analizar cu\u00e1les son las fuentes de informaci\u00f3n preferidas por los ciudadanos para informarse de la evoluci\u00f3n del Covid y a su vez, cu\u00e1l es el impacto que tienen los medios de comunicaci\u00f3n en la percepci\u00f3n de la pandemia en estos.Los [&hellip;]<\/p>\n","protected":false},"author":2,"featured_media":5755,"comment_status":"open","ping_status":"open","sticky":false,"template":"","format":"standard","meta":{"footnotes":""},"categories":[2],"tags":[],"class_list":["post-6283","post","type-post","status-publish","format-standard","has-post-thumbnail","hentry","category-noticias-de-internet-marketing"],"yoast_head":"<!-- This site is optimized with the Yoast SEO plugin v27.4 - https:\/\/yoast.com\/product\/yoast-seo-wordpress\/ -->\n<title>Los espa\u00f1oles, los europeos que m\u00e1s se informan de la pandemia a trav\u00e9s de internet - Favorite News<\/title>\n<meta name=\"robots\" content=\"index, follow, max-snippet:-1, max-image-preview:large, max-video-preview:-1\" \/>\n<link rel=\"canonical\" href=\"https:\/\/favorite-news.com\/es\/los-espanoles-los-europeos-que-mas-se-informan-de-la-pandemia-a-traves-de-internet\/\" \/>\n<meta property=\"og:locale\" content=\"es_ES\" \/>\n<meta property=\"og:type\" content=\"article\" \/>\n<meta property=\"og:title\" content=\"Los espa\u00f1oles, los europeos que m\u00e1s se informan de la pandemia a trav\u00e9s de internet - Favorite News\" \/>\n<meta property=\"og:description\" content=\"El estudio lo ha realizado IpsosIpsos, a trav\u00e9s de su estudio cont\u00ednuo Essentials, ha querido analizar cu\u00e1les son las fuentes de informaci\u00f3n preferidas por los ciudadanos para informarse de la evoluci\u00f3n del Covid y a su vez, cu\u00e1l es el impacto que tienen los medios de comunicaci\u00f3n en la percepci\u00f3n de la pandemia en estos.Los [&hellip;]\" \/>\n<meta property=\"og:url\" content=\"https:\/\/favorite-news.com\/es\/los-espanoles-los-europeos-que-mas-se-informan-de-la-pandemia-a-traves-de-internet\/\" \/>\n<meta property=\"og:site_name\" content=\"Favorite News\" \/>\n<meta property=\"article:published_time\" content=\"2021-03-24T12:25:34+00:00\" \/>\n<meta property=\"article:modified_time\" content=\"2021-03-24T12:25:36+00:00\" \/>\n<meta property=\"og:image\" content=\"https:\/\/favorite-news.com\/es\/wp-content\/uploads\/sites\/4\/2021\/02\/Internet-el-tiempo-de-consumo-aumenta-un-92-en-un.jpg\" \/>\n\t<meta property=\"og:image:width\" content=\"640\" \/>\n\t<meta property=\"og:image:height\" content=\"425\" \/>\n\t<meta property=\"og:image:type\" content=\"image\/jpeg\" \/>\n<meta name=\"author\" content=\"favorite-news\" \/>\n<meta name=\"twitter:card\" content=\"summary_large_image\" \/>\n<meta name=\"twitter:label1\" content=\"Escrito por\" \/>\n\t<meta name=\"twitter:data1\" content=\"favorite-news\" \/>\n\t<meta name=\"twitter:label2\" content=\"Tiempo de lectura\" \/>\n\t<meta name=\"twitter:data2\" content=\"4 minutos\" \/>\n<script type=\"application\/ld+json\" class=\"yoast-schema-graph\">{\"@context\":\"https:\\\/\\\/schema.org\",\"@graph\":[{\"@type\":\"Article\",\"@id\":\"https:\\\/\\\/favorite-news.com\\\/es\\\/los-espanoles-los-europeos-que-mas-se-informan-de-la-pandemia-a-traves-de-internet\\\/#article\",\"isPartOf\":{\"@id\":\"https:\\\/\\\/favorite-news.com\\\/es\\\/los-espanoles-los-europeos-que-mas-se-informan-de-la-pandemia-a-traves-de-internet\\\/\"},\"author\":{\"name\":\"favorite-news\",\"@id\":\"https:\\\/\\\/favorite-news.com\\\/es\\\/#\\\/schema\\\/person\\\/b91573b717dcfa5e4696032a9d28d3e8\"},\"headline\":\"Los espa\u00f1oles, los europeos que m\u00e1s se informan de la pandemia a trav\u00e9s de internet\",\"datePublished\":\"2021-03-24T12:25:34+00:00\",\"dateModified\":\"2021-03-24T12:25:36+00:00\",\"mainEntityOfPage\":{\"@id\":\"https:\\\/\\\/favorite-news.com\\\/es\\\/los-espanoles-los-europeos-que-mas-se-informan-de-la-pandemia-a-traves-de-internet\\\/\"},\"wordCount\":831,\"commentCount\":0,\"image\":{\"@id\":\"https:\\\/\\\/favorite-news.com\\\/es\\\/los-espanoles-los-europeos-que-mas-se-informan-de-la-pandemia-a-traves-de-internet\\\/#primaryimage\"},\"thumbnailUrl\":\"https:\\\/\\\/favorite-news.com\\\/es\\\/wp-content\\\/uploads\\\/sites\\\/4\\\/2021\\\/02\\\/Internet-el-tiempo-de-consumo-aumenta-un-92-en-un.jpg\",\"articleSection\":[\"NOTICIAS DE INTERNET MARKETING\"],\"inLanguage\":\"es\",\"potentialAction\":[{\"@type\":\"CommentAction\",\"name\":\"Comment\",\"target\":[\"https:\\\/\\\/favorite-news.com\\\/es\\\/los-espanoles-los-europeos-que-mas-se-informan-de-la-pandemia-a-traves-de-internet\\\/#respond\"]}]},{\"@type\":\"WebPage\",\"@id\":\"https:\\\/\\\/favorite-news.com\\\/es\\\/los-espanoles-los-europeos-que-mas-se-informan-de-la-pandemia-a-traves-de-internet\\\/\",\"url\":\"https:\\\/\\\/favorite-news.com\\\/es\\\/los-espanoles-los-europeos-que-mas-se-informan-de-la-pandemia-a-traves-de-internet\\\/\",\"name\":\"Los espa\u00f1oles, los europeos que m\u00e1s se informan de la pandemia a trav\u00e9s de internet - Favorite News\",\"isPartOf\":{\"@id\":\"https:\\\/\\\/favorite-news.com\\\/es\\\/#website\"},\"primaryImageOfPage\":{\"@id\":\"https:\\\/\\\/favorite-news.com\\\/es\\\/los-espanoles-los-europeos-que-mas-se-informan-de-la-pandemia-a-traves-de-internet\\\/#primaryimage\"},\"image\":{\"@id\":\"https:\\\/\\\/favorite-news.com\\\/es\\\/los-espanoles-los-europeos-que-mas-se-informan-de-la-pandemia-a-traves-de-internet\\\/#primaryimage\"},\"thumbnailUrl\":\"https:\\\/\\\/favorite-news.com\\\/es\\\/wp-content\\\/uploads\\\/sites\\\/4\\\/2021\\\/02\\\/Internet-el-tiempo-de-consumo-aumenta-un-92-en-un.jpg\",\"datePublished\":\"2021-03-24T12:25:34+00:00\",\"dateModified\":\"2021-03-24T12:25:36+00:00\",\"author\":{\"@id\":\"https:\\\/\\\/favorite-news.com\\\/es\\\/#\\\/schema\\\/person\\\/b91573b717dcfa5e4696032a9d28d3e8\"},\"breadcrumb\":{\"@id\":\"https:\\\/\\\/favorite-news.com\\\/es\\\/los-espanoles-los-europeos-que-mas-se-informan-de-la-pandemia-a-traves-de-internet\\\/#breadcrumb\"},\"inLanguage\":\"es\",\"potentialAction\":[{\"@type\":\"ReadAction\",\"target\":[\"https:\\\/\\\/favorite-news.com\\\/es\\\/los-espanoles-los-europeos-que-mas-se-informan-de-la-pandemia-a-traves-de-internet\\\/\"]}]},{\"@type\":\"ImageObject\",\"inLanguage\":\"es\",\"@id\":\"https:\\\/\\\/favorite-news.com\\\/es\\\/los-espanoles-los-europeos-que-mas-se-informan-de-la-pandemia-a-traves-de-internet\\\/#primaryimage\",\"url\":\"https:\\\/\\\/favorite-news.com\\\/es\\\/wp-content\\\/uploads\\\/sites\\\/4\\\/2021\\\/02\\\/Internet-el-tiempo-de-consumo-aumenta-un-92-en-un.jpg\",\"contentUrl\":\"https:\\\/\\\/favorite-news.com\\\/es\\\/wp-content\\\/uploads\\\/sites\\\/4\\\/2021\\\/02\\\/Internet-el-tiempo-de-consumo-aumenta-un-92-en-un.jpg\",\"width\":640,\"height\":425,\"caption\":\"Internet: el tiempo de consumo aumenta un 9,2% en un a\u00f1o\"},{\"@type\":\"BreadcrumbList\",\"@id\":\"https:\\\/\\\/favorite-news.com\\\/es\\\/los-espanoles-los-europeos-que-mas-se-informan-de-la-pandemia-a-traves-de-internet\\\/#breadcrumb\",\"itemListElement\":[{\"@type\":\"ListItem\",\"position\":1,\"name\":\"Home\",\"item\":\"https:\\\/\\\/favorite-news.com\\\/es\\\/\"},{\"@type\":\"ListItem\",\"position\":2,\"name\":\"Los espa\u00f1oles, los europeos que m\u00e1s se informan de la pandemia a trav\u00e9s de internet\"}]},{\"@type\":\"WebSite\",\"@id\":\"https:\\\/\\\/favorite-news.com\\\/es\\\/#website\",\"url\":\"https:\\\/\\\/favorite-news.com\\\/es\\\/\",\"name\":\"Favorite News\",\"description\":\"Favorite News Espa\u00f1a\",\"potentialAction\":[{\"@type\":\"SearchAction\",\"target\":{\"@type\":\"EntryPoint\",\"urlTemplate\":\"https:\\\/\\\/favorite-news.com\\\/es\\\/?s={search_term_string}\"},\"query-input\":{\"@type\":\"PropertyValueSpecification\",\"valueRequired\":true,\"valueName\":\"search_term_string\"}}],\"inLanguage\":\"es\"},{\"@type\":\"Person\",\"@id\":\"https:\\\/\\\/favorite-news.com\\\/es\\\/#\\\/schema\\\/person\\\/b91573b717dcfa5e4696032a9d28d3e8\",\"name\":\"favorite-news\",\"image\":{\"@type\":\"ImageObject\",\"inLanguage\":\"es\",\"@id\":\"https:\\\/\\\/secure.gravatar.com\\\/avatar\\\/6c5a5cb12b74e9d517ee91cf570335b7d16177f1977cc91db161adfa435945a7?s=96&d=mm&r=g\",\"url\":\"https:\\\/\\\/secure.gravatar.com\\\/avatar\\\/6c5a5cb12b74e9d517ee91cf570335b7d16177f1977cc91db161adfa435945a7?s=96&d=mm&r=g\",\"contentUrl\":\"https:\\\/\\\/secure.gravatar.com\\\/avatar\\\/6c5a5cb12b74e9d517ee91cf570335b7d16177f1977cc91db161adfa435945a7?s=96&d=mm&r=g\",\"caption\":\"favorite-news\"},\"url\":\"https:\\\/\\\/favorite-news.com\\\/es\\\/author\\\/pt\\\/\"}]}<\/script>\n<!-- \/ Yoast SEO plugin. -->","yoast_head_json":{"title":"Los espa\u00f1oles, los europeos que m\u00e1s se informan de la pandemia a trav\u00e9s de internet - Favorite News","robots":{"index":"index","follow":"follow","max-snippet":"max-snippet:-1","max-image-preview":"max-image-preview:large","max-video-preview":"max-video-preview:-1"},"canonical":"https:\/\/favorite-news.com\/es\/los-espanoles-los-europeos-que-mas-se-informan-de-la-pandemia-a-traves-de-internet\/","og_locale":"es_ES","og_type":"article","og_title":"Los espa\u00f1oles, los europeos que m\u00e1s se informan de la pandemia a trav\u00e9s de internet - Favorite News","og_description":"El estudio lo ha realizado IpsosIpsos, a trav\u00e9s de su estudio cont\u00ednuo Essentials, ha querido analizar cu\u00e1les son las fuentes de informaci\u00f3n preferidas por los ciudadanos para informarse de la evoluci\u00f3n del Covid y a su vez, cu\u00e1l es el impacto que tienen los medios de comunicaci\u00f3n en la percepci\u00f3n de la pandemia en estos.Los [&hellip;]","og_url":"https:\/\/favorite-news.com\/es\/los-espanoles-los-europeos-que-mas-se-informan-de-la-pandemia-a-traves-de-internet\/","og_site_name":"Favorite News","article_published_time":"2021-03-24T12:25:34+00:00","article_modified_time":"2021-03-24T12:25:36+00:00","og_image":[{"width":640,"height":425,"url":"https:\/\/favorite-news.com\/es\/wp-content\/uploads\/sites\/4\/2021\/02\/Internet-el-tiempo-de-consumo-aumenta-un-92-en-un.jpg","type":"image\/jpeg"}],"author":"favorite-news","twitter_card":"summary_large_image","twitter_misc":{"Escrito por":"favorite-news","Tiempo de lectura":"4 minutos"},"schema":{"@context":"https:\/\/schema.org","@graph":[{"@type":"Article","@id":"https:\/\/favorite-news.com\/es\/los-espanoles-los-europeos-que-mas-se-informan-de-la-pandemia-a-traves-de-internet\/#article","isPartOf":{"@id":"https:\/\/favorite-news.com\/es\/los-espanoles-los-europeos-que-mas-se-informan-de-la-pandemia-a-traves-de-internet\/"},"author":{"name":"favorite-news","@id":"https:\/\/favorite-news.com\/es\/#\/schema\/person\/b91573b717dcfa5e4696032a9d28d3e8"},"headline":"Los espa\u00f1oles, los europeos que m\u00e1s se informan de la pandemia a trav\u00e9s de internet","datePublished":"2021-03-24T12:25:34+00:00","dateModified":"2021-03-24T12:25:36+00:00","mainEntityOfPage":{"@id":"https:\/\/favorite-news.com\/es\/los-espanoles-los-europeos-que-mas-se-informan-de-la-pandemia-a-traves-de-internet\/"},"wordCount":831,"commentCount":0,"image":{"@id":"https:\/\/favorite-news.com\/es\/los-espanoles-los-europeos-que-mas-se-informan-de-la-pandemia-a-traves-de-internet\/#primaryimage"},"thumbnailUrl":"https:\/\/favorite-news.com\/es\/wp-content\/uploads\/sites\/4\/2021\/02\/Internet-el-tiempo-de-consumo-aumenta-un-92-en-un.jpg","articleSection":["NOTICIAS DE INTERNET MARKETING"],"inLanguage":"es","potentialAction":[{"@type":"CommentAction","name":"Comment","target":["https:\/\/favorite-news.com\/es\/los-espanoles-los-europeos-que-mas-se-informan-de-la-pandemia-a-traves-de-internet\/#respond"]}]},{"@type":"WebPage","@id":"https:\/\/favorite-news.com\/es\/los-espanoles-los-europeos-que-mas-se-informan-de-la-pandemia-a-traves-de-internet\/","url":"https:\/\/favorite-news.com\/es\/los-espanoles-los-europeos-que-mas-se-informan-de-la-pandemia-a-traves-de-internet\/","name":"Los espa\u00f1oles, los europeos que m\u00e1s se informan de la pandemia a trav\u00e9s de internet - Favorite News","isPartOf":{"@id":"https:\/\/favorite-news.com\/es\/#website"},"primaryImageOfPage":{"@id":"https:\/\/favorite-news.com\/es\/los-espanoles-los-europeos-que-mas-se-informan-de-la-pandemia-a-traves-de-internet\/#primaryimage"},"image":{"@id":"https:\/\/favorite-news.com\/es\/los-espanoles-los-europeos-que-mas-se-informan-de-la-pandemia-a-traves-de-internet\/#primaryimage"},"thumbnailUrl":"https:\/\/favorite-news.com\/es\/wp-content\/uploads\/sites\/4\/2021\/02\/Internet-el-tiempo-de-consumo-aumenta-un-92-en-un.jpg","datePublished":"2021-03-24T12:25:34+00:00","dateModified":"2021-03-24T12:25:36+00:00","author":{"@id":"https:\/\/favorite-news.com\/es\/#\/schema\/person\/b91573b717dcfa5e4696032a9d28d3e8"},"breadcrumb":{"@id":"https:\/\/favorite-news.com\/es\/los-espanoles-los-europeos-que-mas-se-informan-de-la-pandemia-a-traves-de-internet\/#breadcrumb"},"inLanguage":"es","potentialAction":[{"@type":"ReadAction","target":["https:\/\/favorite-news.com\/es\/los-espanoles-los-europeos-que-mas-se-informan-de-la-pandemia-a-traves-de-internet\/"]}]},{"@type":"ImageObject","inLanguage":"es","@id":"https:\/\/favorite-news.com\/es\/los-espanoles-los-europeos-que-mas-se-informan-de-la-pandemia-a-traves-de-internet\/#primaryimage","url":"https:\/\/favorite-news.com\/es\/wp-content\/uploads\/sites\/4\/2021\/02\/Internet-el-tiempo-de-consumo-aumenta-un-92-en-un.jpg","contentUrl":"https:\/\/favorite-news.com\/es\/wp-content\/uploads\/sites\/4\/2021\/02\/Internet-el-tiempo-de-consumo-aumenta-un-92-en-un.jpg","width":640,"height":425,"caption":"Internet: el tiempo de consumo aumenta un 9,2% en un a\u00f1o"},{"@type":"BreadcrumbList","@id":"https:\/\/favorite-news.com\/es\/los-espanoles-los-europeos-que-mas-se-informan-de-la-pandemia-a-traves-de-internet\/#breadcrumb","itemListElement":[{"@type":"ListItem","position":1,"name":"Home","item":"https:\/\/favorite-news.com\/es\/"},{"@type":"ListItem","position":2,"name":"Los espa\u00f1oles, los europeos que m\u00e1s se informan de la pandemia a trav\u00e9s de internet"}]},{"@type":"WebSite","@id":"https:\/\/favorite-news.com\/es\/#website","url":"https:\/\/favorite-news.com\/es\/","name":"Favorite News","description":"Favorite News Espa\u00f1a","potentialAction":[{"@type":"SearchAction","target":{"@type":"EntryPoint","urlTemplate":"https:\/\/favorite-news.com\/es\/?s={search_term_string}"},"query-input":{"@type":"PropertyValueSpecification","valueRequired":true,"valueName":"search_term_string"}}],"inLanguage":"es"},{"@type":"Person","@id":"https:\/\/favorite-news.com\/es\/#\/schema\/person\/b91573b717dcfa5e4696032a9d28d3e8","name":"favorite-news","image":{"@type":"ImageObject","inLanguage":"es","@id":"https:\/\/secure.gravatar.com\/avatar\/6c5a5cb12b74e9d517ee91cf570335b7d16177f1977cc91db161adfa435945a7?s=96&d=mm&r=g","url":"https:\/\/secure.gravatar.com\/avatar\/6c5a5cb12b74e9d517ee91cf570335b7d16177f1977cc91db161adfa435945a7?s=96&d=mm&r=g","contentUrl":"https:\/\/secure.gravatar.com\/avatar\/6c5a5cb12b74e9d517ee91cf570335b7d16177f1977cc91db161adfa435945a7?s=96&d=mm&r=g","caption":"favorite-news"},"url":"https:\/\/favorite-news.com\/es\/author\/pt\/"}]}},"_links":{"self":[{"href":"https:\/\/favorite-news.com\/es\/wp-json\/wp\/v2\/posts\/6283","targetHints":{"allow":["GET"]}}],"collection":[{"href":"https:\/\/favorite-news.com\/es\/wp-json\/wp\/v2\/posts"}],"about":[{"href":"https:\/\/favorite-news.com\/es\/wp-json\/wp\/v2\/types\/post"}],"author":[{"embeddable":true,"href":"https:\/\/favorite-news.com\/es\/wp-json\/wp\/v2\/users\/2"}],"replies":[{"embeddable":true,"href":"https:\/\/favorite-news.com\/es\/wp-json\/wp\/v2\/comments?post=6283"}],"version-history":[{"count":1,"href":"https:\/\/favorite-news.com\/es\/wp-json\/wp\/v2\/posts\/6283\/revisions"}],"predecessor-version":[{"id":6284,"href":"https:\/\/favorite-news.com\/es\/wp-json\/wp\/v2\/posts\/6283\/revisions\/6284"}],"wp:featuredmedia":[{"embeddable":true,"href":"https:\/\/favorite-news.com\/es\/wp-json\/wp\/v2\/media\/5755"}],"wp:attachment":[{"href":"https:\/\/favorite-news.com\/es\/wp-json\/wp\/v2\/media?parent=6283"}],"wp:term":[{"taxonomy":"category","embeddable":true,"href":"https:\/\/favorite-news.com\/es\/wp-json\/wp\/v2\/categories?post=6283"},{"taxonomy":"post_tag","embeddable":true,"href":"https:\/\/favorite-news.com\/es\/wp-json\/wp\/v2\/tags?post=6283"}],"curies":[{"name":"wp","href":"https:\/\/api.w.org\/{rel}","templated":true}]}}