{"id":6243,"date":"2021-03-20T14:53:26","date_gmt":"2021-03-20T11:53:26","guid":{"rendered":"https:\/\/favorite-news.com\/es\/que-ha-aportado-a-tu-experiencia-profesional-el-hecho-de-ser-padre\/"},"modified":"2021-03-20T14:53:30","modified_gmt":"2021-03-20T11:53:30","slug":"que-ha-aportado-a-tu-experiencia-profesional-el-hecho-de-ser-padre","status":"publish","type":"post","link":"https:\/\/favorite-news.com\/es\/que-ha-aportado-a-tu-experiencia-profesional-el-hecho-de-ser-padre\/","title":{"rendered":"\u00bfQu\u00e9 ha aportado a tu experiencia profesional el hecho de ser padre?"},"content":{"rendered":"<p>Joan Ramon VilamitjanaCEOFormar una familia es una aventura apasionante, de la que no he parado de sacar aprendizajes muy valiosos, que tambi\u00e9n me han ayudado en lo profesional. Cuatro aprendizajes fascinantes que me ha aportado la paternidad:\u00a0La atenci\u00f3n. No hay mejor entrenamiento para la atenci\u00f3n que un fin de semana de lluvia encerrado en casa con los ni\u00f1os. Merecen toda la atenci\u00f3n y no permiten distracciones. Y cuanta m\u00e1s atenci\u00f3n les das, m\u00e1s hermoso es el momento. A nivel profesional, poner toda la atenci\u00f3n en lo que haces es m\u00e1s dif\u00edcil de lo que parece, pero es esencial para conseguir buenos resultados. Hace mucho que entend\u00ed que el multitasking es una trampa.La mirada larga. Una familia es un proyecto a largo plazo. Ser padre me ha ense\u00f1ado a ser paciente, a valorar los peque\u00f1os avances, lentos pero constantes. Los paralelismos con el liderazgo empresarial son evidentes.La escucha. Hay maneras y maneras de escuchar. Y ser padre me ha ense\u00f1ado otro modo de escuchar. No tiene que ver con la curiosidad del periodista, que nunca me abandona. Es otra cosa: escuchar con ilusi\u00f3n, con emoci\u00f3n, con implicaci\u00f3n. Muy \u00fatil tambi\u00e9n en las interacciones profesionales.La diversidad: Cada persona es \u00fanica, cada familia es distinta y todas merecen el mismo respeto. Observar a mis hijos, libres de prejuicios, me recuerda la importancia de combatir los estereotipos, las discriminaciones y los clich\u00e9s, tambi\u00e9n en el trabajo.\u00a0\u00a0Antonio S\u00e1nchezGeneral Manager Madrid OfficeMentir\u00eda si respondiera que no me ha aportado nada\u2026 A diferencia del entorno profesional en el que hay abundantes recursos y materiales inspiradores para desarrollar y mejorar tu carrera, en el caso de la paternidad no hay un manual de uso com\u00fanmente establecido, m\u00e1s all\u00e1 de los consejos familiares, el sentido com\u00fan o el efecto Google. Todo lo aprendido \u201csiendo padre\u201d tiene sin duda un efecto directo en el entorno profesional. En mi caso, lo resumo en 3 \u00e1mbitos:\u00a0El primero, la madurez provocada a marchas forzadas, y la capacidad de enfrentarte a los problemas personales -y por extensi\u00f3n, a los profesionales- calibrando mejor la respuesta. Qui\u00e9n no ha o\u00eddo alguna vez la frase \u201cni\u00f1os peque\u00f1os, problemas peque\u00f1os; ni\u00f1os mayores, problemas mayores\u201d, \u00bfverdad? De la misma forma, la paternidad te obliga en muchos casos a definir mejor las prioridades, o por lo menos intentar diferenciar lo urgente y lo importante. Algo que resulta en parte \u00fatil en el plano profesional.\u00a0En segundo lugar, la capacidad de anticipaci\u00f3n. En el entorno personal (y tambi\u00e9n en el profesional), cada d\u00eda puede ser diferente. Y lo es. Como padre puedes prever determinadas situaciones, adelantar algunos problemas (pocas veces) o minimizar riesgos. Esto mismo lo llevamos de facto al plano profesional \u201cpreviendo escenarios\u201d. Aunque es de sobra conocido que la ley de Murphy en el caso de ser padres est\u00e1 demasiado presente.\u00a0Y, por \u00faltimo, el trabajo en equipo. Cuando eres padre (y casi antes de serlo) es una conclusi\u00f3n abrumadora. Est\u00e1 claro que ambas facetas (la paternal y profesional) requieren de trabajo en equipo. La planificaci\u00f3n, el reparto de roles, la disciplina o constancia, son -aunque no queramos verlo- aspectos imprescindibles en el plano paternal que tambi\u00e9n est\u00e1 muy presente en el profesional.\u00a0\u00a0\u00a0\u00a0David VindelTechnology Practice Leader, EMEAConvertirse en padre me ha aportado muchas cualidades que ya exist\u00edan, pero que al convertirse en padre se potencian a\u00fan m\u00e1s en la experiencia profesional. Primero la gesti\u00f3n del tiempo. Aunque esto es una labor que siempre se mejora, si es cierto que, al ser padre, gestionamos mejor el tiempo, encontrando un buen equilibrio entre el trabajo y el tiempo en familia, siempre que se puede. Esto se traduce en el d\u00eda a d\u00eda en ser m\u00e1s eficaz con las reuniones, el tiempo en equipo, y sobre todo sacarle m\u00e1s partido al d\u00eda laboral con fin de poder tener un pel\u00edn m\u00e1s tiempo con la familia. Ahorrarse una call no absolutamente necesaria puede ser la diferencia entre poder leer un cuento a tu hijo antes de dormir o no.Segundo, perfeccionar la forma de comunicar. \u00a0Esa pregunta continua de mis hijos de \u00ab\u00bfQu\u00e9 tal tu cole hoy, pap\u00e1?\u00bb me ha hecho reflexionar mucho en c\u00f3mo contar, visualizar y explicar los logros profesionales, y directamente modificar la forma de contar las cosas, de vendernos y promocionarnos.\u00a0 Los ni\u00f1os tienen un nivel de atenci\u00f3n corto, por lo tanto, es important\u00edsimo ser conciso, interesante, relevante y en muchas ocasiones creativo. Este approach tambi\u00e9n es cr\u00edtico para clientes y en el \u00e1mbito profesional. \u00a0Finalmente, aprender por errores, una tem\u00e1tica que como padre estas constantemente predicando en tus hijos, es una tem\u00e1tica tambi\u00e9n muy v\u00e1lida en la experiencia profesional. Como dice el famoso empresario Richard Branson del Grupo Virgin: \u201cNo se aprende a caminar siguiendo reglas. Se aprende haciendo y cayendo\u00bb.Soy padre de dos hijos: Leo (7) y Ethan (5)\u00a0Gonzalo LamasDirector Financial CommunicationsComo soy padre de un beb\u00e9 de solo 6 meses, quiz\u00e1 deba hablar m\u00e1s de lo que mi experiencia profesional me ha aportado en la paternidad\u2026 que no ha sido poco. \u00a0En estos meses he podido entender mucho mejor el valor del trabajo en equipo; el orden, coordinaci\u00f3n e importancia de protocolos en los procesos; lo necesario que es priorizar las tareas y, por supuesto, lo imprescindible de la comunicaci\u00f3n eficaz. Todo esto puesto al l\u00edmite de una forma preciosa y brutal que solo quien ha sido padre primerizo puede entender.Como sucede siempre en la vida y en el trabajo, todo debe ser afrontado desde una perspectiva hol\u00edstica y no de departamentos estancos. Uno no es solo un profesional en horario de oficina ni solo padre el resto del tiempo. Desde que la peque\u00f1a Manuela lleg\u00f3, mi etiqueta de padre me acompa\u00f1ar\u00e1 siempre, para bien\u2026 y para bien, sea cual sea el rumbo de mi carrera.\u00a0La pandemia ha acelerado a\u00fan m\u00e1s esa tendencia (s\u00ed, esa tambi\u00e9n), porque hoy trabajando desde casa soy todo a la vez m\u00e1s que nunca.<br \/>\n<br \/>\n<!--noindex--><br \/>\n<a href=\"http:\/\/www.marketingnews.es\/profesionales\/opinion\/1164988031505\/aportado-experiencia-profesional-hecho-de-ser-padre.1.html\" rel=\"nofollow\">Source link <\/a><br \/>\n<!--\/noindex--><\/p>\n","protected":false},"excerpt":{"rendered":"<p>Joan Ramon VilamitjanaCEOFormar una familia es una aventura apasionante, de la que no he parado de sacar aprendizajes muy valiosos, que tambi\u00e9n me han ayudado en lo profesional. Cuatro aprendizajes fascinantes que me ha aportado la paternidad:\u00a0La atenci\u00f3n. No hay mejor entrenamiento para la atenci\u00f3n que un fin de semana de lluvia encerrado en casa [&hellip;]<\/p>\n","protected":false},"author":2,"featured_media":6244,"comment_status":"open","ping_status":"open","sticky":false,"template":"","format":"standard","meta":{"footnotes":""},"categories":[2],"tags":[],"class_list":["post-6243","post","type-post","status-publish","format-standard","has-post-thumbnail","hentry","category-noticias-de-internet-marketing"],"yoast_head":"<!-- This site is optimized with the Yoast SEO plugin v27.4 - https:\/\/yoast.com\/product\/yoast-seo-wordpress\/ -->\n<title>\u00bfQu\u00e9 ha aportado a tu experiencia profesional el hecho de ser padre? - Favorite News<\/title>\n<meta name=\"robots\" content=\"index, follow, max-snippet:-1, max-image-preview:large, max-video-preview:-1\" \/>\n<link rel=\"canonical\" href=\"https:\/\/favorite-news.com\/es\/que-ha-aportado-a-tu-experiencia-profesional-el-hecho-de-ser-padre\/\" \/>\n<meta property=\"og:locale\" content=\"es_ES\" \/>\n<meta property=\"og:type\" content=\"article\" \/>\n<meta property=\"og:title\" content=\"\u00bfQu\u00e9 ha aportado a tu experiencia profesional el hecho de ser padre? - Favorite News\" \/>\n<meta property=\"og:description\" content=\"Joan Ramon VilamitjanaCEOFormar una familia es una aventura apasionante, de la que no he parado de sacar aprendizajes muy valiosos, que tambi\u00e9n me han ayudado en lo profesional. Cuatro aprendizajes fascinantes que me ha aportado la paternidad:\u00a0La atenci\u00f3n. No hay mejor entrenamiento para la atenci\u00f3n que un fin de semana de lluvia encerrado en casa [&hellip;]\" \/>\n<meta property=\"og:url\" content=\"https:\/\/favorite-news.com\/es\/que-ha-aportado-a-tu-experiencia-profesional-el-hecho-de-ser-padre\/\" \/>\n<meta property=\"og:site_name\" content=\"Favorite News\" \/>\n<meta property=\"article:published_time\" content=\"2021-03-20T11:53:26+00:00\" \/>\n<meta property=\"article:modified_time\" content=\"2021-03-20T11:53:30+00:00\" \/>\n<meta property=\"og:image\" content=\"https:\/\/favorite-news.com\/es\/wp-content\/uploads\/sites\/4\/2021\/03\/\u00bfQue-ha-aportado-a-tu-experiencia-profesional-el-hecho-de.png\" \/>\n\t<meta property=\"og:image:width\" content=\"500\" \/>\n\t<meta property=\"og:image:height\" content=\"500\" \/>\n\t<meta property=\"og:image:type\" content=\"image\/png\" \/>\n<meta name=\"author\" content=\"favorite-news\" \/>\n<meta name=\"twitter:card\" content=\"summary_large_image\" \/>\n<meta name=\"twitter:label1\" content=\"Escrito por\" \/>\n\t<meta name=\"twitter:data1\" content=\"favorite-news\" \/>\n\t<meta name=\"twitter:label2\" content=\"Tiempo de lectura\" \/>\n\t<meta name=\"twitter:data2\" content=\"5 minutos\" \/>\n<script type=\"application\/ld+json\" class=\"yoast-schema-graph\">{\"@context\":\"https:\\\/\\\/schema.org\",\"@graph\":[{\"@type\":\"Article\",\"@id\":\"https:\\\/\\\/favorite-news.com\\\/es\\\/que-ha-aportado-a-tu-experiencia-profesional-el-hecho-de-ser-padre\\\/#article\",\"isPartOf\":{\"@id\":\"https:\\\/\\\/favorite-news.com\\\/es\\\/que-ha-aportado-a-tu-experiencia-profesional-el-hecho-de-ser-padre\\\/\"},\"author\":{\"name\":\"favorite-news\",\"@id\":\"https:\\\/\\\/favorite-news.com\\\/es\\\/#\\\/schema\\\/person\\\/b91573b717dcfa5e4696032a9d28d3e8\"},\"headline\":\"\u00bfQu\u00e9 ha aportado a tu experiencia profesional el hecho de ser padre?\",\"datePublished\":\"2021-03-20T11:53:26+00:00\",\"dateModified\":\"2021-03-20T11:53:30+00:00\",\"mainEntityOfPage\":{\"@id\":\"https:\\\/\\\/favorite-news.com\\\/es\\\/que-ha-aportado-a-tu-experiencia-profesional-el-hecho-de-ser-padre\\\/\"},\"wordCount\":1064,\"commentCount\":0,\"image\":{\"@id\":\"https:\\\/\\\/favorite-news.com\\\/es\\\/que-ha-aportado-a-tu-experiencia-profesional-el-hecho-de-ser-padre\\\/#primaryimage\"},\"thumbnailUrl\":\"https:\\\/\\\/favorite-news.com\\\/es\\\/wp-content\\\/uploads\\\/sites\\\/4\\\/2021\\\/03\\\/\u00bfQue-ha-aportado-a-tu-experiencia-profesional-el-hecho-de.png\",\"articleSection\":[\"NOTICIAS DE INTERNET MARKETING\"],\"inLanguage\":\"es\",\"potentialAction\":[{\"@type\":\"CommentAction\",\"name\":\"Comment\",\"target\":[\"https:\\\/\\\/favorite-news.com\\\/es\\\/que-ha-aportado-a-tu-experiencia-profesional-el-hecho-de-ser-padre\\\/#respond\"]}]},{\"@type\":\"WebPage\",\"@id\":\"https:\\\/\\\/favorite-news.com\\\/es\\\/que-ha-aportado-a-tu-experiencia-profesional-el-hecho-de-ser-padre\\\/\",\"url\":\"https:\\\/\\\/favorite-news.com\\\/es\\\/que-ha-aportado-a-tu-experiencia-profesional-el-hecho-de-ser-padre\\\/\",\"name\":\"\u00bfQu\u00e9 ha aportado a tu experiencia profesional el hecho de ser padre? - Favorite News\",\"isPartOf\":{\"@id\":\"https:\\\/\\\/favorite-news.com\\\/es\\\/#website\"},\"primaryImageOfPage\":{\"@id\":\"https:\\\/\\\/favorite-news.com\\\/es\\\/que-ha-aportado-a-tu-experiencia-profesional-el-hecho-de-ser-padre\\\/#primaryimage\"},\"image\":{\"@id\":\"https:\\\/\\\/favorite-news.com\\\/es\\\/que-ha-aportado-a-tu-experiencia-profesional-el-hecho-de-ser-padre\\\/#primaryimage\"},\"thumbnailUrl\":\"https:\\\/\\\/favorite-news.com\\\/es\\\/wp-content\\\/uploads\\\/sites\\\/4\\\/2021\\\/03\\\/\u00bfQue-ha-aportado-a-tu-experiencia-profesional-el-hecho-de.png\",\"datePublished\":\"2021-03-20T11:53:26+00:00\",\"dateModified\":\"2021-03-20T11:53:30+00:00\",\"author\":{\"@id\":\"https:\\\/\\\/favorite-news.com\\\/es\\\/#\\\/schema\\\/person\\\/b91573b717dcfa5e4696032a9d28d3e8\"},\"breadcrumb\":{\"@id\":\"https:\\\/\\\/favorite-news.com\\\/es\\\/que-ha-aportado-a-tu-experiencia-profesional-el-hecho-de-ser-padre\\\/#breadcrumb\"},\"inLanguage\":\"es\",\"potentialAction\":[{\"@type\":\"ReadAction\",\"target\":[\"https:\\\/\\\/favorite-news.com\\\/es\\\/que-ha-aportado-a-tu-experiencia-profesional-el-hecho-de-ser-padre\\\/\"]}]},{\"@type\":\"ImageObject\",\"inLanguage\":\"es\",\"@id\":\"https:\\\/\\\/favorite-news.com\\\/es\\\/que-ha-aportado-a-tu-experiencia-profesional-el-hecho-de-ser-padre\\\/#primaryimage\",\"url\":\"https:\\\/\\\/favorite-news.com\\\/es\\\/wp-content\\\/uploads\\\/sites\\\/4\\\/2021\\\/03\\\/\u00bfQue-ha-aportado-a-tu-experiencia-profesional-el-hecho-de.png\",\"contentUrl\":\"https:\\\/\\\/favorite-news.com\\\/es\\\/wp-content\\\/uploads\\\/sites\\\/4\\\/2021\\\/03\\\/\u00bfQue-ha-aportado-a-tu-experiencia-profesional-el-hecho-de.png\",\"width\":500,\"height\":500,\"caption\":\"\u00bfQu\u00e9 ha aportado a tu experiencia profesional el hecho de ser padre?\"},{\"@type\":\"BreadcrumbList\",\"@id\":\"https:\\\/\\\/favorite-news.com\\\/es\\\/que-ha-aportado-a-tu-experiencia-profesional-el-hecho-de-ser-padre\\\/#breadcrumb\",\"itemListElement\":[{\"@type\":\"ListItem\",\"position\":1,\"name\":\"Home\",\"item\":\"https:\\\/\\\/favorite-news.com\\\/es\\\/\"},{\"@type\":\"ListItem\",\"position\":2,\"name\":\"\u00bfQu\u00e9 ha aportado a tu experiencia profesional el hecho de ser padre?\"}]},{\"@type\":\"WebSite\",\"@id\":\"https:\\\/\\\/favorite-news.com\\\/es\\\/#website\",\"url\":\"https:\\\/\\\/favorite-news.com\\\/es\\\/\",\"name\":\"Favorite News\",\"description\":\"Favorite News Espa\u00f1a\",\"potentialAction\":[{\"@type\":\"SearchAction\",\"target\":{\"@type\":\"EntryPoint\",\"urlTemplate\":\"https:\\\/\\\/favorite-news.com\\\/es\\\/?s={search_term_string}\"},\"query-input\":{\"@type\":\"PropertyValueSpecification\",\"valueRequired\":true,\"valueName\":\"search_term_string\"}}],\"inLanguage\":\"es\"},{\"@type\":\"Person\",\"@id\":\"https:\\\/\\\/favorite-news.com\\\/es\\\/#\\\/schema\\\/person\\\/b91573b717dcfa5e4696032a9d28d3e8\",\"name\":\"favorite-news\",\"image\":{\"@type\":\"ImageObject\",\"inLanguage\":\"es\",\"@id\":\"https:\\\/\\\/secure.gravatar.com\\\/avatar\\\/6c5a5cb12b74e9d517ee91cf570335b7d16177f1977cc91db161adfa435945a7?s=96&d=mm&r=g\",\"url\":\"https:\\\/\\\/secure.gravatar.com\\\/avatar\\\/6c5a5cb12b74e9d517ee91cf570335b7d16177f1977cc91db161adfa435945a7?s=96&d=mm&r=g\",\"contentUrl\":\"https:\\\/\\\/secure.gravatar.com\\\/avatar\\\/6c5a5cb12b74e9d517ee91cf570335b7d16177f1977cc91db161adfa435945a7?s=96&d=mm&r=g\",\"caption\":\"favorite-news\"},\"url\":\"https:\\\/\\\/favorite-news.com\\\/es\\\/author\\\/pt\\\/\"}]}<\/script>\n<!-- \/ Yoast SEO plugin. -->","yoast_head_json":{"title":"\u00bfQu\u00e9 ha aportado a tu experiencia profesional el hecho de ser padre? - Favorite News","robots":{"index":"index","follow":"follow","max-snippet":"max-snippet:-1","max-image-preview":"max-image-preview:large","max-video-preview":"max-video-preview:-1"},"canonical":"https:\/\/favorite-news.com\/es\/que-ha-aportado-a-tu-experiencia-profesional-el-hecho-de-ser-padre\/","og_locale":"es_ES","og_type":"article","og_title":"\u00bfQu\u00e9 ha aportado a tu experiencia profesional el hecho de ser padre? - Favorite News","og_description":"Joan Ramon VilamitjanaCEOFormar una familia es una aventura apasionante, de la que no he parado de sacar aprendizajes muy valiosos, que tambi\u00e9n me han ayudado en lo profesional. Cuatro aprendizajes fascinantes que me ha aportado la paternidad:\u00a0La atenci\u00f3n. No hay mejor entrenamiento para la atenci\u00f3n que un fin de semana de lluvia encerrado en casa [&hellip;]","og_url":"https:\/\/favorite-news.com\/es\/que-ha-aportado-a-tu-experiencia-profesional-el-hecho-de-ser-padre\/","og_site_name":"Favorite News","article_published_time":"2021-03-20T11:53:26+00:00","article_modified_time":"2021-03-20T11:53:30+00:00","og_image":[{"width":500,"height":500,"url":"https:\/\/favorite-news.com\/es\/wp-content\/uploads\/sites\/4\/2021\/03\/\u00bfQue-ha-aportado-a-tu-experiencia-profesional-el-hecho-de.png","type":"image\/png"}],"author":"favorite-news","twitter_card":"summary_large_image","twitter_misc":{"Escrito por":"favorite-news","Tiempo de lectura":"5 minutos"},"schema":{"@context":"https:\/\/schema.org","@graph":[{"@type":"Article","@id":"https:\/\/favorite-news.com\/es\/que-ha-aportado-a-tu-experiencia-profesional-el-hecho-de-ser-padre\/#article","isPartOf":{"@id":"https:\/\/favorite-news.com\/es\/que-ha-aportado-a-tu-experiencia-profesional-el-hecho-de-ser-padre\/"},"author":{"name":"favorite-news","@id":"https:\/\/favorite-news.com\/es\/#\/schema\/person\/b91573b717dcfa5e4696032a9d28d3e8"},"headline":"\u00bfQu\u00e9 ha aportado a tu experiencia profesional el hecho de ser padre?","datePublished":"2021-03-20T11:53:26+00:00","dateModified":"2021-03-20T11:53:30+00:00","mainEntityOfPage":{"@id":"https:\/\/favorite-news.com\/es\/que-ha-aportado-a-tu-experiencia-profesional-el-hecho-de-ser-padre\/"},"wordCount":1064,"commentCount":0,"image":{"@id":"https:\/\/favorite-news.com\/es\/que-ha-aportado-a-tu-experiencia-profesional-el-hecho-de-ser-padre\/#primaryimage"},"thumbnailUrl":"https:\/\/favorite-news.com\/es\/wp-content\/uploads\/sites\/4\/2021\/03\/\u00bfQue-ha-aportado-a-tu-experiencia-profesional-el-hecho-de.png","articleSection":["NOTICIAS DE INTERNET MARKETING"],"inLanguage":"es","potentialAction":[{"@type":"CommentAction","name":"Comment","target":["https:\/\/favorite-news.com\/es\/que-ha-aportado-a-tu-experiencia-profesional-el-hecho-de-ser-padre\/#respond"]}]},{"@type":"WebPage","@id":"https:\/\/favorite-news.com\/es\/que-ha-aportado-a-tu-experiencia-profesional-el-hecho-de-ser-padre\/","url":"https:\/\/favorite-news.com\/es\/que-ha-aportado-a-tu-experiencia-profesional-el-hecho-de-ser-padre\/","name":"\u00bfQu\u00e9 ha aportado a tu experiencia profesional el hecho de ser padre? - Favorite News","isPartOf":{"@id":"https:\/\/favorite-news.com\/es\/#website"},"primaryImageOfPage":{"@id":"https:\/\/favorite-news.com\/es\/que-ha-aportado-a-tu-experiencia-profesional-el-hecho-de-ser-padre\/#primaryimage"},"image":{"@id":"https:\/\/favorite-news.com\/es\/que-ha-aportado-a-tu-experiencia-profesional-el-hecho-de-ser-padre\/#primaryimage"},"thumbnailUrl":"https:\/\/favorite-news.com\/es\/wp-content\/uploads\/sites\/4\/2021\/03\/\u00bfQue-ha-aportado-a-tu-experiencia-profesional-el-hecho-de.png","datePublished":"2021-03-20T11:53:26+00:00","dateModified":"2021-03-20T11:53:30+00:00","author":{"@id":"https:\/\/favorite-news.com\/es\/#\/schema\/person\/b91573b717dcfa5e4696032a9d28d3e8"},"breadcrumb":{"@id":"https:\/\/favorite-news.com\/es\/que-ha-aportado-a-tu-experiencia-profesional-el-hecho-de-ser-padre\/#breadcrumb"},"inLanguage":"es","potentialAction":[{"@type":"ReadAction","target":["https:\/\/favorite-news.com\/es\/que-ha-aportado-a-tu-experiencia-profesional-el-hecho-de-ser-padre\/"]}]},{"@type":"ImageObject","inLanguage":"es","@id":"https:\/\/favorite-news.com\/es\/que-ha-aportado-a-tu-experiencia-profesional-el-hecho-de-ser-padre\/#primaryimage","url":"https:\/\/favorite-news.com\/es\/wp-content\/uploads\/sites\/4\/2021\/03\/\u00bfQue-ha-aportado-a-tu-experiencia-profesional-el-hecho-de.png","contentUrl":"https:\/\/favorite-news.com\/es\/wp-content\/uploads\/sites\/4\/2021\/03\/\u00bfQue-ha-aportado-a-tu-experiencia-profesional-el-hecho-de.png","width":500,"height":500,"caption":"\u00bfQu\u00e9 ha aportado a tu experiencia profesional el hecho de ser padre?"},{"@type":"BreadcrumbList","@id":"https:\/\/favorite-news.com\/es\/que-ha-aportado-a-tu-experiencia-profesional-el-hecho-de-ser-padre\/#breadcrumb","itemListElement":[{"@type":"ListItem","position":1,"name":"Home","item":"https:\/\/favorite-news.com\/es\/"},{"@type":"ListItem","position":2,"name":"\u00bfQu\u00e9 ha aportado a tu experiencia profesional el hecho de ser padre?"}]},{"@type":"WebSite","@id":"https:\/\/favorite-news.com\/es\/#website","url":"https:\/\/favorite-news.com\/es\/","name":"Favorite News","description":"Favorite News Espa\u00f1a","potentialAction":[{"@type":"SearchAction","target":{"@type":"EntryPoint","urlTemplate":"https:\/\/favorite-news.com\/es\/?s={search_term_string}"},"query-input":{"@type":"PropertyValueSpecification","valueRequired":true,"valueName":"search_term_string"}}],"inLanguage":"es"},{"@type":"Person","@id":"https:\/\/favorite-news.com\/es\/#\/schema\/person\/b91573b717dcfa5e4696032a9d28d3e8","name":"favorite-news","image":{"@type":"ImageObject","inLanguage":"es","@id":"https:\/\/secure.gravatar.com\/avatar\/6c5a5cb12b74e9d517ee91cf570335b7d16177f1977cc91db161adfa435945a7?s=96&d=mm&r=g","url":"https:\/\/secure.gravatar.com\/avatar\/6c5a5cb12b74e9d517ee91cf570335b7d16177f1977cc91db161adfa435945a7?s=96&d=mm&r=g","contentUrl":"https:\/\/secure.gravatar.com\/avatar\/6c5a5cb12b74e9d517ee91cf570335b7d16177f1977cc91db161adfa435945a7?s=96&d=mm&r=g","caption":"favorite-news"},"url":"https:\/\/favorite-news.com\/es\/author\/pt\/"}]}},"_links":{"self":[{"href":"https:\/\/favorite-news.com\/es\/wp-json\/wp\/v2\/posts\/6243","targetHints":{"allow":["GET"]}}],"collection":[{"href":"https:\/\/favorite-news.com\/es\/wp-json\/wp\/v2\/posts"}],"about":[{"href":"https:\/\/favorite-news.com\/es\/wp-json\/wp\/v2\/types\/post"}],"author":[{"embeddable":true,"href":"https:\/\/favorite-news.com\/es\/wp-json\/wp\/v2\/users\/2"}],"replies":[{"embeddable":true,"href":"https:\/\/favorite-news.com\/es\/wp-json\/wp\/v2\/comments?post=6243"}],"version-history":[{"count":1,"href":"https:\/\/favorite-news.com\/es\/wp-json\/wp\/v2\/posts\/6243\/revisions"}],"predecessor-version":[{"id":6245,"href":"https:\/\/favorite-news.com\/es\/wp-json\/wp\/v2\/posts\/6243\/revisions\/6245"}],"wp:featuredmedia":[{"embeddable":true,"href":"https:\/\/favorite-news.com\/es\/wp-json\/wp\/v2\/media\/6244"}],"wp:attachment":[{"href":"https:\/\/favorite-news.com\/es\/wp-json\/wp\/v2\/media?parent=6243"}],"wp:term":[{"taxonomy":"category","embeddable":true,"href":"https:\/\/favorite-news.com\/es\/wp-json\/wp\/v2\/categories?post=6243"},{"taxonomy":"post_tag","embeddable":true,"href":"https:\/\/favorite-news.com\/es\/wp-json\/wp\/v2\/tags?post=6243"}],"curies":[{"name":"wp","href":"https:\/\/api.w.org\/{rel}","templated":true}]}}