{"id":6215,"date":"2021-03-18T02:33:03","date_gmt":"2021-03-17T23:33:03","guid":{"rendered":"https:\/\/favorite-news.com\/es\/twitter-cumple-15-anos-la-quinta-red-social-mas-usada-en-espana\/"},"modified":"2021-03-18T02:33:07","modified_gmt":"2021-03-17T23:33:07","slug":"twitter-cumple-15-anos-la-quinta-red-social-mas-usada-en-espana","status":"publish","type":"post","link":"https:\/\/favorite-news.com\/es\/twitter-cumple-15-anos-la-quinta-red-social-mas-usada-en-espana\/","title":{"rendered":"Twitter cumple 15 a\u00f1os, la quinta red social m\u00e1s usada en Espa\u00f1a"},"content":{"rendered":"<p>Twitter comenz\u00f3 ofreciendo solo 120 caracteres ?La plataforma creada por Jack Dorsey, Noah Glass, Biz Stone y Evan Williams el 21 de marzo de 2006, es utilizada por el 52,6% de los usuarios de Internet espa\u00f1oles.El 21 de marzo de 2006, se lanz\u00f3 la red social de los 140 caracteres creada por Jack Dorsey, Noah Glass, Biz Stone y Evan Williams. Quince a\u00f1os despu\u00e9s, y seg\u00fan el informe Digital 2021 elaborado por Hootsuite,\u00a0la red social cuenta con m\u00e1s de 353 millones de usuarios en todo el mundo y pasan una media de casi 6 horas mensuales en su versi\u00f3n para m\u00f3vil.A escala mundial, son los hombres los que se decantan m\u00e1s por usar esta plataforma. Seg\u00fan el informe de Hootsuite y We Are Social, m\u00e1s del 68% de los usuarios son hombres, frente al 31% que son mujeres.Respecto a las edades, los hombres de entre 35 a 49 a\u00f1os son los que m\u00e1s tiempo pasan en Twitter (19,6%), seguido de los de 25 a 34 a\u00f1os (18,7%). Las mujeres que usan esta plataforma son las de edades comprendidas entre los 18 y 24 a\u00f1os (9,9%) seguidas de las de 35 a 49 a\u00f1os (8,8%).En cuanto a las cuentas de Twitter que m\u00e1s seguidores tienen, se encuentran la de Barack Obama, con casi 130 millones, Justin Bieber, con 114 millones, y Kate Perry con m\u00e1s de 109 millones de seguidores.En Espa\u00f1a, seg\u00fan los datos arrojados por el informe Digital 2021 de Hootsuite y We Are Social, casi 38 millones de usuarios usan ya las redes sociales y pasan una media de 1 hora y 54 minutos diarias en ellas. En lo que respecta a Twitter, la plataforma cuenta con m\u00e1s de 7 millones de usuarios, lo que representa el 52,6% de los usuarios de Internet espa\u00f1oles, y se posiciona en el quinto lugar de las redes sociales m\u00e1s usadas en nuestro pa\u00eds. Adem\u00e1s, siguen siendo ellos los que prefieren compartir contenido en Twitter, ya que casi el 63% son hombres frente al 37% que son mujeres.\u00a0<br \/>\n<br \/>\n<!--noindex--><br \/>\n<a href=\"http:\/\/www.marketingnews.es\/investigacion\/noticia\/1164987031605\/twitter-cumple-15-anos-quinta-red-social-mas-usada-espana.1.html\" rel=\"nofollow\">Source link <\/a><br \/>\n<!--\/noindex--><\/p>\n","protected":false},"excerpt":{"rendered":"<p>Twitter comenz\u00f3 ofreciendo solo 120 caracteres ?La plataforma creada por Jack Dorsey, Noah Glass, Biz Stone y Evan Williams el 21 de marzo de 2006, es utilizada por el 52,6% de los usuarios de Internet espa\u00f1oles.El 21 de marzo de 2006, se lanz\u00f3 la red social de los 140 caracteres creada por Jack Dorsey, Noah [&hellip;]<\/p>\n","protected":false},"author":2,"featured_media":6216,"comment_status":"open","ping_status":"open","sticky":false,"template":"","format":"standard","meta":{"footnotes":""},"categories":[2],"tags":[],"class_list":["post-6215","post","type-post","status-publish","format-standard","has-post-thumbnail","hentry","category-noticias-de-internet-marketing"],"yoast_head":"<!-- This site is optimized with the Yoast SEO plugin v27.4 - https:\/\/yoast.com\/product\/yoast-seo-wordpress\/ -->\n<title>Twitter cumple 15 a\u00f1os, la quinta red social m\u00e1s usada en Espa\u00f1a - Favorite News<\/title>\n<meta name=\"robots\" content=\"index, follow, max-snippet:-1, max-image-preview:large, max-video-preview:-1\" \/>\n<link rel=\"canonical\" href=\"https:\/\/favorite-news.com\/es\/twitter-cumple-15-anos-la-quinta-red-social-mas-usada-en-espana\/\" \/>\n<meta property=\"og:locale\" content=\"es_ES\" \/>\n<meta property=\"og:type\" content=\"article\" \/>\n<meta property=\"og:title\" content=\"Twitter cumple 15 a\u00f1os, la quinta red social m\u00e1s usada en Espa\u00f1a - Favorite News\" \/>\n<meta property=\"og:description\" content=\"Twitter comenz\u00f3 ofreciendo solo 120 caracteres ?La plataforma creada por Jack Dorsey, Noah Glass, Biz Stone y Evan Williams el 21 de marzo de 2006, es utilizada por el 52,6% de los usuarios de Internet espa\u00f1oles.El 21 de marzo de 2006, se lanz\u00f3 la red social de los 140 caracteres creada por Jack Dorsey, Noah [&hellip;]\" \/>\n<meta property=\"og:url\" content=\"https:\/\/favorite-news.com\/es\/twitter-cumple-15-anos-la-quinta-red-social-mas-usada-en-espana\/\" \/>\n<meta property=\"og:site_name\" content=\"Favorite News\" \/>\n<meta property=\"article:published_time\" content=\"2021-03-17T23:33:03+00:00\" \/>\n<meta property=\"article:modified_time\" content=\"2021-03-17T23:33:07+00:00\" \/>\n<meta property=\"og:image\" content=\"https:\/\/favorite-news.com\/es\/wp-content\/uploads\/sites\/4\/2021\/03\/Twitter-cumple-15-anos-la-quinta-red-social-mas-usada.jpg\" \/>\n\t<meta property=\"og:image:width\" content=\"530\" \/>\n\t<meta property=\"og:image:height\" content=\"299\" \/>\n\t<meta property=\"og:image:type\" content=\"image\/jpeg\" \/>\n<meta name=\"author\" content=\"favorite-news\" \/>\n<meta name=\"twitter:card\" content=\"summary_large_image\" \/>\n<meta name=\"twitter:label1\" content=\"Escrito por\" \/>\n\t<meta name=\"twitter:data1\" content=\"favorite-news\" \/>\n\t<meta name=\"twitter:label2\" content=\"Tiempo de lectura\" \/>\n\t<meta name=\"twitter:data2\" content=\"2 minutos\" \/>\n<script type=\"application\/ld+json\" class=\"yoast-schema-graph\">{\"@context\":\"https:\\\/\\\/schema.org\",\"@graph\":[{\"@type\":\"Article\",\"@id\":\"https:\\\/\\\/favorite-news.com\\\/es\\\/twitter-cumple-15-anos-la-quinta-red-social-mas-usada-en-espana\\\/#article\",\"isPartOf\":{\"@id\":\"https:\\\/\\\/favorite-news.com\\\/es\\\/twitter-cumple-15-anos-la-quinta-red-social-mas-usada-en-espana\\\/\"},\"author\":{\"name\":\"favorite-news\",\"@id\":\"https:\\\/\\\/favorite-news.com\\\/es\\\/#\\\/schema\\\/person\\\/b91573b717dcfa5e4696032a9d28d3e8\"},\"headline\":\"Twitter cumple 15 a\u00f1os, la quinta red social m\u00e1s usada en Espa\u00f1a\",\"datePublished\":\"2021-03-17T23:33:03+00:00\",\"dateModified\":\"2021-03-17T23:33:07+00:00\",\"mainEntityOfPage\":{\"@id\":\"https:\\\/\\\/favorite-news.com\\\/es\\\/twitter-cumple-15-anos-la-quinta-red-social-mas-usada-en-espana\\\/\"},\"wordCount\":346,\"commentCount\":0,\"image\":{\"@id\":\"https:\\\/\\\/favorite-news.com\\\/es\\\/twitter-cumple-15-anos-la-quinta-red-social-mas-usada-en-espana\\\/#primaryimage\"},\"thumbnailUrl\":\"https:\\\/\\\/favorite-news.com\\\/es\\\/wp-content\\\/uploads\\\/sites\\\/4\\\/2021\\\/03\\\/Twitter-cumple-15-anos-la-quinta-red-social-mas-usada.jpg\",\"articleSection\":[\"NOTICIAS DE INTERNET MARKETING\"],\"inLanguage\":\"es\",\"potentialAction\":[{\"@type\":\"CommentAction\",\"name\":\"Comment\",\"target\":[\"https:\\\/\\\/favorite-news.com\\\/es\\\/twitter-cumple-15-anos-la-quinta-red-social-mas-usada-en-espana\\\/#respond\"]}]},{\"@type\":\"WebPage\",\"@id\":\"https:\\\/\\\/favorite-news.com\\\/es\\\/twitter-cumple-15-anos-la-quinta-red-social-mas-usada-en-espana\\\/\",\"url\":\"https:\\\/\\\/favorite-news.com\\\/es\\\/twitter-cumple-15-anos-la-quinta-red-social-mas-usada-en-espana\\\/\",\"name\":\"Twitter cumple 15 a\u00f1os, la quinta red social m\u00e1s usada en Espa\u00f1a - Favorite News\",\"isPartOf\":{\"@id\":\"https:\\\/\\\/favorite-news.com\\\/es\\\/#website\"},\"primaryImageOfPage\":{\"@id\":\"https:\\\/\\\/favorite-news.com\\\/es\\\/twitter-cumple-15-anos-la-quinta-red-social-mas-usada-en-espana\\\/#primaryimage\"},\"image\":{\"@id\":\"https:\\\/\\\/favorite-news.com\\\/es\\\/twitter-cumple-15-anos-la-quinta-red-social-mas-usada-en-espana\\\/#primaryimage\"},\"thumbnailUrl\":\"https:\\\/\\\/favorite-news.com\\\/es\\\/wp-content\\\/uploads\\\/sites\\\/4\\\/2021\\\/03\\\/Twitter-cumple-15-anos-la-quinta-red-social-mas-usada.jpg\",\"datePublished\":\"2021-03-17T23:33:03+00:00\",\"dateModified\":\"2021-03-17T23:33:07+00:00\",\"author\":{\"@id\":\"https:\\\/\\\/favorite-news.com\\\/es\\\/#\\\/schema\\\/person\\\/b91573b717dcfa5e4696032a9d28d3e8\"},\"breadcrumb\":{\"@id\":\"https:\\\/\\\/favorite-news.com\\\/es\\\/twitter-cumple-15-anos-la-quinta-red-social-mas-usada-en-espana\\\/#breadcrumb\"},\"inLanguage\":\"es\",\"potentialAction\":[{\"@type\":\"ReadAction\",\"target\":[\"https:\\\/\\\/favorite-news.com\\\/es\\\/twitter-cumple-15-anos-la-quinta-red-social-mas-usada-en-espana\\\/\"]}]},{\"@type\":\"ImageObject\",\"inLanguage\":\"es\",\"@id\":\"https:\\\/\\\/favorite-news.com\\\/es\\\/twitter-cumple-15-anos-la-quinta-red-social-mas-usada-en-espana\\\/#primaryimage\",\"url\":\"https:\\\/\\\/favorite-news.com\\\/es\\\/wp-content\\\/uploads\\\/sites\\\/4\\\/2021\\\/03\\\/Twitter-cumple-15-anos-la-quinta-red-social-mas-usada.jpg\",\"contentUrl\":\"https:\\\/\\\/favorite-news.com\\\/es\\\/wp-content\\\/uploads\\\/sites\\\/4\\\/2021\\\/03\\\/Twitter-cumple-15-anos-la-quinta-red-social-mas-usada.jpg\",\"width\":530,\"height\":299,\"caption\":\"Twitter cumple 15 a\u00f1os, la quinta red social m\u00e1s usada en Espa\u00f1a\"},{\"@type\":\"BreadcrumbList\",\"@id\":\"https:\\\/\\\/favorite-news.com\\\/es\\\/twitter-cumple-15-anos-la-quinta-red-social-mas-usada-en-espana\\\/#breadcrumb\",\"itemListElement\":[{\"@type\":\"ListItem\",\"position\":1,\"name\":\"Home\",\"item\":\"https:\\\/\\\/favorite-news.com\\\/es\\\/\"},{\"@type\":\"ListItem\",\"position\":2,\"name\":\"Twitter cumple 15 a\u00f1os, la quinta red social m\u00e1s usada en Espa\u00f1a\"}]},{\"@type\":\"WebSite\",\"@id\":\"https:\\\/\\\/favorite-news.com\\\/es\\\/#website\",\"url\":\"https:\\\/\\\/favorite-news.com\\\/es\\\/\",\"name\":\"Favorite News\",\"description\":\"Favorite News Espa\u00f1a\",\"potentialAction\":[{\"@type\":\"SearchAction\",\"target\":{\"@type\":\"EntryPoint\",\"urlTemplate\":\"https:\\\/\\\/favorite-news.com\\\/es\\\/?s={search_term_string}\"},\"query-input\":{\"@type\":\"PropertyValueSpecification\",\"valueRequired\":true,\"valueName\":\"search_term_string\"}}],\"inLanguage\":\"es\"},{\"@type\":\"Person\",\"@id\":\"https:\\\/\\\/favorite-news.com\\\/es\\\/#\\\/schema\\\/person\\\/b91573b717dcfa5e4696032a9d28d3e8\",\"name\":\"favorite-news\",\"image\":{\"@type\":\"ImageObject\",\"inLanguage\":\"es\",\"@id\":\"https:\\\/\\\/secure.gravatar.com\\\/avatar\\\/6c5a5cb12b74e9d517ee91cf570335b7d16177f1977cc91db161adfa435945a7?s=96&d=mm&r=g\",\"url\":\"https:\\\/\\\/secure.gravatar.com\\\/avatar\\\/6c5a5cb12b74e9d517ee91cf570335b7d16177f1977cc91db161adfa435945a7?s=96&d=mm&r=g\",\"contentUrl\":\"https:\\\/\\\/secure.gravatar.com\\\/avatar\\\/6c5a5cb12b74e9d517ee91cf570335b7d16177f1977cc91db161adfa435945a7?s=96&d=mm&r=g\",\"caption\":\"favorite-news\"},\"url\":\"https:\\\/\\\/favorite-news.com\\\/es\\\/author\\\/pt\\\/\"}]}<\/script>\n<!-- \/ Yoast SEO plugin. -->","yoast_head_json":{"title":"Twitter cumple 15 a\u00f1os, la quinta red social m\u00e1s usada en Espa\u00f1a - Favorite News","robots":{"index":"index","follow":"follow","max-snippet":"max-snippet:-1","max-image-preview":"max-image-preview:large","max-video-preview":"max-video-preview:-1"},"canonical":"https:\/\/favorite-news.com\/es\/twitter-cumple-15-anos-la-quinta-red-social-mas-usada-en-espana\/","og_locale":"es_ES","og_type":"article","og_title":"Twitter cumple 15 a\u00f1os, la quinta red social m\u00e1s usada en Espa\u00f1a - Favorite News","og_description":"Twitter comenz\u00f3 ofreciendo solo 120 caracteres ?La plataforma creada por Jack Dorsey, Noah Glass, Biz Stone y Evan Williams el 21 de marzo de 2006, es utilizada por el 52,6% de los usuarios de Internet espa\u00f1oles.El 21 de marzo de 2006, se lanz\u00f3 la red social de los 140 caracteres creada por Jack Dorsey, Noah [&hellip;]","og_url":"https:\/\/favorite-news.com\/es\/twitter-cumple-15-anos-la-quinta-red-social-mas-usada-en-espana\/","og_site_name":"Favorite News","article_published_time":"2021-03-17T23:33:03+00:00","article_modified_time":"2021-03-17T23:33:07+00:00","og_image":[{"width":530,"height":299,"url":"https:\/\/favorite-news.com\/es\/wp-content\/uploads\/sites\/4\/2021\/03\/Twitter-cumple-15-anos-la-quinta-red-social-mas-usada.jpg","type":"image\/jpeg"}],"author":"favorite-news","twitter_card":"summary_large_image","twitter_misc":{"Escrito por":"favorite-news","Tiempo de lectura":"2 minutos"},"schema":{"@context":"https:\/\/schema.org","@graph":[{"@type":"Article","@id":"https:\/\/favorite-news.com\/es\/twitter-cumple-15-anos-la-quinta-red-social-mas-usada-en-espana\/#article","isPartOf":{"@id":"https:\/\/favorite-news.com\/es\/twitter-cumple-15-anos-la-quinta-red-social-mas-usada-en-espana\/"},"author":{"name":"favorite-news","@id":"https:\/\/favorite-news.com\/es\/#\/schema\/person\/b91573b717dcfa5e4696032a9d28d3e8"},"headline":"Twitter cumple 15 a\u00f1os, la quinta red social m\u00e1s usada en Espa\u00f1a","datePublished":"2021-03-17T23:33:03+00:00","dateModified":"2021-03-17T23:33:07+00:00","mainEntityOfPage":{"@id":"https:\/\/favorite-news.com\/es\/twitter-cumple-15-anos-la-quinta-red-social-mas-usada-en-espana\/"},"wordCount":346,"commentCount":0,"image":{"@id":"https:\/\/favorite-news.com\/es\/twitter-cumple-15-anos-la-quinta-red-social-mas-usada-en-espana\/#primaryimage"},"thumbnailUrl":"https:\/\/favorite-news.com\/es\/wp-content\/uploads\/sites\/4\/2021\/03\/Twitter-cumple-15-anos-la-quinta-red-social-mas-usada.jpg","articleSection":["NOTICIAS DE INTERNET MARKETING"],"inLanguage":"es","potentialAction":[{"@type":"CommentAction","name":"Comment","target":["https:\/\/favorite-news.com\/es\/twitter-cumple-15-anos-la-quinta-red-social-mas-usada-en-espana\/#respond"]}]},{"@type":"WebPage","@id":"https:\/\/favorite-news.com\/es\/twitter-cumple-15-anos-la-quinta-red-social-mas-usada-en-espana\/","url":"https:\/\/favorite-news.com\/es\/twitter-cumple-15-anos-la-quinta-red-social-mas-usada-en-espana\/","name":"Twitter cumple 15 a\u00f1os, la quinta red social m\u00e1s usada en Espa\u00f1a - Favorite News","isPartOf":{"@id":"https:\/\/favorite-news.com\/es\/#website"},"primaryImageOfPage":{"@id":"https:\/\/favorite-news.com\/es\/twitter-cumple-15-anos-la-quinta-red-social-mas-usada-en-espana\/#primaryimage"},"image":{"@id":"https:\/\/favorite-news.com\/es\/twitter-cumple-15-anos-la-quinta-red-social-mas-usada-en-espana\/#primaryimage"},"thumbnailUrl":"https:\/\/favorite-news.com\/es\/wp-content\/uploads\/sites\/4\/2021\/03\/Twitter-cumple-15-anos-la-quinta-red-social-mas-usada.jpg","datePublished":"2021-03-17T23:33:03+00:00","dateModified":"2021-03-17T23:33:07+00:00","author":{"@id":"https:\/\/favorite-news.com\/es\/#\/schema\/person\/b91573b717dcfa5e4696032a9d28d3e8"},"breadcrumb":{"@id":"https:\/\/favorite-news.com\/es\/twitter-cumple-15-anos-la-quinta-red-social-mas-usada-en-espana\/#breadcrumb"},"inLanguage":"es","potentialAction":[{"@type":"ReadAction","target":["https:\/\/favorite-news.com\/es\/twitter-cumple-15-anos-la-quinta-red-social-mas-usada-en-espana\/"]}]},{"@type":"ImageObject","inLanguage":"es","@id":"https:\/\/favorite-news.com\/es\/twitter-cumple-15-anos-la-quinta-red-social-mas-usada-en-espana\/#primaryimage","url":"https:\/\/favorite-news.com\/es\/wp-content\/uploads\/sites\/4\/2021\/03\/Twitter-cumple-15-anos-la-quinta-red-social-mas-usada.jpg","contentUrl":"https:\/\/favorite-news.com\/es\/wp-content\/uploads\/sites\/4\/2021\/03\/Twitter-cumple-15-anos-la-quinta-red-social-mas-usada.jpg","width":530,"height":299,"caption":"Twitter cumple 15 a\u00f1os, la quinta red social m\u00e1s usada en Espa\u00f1a"},{"@type":"BreadcrumbList","@id":"https:\/\/favorite-news.com\/es\/twitter-cumple-15-anos-la-quinta-red-social-mas-usada-en-espana\/#breadcrumb","itemListElement":[{"@type":"ListItem","position":1,"name":"Home","item":"https:\/\/favorite-news.com\/es\/"},{"@type":"ListItem","position":2,"name":"Twitter cumple 15 a\u00f1os, la quinta red social m\u00e1s usada en Espa\u00f1a"}]},{"@type":"WebSite","@id":"https:\/\/favorite-news.com\/es\/#website","url":"https:\/\/favorite-news.com\/es\/","name":"Favorite News","description":"Favorite News Espa\u00f1a","potentialAction":[{"@type":"SearchAction","target":{"@type":"EntryPoint","urlTemplate":"https:\/\/favorite-news.com\/es\/?s={search_term_string}"},"query-input":{"@type":"PropertyValueSpecification","valueRequired":true,"valueName":"search_term_string"}}],"inLanguage":"es"},{"@type":"Person","@id":"https:\/\/favorite-news.com\/es\/#\/schema\/person\/b91573b717dcfa5e4696032a9d28d3e8","name":"favorite-news","image":{"@type":"ImageObject","inLanguage":"es","@id":"https:\/\/secure.gravatar.com\/avatar\/6c5a5cb12b74e9d517ee91cf570335b7d16177f1977cc91db161adfa435945a7?s=96&d=mm&r=g","url":"https:\/\/secure.gravatar.com\/avatar\/6c5a5cb12b74e9d517ee91cf570335b7d16177f1977cc91db161adfa435945a7?s=96&d=mm&r=g","contentUrl":"https:\/\/secure.gravatar.com\/avatar\/6c5a5cb12b74e9d517ee91cf570335b7d16177f1977cc91db161adfa435945a7?s=96&d=mm&r=g","caption":"favorite-news"},"url":"https:\/\/favorite-news.com\/es\/author\/pt\/"}]}},"_links":{"self":[{"href":"https:\/\/favorite-news.com\/es\/wp-json\/wp\/v2\/posts\/6215","targetHints":{"allow":["GET"]}}],"collection":[{"href":"https:\/\/favorite-news.com\/es\/wp-json\/wp\/v2\/posts"}],"about":[{"href":"https:\/\/favorite-news.com\/es\/wp-json\/wp\/v2\/types\/post"}],"author":[{"embeddable":true,"href":"https:\/\/favorite-news.com\/es\/wp-json\/wp\/v2\/users\/2"}],"replies":[{"embeddable":true,"href":"https:\/\/favorite-news.com\/es\/wp-json\/wp\/v2\/comments?post=6215"}],"version-history":[{"count":1,"href":"https:\/\/favorite-news.com\/es\/wp-json\/wp\/v2\/posts\/6215\/revisions"}],"predecessor-version":[{"id":6217,"href":"https:\/\/favorite-news.com\/es\/wp-json\/wp\/v2\/posts\/6215\/revisions\/6217"}],"wp:featuredmedia":[{"embeddable":true,"href":"https:\/\/favorite-news.com\/es\/wp-json\/wp\/v2\/media\/6216"}],"wp:attachment":[{"href":"https:\/\/favorite-news.com\/es\/wp-json\/wp\/v2\/media?parent=6215"}],"wp:term":[{"taxonomy":"category","embeddable":true,"href":"https:\/\/favorite-news.com\/es\/wp-json\/wp\/v2\/categories?post=6215"},{"taxonomy":"post_tag","embeddable":true,"href":"https:\/\/favorite-news.com\/es\/wp-json\/wp\/v2\/tags?post=6215"}],"curies":[{"name":"wp","href":"https:\/\/api.w.org\/{rel}","templated":true}]}}