{"id":6194,"date":"2021-03-16T02:04:55","date_gmt":"2021-03-15T23:04:55","guid":{"rendered":"https:\/\/favorite-news.com\/es\/los-betas-quienes-son-los-nuevos-responsables-de-decisiones-en-espana\/"},"modified":"2021-03-16T02:04:57","modified_gmt":"2021-03-15T23:04:57","slug":"los-betas-quienes-son-los-nuevos-responsables-de-decisiones-en-espana","status":"publish","type":"post","link":"https:\/\/favorite-news.com\/es\/los-betas-quienes-son-los-nuevos-responsables-de-decisiones-en-espana\/","title":{"rendered":"Los BETAS: \u00bfQui\u00e9nes son los nuevos responsables de decisiones en Espa\u00f1a?"},"content":{"rendered":"<p>2020 ha sido un a\u00f1o de cambio: la pandemia, la justicia social y la influencia de la tecnolog\u00eda en el trabajo han creado retos y oportunidades.\u00a0El estudio de B2BI Los BETAS: El auge de los nuevos l\u00edderes B2B de la investigadora Lucie Greene y Jason Mander, jefe de investigaci\u00f3n en GWI, examina los cambios en el comportamiento y las aptitudes de 17,000 profesionales en 10 pa\u00edses (incluido Espa\u00f1a) que ostentan cargos con poder decisi\u00f3n.No te pierdas este evento exclusivo donde identificamos a \u201cLos Betas\u201d. Descubrir\u00e1s qu\u00e9 se demanda ahora mismo de las empresas y sus l\u00edderes, adem\u00e1s de c\u00f3mo deben actuar las marcas para interaccionar con ellos y evolucionar.Los BETAs est\u00e1n preparados para nuestra sociedad, \u00bfest\u00e1s t\u00fa preparado para ellos?Reg\u00edstrate ya a nuestro evento LinkedIn el 17 de Marzo a las 12 PM<br \/>\n<br \/>\n<!--noindex--><br \/>\n<a href=\"http:\/\/www.marketingnews.es\/investigacion\/noticia\/1164941031605\/betas-quienes-nuevos-responsables-de-decisiones-espana.1.html\" rel=\"nofollow\">Source link <\/a><br \/>\n<!--\/noindex--><\/p>\n","protected":false},"excerpt":{"rendered":"<p>2020 ha sido un a\u00f1o de cambio: la pandemia, la justicia social y la influencia de la tecnolog\u00eda en el trabajo han creado retos y oportunidades.\u00a0El estudio de B2BI Los BETAS: El auge de los nuevos l\u00edderes B2B de la investigadora Lucie Greene y Jason Mander, jefe de investigaci\u00f3n en GWI, examina los cambios en [&hellip;]<\/p>\n","protected":false},"author":2,"featured_media":6195,"comment_status":"open","ping_status":"open","sticky":false,"template":"","format":"standard","meta":{"footnotes":""},"categories":[2],"tags":[],"class_list":["post-6194","post","type-post","status-publish","format-standard","has-post-thumbnail","hentry","category-noticias-de-internet-marketing"],"yoast_head":"<!-- This site is optimized with the Yoast SEO plugin v27.4 - https:\/\/yoast.com\/product\/yoast-seo-wordpress\/ -->\n<title>Los BETAS: \u00bfQui\u00e9nes son los nuevos responsables de decisiones en Espa\u00f1a? - Favorite News<\/title>\n<meta name=\"robots\" content=\"index, follow, max-snippet:-1, max-image-preview:large, max-video-preview:-1\" \/>\n<link rel=\"canonical\" href=\"https:\/\/favorite-news.com\/es\/los-betas-quienes-son-los-nuevos-responsables-de-decisiones-en-espana\/\" \/>\n<meta property=\"og:locale\" content=\"es_ES\" \/>\n<meta property=\"og:type\" content=\"article\" \/>\n<meta property=\"og:title\" content=\"Los BETAS: \u00bfQui\u00e9nes son los nuevos responsables de decisiones en Espa\u00f1a? - Favorite News\" \/>\n<meta property=\"og:description\" content=\"2020 ha sido un a\u00f1o de cambio: la pandemia, la justicia social y la influencia de la tecnolog\u00eda en el trabajo han creado retos y oportunidades.\u00a0El estudio de B2BI Los BETAS: El auge de los nuevos l\u00edderes B2B de la investigadora Lucie Greene y Jason Mander, jefe de investigaci\u00f3n en GWI, examina los cambios en [&hellip;]\" \/>\n<meta property=\"og:url\" content=\"https:\/\/favorite-news.com\/es\/los-betas-quienes-son-los-nuevos-responsables-de-decisiones-en-espana\/\" \/>\n<meta property=\"og:site_name\" content=\"Favorite News\" \/>\n<meta property=\"article:published_time\" content=\"2021-03-15T23:04:55+00:00\" \/>\n<meta property=\"article:modified_time\" content=\"2021-03-15T23:04:57+00:00\" \/>\n<meta property=\"og:image\" content=\"https:\/\/favorite-news.com\/es\/wp-content\/uploads\/sites\/4\/2021\/03\/Los-BETAS-\u00bfQuienes-son-los-nuevos-responsables-de-decisiones-en.png\" \/>\n\t<meta property=\"og:image:width\" content=\"513\" \/>\n\t<meta property=\"og:image:height\" content=\"299\" \/>\n\t<meta property=\"og:image:type\" content=\"image\/png\" \/>\n<meta name=\"author\" content=\"favorite-news\" \/>\n<meta name=\"twitter:card\" content=\"summary_large_image\" \/>\n<meta name=\"twitter:label1\" content=\"Escrito por\" \/>\n\t<meta name=\"twitter:data1\" content=\"favorite-news\" \/>\n\t<meta name=\"twitter:label2\" content=\"Tiempo de lectura\" \/>\n\t<meta name=\"twitter:data2\" content=\"1 minuto\" \/>\n<script type=\"application\/ld+json\" class=\"yoast-schema-graph\">{\"@context\":\"https:\\\/\\\/schema.org\",\"@graph\":[{\"@type\":\"Article\",\"@id\":\"https:\\\/\\\/favorite-news.com\\\/es\\\/los-betas-quienes-son-los-nuevos-responsables-de-decisiones-en-espana\\\/#article\",\"isPartOf\":{\"@id\":\"https:\\\/\\\/favorite-news.com\\\/es\\\/los-betas-quienes-son-los-nuevos-responsables-de-decisiones-en-espana\\\/\"},\"author\":{\"name\":\"favorite-news\",\"@id\":\"https:\\\/\\\/favorite-news.com\\\/es\\\/#\\\/schema\\\/person\\\/b91573b717dcfa5e4696032a9d28d3e8\"},\"headline\":\"Los BETAS: \u00bfQui\u00e9nes son los nuevos responsables de decisiones en Espa\u00f1a?\",\"datePublished\":\"2021-03-15T23:04:55+00:00\",\"dateModified\":\"2021-03-15T23:04:57+00:00\",\"mainEntityOfPage\":{\"@id\":\"https:\\\/\\\/favorite-news.com\\\/es\\\/los-betas-quienes-son-los-nuevos-responsables-de-decisiones-en-espana\\\/\"},\"wordCount\":163,\"commentCount\":0,\"image\":{\"@id\":\"https:\\\/\\\/favorite-news.com\\\/es\\\/los-betas-quienes-son-los-nuevos-responsables-de-decisiones-en-espana\\\/#primaryimage\"},\"thumbnailUrl\":\"https:\\\/\\\/favorite-news.com\\\/es\\\/wp-content\\\/uploads\\\/sites\\\/4\\\/2021\\\/03\\\/Los-BETAS-\u00bfQuienes-son-los-nuevos-responsables-de-decisiones-en.png\",\"articleSection\":[\"NOTICIAS DE INTERNET MARKETING\"],\"inLanguage\":\"es\",\"potentialAction\":[{\"@type\":\"CommentAction\",\"name\":\"Comment\",\"target\":[\"https:\\\/\\\/favorite-news.com\\\/es\\\/los-betas-quienes-son-los-nuevos-responsables-de-decisiones-en-espana\\\/#respond\"]}]},{\"@type\":\"WebPage\",\"@id\":\"https:\\\/\\\/favorite-news.com\\\/es\\\/los-betas-quienes-son-los-nuevos-responsables-de-decisiones-en-espana\\\/\",\"url\":\"https:\\\/\\\/favorite-news.com\\\/es\\\/los-betas-quienes-son-los-nuevos-responsables-de-decisiones-en-espana\\\/\",\"name\":\"Los BETAS: \u00bfQui\u00e9nes son los nuevos responsables de decisiones en Espa\u00f1a? - Favorite News\",\"isPartOf\":{\"@id\":\"https:\\\/\\\/favorite-news.com\\\/es\\\/#website\"},\"primaryImageOfPage\":{\"@id\":\"https:\\\/\\\/favorite-news.com\\\/es\\\/los-betas-quienes-son-los-nuevos-responsables-de-decisiones-en-espana\\\/#primaryimage\"},\"image\":{\"@id\":\"https:\\\/\\\/favorite-news.com\\\/es\\\/los-betas-quienes-son-los-nuevos-responsables-de-decisiones-en-espana\\\/#primaryimage\"},\"thumbnailUrl\":\"https:\\\/\\\/favorite-news.com\\\/es\\\/wp-content\\\/uploads\\\/sites\\\/4\\\/2021\\\/03\\\/Los-BETAS-\u00bfQuienes-son-los-nuevos-responsables-de-decisiones-en.png\",\"datePublished\":\"2021-03-15T23:04:55+00:00\",\"dateModified\":\"2021-03-15T23:04:57+00:00\",\"author\":{\"@id\":\"https:\\\/\\\/favorite-news.com\\\/es\\\/#\\\/schema\\\/person\\\/b91573b717dcfa5e4696032a9d28d3e8\"},\"breadcrumb\":{\"@id\":\"https:\\\/\\\/favorite-news.com\\\/es\\\/los-betas-quienes-son-los-nuevos-responsables-de-decisiones-en-espana\\\/#breadcrumb\"},\"inLanguage\":\"es\",\"potentialAction\":[{\"@type\":\"ReadAction\",\"target\":[\"https:\\\/\\\/favorite-news.com\\\/es\\\/los-betas-quienes-son-los-nuevos-responsables-de-decisiones-en-espana\\\/\"]}]},{\"@type\":\"ImageObject\",\"inLanguage\":\"es\",\"@id\":\"https:\\\/\\\/favorite-news.com\\\/es\\\/los-betas-quienes-son-los-nuevos-responsables-de-decisiones-en-espana\\\/#primaryimage\",\"url\":\"https:\\\/\\\/favorite-news.com\\\/es\\\/wp-content\\\/uploads\\\/sites\\\/4\\\/2021\\\/03\\\/Los-BETAS-\u00bfQuienes-son-los-nuevos-responsables-de-decisiones-en.png\",\"contentUrl\":\"https:\\\/\\\/favorite-news.com\\\/es\\\/wp-content\\\/uploads\\\/sites\\\/4\\\/2021\\\/03\\\/Los-BETAS-\u00bfQuienes-son-los-nuevos-responsables-de-decisiones-en.png\",\"width\":513,\"height\":299,\"caption\":\"Claudina Caramuti\"},{\"@type\":\"BreadcrumbList\",\"@id\":\"https:\\\/\\\/favorite-news.com\\\/es\\\/los-betas-quienes-son-los-nuevos-responsables-de-decisiones-en-espana\\\/#breadcrumb\",\"itemListElement\":[{\"@type\":\"ListItem\",\"position\":1,\"name\":\"Home\",\"item\":\"https:\\\/\\\/favorite-news.com\\\/es\\\/\"},{\"@type\":\"ListItem\",\"position\":2,\"name\":\"Los BETAS: \u00bfQui\u00e9nes son los nuevos responsables de decisiones en Espa\u00f1a?\"}]},{\"@type\":\"WebSite\",\"@id\":\"https:\\\/\\\/favorite-news.com\\\/es\\\/#website\",\"url\":\"https:\\\/\\\/favorite-news.com\\\/es\\\/\",\"name\":\"Favorite News\",\"description\":\"Favorite News Espa\u00f1a\",\"potentialAction\":[{\"@type\":\"SearchAction\",\"target\":{\"@type\":\"EntryPoint\",\"urlTemplate\":\"https:\\\/\\\/favorite-news.com\\\/es\\\/?s={search_term_string}\"},\"query-input\":{\"@type\":\"PropertyValueSpecification\",\"valueRequired\":true,\"valueName\":\"search_term_string\"}}],\"inLanguage\":\"es\"},{\"@type\":\"Person\",\"@id\":\"https:\\\/\\\/favorite-news.com\\\/es\\\/#\\\/schema\\\/person\\\/b91573b717dcfa5e4696032a9d28d3e8\",\"name\":\"favorite-news\",\"image\":{\"@type\":\"ImageObject\",\"inLanguage\":\"es\",\"@id\":\"https:\\\/\\\/secure.gravatar.com\\\/avatar\\\/6c5a5cb12b74e9d517ee91cf570335b7d16177f1977cc91db161adfa435945a7?s=96&d=mm&r=g\",\"url\":\"https:\\\/\\\/secure.gravatar.com\\\/avatar\\\/6c5a5cb12b74e9d517ee91cf570335b7d16177f1977cc91db161adfa435945a7?s=96&d=mm&r=g\",\"contentUrl\":\"https:\\\/\\\/secure.gravatar.com\\\/avatar\\\/6c5a5cb12b74e9d517ee91cf570335b7d16177f1977cc91db161adfa435945a7?s=96&d=mm&r=g\",\"caption\":\"favorite-news\"},\"url\":\"https:\\\/\\\/favorite-news.com\\\/es\\\/author\\\/pt\\\/\"}]}<\/script>\n<!-- \/ Yoast SEO plugin. -->","yoast_head_json":{"title":"Los BETAS: \u00bfQui\u00e9nes son los nuevos responsables de decisiones en Espa\u00f1a? - Favorite News","robots":{"index":"index","follow":"follow","max-snippet":"max-snippet:-1","max-image-preview":"max-image-preview:large","max-video-preview":"max-video-preview:-1"},"canonical":"https:\/\/favorite-news.com\/es\/los-betas-quienes-son-los-nuevos-responsables-de-decisiones-en-espana\/","og_locale":"es_ES","og_type":"article","og_title":"Los BETAS: \u00bfQui\u00e9nes son los nuevos responsables de decisiones en Espa\u00f1a? - Favorite News","og_description":"2020 ha sido un a\u00f1o de cambio: la pandemia, la justicia social y la influencia de la tecnolog\u00eda en el trabajo han creado retos y oportunidades.\u00a0El estudio de B2BI Los BETAS: El auge de los nuevos l\u00edderes B2B de la investigadora Lucie Greene y Jason Mander, jefe de investigaci\u00f3n en GWI, examina los cambios en [&hellip;]","og_url":"https:\/\/favorite-news.com\/es\/los-betas-quienes-son-los-nuevos-responsables-de-decisiones-en-espana\/","og_site_name":"Favorite News","article_published_time":"2021-03-15T23:04:55+00:00","article_modified_time":"2021-03-15T23:04:57+00:00","og_image":[{"width":513,"height":299,"url":"https:\/\/favorite-news.com\/es\/wp-content\/uploads\/sites\/4\/2021\/03\/Los-BETAS-\u00bfQuienes-son-los-nuevos-responsables-de-decisiones-en.png","type":"image\/png"}],"author":"favorite-news","twitter_card":"summary_large_image","twitter_misc":{"Escrito por":"favorite-news","Tiempo de lectura":"1 minuto"},"schema":{"@context":"https:\/\/schema.org","@graph":[{"@type":"Article","@id":"https:\/\/favorite-news.com\/es\/los-betas-quienes-son-los-nuevos-responsables-de-decisiones-en-espana\/#article","isPartOf":{"@id":"https:\/\/favorite-news.com\/es\/los-betas-quienes-son-los-nuevos-responsables-de-decisiones-en-espana\/"},"author":{"name":"favorite-news","@id":"https:\/\/favorite-news.com\/es\/#\/schema\/person\/b91573b717dcfa5e4696032a9d28d3e8"},"headline":"Los BETAS: \u00bfQui\u00e9nes son los nuevos responsables de decisiones en Espa\u00f1a?","datePublished":"2021-03-15T23:04:55+00:00","dateModified":"2021-03-15T23:04:57+00:00","mainEntityOfPage":{"@id":"https:\/\/favorite-news.com\/es\/los-betas-quienes-son-los-nuevos-responsables-de-decisiones-en-espana\/"},"wordCount":163,"commentCount":0,"image":{"@id":"https:\/\/favorite-news.com\/es\/los-betas-quienes-son-los-nuevos-responsables-de-decisiones-en-espana\/#primaryimage"},"thumbnailUrl":"https:\/\/favorite-news.com\/es\/wp-content\/uploads\/sites\/4\/2021\/03\/Los-BETAS-\u00bfQuienes-son-los-nuevos-responsables-de-decisiones-en.png","articleSection":["NOTICIAS DE INTERNET MARKETING"],"inLanguage":"es","potentialAction":[{"@type":"CommentAction","name":"Comment","target":["https:\/\/favorite-news.com\/es\/los-betas-quienes-son-los-nuevos-responsables-de-decisiones-en-espana\/#respond"]}]},{"@type":"WebPage","@id":"https:\/\/favorite-news.com\/es\/los-betas-quienes-son-los-nuevos-responsables-de-decisiones-en-espana\/","url":"https:\/\/favorite-news.com\/es\/los-betas-quienes-son-los-nuevos-responsables-de-decisiones-en-espana\/","name":"Los BETAS: \u00bfQui\u00e9nes son los nuevos responsables de decisiones en Espa\u00f1a? - Favorite News","isPartOf":{"@id":"https:\/\/favorite-news.com\/es\/#website"},"primaryImageOfPage":{"@id":"https:\/\/favorite-news.com\/es\/los-betas-quienes-son-los-nuevos-responsables-de-decisiones-en-espana\/#primaryimage"},"image":{"@id":"https:\/\/favorite-news.com\/es\/los-betas-quienes-son-los-nuevos-responsables-de-decisiones-en-espana\/#primaryimage"},"thumbnailUrl":"https:\/\/favorite-news.com\/es\/wp-content\/uploads\/sites\/4\/2021\/03\/Los-BETAS-\u00bfQuienes-son-los-nuevos-responsables-de-decisiones-en.png","datePublished":"2021-03-15T23:04:55+00:00","dateModified":"2021-03-15T23:04:57+00:00","author":{"@id":"https:\/\/favorite-news.com\/es\/#\/schema\/person\/b91573b717dcfa5e4696032a9d28d3e8"},"breadcrumb":{"@id":"https:\/\/favorite-news.com\/es\/los-betas-quienes-son-los-nuevos-responsables-de-decisiones-en-espana\/#breadcrumb"},"inLanguage":"es","potentialAction":[{"@type":"ReadAction","target":["https:\/\/favorite-news.com\/es\/los-betas-quienes-son-los-nuevos-responsables-de-decisiones-en-espana\/"]}]},{"@type":"ImageObject","inLanguage":"es","@id":"https:\/\/favorite-news.com\/es\/los-betas-quienes-son-los-nuevos-responsables-de-decisiones-en-espana\/#primaryimage","url":"https:\/\/favorite-news.com\/es\/wp-content\/uploads\/sites\/4\/2021\/03\/Los-BETAS-\u00bfQuienes-son-los-nuevos-responsables-de-decisiones-en.png","contentUrl":"https:\/\/favorite-news.com\/es\/wp-content\/uploads\/sites\/4\/2021\/03\/Los-BETAS-\u00bfQuienes-son-los-nuevos-responsables-de-decisiones-en.png","width":513,"height":299,"caption":"Claudina Caramuti"},{"@type":"BreadcrumbList","@id":"https:\/\/favorite-news.com\/es\/los-betas-quienes-son-los-nuevos-responsables-de-decisiones-en-espana\/#breadcrumb","itemListElement":[{"@type":"ListItem","position":1,"name":"Home","item":"https:\/\/favorite-news.com\/es\/"},{"@type":"ListItem","position":2,"name":"Los BETAS: \u00bfQui\u00e9nes son los nuevos responsables de decisiones en Espa\u00f1a?"}]},{"@type":"WebSite","@id":"https:\/\/favorite-news.com\/es\/#website","url":"https:\/\/favorite-news.com\/es\/","name":"Favorite News","description":"Favorite News Espa\u00f1a","potentialAction":[{"@type":"SearchAction","target":{"@type":"EntryPoint","urlTemplate":"https:\/\/favorite-news.com\/es\/?s={search_term_string}"},"query-input":{"@type":"PropertyValueSpecification","valueRequired":true,"valueName":"search_term_string"}}],"inLanguage":"es"},{"@type":"Person","@id":"https:\/\/favorite-news.com\/es\/#\/schema\/person\/b91573b717dcfa5e4696032a9d28d3e8","name":"favorite-news","image":{"@type":"ImageObject","inLanguage":"es","@id":"https:\/\/secure.gravatar.com\/avatar\/6c5a5cb12b74e9d517ee91cf570335b7d16177f1977cc91db161adfa435945a7?s=96&d=mm&r=g","url":"https:\/\/secure.gravatar.com\/avatar\/6c5a5cb12b74e9d517ee91cf570335b7d16177f1977cc91db161adfa435945a7?s=96&d=mm&r=g","contentUrl":"https:\/\/secure.gravatar.com\/avatar\/6c5a5cb12b74e9d517ee91cf570335b7d16177f1977cc91db161adfa435945a7?s=96&d=mm&r=g","caption":"favorite-news"},"url":"https:\/\/favorite-news.com\/es\/author\/pt\/"}]}},"_links":{"self":[{"href":"https:\/\/favorite-news.com\/es\/wp-json\/wp\/v2\/posts\/6194","targetHints":{"allow":["GET"]}}],"collection":[{"href":"https:\/\/favorite-news.com\/es\/wp-json\/wp\/v2\/posts"}],"about":[{"href":"https:\/\/favorite-news.com\/es\/wp-json\/wp\/v2\/types\/post"}],"author":[{"embeddable":true,"href":"https:\/\/favorite-news.com\/es\/wp-json\/wp\/v2\/users\/2"}],"replies":[{"embeddable":true,"href":"https:\/\/favorite-news.com\/es\/wp-json\/wp\/v2\/comments?post=6194"}],"version-history":[{"count":1,"href":"https:\/\/favorite-news.com\/es\/wp-json\/wp\/v2\/posts\/6194\/revisions"}],"predecessor-version":[{"id":6196,"href":"https:\/\/favorite-news.com\/es\/wp-json\/wp\/v2\/posts\/6194\/revisions\/6196"}],"wp:featuredmedia":[{"embeddable":true,"href":"https:\/\/favorite-news.com\/es\/wp-json\/wp\/v2\/media\/6195"}],"wp:attachment":[{"href":"https:\/\/favorite-news.com\/es\/wp-json\/wp\/v2\/media?parent=6194"}],"wp:term":[{"taxonomy":"category","embeddable":true,"href":"https:\/\/favorite-news.com\/es\/wp-json\/wp\/v2\/categories?post=6194"},{"taxonomy":"post_tag","embeddable":true,"href":"https:\/\/favorite-news.com\/es\/wp-json\/wp\/v2\/tags?post=6194"}],"curies":[{"name":"wp","href":"https:\/\/api.w.org\/{rel}","templated":true}]}}