{"id":6189,"date":"2021-03-15T14:00:36","date_gmt":"2021-03-15T11:00:36","guid":{"rendered":"https:\/\/favorite-news.com\/es\/eurostars-hotels-promueve-el-turismo-local-para-una-semana-santa-con-restricciones-de-movilidad\/"},"modified":"2021-03-15T14:00:42","modified_gmt":"2021-03-15T11:00:42","slug":"eurostars-hotels-promueve-el-turismo-local-para-una-semana-santa-con-restricciones-de-movilidad","status":"publish","type":"post","link":"https:\/\/favorite-news.com\/es\/eurostars-hotels-promueve-el-turismo-local-para-una-semana-santa-con-restricciones-de-movilidad\/","title":{"rendered":"Eurostars Hotels promueve el turismo local para una Semana Santa con restricciones de movilidad"},"content":{"rendered":"<p>A las puertas de una todav\u00eda at\u00edpica Semana Santa,\u00a0Eurostars Hotels\u00a0ha lanzado su nueva campa\u00f1a que, bajo el claim\u00a0\u2018Bienvenidos al Pa\u00eds de las Maravillas\u2019,\u00a0pretende incentivar el turismo local en un momento en que la movilidad entre comunidades y tambi\u00e9n a nivel internacional sigue restringida. En este sentido, la acci\u00f3n promovida por la cadena recaba en las bondades y atractivos con los que cuenta nuestro pa\u00eds y que resultan un reclamo para que, cada a\u00f1o, millones de viajeros internacionales nos visiten.Este turismo Km0 que promueve\u00a0la campa\u00f1a \u201cBienvenido al Pa\u00eds de las maravillas\u201d\u00a0fomenta una manera de viajar donde se reivindican y se ponen en valor a aquellos monumentos, destinos y espacios naturales que forman parte de nuestra cultura y nuestro legado.As\u00ed, la campa\u00f1a abre las puertas a una nueva manera de hacer turismo de forma local: descubriendo unos atractivos que pudieran pasar desapercibidos en el d\u00eda a d\u00eda o Realizando actividades habitualmente aplazadas por falta de tiempo. Ahora m\u00e1s que nunca es momento de fijar la atenci\u00f3n en nuestro patrimonio y en todo aquello que ofrece nuestro entorno.Partiendo de estas premisas, Eurostars Hotels ha estrenado una pieza de v\u00eddeo\u00a0que, en formato tr\u00e1iler, nos avanza todo aquello de lo que podemos disfrutar sin alejarnos demasiado. Este clip se puede visualizar a trav\u00e9s del canal de Youtube de la marca.\u00a0En la campa\u00f1a ha trabajado 3logy Films.<br \/>\n<br \/>\n<!--noindex--><br \/>\n<a href=\"http:\/\/www.marketingnews.es\/marcas\/noticia\/1164922054305\/eurostars-hotels-promueve-turismo-local-semana-santa-restricciones-de-movilidad.1.html\" rel=\"nofollow\">Source link <\/a><br \/>\n<!--\/noindex--><\/p>\n","protected":false},"excerpt":{"rendered":"<p>A las puertas de una todav\u00eda at\u00edpica Semana Santa,\u00a0Eurostars Hotels\u00a0ha lanzado su nueva campa\u00f1a que, bajo el claim\u00a0\u2018Bienvenidos al Pa\u00eds de las Maravillas\u2019,\u00a0pretende incentivar el turismo local en un momento en que la movilidad entre comunidades y tambi\u00e9n a nivel internacional sigue restringida. En este sentido, la acci\u00f3n promovida por la cadena recaba en las [&hellip;]<\/p>\n","protected":false},"author":2,"featured_media":6190,"comment_status":"open","ping_status":"open","sticky":false,"template":"","format":"standard","meta":{"footnotes":""},"categories":[2],"tags":[],"class_list":["post-6189","post","type-post","status-publish","format-standard","has-post-thumbnail","hentry","category-noticias-de-internet-marketing"],"yoast_head":"<!-- This site is optimized with the Yoast SEO plugin v27.4 - https:\/\/yoast.com\/product\/yoast-seo-wordpress\/ -->\n<title>Eurostars Hotels promueve el turismo local para una Semana Santa con restricciones de movilidad - Favorite News<\/title>\n<meta name=\"robots\" content=\"index, follow, max-snippet:-1, max-image-preview:large, max-video-preview:-1\" \/>\n<link rel=\"canonical\" href=\"https:\/\/favorite-news.com\/es\/eurostars-hotels-promueve-el-turismo-local-para-una-semana-santa-con-restricciones-de-movilidad\/\" \/>\n<meta property=\"og:locale\" content=\"es_ES\" \/>\n<meta property=\"og:type\" content=\"article\" \/>\n<meta property=\"og:title\" content=\"Eurostars Hotels promueve el turismo local para una Semana Santa con restricciones de movilidad - Favorite News\" \/>\n<meta property=\"og:description\" content=\"A las puertas de una todav\u00eda at\u00edpica Semana Santa,\u00a0Eurostars Hotels\u00a0ha lanzado su nueva campa\u00f1a que, bajo el claim\u00a0\u2018Bienvenidos al Pa\u00eds de las Maravillas\u2019,\u00a0pretende incentivar el turismo local en un momento en que la movilidad entre comunidades y tambi\u00e9n a nivel internacional sigue restringida. En este sentido, la acci\u00f3n promovida por la cadena recaba en las [&hellip;]\" \/>\n<meta property=\"og:url\" content=\"https:\/\/favorite-news.com\/es\/eurostars-hotels-promueve-el-turismo-local-para-una-semana-santa-con-restricciones-de-movilidad\/\" \/>\n<meta property=\"og:site_name\" content=\"Favorite News\" \/>\n<meta property=\"article:published_time\" content=\"2021-03-15T11:00:36+00:00\" \/>\n<meta property=\"article:modified_time\" content=\"2021-03-15T11:00:42+00:00\" \/>\n<meta property=\"og:image\" content=\"https:\/\/favorite-news.com\/es\/wp-content\/uploads\/sites\/4\/2021\/03\/Eurostars-Hotels-promueve-el-turismo-local-para-una-Semana-Santa.jpg\" \/>\n\t<meta property=\"og:image:width\" content=\"533\" \/>\n\t<meta property=\"og:image:height\" content=\"297\" \/>\n\t<meta property=\"og:image:type\" content=\"image\/jpeg\" \/>\n<meta name=\"author\" content=\"favorite-news\" \/>\n<meta name=\"twitter:card\" content=\"summary_large_image\" \/>\n<meta name=\"twitter:label1\" content=\"Escrito por\" \/>\n\t<meta name=\"twitter:data1\" content=\"favorite-news\" \/>\n\t<meta name=\"twitter:label2\" content=\"Tiempo de lectura\" \/>\n\t<meta name=\"twitter:data2\" content=\"1 minuto\" \/>\n<script type=\"application\/ld+json\" class=\"yoast-schema-graph\">{\"@context\":\"https:\\\/\\\/schema.org\",\"@graph\":[{\"@type\":\"Article\",\"@id\":\"https:\\\/\\\/favorite-news.com\\\/es\\\/eurostars-hotels-promueve-el-turismo-local-para-una-semana-santa-con-restricciones-de-movilidad\\\/#article\",\"isPartOf\":{\"@id\":\"https:\\\/\\\/favorite-news.com\\\/es\\\/eurostars-hotels-promueve-el-turismo-local-para-una-semana-santa-con-restricciones-de-movilidad\\\/\"},\"author\":{\"name\":\"favorite-news\",\"@id\":\"https:\\\/\\\/favorite-news.com\\\/es\\\/#\\\/schema\\\/person\\\/b91573b717dcfa5e4696032a9d28d3e8\"},\"headline\":\"Eurostars Hotels promueve el turismo local para una Semana Santa con restricciones de movilidad\",\"datePublished\":\"2021-03-15T11:00:36+00:00\",\"dateModified\":\"2021-03-15T11:00:42+00:00\",\"mainEntityOfPage\":{\"@id\":\"https:\\\/\\\/favorite-news.com\\\/es\\\/eurostars-hotels-promueve-el-turismo-local-para-una-semana-santa-con-restricciones-de-movilidad\\\/\"},\"wordCount\":267,\"commentCount\":0,\"image\":{\"@id\":\"https:\\\/\\\/favorite-news.com\\\/es\\\/eurostars-hotels-promueve-el-turismo-local-para-una-semana-santa-con-restricciones-de-movilidad\\\/#primaryimage\"},\"thumbnailUrl\":\"https:\\\/\\\/favorite-news.com\\\/es\\\/wp-content\\\/uploads\\\/sites\\\/4\\\/2021\\\/03\\\/Eurostars-Hotels-promueve-el-turismo-local-para-una-Semana-Santa.jpg\",\"articleSection\":[\"NOTICIAS DE INTERNET MARKETING\"],\"inLanguage\":\"es\",\"potentialAction\":[{\"@type\":\"CommentAction\",\"name\":\"Comment\",\"target\":[\"https:\\\/\\\/favorite-news.com\\\/es\\\/eurostars-hotels-promueve-el-turismo-local-para-una-semana-santa-con-restricciones-de-movilidad\\\/#respond\"]}]},{\"@type\":\"WebPage\",\"@id\":\"https:\\\/\\\/favorite-news.com\\\/es\\\/eurostars-hotels-promueve-el-turismo-local-para-una-semana-santa-con-restricciones-de-movilidad\\\/\",\"url\":\"https:\\\/\\\/favorite-news.com\\\/es\\\/eurostars-hotels-promueve-el-turismo-local-para-una-semana-santa-con-restricciones-de-movilidad\\\/\",\"name\":\"Eurostars Hotels promueve el turismo local para una Semana Santa con restricciones de movilidad - Favorite News\",\"isPartOf\":{\"@id\":\"https:\\\/\\\/favorite-news.com\\\/es\\\/#website\"},\"primaryImageOfPage\":{\"@id\":\"https:\\\/\\\/favorite-news.com\\\/es\\\/eurostars-hotels-promueve-el-turismo-local-para-una-semana-santa-con-restricciones-de-movilidad\\\/#primaryimage\"},\"image\":{\"@id\":\"https:\\\/\\\/favorite-news.com\\\/es\\\/eurostars-hotels-promueve-el-turismo-local-para-una-semana-santa-con-restricciones-de-movilidad\\\/#primaryimage\"},\"thumbnailUrl\":\"https:\\\/\\\/favorite-news.com\\\/es\\\/wp-content\\\/uploads\\\/sites\\\/4\\\/2021\\\/03\\\/Eurostars-Hotels-promueve-el-turismo-local-para-una-Semana-Santa.jpg\",\"datePublished\":\"2021-03-15T11:00:36+00:00\",\"dateModified\":\"2021-03-15T11:00:42+00:00\",\"author\":{\"@id\":\"https:\\\/\\\/favorite-news.com\\\/es\\\/#\\\/schema\\\/person\\\/b91573b717dcfa5e4696032a9d28d3e8\"},\"breadcrumb\":{\"@id\":\"https:\\\/\\\/favorite-news.com\\\/es\\\/eurostars-hotels-promueve-el-turismo-local-para-una-semana-santa-con-restricciones-de-movilidad\\\/#breadcrumb\"},\"inLanguage\":\"es\",\"potentialAction\":[{\"@type\":\"ReadAction\",\"target\":[\"https:\\\/\\\/favorite-news.com\\\/es\\\/eurostars-hotels-promueve-el-turismo-local-para-una-semana-santa-con-restricciones-de-movilidad\\\/\"]}]},{\"@type\":\"ImageObject\",\"inLanguage\":\"es\",\"@id\":\"https:\\\/\\\/favorite-news.com\\\/es\\\/eurostars-hotels-promueve-el-turismo-local-para-una-semana-santa-con-restricciones-de-movilidad\\\/#primaryimage\",\"url\":\"https:\\\/\\\/favorite-news.com\\\/es\\\/wp-content\\\/uploads\\\/sites\\\/4\\\/2021\\\/03\\\/Eurostars-Hotels-promueve-el-turismo-local-para-una-Semana-Santa.jpg\",\"contentUrl\":\"https:\\\/\\\/favorite-news.com\\\/es\\\/wp-content\\\/uploads\\\/sites\\\/4\\\/2021\\\/03\\\/Eurostars-Hotels-promueve-el-turismo-local-para-una-Semana-Santa.jpg\",\"width\":533,\"height\":297,\"caption\":\"Eurostars Hotels promueve el turismo local para una Semana Santa con restricciones de movilidad\"},{\"@type\":\"BreadcrumbList\",\"@id\":\"https:\\\/\\\/favorite-news.com\\\/es\\\/eurostars-hotels-promueve-el-turismo-local-para-una-semana-santa-con-restricciones-de-movilidad\\\/#breadcrumb\",\"itemListElement\":[{\"@type\":\"ListItem\",\"position\":1,\"name\":\"Home\",\"item\":\"https:\\\/\\\/favorite-news.com\\\/es\\\/\"},{\"@type\":\"ListItem\",\"position\":2,\"name\":\"Eurostars Hotels promueve el turismo local para una Semana Santa con restricciones de movilidad\"}]},{\"@type\":\"WebSite\",\"@id\":\"https:\\\/\\\/favorite-news.com\\\/es\\\/#website\",\"url\":\"https:\\\/\\\/favorite-news.com\\\/es\\\/\",\"name\":\"Favorite News\",\"description\":\"Favorite News Espa\u00f1a\",\"potentialAction\":[{\"@type\":\"SearchAction\",\"target\":{\"@type\":\"EntryPoint\",\"urlTemplate\":\"https:\\\/\\\/favorite-news.com\\\/es\\\/?s={search_term_string}\"},\"query-input\":{\"@type\":\"PropertyValueSpecification\",\"valueRequired\":true,\"valueName\":\"search_term_string\"}}],\"inLanguage\":\"es\"},{\"@type\":\"Person\",\"@id\":\"https:\\\/\\\/favorite-news.com\\\/es\\\/#\\\/schema\\\/person\\\/b91573b717dcfa5e4696032a9d28d3e8\",\"name\":\"favorite-news\",\"image\":{\"@type\":\"ImageObject\",\"inLanguage\":\"es\",\"@id\":\"https:\\\/\\\/secure.gravatar.com\\\/avatar\\\/6c5a5cb12b74e9d517ee91cf570335b7d16177f1977cc91db161adfa435945a7?s=96&d=mm&r=g\",\"url\":\"https:\\\/\\\/secure.gravatar.com\\\/avatar\\\/6c5a5cb12b74e9d517ee91cf570335b7d16177f1977cc91db161adfa435945a7?s=96&d=mm&r=g\",\"contentUrl\":\"https:\\\/\\\/secure.gravatar.com\\\/avatar\\\/6c5a5cb12b74e9d517ee91cf570335b7d16177f1977cc91db161adfa435945a7?s=96&d=mm&r=g\",\"caption\":\"favorite-news\"},\"url\":\"https:\\\/\\\/favorite-news.com\\\/es\\\/author\\\/pt\\\/\"}]}<\/script>\n<!-- \/ Yoast SEO plugin. -->","yoast_head_json":{"title":"Eurostars Hotels promueve el turismo local para una Semana Santa con restricciones de movilidad - Favorite News","robots":{"index":"index","follow":"follow","max-snippet":"max-snippet:-1","max-image-preview":"max-image-preview:large","max-video-preview":"max-video-preview:-1"},"canonical":"https:\/\/favorite-news.com\/es\/eurostars-hotels-promueve-el-turismo-local-para-una-semana-santa-con-restricciones-de-movilidad\/","og_locale":"es_ES","og_type":"article","og_title":"Eurostars Hotels promueve el turismo local para una Semana Santa con restricciones de movilidad - Favorite News","og_description":"A las puertas de una todav\u00eda at\u00edpica Semana Santa,\u00a0Eurostars Hotels\u00a0ha lanzado su nueva campa\u00f1a que, bajo el claim\u00a0\u2018Bienvenidos al Pa\u00eds de las Maravillas\u2019,\u00a0pretende incentivar el turismo local en un momento en que la movilidad entre comunidades y tambi\u00e9n a nivel internacional sigue restringida. En este sentido, la acci\u00f3n promovida por la cadena recaba en las [&hellip;]","og_url":"https:\/\/favorite-news.com\/es\/eurostars-hotels-promueve-el-turismo-local-para-una-semana-santa-con-restricciones-de-movilidad\/","og_site_name":"Favorite News","article_published_time":"2021-03-15T11:00:36+00:00","article_modified_time":"2021-03-15T11:00:42+00:00","og_image":[{"width":533,"height":297,"url":"https:\/\/favorite-news.com\/es\/wp-content\/uploads\/sites\/4\/2021\/03\/Eurostars-Hotels-promueve-el-turismo-local-para-una-Semana-Santa.jpg","type":"image\/jpeg"}],"author":"favorite-news","twitter_card":"summary_large_image","twitter_misc":{"Escrito por":"favorite-news","Tiempo de lectura":"1 minuto"},"schema":{"@context":"https:\/\/schema.org","@graph":[{"@type":"Article","@id":"https:\/\/favorite-news.com\/es\/eurostars-hotels-promueve-el-turismo-local-para-una-semana-santa-con-restricciones-de-movilidad\/#article","isPartOf":{"@id":"https:\/\/favorite-news.com\/es\/eurostars-hotels-promueve-el-turismo-local-para-una-semana-santa-con-restricciones-de-movilidad\/"},"author":{"name":"favorite-news","@id":"https:\/\/favorite-news.com\/es\/#\/schema\/person\/b91573b717dcfa5e4696032a9d28d3e8"},"headline":"Eurostars Hotels promueve el turismo local para una Semana Santa con restricciones de movilidad","datePublished":"2021-03-15T11:00:36+00:00","dateModified":"2021-03-15T11:00:42+00:00","mainEntityOfPage":{"@id":"https:\/\/favorite-news.com\/es\/eurostars-hotels-promueve-el-turismo-local-para-una-semana-santa-con-restricciones-de-movilidad\/"},"wordCount":267,"commentCount":0,"image":{"@id":"https:\/\/favorite-news.com\/es\/eurostars-hotels-promueve-el-turismo-local-para-una-semana-santa-con-restricciones-de-movilidad\/#primaryimage"},"thumbnailUrl":"https:\/\/favorite-news.com\/es\/wp-content\/uploads\/sites\/4\/2021\/03\/Eurostars-Hotels-promueve-el-turismo-local-para-una-Semana-Santa.jpg","articleSection":["NOTICIAS DE INTERNET MARKETING"],"inLanguage":"es","potentialAction":[{"@type":"CommentAction","name":"Comment","target":["https:\/\/favorite-news.com\/es\/eurostars-hotels-promueve-el-turismo-local-para-una-semana-santa-con-restricciones-de-movilidad\/#respond"]}]},{"@type":"WebPage","@id":"https:\/\/favorite-news.com\/es\/eurostars-hotels-promueve-el-turismo-local-para-una-semana-santa-con-restricciones-de-movilidad\/","url":"https:\/\/favorite-news.com\/es\/eurostars-hotels-promueve-el-turismo-local-para-una-semana-santa-con-restricciones-de-movilidad\/","name":"Eurostars Hotels promueve el turismo local para una Semana Santa con restricciones de movilidad - Favorite News","isPartOf":{"@id":"https:\/\/favorite-news.com\/es\/#website"},"primaryImageOfPage":{"@id":"https:\/\/favorite-news.com\/es\/eurostars-hotels-promueve-el-turismo-local-para-una-semana-santa-con-restricciones-de-movilidad\/#primaryimage"},"image":{"@id":"https:\/\/favorite-news.com\/es\/eurostars-hotels-promueve-el-turismo-local-para-una-semana-santa-con-restricciones-de-movilidad\/#primaryimage"},"thumbnailUrl":"https:\/\/favorite-news.com\/es\/wp-content\/uploads\/sites\/4\/2021\/03\/Eurostars-Hotels-promueve-el-turismo-local-para-una-Semana-Santa.jpg","datePublished":"2021-03-15T11:00:36+00:00","dateModified":"2021-03-15T11:00:42+00:00","author":{"@id":"https:\/\/favorite-news.com\/es\/#\/schema\/person\/b91573b717dcfa5e4696032a9d28d3e8"},"breadcrumb":{"@id":"https:\/\/favorite-news.com\/es\/eurostars-hotels-promueve-el-turismo-local-para-una-semana-santa-con-restricciones-de-movilidad\/#breadcrumb"},"inLanguage":"es","potentialAction":[{"@type":"ReadAction","target":["https:\/\/favorite-news.com\/es\/eurostars-hotels-promueve-el-turismo-local-para-una-semana-santa-con-restricciones-de-movilidad\/"]}]},{"@type":"ImageObject","inLanguage":"es","@id":"https:\/\/favorite-news.com\/es\/eurostars-hotels-promueve-el-turismo-local-para-una-semana-santa-con-restricciones-de-movilidad\/#primaryimage","url":"https:\/\/favorite-news.com\/es\/wp-content\/uploads\/sites\/4\/2021\/03\/Eurostars-Hotels-promueve-el-turismo-local-para-una-Semana-Santa.jpg","contentUrl":"https:\/\/favorite-news.com\/es\/wp-content\/uploads\/sites\/4\/2021\/03\/Eurostars-Hotels-promueve-el-turismo-local-para-una-Semana-Santa.jpg","width":533,"height":297,"caption":"Eurostars Hotels promueve el turismo local para una Semana Santa con restricciones de movilidad"},{"@type":"BreadcrumbList","@id":"https:\/\/favorite-news.com\/es\/eurostars-hotels-promueve-el-turismo-local-para-una-semana-santa-con-restricciones-de-movilidad\/#breadcrumb","itemListElement":[{"@type":"ListItem","position":1,"name":"Home","item":"https:\/\/favorite-news.com\/es\/"},{"@type":"ListItem","position":2,"name":"Eurostars Hotels promueve el turismo local para una Semana Santa con restricciones de movilidad"}]},{"@type":"WebSite","@id":"https:\/\/favorite-news.com\/es\/#website","url":"https:\/\/favorite-news.com\/es\/","name":"Favorite News","description":"Favorite News Espa\u00f1a","potentialAction":[{"@type":"SearchAction","target":{"@type":"EntryPoint","urlTemplate":"https:\/\/favorite-news.com\/es\/?s={search_term_string}"},"query-input":{"@type":"PropertyValueSpecification","valueRequired":true,"valueName":"search_term_string"}}],"inLanguage":"es"},{"@type":"Person","@id":"https:\/\/favorite-news.com\/es\/#\/schema\/person\/b91573b717dcfa5e4696032a9d28d3e8","name":"favorite-news","image":{"@type":"ImageObject","inLanguage":"es","@id":"https:\/\/secure.gravatar.com\/avatar\/6c5a5cb12b74e9d517ee91cf570335b7d16177f1977cc91db161adfa435945a7?s=96&d=mm&r=g","url":"https:\/\/secure.gravatar.com\/avatar\/6c5a5cb12b74e9d517ee91cf570335b7d16177f1977cc91db161adfa435945a7?s=96&d=mm&r=g","contentUrl":"https:\/\/secure.gravatar.com\/avatar\/6c5a5cb12b74e9d517ee91cf570335b7d16177f1977cc91db161adfa435945a7?s=96&d=mm&r=g","caption":"favorite-news"},"url":"https:\/\/favorite-news.com\/es\/author\/pt\/"}]}},"_links":{"self":[{"href":"https:\/\/favorite-news.com\/es\/wp-json\/wp\/v2\/posts\/6189","targetHints":{"allow":["GET"]}}],"collection":[{"href":"https:\/\/favorite-news.com\/es\/wp-json\/wp\/v2\/posts"}],"about":[{"href":"https:\/\/favorite-news.com\/es\/wp-json\/wp\/v2\/types\/post"}],"author":[{"embeddable":true,"href":"https:\/\/favorite-news.com\/es\/wp-json\/wp\/v2\/users\/2"}],"replies":[{"embeddable":true,"href":"https:\/\/favorite-news.com\/es\/wp-json\/wp\/v2\/comments?post=6189"}],"version-history":[{"count":1,"href":"https:\/\/favorite-news.com\/es\/wp-json\/wp\/v2\/posts\/6189\/revisions"}],"predecessor-version":[{"id":6191,"href":"https:\/\/favorite-news.com\/es\/wp-json\/wp\/v2\/posts\/6189\/revisions\/6191"}],"wp:featuredmedia":[{"embeddable":true,"href":"https:\/\/favorite-news.com\/es\/wp-json\/wp\/v2\/media\/6190"}],"wp:attachment":[{"href":"https:\/\/favorite-news.com\/es\/wp-json\/wp\/v2\/media?parent=6189"}],"wp:term":[{"taxonomy":"category","embeddable":true,"href":"https:\/\/favorite-news.com\/es\/wp-json\/wp\/v2\/categories?post=6189"},{"taxonomy":"post_tag","embeddable":true,"href":"https:\/\/favorite-news.com\/es\/wp-json\/wp\/v2\/tags?post=6189"}],"curies":[{"name":"wp","href":"https:\/\/api.w.org\/{rel}","templated":true}]}}