{"id":6178,"date":"2021-03-14T13:40:21","date_gmt":"2021-03-14T10:40:21","guid":{"rendered":"https:\/\/favorite-news.com\/es\/estos-son-los-rituales-que-hemos-adoptado-por-la-pandemia\/"},"modified":"2021-03-14T13:40:24","modified_gmt":"2021-03-14T10:40:24","slug":"estos-son-los-rituales-que-hemos-adoptado-por-la-pandemia","status":"publish","type":"post","link":"https:\/\/favorite-news.com\/es\/estos-son-los-rituales-que-hemos-adoptado-por-la-pandemia\/","title":{"rendered":"Estos son los rituales que hemos adoptado por la pandemia"},"content":{"rendered":"<p>La ropa c\u00f3moda ha sido un imprescindibleBBDO&amp;Proximity Espa\u00f1a est\u00e1 detr\u00e1s de \u201cRituales tras un a\u00f1o de pandemia\u201d, un estudio cuantitativo que permite entender en cifras c\u00f3mo han evolucionado los rituales de las personas en Espa\u00f1a tras un a\u00f1o de pandemia.\u00a0 El enfoque de la pandemia es algo nuevo, pero no el informe antropol\u00f3gico \u201cRituales\u201d que se inici\u00f3 por primera vez hace 13 a\u00f1os a nivel global de la red BBDO. En \u00e9l se definen los rituales como \u201clas rutinas cotidianas que forman parte de la vida de las personas y tiene una importancia clave porque nos estructuran la vida y nos aportan estabilidad emocional. Cuando un ritual desaparece produce la necesidad de sustituirlo por otro, un proceso que no es inmediato y que puede generar bastante estr\u00e9s y ansiedad\u201d.\u00a0El estudio \u201d, que ha sido elaborado en colaboraci\u00f3n con la agencia de investigaci\u00f3n Sumar experta en Behavioural Economics, determina la existencia de 5 rituales universales que tienen un poder transformador positivo en la vida de las personas:\u00a0Prepararse para la batallaDarse un fest\u00edn\u00a0Ponerse guapoVolver a la guarida\u00a0Prepararse para el d\u00eda siguienteEstos rituales se han ido siguiendo de cerca a lo largo de los a\u00f1os. Ahora, un a\u00f1o despu\u00e9s del inicio del estado de alarma, vemos c\u00f3mo algunos de los rituales se han transformado y adaptado.Seg\u00fan el informe,\u00a0 somos los mismos de siempre, pero no del todo, transcurridos estos 12 meses. No comemos igual, no cuidamos de nuestro aspecto como antes, ni conservamos las mismas pautas al final del d\u00eda, entre otros cambios. \u201cEste estudio nos permite tener un pulso de c\u00f3mo ha afectado la pandemia a los rituales cotidianos de la gente, un enfoque distinto a otros estudios. Los rituales son peque\u00f1os momentos de transformaci\u00f3n emocional a los que quiz\u00e1s damos poca importancia pero que tienen un gran impacto en el d\u00eda a d\u00eda de las personas\u201d, comenta Azzahra L\u00f3pez, directora de estrategia de BBDO&amp;Proximity Espa\u00f1a.\u00a0Los rituales m\u00e1s afectados son los sociales, aquellos en los que antes interactu\u00e1bamos con otras personas, pero tambi\u00e9n se han visto otros cambios que destacamos a continuaci\u00f3n.El ch\u00e1ndal, el fichaje del a\u00f1o. La naturalidad, su complemento.\u00a0Empezar el d\u00eda est\u00e1 compuesto por toda una serie de pasos que conforman un ritual que nos prepara mentalmente para afrontar la jornada. Un ritual que antes era pr\u00e1cticamente invariable se ha visto transformado tras un a\u00f1o de pandemia.Los m\u00e1s j\u00f3venes (25-34 a\u00f1os) son quienes m\u00e1s han alterado sus h\u00e1bitos de levantarse por la ma\u00f1ana. Esto le ha ocurrido al 23,9% de los entrevistados, en comparaci\u00f3n con otras franjas de edad mayores en las que este h\u00e1bito apenas se ha alterado.La ducha se mantiene para la gran mayor\u00eda (94,6%) y sin embargo ir a trabajar o estudiar es un h\u00e1bito matutino en el que un 29,1% afirma haber experimentado cambios tras este a\u00f1o.Si en 2019 el teletrabajo hab\u00eda aumentado en un 5% (Datos de la Organizaci\u00f3n Mundial del trabajo \u201cOIT\u201d), en el comienzo del 2021 pas\u00f3 a dispararse, seg\u00fan este estudio, al 37% de casos de teletrabajo total o parcial. Esa reubicaci\u00f3n laboral y la falta de encuentros sociales ha impulsado una relajaci\u00f3n de los c\u00f3digos de vestimenta y nuestra apariencia f\u00edsica.De acuerdo con los datos proyectados, el 26,9% de los espa\u00f1oles ahora se preocupa menos por la ropa que lleva puesta, un 18,6% le da menos importancia que antes a su apariencia f\u00edsica. Adem\u00e1s, el 30,6% de los espa\u00f1oles afirma preocuparse menos por sus rutinas de cuidado f\u00edsico.Estos cambios nos cuentan c\u00f3mo la pandemia nos ha hecho darle prioridad a la comodidad frente a la apariencia, tendencia que viene soportada por los estantes de las marcas de moda, d\u00f3nde cada vez coge m\u00e1s protagonismo el ch\u00e1ndal, las prendas c\u00f3modas y los pijamas de calle.\u00a0Comer no es solo alimentarsePor otro lado, tambi\u00e9n han cambiado nuestros rituales a la hora de alimentarnos. Seg\u00fan este estudio, un 41,4% de los espa\u00f1oles declara que ahora realiza sus comidas en casa con platos m\u00e1s elaborados y tambi\u00e9n m\u00e1s sanos. A su vez se deriva que las mujeres dedican m\u00e1s tiempo al momento de la comida que los hombres (un 15,5% frente a un 8,2% respectivamente).No obstante, en la cultura espa\u00f1ola el comer es mucho m\u00e1s que la comida en s\u00ed. Somos uno de los pa\u00edses m\u00e1s sociales de Europa, y en el ritual de la comida echamos en falta la sobremesa, como as\u00ed lo refleja un 47% de los encuestados que a\u00f1oran el contacto personal directo en ese distendido momento con familiares y amigos.De esta forma no sorprende constatar que las videollamadas, chats y redes sociales no terminen de \u201cllenarnos\u201d del todo para suplir esa compa\u00f1\u00eda mientras hacemos una comida especial, siendo vistos como unos sustitutos forzosos, pero insuficientes para reemplazar la cercan\u00eda f\u00edsica real en torno a una mesa con familiares o amigos.\u00a0De quedar con amigos y familia, al sof\u00e1, series y redes sociales\u00a0Los rituales que realizamos al final de nuestra jornada de obligaciones tambi\u00e9n han cambiado, esos peque\u00f1os gestos que nos ayudan a finalizar el d\u00eda.Ese momento tras la jornada laboral o acad\u00e9mica que antes era para socializar, quedar con amigos y tomar unas cervezas ha cambiado mucho tras un a\u00f1o de pandemia. Un 61% de los espa\u00f1oles echa en falta reunirse con su familia y amigos al acabar las obligaciones. Sobre todo, con los amigos, el 43,7% afirma a\u00f1orarlos.\u00a0Por otro lado, esto ha provocado que ese espacio social se haya transformado en pasar m\u00e1s tiempo en el sof\u00e1 como reconoce el 33% de los espa\u00f1oles entrevistados. Ver la televisi\u00f3n, series o pel\u00edculas se ha convertido, m\u00e1s que nunca, en la forma de ocio favorita para un 36,6% de los espa\u00f1oles.Y de una pantalla a la otra. Un 24% ha aumentado su tiempo de uso en redes sociales y se detecta tambi\u00e9n que el m\u00f3vil traspasa la puerta del dormitorio, nos llevamos m\u00e1s veces el m\u00f3vil a la cama.Pero tambi\u00e9n leemos m\u00e1s y escuchamos m\u00e1s m\u00fasica de lo que lo hac\u00edamos antes. Sobre todo las mujeres y los mayores de 55 a\u00f1os.La suma de todos estos cambios cotidianos ha provocado que una parte importante de los participantes del estudio declare que duerme peor que antes, el 35,7% de las mujeres y del 22% de los hombres. Eso s\u00ed, tambi\u00e9n nos echamos m\u00e1s siestas que antes (+14,6%).Las marcas son sustentos importantes en los rituales. Una marca asociada a un ritual tiene una relevancia emocional alta. En un entorno como el actual, cuando toda cambia, ser un sustento de confianza de un ritual, cobra m\u00e1s importancia. Sin lugar a duda los rituales puede ser un driver de crecimiento para las marcas.\u00a0<br \/>\n<br \/>\n<!--noindex--><br \/>\n<a href=\"http:\/\/www.marketingnews.es\/investigacion\/noticia\/1164901031605\/estos-rituales-hemos-adoptado-pandemia.1.html\" rel=\"nofollow\">Source link <\/a><br \/>\n<!--\/noindex--><\/p>\n","protected":false},"excerpt":{"rendered":"<p>La ropa c\u00f3moda ha sido un imprescindibleBBDO&amp;Proximity Espa\u00f1a est\u00e1 detr\u00e1s de \u201cRituales tras un a\u00f1o de pandemia\u201d, un estudio cuantitativo que permite entender en cifras c\u00f3mo han evolucionado los rituales de las personas en Espa\u00f1a tras un a\u00f1o de pandemia.\u00a0 El enfoque de la pandemia es algo nuevo, pero no el informe antropol\u00f3gico \u201cRituales\u201d que [&hellip;]<\/p>\n","protected":false},"author":2,"featured_media":6179,"comment_status":"open","ping_status":"open","sticky":false,"template":"","format":"standard","meta":{"footnotes":""},"categories":[2],"tags":[],"class_list":["post-6178","post","type-post","status-publish","format-standard","has-post-thumbnail","hentry","category-noticias-de-internet-marketing"],"yoast_head":"<!-- This site is optimized with the Yoast SEO plugin v27.4 - https:\/\/yoast.com\/product\/yoast-seo-wordpress\/ -->\n<title>Estos son los rituales que hemos adoptado por la pandemia - Favorite News<\/title>\n<meta name=\"robots\" content=\"index, follow, max-snippet:-1, max-image-preview:large, max-video-preview:-1\" \/>\n<link rel=\"canonical\" href=\"https:\/\/favorite-news.com\/es\/estos-son-los-rituales-que-hemos-adoptado-por-la-pandemia\/\" \/>\n<meta property=\"og:locale\" content=\"es_ES\" \/>\n<meta property=\"og:type\" content=\"article\" \/>\n<meta property=\"og:title\" content=\"Estos son los rituales que hemos adoptado por la pandemia - Favorite News\" \/>\n<meta property=\"og:description\" content=\"La ropa c\u00f3moda ha sido un imprescindibleBBDO&amp;Proximity Espa\u00f1a est\u00e1 detr\u00e1s de \u201cRituales tras un a\u00f1o de pandemia\u201d, un estudio cuantitativo que permite entender en cifras c\u00f3mo han evolucionado los rituales de las personas en Espa\u00f1a tras un a\u00f1o de pandemia.\u00a0 El enfoque de la pandemia es algo nuevo, pero no el informe antropol\u00f3gico \u201cRituales\u201d que [&hellip;]\" \/>\n<meta property=\"og:url\" content=\"https:\/\/favorite-news.com\/es\/estos-son-los-rituales-que-hemos-adoptado-por-la-pandemia\/\" \/>\n<meta property=\"og:site_name\" content=\"Favorite News\" \/>\n<meta property=\"article:published_time\" content=\"2021-03-14T10:40:21+00:00\" \/>\n<meta property=\"article:modified_time\" content=\"2021-03-14T10:40:24+00:00\" \/>\n<meta property=\"og:image\" content=\"https:\/\/favorite-news.com\/es\/wp-content\/uploads\/sites\/4\/2021\/03\/Estos-son-los-rituales-que-hemos-adoptado-por-la-pandemia.jpg\" \/>\n\t<meta property=\"og:image:width\" content=\"970\" \/>\n\t<meta property=\"og:image:height\" content=\"450\" \/>\n\t<meta property=\"og:image:type\" content=\"image\/jpeg\" \/>\n<meta name=\"author\" content=\"favorite-news\" \/>\n<meta name=\"twitter:card\" content=\"summary_large_image\" \/>\n<meta name=\"twitter:label1\" content=\"Escrito por\" \/>\n\t<meta name=\"twitter:data1\" content=\"favorite-news\" \/>\n\t<meta name=\"twitter:label2\" content=\"Tiempo de lectura\" \/>\n\t<meta name=\"twitter:data2\" content=\"6 minutos\" \/>\n<script type=\"application\/ld+json\" class=\"yoast-schema-graph\">{\"@context\":\"https:\\\/\\\/schema.org\",\"@graph\":[{\"@type\":\"Article\",\"@id\":\"https:\\\/\\\/favorite-news.com\\\/es\\\/estos-son-los-rituales-que-hemos-adoptado-por-la-pandemia\\\/#article\",\"isPartOf\":{\"@id\":\"https:\\\/\\\/favorite-news.com\\\/es\\\/estos-son-los-rituales-que-hemos-adoptado-por-la-pandemia\\\/\"},\"author\":{\"name\":\"favorite-news\",\"@id\":\"https:\\\/\\\/favorite-news.com\\\/es\\\/#\\\/schema\\\/person\\\/b91573b717dcfa5e4696032a9d28d3e8\"},\"headline\":\"Estos son los rituales que hemos adoptado por la pandemia\",\"datePublished\":\"2021-03-14T10:40:21+00:00\",\"dateModified\":\"2021-03-14T10:40:24+00:00\",\"mainEntityOfPage\":{\"@id\":\"https:\\\/\\\/favorite-news.com\\\/es\\\/estos-son-los-rituales-que-hemos-adoptado-por-la-pandemia\\\/\"},\"wordCount\":1204,\"commentCount\":0,\"image\":{\"@id\":\"https:\\\/\\\/favorite-news.com\\\/es\\\/estos-son-los-rituales-que-hemos-adoptado-por-la-pandemia\\\/#primaryimage\"},\"thumbnailUrl\":\"https:\\\/\\\/favorite-news.com\\\/es\\\/wp-content\\\/uploads\\\/sites\\\/4\\\/2021\\\/03\\\/Estos-son-los-rituales-que-hemos-adoptado-por-la-pandemia.jpg\",\"articleSection\":[\"NOTICIAS DE INTERNET MARKETING\"],\"inLanguage\":\"es\",\"potentialAction\":[{\"@type\":\"CommentAction\",\"name\":\"Comment\",\"target\":[\"https:\\\/\\\/favorite-news.com\\\/es\\\/estos-son-los-rituales-que-hemos-adoptado-por-la-pandemia\\\/#respond\"]}]},{\"@type\":\"WebPage\",\"@id\":\"https:\\\/\\\/favorite-news.com\\\/es\\\/estos-son-los-rituales-que-hemos-adoptado-por-la-pandemia\\\/\",\"url\":\"https:\\\/\\\/favorite-news.com\\\/es\\\/estos-son-los-rituales-que-hemos-adoptado-por-la-pandemia\\\/\",\"name\":\"Estos son los rituales que hemos adoptado por la pandemia - Favorite News\",\"isPartOf\":{\"@id\":\"https:\\\/\\\/favorite-news.com\\\/es\\\/#website\"},\"primaryImageOfPage\":{\"@id\":\"https:\\\/\\\/favorite-news.com\\\/es\\\/estos-son-los-rituales-que-hemos-adoptado-por-la-pandemia\\\/#primaryimage\"},\"image\":{\"@id\":\"https:\\\/\\\/favorite-news.com\\\/es\\\/estos-son-los-rituales-que-hemos-adoptado-por-la-pandemia\\\/#primaryimage\"},\"thumbnailUrl\":\"https:\\\/\\\/favorite-news.com\\\/es\\\/wp-content\\\/uploads\\\/sites\\\/4\\\/2021\\\/03\\\/Estos-son-los-rituales-que-hemos-adoptado-por-la-pandemia.jpg\",\"datePublished\":\"2021-03-14T10:40:21+00:00\",\"dateModified\":\"2021-03-14T10:40:24+00:00\",\"author\":{\"@id\":\"https:\\\/\\\/favorite-news.com\\\/es\\\/#\\\/schema\\\/person\\\/b91573b717dcfa5e4696032a9d28d3e8\"},\"breadcrumb\":{\"@id\":\"https:\\\/\\\/favorite-news.com\\\/es\\\/estos-son-los-rituales-que-hemos-adoptado-por-la-pandemia\\\/#breadcrumb\"},\"inLanguage\":\"es\",\"potentialAction\":[{\"@type\":\"ReadAction\",\"target\":[\"https:\\\/\\\/favorite-news.com\\\/es\\\/estos-son-los-rituales-que-hemos-adoptado-por-la-pandemia\\\/\"]}]},{\"@type\":\"ImageObject\",\"inLanguage\":\"es\",\"@id\":\"https:\\\/\\\/favorite-news.com\\\/es\\\/estos-son-los-rituales-que-hemos-adoptado-por-la-pandemia\\\/#primaryimage\",\"url\":\"https:\\\/\\\/favorite-news.com\\\/es\\\/wp-content\\\/uploads\\\/sites\\\/4\\\/2021\\\/03\\\/Estos-son-los-rituales-que-hemos-adoptado-por-la-pandemia.jpg\",\"contentUrl\":\"https:\\\/\\\/favorite-news.com\\\/es\\\/wp-content\\\/uploads\\\/sites\\\/4\\\/2021\\\/03\\\/Estos-son-los-rituales-que-hemos-adoptado-por-la-pandemia.jpg\",\"width\":970,\"height\":450,\"caption\":\"Estos son los rituales que hemos adoptado por la pandemia\"},{\"@type\":\"BreadcrumbList\",\"@id\":\"https:\\\/\\\/favorite-news.com\\\/es\\\/estos-son-los-rituales-que-hemos-adoptado-por-la-pandemia\\\/#breadcrumb\",\"itemListElement\":[{\"@type\":\"ListItem\",\"position\":1,\"name\":\"Home\",\"item\":\"https:\\\/\\\/favorite-news.com\\\/es\\\/\"},{\"@type\":\"ListItem\",\"position\":2,\"name\":\"Estos son los rituales que hemos adoptado por la pandemia\"}]},{\"@type\":\"WebSite\",\"@id\":\"https:\\\/\\\/favorite-news.com\\\/es\\\/#website\",\"url\":\"https:\\\/\\\/favorite-news.com\\\/es\\\/\",\"name\":\"Favorite News\",\"description\":\"Favorite News Espa\u00f1a\",\"potentialAction\":[{\"@type\":\"SearchAction\",\"target\":{\"@type\":\"EntryPoint\",\"urlTemplate\":\"https:\\\/\\\/favorite-news.com\\\/es\\\/?s={search_term_string}\"},\"query-input\":{\"@type\":\"PropertyValueSpecification\",\"valueRequired\":true,\"valueName\":\"search_term_string\"}}],\"inLanguage\":\"es\"},{\"@type\":\"Person\",\"@id\":\"https:\\\/\\\/favorite-news.com\\\/es\\\/#\\\/schema\\\/person\\\/b91573b717dcfa5e4696032a9d28d3e8\",\"name\":\"favorite-news\",\"image\":{\"@type\":\"ImageObject\",\"inLanguage\":\"es\",\"@id\":\"https:\\\/\\\/secure.gravatar.com\\\/avatar\\\/6c5a5cb12b74e9d517ee91cf570335b7d16177f1977cc91db161adfa435945a7?s=96&d=mm&r=g\",\"url\":\"https:\\\/\\\/secure.gravatar.com\\\/avatar\\\/6c5a5cb12b74e9d517ee91cf570335b7d16177f1977cc91db161adfa435945a7?s=96&d=mm&r=g\",\"contentUrl\":\"https:\\\/\\\/secure.gravatar.com\\\/avatar\\\/6c5a5cb12b74e9d517ee91cf570335b7d16177f1977cc91db161adfa435945a7?s=96&d=mm&r=g\",\"caption\":\"favorite-news\"},\"url\":\"https:\\\/\\\/favorite-news.com\\\/es\\\/author\\\/pt\\\/\"}]}<\/script>\n<!-- \/ Yoast SEO plugin. -->","yoast_head_json":{"title":"Estos son los rituales que hemos adoptado por la pandemia - Favorite News","robots":{"index":"index","follow":"follow","max-snippet":"max-snippet:-1","max-image-preview":"max-image-preview:large","max-video-preview":"max-video-preview:-1"},"canonical":"https:\/\/favorite-news.com\/es\/estos-son-los-rituales-que-hemos-adoptado-por-la-pandemia\/","og_locale":"es_ES","og_type":"article","og_title":"Estos son los rituales que hemos adoptado por la pandemia - Favorite News","og_description":"La ropa c\u00f3moda ha sido un imprescindibleBBDO&amp;Proximity Espa\u00f1a est\u00e1 detr\u00e1s de \u201cRituales tras un a\u00f1o de pandemia\u201d, un estudio cuantitativo que permite entender en cifras c\u00f3mo han evolucionado los rituales de las personas en Espa\u00f1a tras un a\u00f1o de pandemia.\u00a0 El enfoque de la pandemia es algo nuevo, pero no el informe antropol\u00f3gico \u201cRituales\u201d que [&hellip;]","og_url":"https:\/\/favorite-news.com\/es\/estos-son-los-rituales-que-hemos-adoptado-por-la-pandemia\/","og_site_name":"Favorite News","article_published_time":"2021-03-14T10:40:21+00:00","article_modified_time":"2021-03-14T10:40:24+00:00","og_image":[{"width":970,"height":450,"url":"https:\/\/favorite-news.com\/es\/wp-content\/uploads\/sites\/4\/2021\/03\/Estos-son-los-rituales-que-hemos-adoptado-por-la-pandemia.jpg","type":"image\/jpeg"}],"author":"favorite-news","twitter_card":"summary_large_image","twitter_misc":{"Escrito por":"favorite-news","Tiempo de lectura":"6 minutos"},"schema":{"@context":"https:\/\/schema.org","@graph":[{"@type":"Article","@id":"https:\/\/favorite-news.com\/es\/estos-son-los-rituales-que-hemos-adoptado-por-la-pandemia\/#article","isPartOf":{"@id":"https:\/\/favorite-news.com\/es\/estos-son-los-rituales-que-hemos-adoptado-por-la-pandemia\/"},"author":{"name":"favorite-news","@id":"https:\/\/favorite-news.com\/es\/#\/schema\/person\/b91573b717dcfa5e4696032a9d28d3e8"},"headline":"Estos son los rituales que hemos adoptado por la pandemia","datePublished":"2021-03-14T10:40:21+00:00","dateModified":"2021-03-14T10:40:24+00:00","mainEntityOfPage":{"@id":"https:\/\/favorite-news.com\/es\/estos-son-los-rituales-que-hemos-adoptado-por-la-pandemia\/"},"wordCount":1204,"commentCount":0,"image":{"@id":"https:\/\/favorite-news.com\/es\/estos-son-los-rituales-que-hemos-adoptado-por-la-pandemia\/#primaryimage"},"thumbnailUrl":"https:\/\/favorite-news.com\/es\/wp-content\/uploads\/sites\/4\/2021\/03\/Estos-son-los-rituales-que-hemos-adoptado-por-la-pandemia.jpg","articleSection":["NOTICIAS DE INTERNET MARKETING"],"inLanguage":"es","potentialAction":[{"@type":"CommentAction","name":"Comment","target":["https:\/\/favorite-news.com\/es\/estos-son-los-rituales-que-hemos-adoptado-por-la-pandemia\/#respond"]}]},{"@type":"WebPage","@id":"https:\/\/favorite-news.com\/es\/estos-son-los-rituales-que-hemos-adoptado-por-la-pandemia\/","url":"https:\/\/favorite-news.com\/es\/estos-son-los-rituales-que-hemos-adoptado-por-la-pandemia\/","name":"Estos son los rituales que hemos adoptado por la pandemia - Favorite News","isPartOf":{"@id":"https:\/\/favorite-news.com\/es\/#website"},"primaryImageOfPage":{"@id":"https:\/\/favorite-news.com\/es\/estos-son-los-rituales-que-hemos-adoptado-por-la-pandemia\/#primaryimage"},"image":{"@id":"https:\/\/favorite-news.com\/es\/estos-son-los-rituales-que-hemos-adoptado-por-la-pandemia\/#primaryimage"},"thumbnailUrl":"https:\/\/favorite-news.com\/es\/wp-content\/uploads\/sites\/4\/2021\/03\/Estos-son-los-rituales-que-hemos-adoptado-por-la-pandemia.jpg","datePublished":"2021-03-14T10:40:21+00:00","dateModified":"2021-03-14T10:40:24+00:00","author":{"@id":"https:\/\/favorite-news.com\/es\/#\/schema\/person\/b91573b717dcfa5e4696032a9d28d3e8"},"breadcrumb":{"@id":"https:\/\/favorite-news.com\/es\/estos-son-los-rituales-que-hemos-adoptado-por-la-pandemia\/#breadcrumb"},"inLanguage":"es","potentialAction":[{"@type":"ReadAction","target":["https:\/\/favorite-news.com\/es\/estos-son-los-rituales-que-hemos-adoptado-por-la-pandemia\/"]}]},{"@type":"ImageObject","inLanguage":"es","@id":"https:\/\/favorite-news.com\/es\/estos-son-los-rituales-que-hemos-adoptado-por-la-pandemia\/#primaryimage","url":"https:\/\/favorite-news.com\/es\/wp-content\/uploads\/sites\/4\/2021\/03\/Estos-son-los-rituales-que-hemos-adoptado-por-la-pandemia.jpg","contentUrl":"https:\/\/favorite-news.com\/es\/wp-content\/uploads\/sites\/4\/2021\/03\/Estos-son-los-rituales-que-hemos-adoptado-por-la-pandemia.jpg","width":970,"height":450,"caption":"Estos son los rituales que hemos adoptado por la pandemia"},{"@type":"BreadcrumbList","@id":"https:\/\/favorite-news.com\/es\/estos-son-los-rituales-que-hemos-adoptado-por-la-pandemia\/#breadcrumb","itemListElement":[{"@type":"ListItem","position":1,"name":"Home","item":"https:\/\/favorite-news.com\/es\/"},{"@type":"ListItem","position":2,"name":"Estos son los rituales que hemos adoptado por la pandemia"}]},{"@type":"WebSite","@id":"https:\/\/favorite-news.com\/es\/#website","url":"https:\/\/favorite-news.com\/es\/","name":"Favorite News","description":"Favorite News Espa\u00f1a","potentialAction":[{"@type":"SearchAction","target":{"@type":"EntryPoint","urlTemplate":"https:\/\/favorite-news.com\/es\/?s={search_term_string}"},"query-input":{"@type":"PropertyValueSpecification","valueRequired":true,"valueName":"search_term_string"}}],"inLanguage":"es"},{"@type":"Person","@id":"https:\/\/favorite-news.com\/es\/#\/schema\/person\/b91573b717dcfa5e4696032a9d28d3e8","name":"favorite-news","image":{"@type":"ImageObject","inLanguage":"es","@id":"https:\/\/secure.gravatar.com\/avatar\/6c5a5cb12b74e9d517ee91cf570335b7d16177f1977cc91db161adfa435945a7?s=96&d=mm&r=g","url":"https:\/\/secure.gravatar.com\/avatar\/6c5a5cb12b74e9d517ee91cf570335b7d16177f1977cc91db161adfa435945a7?s=96&d=mm&r=g","contentUrl":"https:\/\/secure.gravatar.com\/avatar\/6c5a5cb12b74e9d517ee91cf570335b7d16177f1977cc91db161adfa435945a7?s=96&d=mm&r=g","caption":"favorite-news"},"url":"https:\/\/favorite-news.com\/es\/author\/pt\/"}]}},"_links":{"self":[{"href":"https:\/\/favorite-news.com\/es\/wp-json\/wp\/v2\/posts\/6178","targetHints":{"allow":["GET"]}}],"collection":[{"href":"https:\/\/favorite-news.com\/es\/wp-json\/wp\/v2\/posts"}],"about":[{"href":"https:\/\/favorite-news.com\/es\/wp-json\/wp\/v2\/types\/post"}],"author":[{"embeddable":true,"href":"https:\/\/favorite-news.com\/es\/wp-json\/wp\/v2\/users\/2"}],"replies":[{"embeddable":true,"href":"https:\/\/favorite-news.com\/es\/wp-json\/wp\/v2\/comments?post=6178"}],"version-history":[{"count":1,"href":"https:\/\/favorite-news.com\/es\/wp-json\/wp\/v2\/posts\/6178\/revisions"}],"predecessor-version":[{"id":6180,"href":"https:\/\/favorite-news.com\/es\/wp-json\/wp\/v2\/posts\/6178\/revisions\/6180"}],"wp:featuredmedia":[{"embeddable":true,"href":"https:\/\/favorite-news.com\/es\/wp-json\/wp\/v2\/media\/6179"}],"wp:attachment":[{"href":"https:\/\/favorite-news.com\/es\/wp-json\/wp\/v2\/media?parent=6178"}],"wp:term":[{"taxonomy":"category","embeddable":true,"href":"https:\/\/favorite-news.com\/es\/wp-json\/wp\/v2\/categories?post=6178"},{"taxonomy":"post_tag","embeddable":true,"href":"https:\/\/favorite-news.com\/es\/wp-json\/wp\/v2\/tags?post=6178"}],"curies":[{"name":"wp","href":"https:\/\/api.w.org\/{rel}","templated":true}]}}