{"id":6121,"date":"2021-03-10T17:19:02","date_gmt":"2021-03-10T14:19:02","guid":{"rendered":"https:\/\/favorite-news.com\/es\/la-agona-de-ciudadanos-desata-la-tormenta-en-madrid\/"},"modified":"2021-03-10T17:19:04","modified_gmt":"2021-03-10T14:19:04","slug":"la-agona-de-ciudadanos-desata-la-tormenta-en-madrid","status":"publish","type":"post","link":"https:\/\/favorite-news.com\/es\/la-agona-de-ciudadanos-desata-la-tormenta-en-madrid\/","title":{"rendered":"La agona de Ciudadanos desata la tormenta en Madrid"},"content":{"rendered":"<p>La presidenta de la Comunidad de Madrid, Isabel D\u00edaz Ayuso, y el vicepresidente, Ignacio Aguado.<br \/>\nChema Moya EFE<br \/>\nAyuso convoca elecciones \u00abpara tener un Gobierno estable\u00bb<\/p>\n<p>PSOE y CS presentan una moci\u00f3n de censura contra el PP en Murcia<br \/>\nTodas las encuestas indican que Ciudadanos est\u00e1 al borde de la desaparici\u00f3n y, como todo animal herido de gravedad, el partido de In\u00e9s Arrimadas ha optado por embestir, pero esta vez camino del precipicio.La traici\u00f3n que han urdido la propia Arrimadas y su estratega de corto alcance Carlos Cuadrado, presentando, junto al PSOE, una moci\u00f3n de censura al Gobierno de Murcia en el que participaban ha tenido una respuesta inmediata en el PP de Madrid. Isabe<\/p>\n<p>Para seguir leyendo, h\u00e1gase Premium desde 1\u20ac el primer mes<\/p>\n<p>y disfrute de acceso ilimitado a todo el contenido web de Expansi\u00f3n<\/p>\n<p>Lo quiero<\/p>\n<p>\u00bfYa es Premium? Inicie sesi\u00f3n<\/p>\n<p>\n<!--noindex--><br \/>\n<a href=\"https:\/\/www.expansion.com\/economia\/politica\/2021\/03\/10\/6048bf9ae5fdea362d8b46a3.html\" rel=\"nofollow\">Source link <\/a><br \/>\n<!--\/noindex--><\/p>\n","protected":false},"excerpt":{"rendered":"<p>La presidenta de la Comunidad de Madrid, Isabel D\u00edaz Ayuso, y el vicepresidente, Ignacio Aguado. Chema Moya EFE Ayuso convoca elecciones \u00abpara tener un Gobierno estable\u00bb PSOE y CS presentan una moci\u00f3n de censura contra el PP en Murcia Todas las encuestas indican que Ciudadanos est\u00e1 al borde de la desaparici\u00f3n y, como todo animal [&hellip;]<\/p>\n","protected":false},"author":2,"featured_media":0,"comment_status":"open","ping_status":"open","sticky":false,"template":"","format":"standard","meta":{"footnotes":""},"categories":[1],"tags":[],"class_list":["post-6121","post","type-post","status-publish","format-standard","hentry","category-noticias-financieras"],"yoast_head":"<!-- This site is optimized with the Yoast SEO plugin v27.4 - https:\/\/yoast.com\/product\/yoast-seo-wordpress\/ -->\n<title>La agona de Ciudadanos desata la tormenta en Madrid - Favorite News<\/title>\n<meta name=\"robots\" content=\"index, follow, max-snippet:-1, max-image-preview:large, max-video-preview:-1\" \/>\n<link rel=\"canonical\" href=\"https:\/\/favorite-news.com\/es\/la-agona-de-ciudadanos-desata-la-tormenta-en-madrid\/\" \/>\n<meta property=\"og:locale\" content=\"es_ES\" \/>\n<meta property=\"og:type\" content=\"article\" \/>\n<meta property=\"og:title\" content=\"La agona de Ciudadanos desata la tormenta en Madrid - Favorite News\" \/>\n<meta property=\"og:description\" content=\"La presidenta de la Comunidad de Madrid, Isabel D\u00edaz Ayuso, y el vicepresidente, Ignacio Aguado. Chema Moya EFE Ayuso convoca elecciones \u00abpara tener un Gobierno estable\u00bb PSOE y CS presentan una moci\u00f3n de censura contra el PP en Murcia Todas las encuestas indican que Ciudadanos est\u00e1 al borde de la desaparici\u00f3n y, como todo animal [&hellip;]\" \/>\n<meta property=\"og:url\" content=\"https:\/\/favorite-news.com\/es\/la-agona-de-ciudadanos-desata-la-tormenta-en-madrid\/\" \/>\n<meta property=\"og:site_name\" content=\"Favorite News\" \/>\n<meta property=\"article:published_time\" content=\"2021-03-10T14:19:02+00:00\" \/>\n<meta property=\"article:modified_time\" content=\"2021-03-10T14:19:04+00:00\" \/>\n<meta name=\"author\" content=\"favorite-news\" \/>\n<meta name=\"twitter:card\" content=\"summary_large_image\" \/>\n<meta name=\"twitter:label1\" content=\"Escrito por\" \/>\n\t<meta name=\"twitter:data1\" content=\"favorite-news\" \/>\n\t<meta name=\"twitter:label2\" content=\"Tiempo de lectura\" \/>\n\t<meta name=\"twitter:data2\" content=\"1 minuto\" \/>\n<script type=\"application\/ld+json\" class=\"yoast-schema-graph\">{\"@context\":\"https:\\\/\\\/schema.org\",\"@graph\":[{\"@type\":\"Article\",\"@id\":\"https:\\\/\\\/favorite-news.com\\\/es\\\/la-agona-de-ciudadanos-desata-la-tormenta-en-madrid\\\/#article\",\"isPartOf\":{\"@id\":\"https:\\\/\\\/favorite-news.com\\\/es\\\/la-agona-de-ciudadanos-desata-la-tormenta-en-madrid\\\/\"},\"author\":{\"name\":\"favorite-news\",\"@id\":\"https:\\\/\\\/favorite-news.com\\\/es\\\/#\\\/schema\\\/person\\\/b91573b717dcfa5e4696032a9d28d3e8\"},\"headline\":\"La agona de Ciudadanos desata la tormenta en Madrid\",\"datePublished\":\"2021-03-10T14:19:02+00:00\",\"dateModified\":\"2021-03-10T14:19:04+00:00\",\"mainEntityOfPage\":{\"@id\":\"https:\\\/\\\/favorite-news.com\\\/es\\\/la-agona-de-ciudadanos-desata-la-tormenta-en-madrid\\\/\"},\"wordCount\":164,\"commentCount\":0,\"articleSection\":[\"NOTICIAS FINANCIERAS\"],\"inLanguage\":\"es\",\"potentialAction\":[{\"@type\":\"CommentAction\",\"name\":\"Comment\",\"target\":[\"https:\\\/\\\/favorite-news.com\\\/es\\\/la-agona-de-ciudadanos-desata-la-tormenta-en-madrid\\\/#respond\"]}]},{\"@type\":\"WebPage\",\"@id\":\"https:\\\/\\\/favorite-news.com\\\/es\\\/la-agona-de-ciudadanos-desata-la-tormenta-en-madrid\\\/\",\"url\":\"https:\\\/\\\/favorite-news.com\\\/es\\\/la-agona-de-ciudadanos-desata-la-tormenta-en-madrid\\\/\",\"name\":\"La agona de Ciudadanos desata la tormenta en Madrid - Favorite News\",\"isPartOf\":{\"@id\":\"https:\\\/\\\/favorite-news.com\\\/es\\\/#website\"},\"datePublished\":\"2021-03-10T14:19:02+00:00\",\"dateModified\":\"2021-03-10T14:19:04+00:00\",\"author\":{\"@id\":\"https:\\\/\\\/favorite-news.com\\\/es\\\/#\\\/schema\\\/person\\\/b91573b717dcfa5e4696032a9d28d3e8\"},\"breadcrumb\":{\"@id\":\"https:\\\/\\\/favorite-news.com\\\/es\\\/la-agona-de-ciudadanos-desata-la-tormenta-en-madrid\\\/#breadcrumb\"},\"inLanguage\":\"es\",\"potentialAction\":[{\"@type\":\"ReadAction\",\"target\":[\"https:\\\/\\\/favorite-news.com\\\/es\\\/la-agona-de-ciudadanos-desata-la-tormenta-en-madrid\\\/\"]}]},{\"@type\":\"BreadcrumbList\",\"@id\":\"https:\\\/\\\/favorite-news.com\\\/es\\\/la-agona-de-ciudadanos-desata-la-tormenta-en-madrid\\\/#breadcrumb\",\"itemListElement\":[{\"@type\":\"ListItem\",\"position\":1,\"name\":\"Home\",\"item\":\"https:\\\/\\\/favorite-news.com\\\/es\\\/\"},{\"@type\":\"ListItem\",\"position\":2,\"name\":\"La agona de Ciudadanos desata la tormenta en Madrid\"}]},{\"@type\":\"WebSite\",\"@id\":\"https:\\\/\\\/favorite-news.com\\\/es\\\/#website\",\"url\":\"https:\\\/\\\/favorite-news.com\\\/es\\\/\",\"name\":\"Favorite News\",\"description\":\"Favorite News Espa\u00f1a\",\"potentialAction\":[{\"@type\":\"SearchAction\",\"target\":{\"@type\":\"EntryPoint\",\"urlTemplate\":\"https:\\\/\\\/favorite-news.com\\\/es\\\/?s={search_term_string}\"},\"query-input\":{\"@type\":\"PropertyValueSpecification\",\"valueRequired\":true,\"valueName\":\"search_term_string\"}}],\"inLanguage\":\"es\"},{\"@type\":\"Person\",\"@id\":\"https:\\\/\\\/favorite-news.com\\\/es\\\/#\\\/schema\\\/person\\\/b91573b717dcfa5e4696032a9d28d3e8\",\"name\":\"favorite-news\",\"image\":{\"@type\":\"ImageObject\",\"inLanguage\":\"es\",\"@id\":\"https:\\\/\\\/secure.gravatar.com\\\/avatar\\\/6c5a5cb12b74e9d517ee91cf570335b7d16177f1977cc91db161adfa435945a7?s=96&d=mm&r=g\",\"url\":\"https:\\\/\\\/secure.gravatar.com\\\/avatar\\\/6c5a5cb12b74e9d517ee91cf570335b7d16177f1977cc91db161adfa435945a7?s=96&d=mm&r=g\",\"contentUrl\":\"https:\\\/\\\/secure.gravatar.com\\\/avatar\\\/6c5a5cb12b74e9d517ee91cf570335b7d16177f1977cc91db161adfa435945a7?s=96&d=mm&r=g\",\"caption\":\"favorite-news\"},\"url\":\"https:\\\/\\\/favorite-news.com\\\/es\\\/author\\\/pt\\\/\"}]}<\/script>\n<!-- \/ Yoast SEO plugin. -->","yoast_head_json":{"title":"La agona de Ciudadanos desata la tormenta en Madrid - Favorite News","robots":{"index":"index","follow":"follow","max-snippet":"max-snippet:-1","max-image-preview":"max-image-preview:large","max-video-preview":"max-video-preview:-1"},"canonical":"https:\/\/favorite-news.com\/es\/la-agona-de-ciudadanos-desata-la-tormenta-en-madrid\/","og_locale":"es_ES","og_type":"article","og_title":"La agona de Ciudadanos desata la tormenta en Madrid - Favorite News","og_description":"La presidenta de la Comunidad de Madrid, Isabel D\u00edaz Ayuso, y el vicepresidente, Ignacio Aguado. Chema Moya EFE Ayuso convoca elecciones \u00abpara tener un Gobierno estable\u00bb PSOE y CS presentan una moci\u00f3n de censura contra el PP en Murcia Todas las encuestas indican que Ciudadanos est\u00e1 al borde de la desaparici\u00f3n y, como todo animal [&hellip;]","og_url":"https:\/\/favorite-news.com\/es\/la-agona-de-ciudadanos-desata-la-tormenta-en-madrid\/","og_site_name":"Favorite News","article_published_time":"2021-03-10T14:19:02+00:00","article_modified_time":"2021-03-10T14:19:04+00:00","author":"favorite-news","twitter_card":"summary_large_image","twitter_misc":{"Escrito por":"favorite-news","Tiempo de lectura":"1 minuto"},"schema":{"@context":"https:\/\/schema.org","@graph":[{"@type":"Article","@id":"https:\/\/favorite-news.com\/es\/la-agona-de-ciudadanos-desata-la-tormenta-en-madrid\/#article","isPartOf":{"@id":"https:\/\/favorite-news.com\/es\/la-agona-de-ciudadanos-desata-la-tormenta-en-madrid\/"},"author":{"name":"favorite-news","@id":"https:\/\/favorite-news.com\/es\/#\/schema\/person\/b91573b717dcfa5e4696032a9d28d3e8"},"headline":"La agona de Ciudadanos desata la tormenta en Madrid","datePublished":"2021-03-10T14:19:02+00:00","dateModified":"2021-03-10T14:19:04+00:00","mainEntityOfPage":{"@id":"https:\/\/favorite-news.com\/es\/la-agona-de-ciudadanos-desata-la-tormenta-en-madrid\/"},"wordCount":164,"commentCount":0,"articleSection":["NOTICIAS FINANCIERAS"],"inLanguage":"es","potentialAction":[{"@type":"CommentAction","name":"Comment","target":["https:\/\/favorite-news.com\/es\/la-agona-de-ciudadanos-desata-la-tormenta-en-madrid\/#respond"]}]},{"@type":"WebPage","@id":"https:\/\/favorite-news.com\/es\/la-agona-de-ciudadanos-desata-la-tormenta-en-madrid\/","url":"https:\/\/favorite-news.com\/es\/la-agona-de-ciudadanos-desata-la-tormenta-en-madrid\/","name":"La agona de Ciudadanos desata la tormenta en Madrid - Favorite News","isPartOf":{"@id":"https:\/\/favorite-news.com\/es\/#website"},"datePublished":"2021-03-10T14:19:02+00:00","dateModified":"2021-03-10T14:19:04+00:00","author":{"@id":"https:\/\/favorite-news.com\/es\/#\/schema\/person\/b91573b717dcfa5e4696032a9d28d3e8"},"breadcrumb":{"@id":"https:\/\/favorite-news.com\/es\/la-agona-de-ciudadanos-desata-la-tormenta-en-madrid\/#breadcrumb"},"inLanguage":"es","potentialAction":[{"@type":"ReadAction","target":["https:\/\/favorite-news.com\/es\/la-agona-de-ciudadanos-desata-la-tormenta-en-madrid\/"]}]},{"@type":"BreadcrumbList","@id":"https:\/\/favorite-news.com\/es\/la-agona-de-ciudadanos-desata-la-tormenta-en-madrid\/#breadcrumb","itemListElement":[{"@type":"ListItem","position":1,"name":"Home","item":"https:\/\/favorite-news.com\/es\/"},{"@type":"ListItem","position":2,"name":"La agona de Ciudadanos desata la tormenta en Madrid"}]},{"@type":"WebSite","@id":"https:\/\/favorite-news.com\/es\/#website","url":"https:\/\/favorite-news.com\/es\/","name":"Favorite News","description":"Favorite News Espa\u00f1a","potentialAction":[{"@type":"SearchAction","target":{"@type":"EntryPoint","urlTemplate":"https:\/\/favorite-news.com\/es\/?s={search_term_string}"},"query-input":{"@type":"PropertyValueSpecification","valueRequired":true,"valueName":"search_term_string"}}],"inLanguage":"es"},{"@type":"Person","@id":"https:\/\/favorite-news.com\/es\/#\/schema\/person\/b91573b717dcfa5e4696032a9d28d3e8","name":"favorite-news","image":{"@type":"ImageObject","inLanguage":"es","@id":"https:\/\/secure.gravatar.com\/avatar\/6c5a5cb12b74e9d517ee91cf570335b7d16177f1977cc91db161adfa435945a7?s=96&d=mm&r=g","url":"https:\/\/secure.gravatar.com\/avatar\/6c5a5cb12b74e9d517ee91cf570335b7d16177f1977cc91db161adfa435945a7?s=96&d=mm&r=g","contentUrl":"https:\/\/secure.gravatar.com\/avatar\/6c5a5cb12b74e9d517ee91cf570335b7d16177f1977cc91db161adfa435945a7?s=96&d=mm&r=g","caption":"favorite-news"},"url":"https:\/\/favorite-news.com\/es\/author\/pt\/"}]}},"_links":{"self":[{"href":"https:\/\/favorite-news.com\/es\/wp-json\/wp\/v2\/posts\/6121","targetHints":{"allow":["GET"]}}],"collection":[{"href":"https:\/\/favorite-news.com\/es\/wp-json\/wp\/v2\/posts"}],"about":[{"href":"https:\/\/favorite-news.com\/es\/wp-json\/wp\/v2\/types\/post"}],"author":[{"embeddable":true,"href":"https:\/\/favorite-news.com\/es\/wp-json\/wp\/v2\/users\/2"}],"replies":[{"embeddable":true,"href":"https:\/\/favorite-news.com\/es\/wp-json\/wp\/v2\/comments?post=6121"}],"version-history":[{"count":1,"href":"https:\/\/favorite-news.com\/es\/wp-json\/wp\/v2\/posts\/6121\/revisions"}],"predecessor-version":[{"id":6122,"href":"https:\/\/favorite-news.com\/es\/wp-json\/wp\/v2\/posts\/6121\/revisions\/6122"}],"wp:attachment":[{"href":"https:\/\/favorite-news.com\/es\/wp-json\/wp\/v2\/media?parent=6121"}],"wp:term":[{"taxonomy":"category","embeddable":true,"href":"https:\/\/favorite-news.com\/es\/wp-json\/wp\/v2\/categories?post=6121"},{"taxonomy":"post_tag","embeddable":true,"href":"https:\/\/favorite-news.com\/es\/wp-json\/wp\/v2\/tags?post=6121"}],"curies":[{"name":"wp","href":"https:\/\/api.w.org\/{rel}","templated":true}]}}