{"id":6118,"date":"2021-03-10T16:03:23","date_gmt":"2021-03-10T13:03:23","guid":{"rendered":"https:\/\/favorite-news.com\/es\/asi-ha-funcionado-en-redes-el-8m\/"},"modified":"2021-03-10T16:03:27","modified_gmt":"2021-03-10T13:03:27","slug":"asi-ha-funcionado-en-redes-el-8m","status":"publish","type":"post","link":"https:\/\/favorite-news.com\/es\/asi-ha-funcionado-en-redes-el-8m\/","title":{"rendered":"As\u00ed ha funcionado en redes el 8M"},"content":{"rendered":"<p>Ilustraci\u00f3n: ShutterstockLa celebraci\u00f3n del 8M en Espa\u00f1a siempre ha estado marcada por cierta pol\u00e9mica, algo que se intensific\u00f3 el pasado a\u00f1o con la llegada del COVID-19 a nuestro pa\u00eds. Si bien este 2021, tras un a\u00f1o de pandemia y restricciones, la pol\u00e9mica se centraba en la celebraci\u00f3n de las manifestaciones en un contexto marcado fuertemente por la presencia del coronavirus.\u00a0El a\u00f1o pasado la visibilidad del 8M y sus reivindicaciones en la red ya se ve\u00edan mermadas por la llegada de la pandemia. Los picos de menciones, a\u00f1o tras a\u00f1o, se producen la misma fecha en la que se celebra el D\u00eda de la Mujer, el 8 de marzo, en 2020 con la aparici\u00f3n del COVID, las menciones obtenidas el mismo 8M fueron m\u00e1s de 59.000, respecto a las m\u00e1s de 100.000 que se produc\u00edan en 2019, una disminuci\u00f3n que supone casi la mitad. Este 2021, y pese a que el coronavirus sigue siendo un claro protagonista, el 8M ha comenzado a recuperar su lugar en la red alcanzando una cifra cercana a 2019, 95.000 menciones.Del total de las menciones producidas en torno al 8M este a\u00f1o, un 16% ha estado monopolizado por las manifestaciones. La pol\u00e9mica que ha producido su celebraci\u00f3n o no ha sido un tema candente en la red, superando incluso al feminismo, que alcanzaba un 11% de las menciones totales. El tercer puesto es para el debate sobre el trabajo y el salario (9%), seguido de los derechos (3%), la igualdad de g\u00e9nero (2%) y la violencia (2%).El hecho de que el debate sobre la celebraci\u00f3n de las manifestaciones haya terminado por canibalizar el de las reivindicaciones es algo que tambi\u00e9n se refleja a la hora de analizar las palabras m\u00e1s utilizadas en la red para referirse al 8M. \u201cMujeres\u201d\u00a0 contin\u00faa como la palabra m\u00e1s empleada por los internautas, pero mientras que en 2020 la segunda posici\u00f3n era para \u201ccoronavirus\u201d, este a\u00f1o toman el segundo y tercer lugar las palabras \u201cderechos\u201d y \u201cmanifestaciones\u201d; frente al pasado a\u00f1o donde \u201dmanifestaci\u00f3n\u201d se situaba en sexto lugar y \u201cderechos\u201d en s\u00e9ptimo.Adem\u00e1s, pese a que las redes sociales, y en concreto Twitter, siguen siendo la plataforma que aglutina la mayor\u00eda de las menciones, este a\u00f1o la presencia del 8M en los medios de comunicaci\u00f3n aumentaba hasta alcanzar un 20% de las menciones totales, respecto al 14% de 2020 o el 13% de 2019, un crecimiento que puede ser derivado de la creciente relevancia del movimiento, pero tambi\u00e9n del pol\u00e9mico debate pol\u00edtico y social generado este a\u00f1o.Sin embargo, aunque este a\u00f1o el significado real del 8M haya quedado empa\u00f1ado por la pol\u00e9mica en torno a las manifestaciones, las reivindicaciones siguen siendo un tema importante de conversaci\u00f3n durante todo el a\u00f1o en la red, siendo el feminismo y la brecha salarial los temas que m\u00e1s conversaciones generan durante los 365 d\u00edas del a\u00f1o.<br \/>\n<br \/>\n<!--noindex--><br \/>\n<a href=\"http:\/\/www.marketingnews.es\/investigacion\/noticia\/1164858031605\/asi-funcionado-redes-8m.1.html\" rel=\"nofollow\">Source link <\/a><br \/>\n<!--\/noindex--><\/p>\n","protected":false},"excerpt":{"rendered":"<p>Ilustraci\u00f3n: ShutterstockLa celebraci\u00f3n del 8M en Espa\u00f1a siempre ha estado marcada por cierta pol\u00e9mica, algo que se intensific\u00f3 el pasado a\u00f1o con la llegada del COVID-19 a nuestro pa\u00eds. Si bien este 2021, tras un a\u00f1o de pandemia y restricciones, la pol\u00e9mica se centraba en la celebraci\u00f3n de las manifestaciones en un contexto marcado fuertemente [&hellip;]<\/p>\n","protected":false},"author":2,"featured_media":6119,"comment_status":"open","ping_status":"open","sticky":false,"template":"","format":"standard","meta":{"footnotes":""},"categories":[2],"tags":[],"class_list":["post-6118","post","type-post","status-publish","format-standard","has-post-thumbnail","hentry","category-noticias-de-internet-marketing"],"yoast_head":"<!-- This site is optimized with the Yoast SEO plugin v27.4 - https:\/\/yoast.com\/product\/yoast-seo-wordpress\/ -->\n<title>As\u00ed ha funcionado en redes el 8M - Favorite News<\/title>\n<meta name=\"robots\" content=\"index, follow, max-snippet:-1, max-image-preview:large, max-video-preview:-1\" \/>\n<link rel=\"canonical\" href=\"https:\/\/favorite-news.com\/es\/asi-ha-funcionado-en-redes-el-8m\/\" \/>\n<meta property=\"og:locale\" content=\"es_ES\" \/>\n<meta property=\"og:type\" content=\"article\" \/>\n<meta property=\"og:title\" content=\"As\u00ed ha funcionado en redes el 8M - Favorite News\" \/>\n<meta property=\"og:description\" content=\"Ilustraci\u00f3n: ShutterstockLa celebraci\u00f3n del 8M en Espa\u00f1a siempre ha estado marcada por cierta pol\u00e9mica, algo que se intensific\u00f3 el pasado a\u00f1o con la llegada del COVID-19 a nuestro pa\u00eds. Si bien este 2021, tras un a\u00f1o de pandemia y restricciones, la pol\u00e9mica se centraba en la celebraci\u00f3n de las manifestaciones en un contexto marcado fuertemente [&hellip;]\" \/>\n<meta property=\"og:url\" content=\"https:\/\/favorite-news.com\/es\/asi-ha-funcionado-en-redes-el-8m\/\" \/>\n<meta property=\"og:site_name\" content=\"Favorite News\" \/>\n<meta property=\"article:published_time\" content=\"2021-03-10T13:03:23+00:00\" \/>\n<meta property=\"article:modified_time\" content=\"2021-03-10T13:03:27+00:00\" \/>\n<meta property=\"og:image\" content=\"https:\/\/favorite-news.com\/es\/wp-content\/uploads\/sites\/4\/2021\/03\/Asi-ha-funcionado-en-redes-el-8M.jpg\" \/>\n\t<meta property=\"og:image:width\" content=\"970\" \/>\n\t<meta property=\"og:image:height\" content=\"450\" \/>\n\t<meta property=\"og:image:type\" content=\"image\/jpeg\" \/>\n<meta name=\"author\" content=\"favorite-news\" \/>\n<meta name=\"twitter:card\" content=\"summary_large_image\" \/>\n<meta name=\"twitter:label1\" content=\"Escrito por\" \/>\n\t<meta name=\"twitter:data1\" content=\"favorite-news\" \/>\n\t<meta name=\"twitter:label2\" content=\"Tiempo de lectura\" \/>\n\t<meta name=\"twitter:data2\" content=\"3 minutos\" \/>\n<script type=\"application\/ld+json\" class=\"yoast-schema-graph\">{\"@context\":\"https:\\\/\\\/schema.org\",\"@graph\":[{\"@type\":\"Article\",\"@id\":\"https:\\\/\\\/favorite-news.com\\\/es\\\/asi-ha-funcionado-en-redes-el-8m\\\/#article\",\"isPartOf\":{\"@id\":\"https:\\\/\\\/favorite-news.com\\\/es\\\/asi-ha-funcionado-en-redes-el-8m\\\/\"},\"author\":{\"name\":\"favorite-news\",\"@id\":\"https:\\\/\\\/favorite-news.com\\\/es\\\/#\\\/schema\\\/person\\\/b91573b717dcfa5e4696032a9d28d3e8\"},\"headline\":\"As\u00ed ha funcionado en redes el 8M\",\"datePublished\":\"2021-03-10T13:03:23+00:00\",\"dateModified\":\"2021-03-10T13:03:27+00:00\",\"mainEntityOfPage\":{\"@id\":\"https:\\\/\\\/favorite-news.com\\\/es\\\/asi-ha-funcionado-en-redes-el-8m\\\/\"},\"wordCount\":511,\"commentCount\":0,\"image\":{\"@id\":\"https:\\\/\\\/favorite-news.com\\\/es\\\/asi-ha-funcionado-en-redes-el-8m\\\/#primaryimage\"},\"thumbnailUrl\":\"https:\\\/\\\/favorite-news.com\\\/es\\\/wp-content\\\/uploads\\\/sites\\\/4\\\/2021\\\/03\\\/Asi-ha-funcionado-en-redes-el-8M.jpg\",\"articleSection\":[\"NOTICIAS DE INTERNET MARKETING\"],\"inLanguage\":\"es\",\"potentialAction\":[{\"@type\":\"CommentAction\",\"name\":\"Comment\",\"target\":[\"https:\\\/\\\/favorite-news.com\\\/es\\\/asi-ha-funcionado-en-redes-el-8m\\\/#respond\"]}]},{\"@type\":\"WebPage\",\"@id\":\"https:\\\/\\\/favorite-news.com\\\/es\\\/asi-ha-funcionado-en-redes-el-8m\\\/\",\"url\":\"https:\\\/\\\/favorite-news.com\\\/es\\\/asi-ha-funcionado-en-redes-el-8m\\\/\",\"name\":\"As\u00ed ha funcionado en redes el 8M - Favorite News\",\"isPartOf\":{\"@id\":\"https:\\\/\\\/favorite-news.com\\\/es\\\/#website\"},\"primaryImageOfPage\":{\"@id\":\"https:\\\/\\\/favorite-news.com\\\/es\\\/asi-ha-funcionado-en-redes-el-8m\\\/#primaryimage\"},\"image\":{\"@id\":\"https:\\\/\\\/favorite-news.com\\\/es\\\/asi-ha-funcionado-en-redes-el-8m\\\/#primaryimage\"},\"thumbnailUrl\":\"https:\\\/\\\/favorite-news.com\\\/es\\\/wp-content\\\/uploads\\\/sites\\\/4\\\/2021\\\/03\\\/Asi-ha-funcionado-en-redes-el-8M.jpg\",\"datePublished\":\"2021-03-10T13:03:23+00:00\",\"dateModified\":\"2021-03-10T13:03:27+00:00\",\"author\":{\"@id\":\"https:\\\/\\\/favorite-news.com\\\/es\\\/#\\\/schema\\\/person\\\/b91573b717dcfa5e4696032a9d28d3e8\"},\"breadcrumb\":{\"@id\":\"https:\\\/\\\/favorite-news.com\\\/es\\\/asi-ha-funcionado-en-redes-el-8m\\\/#breadcrumb\"},\"inLanguage\":\"es\",\"potentialAction\":[{\"@type\":\"ReadAction\",\"target\":[\"https:\\\/\\\/favorite-news.com\\\/es\\\/asi-ha-funcionado-en-redes-el-8m\\\/\"]}]},{\"@type\":\"ImageObject\",\"inLanguage\":\"es\",\"@id\":\"https:\\\/\\\/favorite-news.com\\\/es\\\/asi-ha-funcionado-en-redes-el-8m\\\/#primaryimage\",\"url\":\"https:\\\/\\\/favorite-news.com\\\/es\\\/wp-content\\\/uploads\\\/sites\\\/4\\\/2021\\\/03\\\/Asi-ha-funcionado-en-redes-el-8M.jpg\",\"contentUrl\":\"https:\\\/\\\/favorite-news.com\\\/es\\\/wp-content\\\/uploads\\\/sites\\\/4\\\/2021\\\/03\\\/Asi-ha-funcionado-en-redes-el-8M.jpg\",\"width\":970,\"height\":450,\"caption\":\"As\u00ed ha funcionado en redes el 8M\"},{\"@type\":\"BreadcrumbList\",\"@id\":\"https:\\\/\\\/favorite-news.com\\\/es\\\/asi-ha-funcionado-en-redes-el-8m\\\/#breadcrumb\",\"itemListElement\":[{\"@type\":\"ListItem\",\"position\":1,\"name\":\"Home\",\"item\":\"https:\\\/\\\/favorite-news.com\\\/es\\\/\"},{\"@type\":\"ListItem\",\"position\":2,\"name\":\"As\u00ed ha funcionado en redes el 8M\"}]},{\"@type\":\"WebSite\",\"@id\":\"https:\\\/\\\/favorite-news.com\\\/es\\\/#website\",\"url\":\"https:\\\/\\\/favorite-news.com\\\/es\\\/\",\"name\":\"Favorite News\",\"description\":\"Favorite News Espa\u00f1a\",\"potentialAction\":[{\"@type\":\"SearchAction\",\"target\":{\"@type\":\"EntryPoint\",\"urlTemplate\":\"https:\\\/\\\/favorite-news.com\\\/es\\\/?s={search_term_string}\"},\"query-input\":{\"@type\":\"PropertyValueSpecification\",\"valueRequired\":true,\"valueName\":\"search_term_string\"}}],\"inLanguage\":\"es\"},{\"@type\":\"Person\",\"@id\":\"https:\\\/\\\/favorite-news.com\\\/es\\\/#\\\/schema\\\/person\\\/b91573b717dcfa5e4696032a9d28d3e8\",\"name\":\"favorite-news\",\"image\":{\"@type\":\"ImageObject\",\"inLanguage\":\"es\",\"@id\":\"https:\\\/\\\/secure.gravatar.com\\\/avatar\\\/6c5a5cb12b74e9d517ee91cf570335b7d16177f1977cc91db161adfa435945a7?s=96&d=mm&r=g\",\"url\":\"https:\\\/\\\/secure.gravatar.com\\\/avatar\\\/6c5a5cb12b74e9d517ee91cf570335b7d16177f1977cc91db161adfa435945a7?s=96&d=mm&r=g\",\"contentUrl\":\"https:\\\/\\\/secure.gravatar.com\\\/avatar\\\/6c5a5cb12b74e9d517ee91cf570335b7d16177f1977cc91db161adfa435945a7?s=96&d=mm&r=g\",\"caption\":\"favorite-news\"},\"url\":\"https:\\\/\\\/favorite-news.com\\\/es\\\/author\\\/pt\\\/\"}]}<\/script>\n<!-- \/ Yoast SEO plugin. -->","yoast_head_json":{"title":"As\u00ed ha funcionado en redes el 8M - Favorite News","robots":{"index":"index","follow":"follow","max-snippet":"max-snippet:-1","max-image-preview":"max-image-preview:large","max-video-preview":"max-video-preview:-1"},"canonical":"https:\/\/favorite-news.com\/es\/asi-ha-funcionado-en-redes-el-8m\/","og_locale":"es_ES","og_type":"article","og_title":"As\u00ed ha funcionado en redes el 8M - Favorite News","og_description":"Ilustraci\u00f3n: ShutterstockLa celebraci\u00f3n del 8M en Espa\u00f1a siempre ha estado marcada por cierta pol\u00e9mica, algo que se intensific\u00f3 el pasado a\u00f1o con la llegada del COVID-19 a nuestro pa\u00eds. Si bien este 2021, tras un a\u00f1o de pandemia y restricciones, la pol\u00e9mica se centraba en la celebraci\u00f3n de las manifestaciones en un contexto marcado fuertemente [&hellip;]","og_url":"https:\/\/favorite-news.com\/es\/asi-ha-funcionado-en-redes-el-8m\/","og_site_name":"Favorite News","article_published_time":"2021-03-10T13:03:23+00:00","article_modified_time":"2021-03-10T13:03:27+00:00","og_image":[{"width":970,"height":450,"url":"https:\/\/favorite-news.com\/es\/wp-content\/uploads\/sites\/4\/2021\/03\/Asi-ha-funcionado-en-redes-el-8M.jpg","type":"image\/jpeg"}],"author":"favorite-news","twitter_card":"summary_large_image","twitter_misc":{"Escrito por":"favorite-news","Tiempo de lectura":"3 minutos"},"schema":{"@context":"https:\/\/schema.org","@graph":[{"@type":"Article","@id":"https:\/\/favorite-news.com\/es\/asi-ha-funcionado-en-redes-el-8m\/#article","isPartOf":{"@id":"https:\/\/favorite-news.com\/es\/asi-ha-funcionado-en-redes-el-8m\/"},"author":{"name":"favorite-news","@id":"https:\/\/favorite-news.com\/es\/#\/schema\/person\/b91573b717dcfa5e4696032a9d28d3e8"},"headline":"As\u00ed ha funcionado en redes el 8M","datePublished":"2021-03-10T13:03:23+00:00","dateModified":"2021-03-10T13:03:27+00:00","mainEntityOfPage":{"@id":"https:\/\/favorite-news.com\/es\/asi-ha-funcionado-en-redes-el-8m\/"},"wordCount":511,"commentCount":0,"image":{"@id":"https:\/\/favorite-news.com\/es\/asi-ha-funcionado-en-redes-el-8m\/#primaryimage"},"thumbnailUrl":"https:\/\/favorite-news.com\/es\/wp-content\/uploads\/sites\/4\/2021\/03\/Asi-ha-funcionado-en-redes-el-8M.jpg","articleSection":["NOTICIAS DE INTERNET MARKETING"],"inLanguage":"es","potentialAction":[{"@type":"CommentAction","name":"Comment","target":["https:\/\/favorite-news.com\/es\/asi-ha-funcionado-en-redes-el-8m\/#respond"]}]},{"@type":"WebPage","@id":"https:\/\/favorite-news.com\/es\/asi-ha-funcionado-en-redes-el-8m\/","url":"https:\/\/favorite-news.com\/es\/asi-ha-funcionado-en-redes-el-8m\/","name":"As\u00ed ha funcionado en redes el 8M - Favorite News","isPartOf":{"@id":"https:\/\/favorite-news.com\/es\/#website"},"primaryImageOfPage":{"@id":"https:\/\/favorite-news.com\/es\/asi-ha-funcionado-en-redes-el-8m\/#primaryimage"},"image":{"@id":"https:\/\/favorite-news.com\/es\/asi-ha-funcionado-en-redes-el-8m\/#primaryimage"},"thumbnailUrl":"https:\/\/favorite-news.com\/es\/wp-content\/uploads\/sites\/4\/2021\/03\/Asi-ha-funcionado-en-redes-el-8M.jpg","datePublished":"2021-03-10T13:03:23+00:00","dateModified":"2021-03-10T13:03:27+00:00","author":{"@id":"https:\/\/favorite-news.com\/es\/#\/schema\/person\/b91573b717dcfa5e4696032a9d28d3e8"},"breadcrumb":{"@id":"https:\/\/favorite-news.com\/es\/asi-ha-funcionado-en-redes-el-8m\/#breadcrumb"},"inLanguage":"es","potentialAction":[{"@type":"ReadAction","target":["https:\/\/favorite-news.com\/es\/asi-ha-funcionado-en-redes-el-8m\/"]}]},{"@type":"ImageObject","inLanguage":"es","@id":"https:\/\/favorite-news.com\/es\/asi-ha-funcionado-en-redes-el-8m\/#primaryimage","url":"https:\/\/favorite-news.com\/es\/wp-content\/uploads\/sites\/4\/2021\/03\/Asi-ha-funcionado-en-redes-el-8M.jpg","contentUrl":"https:\/\/favorite-news.com\/es\/wp-content\/uploads\/sites\/4\/2021\/03\/Asi-ha-funcionado-en-redes-el-8M.jpg","width":970,"height":450,"caption":"As\u00ed ha funcionado en redes el 8M"},{"@type":"BreadcrumbList","@id":"https:\/\/favorite-news.com\/es\/asi-ha-funcionado-en-redes-el-8m\/#breadcrumb","itemListElement":[{"@type":"ListItem","position":1,"name":"Home","item":"https:\/\/favorite-news.com\/es\/"},{"@type":"ListItem","position":2,"name":"As\u00ed ha funcionado en redes el 8M"}]},{"@type":"WebSite","@id":"https:\/\/favorite-news.com\/es\/#website","url":"https:\/\/favorite-news.com\/es\/","name":"Favorite News","description":"Favorite News Espa\u00f1a","potentialAction":[{"@type":"SearchAction","target":{"@type":"EntryPoint","urlTemplate":"https:\/\/favorite-news.com\/es\/?s={search_term_string}"},"query-input":{"@type":"PropertyValueSpecification","valueRequired":true,"valueName":"search_term_string"}}],"inLanguage":"es"},{"@type":"Person","@id":"https:\/\/favorite-news.com\/es\/#\/schema\/person\/b91573b717dcfa5e4696032a9d28d3e8","name":"favorite-news","image":{"@type":"ImageObject","inLanguage":"es","@id":"https:\/\/secure.gravatar.com\/avatar\/6c5a5cb12b74e9d517ee91cf570335b7d16177f1977cc91db161adfa435945a7?s=96&d=mm&r=g","url":"https:\/\/secure.gravatar.com\/avatar\/6c5a5cb12b74e9d517ee91cf570335b7d16177f1977cc91db161adfa435945a7?s=96&d=mm&r=g","contentUrl":"https:\/\/secure.gravatar.com\/avatar\/6c5a5cb12b74e9d517ee91cf570335b7d16177f1977cc91db161adfa435945a7?s=96&d=mm&r=g","caption":"favorite-news"},"url":"https:\/\/favorite-news.com\/es\/author\/pt\/"}]}},"_links":{"self":[{"href":"https:\/\/favorite-news.com\/es\/wp-json\/wp\/v2\/posts\/6118","targetHints":{"allow":["GET"]}}],"collection":[{"href":"https:\/\/favorite-news.com\/es\/wp-json\/wp\/v2\/posts"}],"about":[{"href":"https:\/\/favorite-news.com\/es\/wp-json\/wp\/v2\/types\/post"}],"author":[{"embeddable":true,"href":"https:\/\/favorite-news.com\/es\/wp-json\/wp\/v2\/users\/2"}],"replies":[{"embeddable":true,"href":"https:\/\/favorite-news.com\/es\/wp-json\/wp\/v2\/comments?post=6118"}],"version-history":[{"count":1,"href":"https:\/\/favorite-news.com\/es\/wp-json\/wp\/v2\/posts\/6118\/revisions"}],"predecessor-version":[{"id":6120,"href":"https:\/\/favorite-news.com\/es\/wp-json\/wp\/v2\/posts\/6118\/revisions\/6120"}],"wp:featuredmedia":[{"embeddable":true,"href":"https:\/\/favorite-news.com\/es\/wp-json\/wp\/v2\/media\/6119"}],"wp:attachment":[{"href":"https:\/\/favorite-news.com\/es\/wp-json\/wp\/v2\/media?parent=6118"}],"wp:term":[{"taxonomy":"category","embeddable":true,"href":"https:\/\/favorite-news.com\/es\/wp-json\/wp\/v2\/categories?post=6118"},{"taxonomy":"post_tag","embeddable":true,"href":"https:\/\/favorite-news.com\/es\/wp-json\/wp\/v2\/tags?post=6118"}],"curies":[{"name":"wp","href":"https:\/\/api.w.org\/{rel}","templated":true}]}}