{"id":6077,"date":"2021-03-09T16:23:34","date_gmt":"2021-03-09T13:23:34","guid":{"rendered":"https:\/\/favorite-news.com\/es\/campofrio-insiste-en-el-desayuno-como-momento-de-consumo\/"},"modified":"2021-03-09T16:23:36","modified_gmt":"2021-03-09T13:23:36","slug":"campofrio-insiste-en-el-desayuno-como-momento-de-consumo","status":"publish","type":"post","link":"https:\/\/favorite-news.com\/es\/campofrio-insiste-en-el-desayuno-como-momento-de-consumo\/","title":{"rendered":"Campofr\u00edo insiste en el desayuno como momento de consumo"},"content":{"rendered":"<p>La creatividad es de McCann Worldgroup Campofr\u00edo ha estrenado tres nuevos spots que se suman a los que se lanzaron en 2020, y que lograron 27,1 millones de visualizaciones, y que se emitir\u00e1n en YouTube y redes sociales hasta el pr\u00f3ximo mes de julio. Y, como novedad para 2021, tambi\u00e9n podr\u00e1n verse en televisi\u00f3n. La campa\u00f1a, obra de McCann Worldgroup, tambi\u00e9n cuenta con una\u00a0serie de cu\u00f1as de radio convencional y Spotify, as\u00ed como formatos espec\u00edficos para soportes digitales y redes sociales que contin\u00faan reivindicando el papel del desayuno como comida esencial del d\u00eda y la importancia de dedicarle, al menos, los quince minutos recomendados por la Fundaci\u00f3n Espa\u00f1ola de la Nutrici\u00f3n (FEN). OMD maneja los medios.Las tres nuevas entregas de la segunda campa\u00f1a m\u00e1s vista en 2020 est\u00e1n protagonizadas por el carism\u00e1tico\u00a0metre\u00a0que volver\u00e1 a intentar convencer a nuevos personajes, -como a un \u201cciclista\u201d que se despierta al punto de la ma\u00f1ana para salir con su bici, a un padre empe\u00f1ado en que no se note que esa importante videollamada la har\u00e1 desde el cuarto de su hija, o a Mar\u00eda del Mar, la \u2018reina del postureo\u2019 que madruga para hacer un challenge &#8211;\u00a0 para que dediquen quince minutos a desayunar porque \u201csi tienes tiempo para todo lo dem\u00e1s, tienes tiempo para desayunar bien\u201d.\u00a0<br \/>\n<br \/>\n<!--noindex--><br \/>\n<a href=\"http:\/\/www.marketingnews.es\/marcas\/noticia\/1164843054305\/campofrio-insiste-desayuno-momento-de-consumo.1.html\" rel=\"nofollow\">Source link <\/a><br \/>\n<!--\/noindex--><\/p>\n","protected":false},"excerpt":{"rendered":"<p>La creatividad es de McCann Worldgroup Campofr\u00edo ha estrenado tres nuevos spots que se suman a los que se lanzaron en 2020, y que lograron 27,1 millones de visualizaciones, y que se emitir\u00e1n en YouTube y redes sociales hasta el pr\u00f3ximo mes de julio. Y, como novedad para 2021, tambi\u00e9n podr\u00e1n verse en televisi\u00f3n. La [&hellip;]<\/p>\n","protected":false},"author":2,"featured_media":6078,"comment_status":"open","ping_status":"open","sticky":false,"template":"","format":"standard","meta":{"footnotes":""},"categories":[2],"tags":[],"class_list":["post-6077","post","type-post","status-publish","format-standard","has-post-thumbnail","hentry","category-noticias-de-internet-marketing"],"yoast_head":"<!-- This site is optimized with the Yoast SEO plugin v27.4 - https:\/\/yoast.com\/product\/yoast-seo-wordpress\/ -->\n<title>Campofr\u00edo insiste en el desayuno como momento de consumo - Favorite News<\/title>\n<meta name=\"robots\" content=\"index, follow, max-snippet:-1, max-image-preview:large, max-video-preview:-1\" \/>\n<link rel=\"canonical\" href=\"https:\/\/favorite-news.com\/es\/campofrio-insiste-en-el-desayuno-como-momento-de-consumo\/\" \/>\n<meta property=\"og:locale\" content=\"es_ES\" \/>\n<meta property=\"og:type\" content=\"article\" \/>\n<meta property=\"og:title\" content=\"Campofr\u00edo insiste en el desayuno como momento de consumo - Favorite News\" \/>\n<meta property=\"og:description\" content=\"La creatividad es de McCann Worldgroup Campofr\u00edo ha estrenado tres nuevos spots que se suman a los que se lanzaron en 2020, y que lograron 27,1 millones de visualizaciones, y que se emitir\u00e1n en YouTube y redes sociales hasta el pr\u00f3ximo mes de julio. Y, como novedad para 2021, tambi\u00e9n podr\u00e1n verse en televisi\u00f3n. La [&hellip;]\" \/>\n<meta property=\"og:url\" content=\"https:\/\/favorite-news.com\/es\/campofrio-insiste-en-el-desayuno-como-momento-de-consumo\/\" \/>\n<meta property=\"og:site_name\" content=\"Favorite News\" \/>\n<meta property=\"article:published_time\" content=\"2021-03-09T13:23:34+00:00\" \/>\n<meta property=\"article:modified_time\" content=\"2021-03-09T13:23:36+00:00\" \/>\n<meta property=\"og:image\" content=\"https:\/\/favorite-news.com\/es\/wp-content\/uploads\/sites\/4\/2021\/03\/Campofrio-insiste-en-el-desayuno-como-momento-de-consumo.jpg\" \/>\n\t<meta property=\"og:image:width\" content=\"530\" \/>\n\t<meta property=\"og:image:height\" content=\"300\" \/>\n\t<meta property=\"og:image:type\" content=\"image\/jpeg\" \/>\n<meta name=\"author\" content=\"favorite-news\" \/>\n<meta name=\"twitter:card\" content=\"summary_large_image\" \/>\n<meta name=\"twitter:label1\" content=\"Escrito por\" \/>\n\t<meta name=\"twitter:data1\" content=\"favorite-news\" \/>\n\t<meta name=\"twitter:label2\" content=\"Tiempo de lectura\" \/>\n\t<meta name=\"twitter:data2\" content=\"1 minuto\" \/>\n<script type=\"application\/ld+json\" class=\"yoast-schema-graph\">{\"@context\":\"https:\\\/\\\/schema.org\",\"@graph\":[{\"@type\":\"Article\",\"@id\":\"https:\\\/\\\/favorite-news.com\\\/es\\\/campofrio-insiste-en-el-desayuno-como-momento-de-consumo\\\/#article\",\"isPartOf\":{\"@id\":\"https:\\\/\\\/favorite-news.com\\\/es\\\/campofrio-insiste-en-el-desayuno-como-momento-de-consumo\\\/\"},\"author\":{\"name\":\"favorite-news\",\"@id\":\"https:\\\/\\\/favorite-news.com\\\/es\\\/#\\\/schema\\\/person\\\/b91573b717dcfa5e4696032a9d28d3e8\"},\"headline\":\"Campofr\u00edo insiste en el desayuno como momento de consumo\",\"datePublished\":\"2021-03-09T13:23:34+00:00\",\"dateModified\":\"2021-03-09T13:23:36+00:00\",\"mainEntityOfPage\":{\"@id\":\"https:\\\/\\\/favorite-news.com\\\/es\\\/campofrio-insiste-en-el-desayuno-como-momento-de-consumo\\\/\"},\"wordCount\":248,\"commentCount\":0,\"image\":{\"@id\":\"https:\\\/\\\/favorite-news.com\\\/es\\\/campofrio-insiste-en-el-desayuno-como-momento-de-consumo\\\/#primaryimage\"},\"thumbnailUrl\":\"https:\\\/\\\/favorite-news.com\\\/es\\\/wp-content\\\/uploads\\\/sites\\\/4\\\/2021\\\/03\\\/Campofrio-insiste-en-el-desayuno-como-momento-de-consumo.jpg\",\"articleSection\":[\"NOTICIAS DE INTERNET MARKETING\"],\"inLanguage\":\"es\",\"potentialAction\":[{\"@type\":\"CommentAction\",\"name\":\"Comment\",\"target\":[\"https:\\\/\\\/favorite-news.com\\\/es\\\/campofrio-insiste-en-el-desayuno-como-momento-de-consumo\\\/#respond\"]}]},{\"@type\":\"WebPage\",\"@id\":\"https:\\\/\\\/favorite-news.com\\\/es\\\/campofrio-insiste-en-el-desayuno-como-momento-de-consumo\\\/\",\"url\":\"https:\\\/\\\/favorite-news.com\\\/es\\\/campofrio-insiste-en-el-desayuno-como-momento-de-consumo\\\/\",\"name\":\"Campofr\u00edo insiste en el desayuno como momento de consumo - Favorite News\",\"isPartOf\":{\"@id\":\"https:\\\/\\\/favorite-news.com\\\/es\\\/#website\"},\"primaryImageOfPage\":{\"@id\":\"https:\\\/\\\/favorite-news.com\\\/es\\\/campofrio-insiste-en-el-desayuno-como-momento-de-consumo\\\/#primaryimage\"},\"image\":{\"@id\":\"https:\\\/\\\/favorite-news.com\\\/es\\\/campofrio-insiste-en-el-desayuno-como-momento-de-consumo\\\/#primaryimage\"},\"thumbnailUrl\":\"https:\\\/\\\/favorite-news.com\\\/es\\\/wp-content\\\/uploads\\\/sites\\\/4\\\/2021\\\/03\\\/Campofrio-insiste-en-el-desayuno-como-momento-de-consumo.jpg\",\"datePublished\":\"2021-03-09T13:23:34+00:00\",\"dateModified\":\"2021-03-09T13:23:36+00:00\",\"author\":{\"@id\":\"https:\\\/\\\/favorite-news.com\\\/es\\\/#\\\/schema\\\/person\\\/b91573b717dcfa5e4696032a9d28d3e8\"},\"breadcrumb\":{\"@id\":\"https:\\\/\\\/favorite-news.com\\\/es\\\/campofrio-insiste-en-el-desayuno-como-momento-de-consumo\\\/#breadcrumb\"},\"inLanguage\":\"es\",\"potentialAction\":[{\"@type\":\"ReadAction\",\"target\":[\"https:\\\/\\\/favorite-news.com\\\/es\\\/campofrio-insiste-en-el-desayuno-como-momento-de-consumo\\\/\"]}]},{\"@type\":\"ImageObject\",\"inLanguage\":\"es\",\"@id\":\"https:\\\/\\\/favorite-news.com\\\/es\\\/campofrio-insiste-en-el-desayuno-como-momento-de-consumo\\\/#primaryimage\",\"url\":\"https:\\\/\\\/favorite-news.com\\\/es\\\/wp-content\\\/uploads\\\/sites\\\/4\\\/2021\\\/03\\\/Campofrio-insiste-en-el-desayuno-como-momento-de-consumo.jpg\",\"contentUrl\":\"https:\\\/\\\/favorite-news.com\\\/es\\\/wp-content\\\/uploads\\\/sites\\\/4\\\/2021\\\/03\\\/Campofrio-insiste-en-el-desayuno-como-momento-de-consumo.jpg\",\"width\":530,\"height\":300,\"caption\":\"Campofr\u00edo insiste en el desayuno como momento de consumo\"},{\"@type\":\"BreadcrumbList\",\"@id\":\"https:\\\/\\\/favorite-news.com\\\/es\\\/campofrio-insiste-en-el-desayuno-como-momento-de-consumo\\\/#breadcrumb\",\"itemListElement\":[{\"@type\":\"ListItem\",\"position\":1,\"name\":\"Home\",\"item\":\"https:\\\/\\\/favorite-news.com\\\/es\\\/\"},{\"@type\":\"ListItem\",\"position\":2,\"name\":\"Campofr\u00edo insiste en el desayuno como momento de consumo\"}]},{\"@type\":\"WebSite\",\"@id\":\"https:\\\/\\\/favorite-news.com\\\/es\\\/#website\",\"url\":\"https:\\\/\\\/favorite-news.com\\\/es\\\/\",\"name\":\"Favorite News\",\"description\":\"Favorite News Espa\u00f1a\",\"potentialAction\":[{\"@type\":\"SearchAction\",\"target\":{\"@type\":\"EntryPoint\",\"urlTemplate\":\"https:\\\/\\\/favorite-news.com\\\/es\\\/?s={search_term_string}\"},\"query-input\":{\"@type\":\"PropertyValueSpecification\",\"valueRequired\":true,\"valueName\":\"search_term_string\"}}],\"inLanguage\":\"es\"},{\"@type\":\"Person\",\"@id\":\"https:\\\/\\\/favorite-news.com\\\/es\\\/#\\\/schema\\\/person\\\/b91573b717dcfa5e4696032a9d28d3e8\",\"name\":\"favorite-news\",\"image\":{\"@type\":\"ImageObject\",\"inLanguage\":\"es\",\"@id\":\"https:\\\/\\\/secure.gravatar.com\\\/avatar\\\/6c5a5cb12b74e9d517ee91cf570335b7d16177f1977cc91db161adfa435945a7?s=96&d=mm&r=g\",\"url\":\"https:\\\/\\\/secure.gravatar.com\\\/avatar\\\/6c5a5cb12b74e9d517ee91cf570335b7d16177f1977cc91db161adfa435945a7?s=96&d=mm&r=g\",\"contentUrl\":\"https:\\\/\\\/secure.gravatar.com\\\/avatar\\\/6c5a5cb12b74e9d517ee91cf570335b7d16177f1977cc91db161adfa435945a7?s=96&d=mm&r=g\",\"caption\":\"favorite-news\"},\"url\":\"https:\\\/\\\/favorite-news.com\\\/es\\\/author\\\/pt\\\/\"}]}<\/script>\n<!-- \/ Yoast SEO plugin. -->","yoast_head_json":{"title":"Campofr\u00edo insiste en el desayuno como momento de consumo - Favorite News","robots":{"index":"index","follow":"follow","max-snippet":"max-snippet:-1","max-image-preview":"max-image-preview:large","max-video-preview":"max-video-preview:-1"},"canonical":"https:\/\/favorite-news.com\/es\/campofrio-insiste-en-el-desayuno-como-momento-de-consumo\/","og_locale":"es_ES","og_type":"article","og_title":"Campofr\u00edo insiste en el desayuno como momento de consumo - Favorite News","og_description":"La creatividad es de McCann Worldgroup Campofr\u00edo ha estrenado tres nuevos spots que se suman a los que se lanzaron en 2020, y que lograron 27,1 millones de visualizaciones, y que se emitir\u00e1n en YouTube y redes sociales hasta el pr\u00f3ximo mes de julio. Y, como novedad para 2021, tambi\u00e9n podr\u00e1n verse en televisi\u00f3n. La [&hellip;]","og_url":"https:\/\/favorite-news.com\/es\/campofrio-insiste-en-el-desayuno-como-momento-de-consumo\/","og_site_name":"Favorite News","article_published_time":"2021-03-09T13:23:34+00:00","article_modified_time":"2021-03-09T13:23:36+00:00","og_image":[{"width":530,"height":300,"url":"https:\/\/favorite-news.com\/es\/wp-content\/uploads\/sites\/4\/2021\/03\/Campofrio-insiste-en-el-desayuno-como-momento-de-consumo.jpg","type":"image\/jpeg"}],"author":"favorite-news","twitter_card":"summary_large_image","twitter_misc":{"Escrito por":"favorite-news","Tiempo de lectura":"1 minuto"},"schema":{"@context":"https:\/\/schema.org","@graph":[{"@type":"Article","@id":"https:\/\/favorite-news.com\/es\/campofrio-insiste-en-el-desayuno-como-momento-de-consumo\/#article","isPartOf":{"@id":"https:\/\/favorite-news.com\/es\/campofrio-insiste-en-el-desayuno-como-momento-de-consumo\/"},"author":{"name":"favorite-news","@id":"https:\/\/favorite-news.com\/es\/#\/schema\/person\/b91573b717dcfa5e4696032a9d28d3e8"},"headline":"Campofr\u00edo insiste en el desayuno como momento de consumo","datePublished":"2021-03-09T13:23:34+00:00","dateModified":"2021-03-09T13:23:36+00:00","mainEntityOfPage":{"@id":"https:\/\/favorite-news.com\/es\/campofrio-insiste-en-el-desayuno-como-momento-de-consumo\/"},"wordCount":248,"commentCount":0,"image":{"@id":"https:\/\/favorite-news.com\/es\/campofrio-insiste-en-el-desayuno-como-momento-de-consumo\/#primaryimage"},"thumbnailUrl":"https:\/\/favorite-news.com\/es\/wp-content\/uploads\/sites\/4\/2021\/03\/Campofrio-insiste-en-el-desayuno-como-momento-de-consumo.jpg","articleSection":["NOTICIAS DE INTERNET MARKETING"],"inLanguage":"es","potentialAction":[{"@type":"CommentAction","name":"Comment","target":["https:\/\/favorite-news.com\/es\/campofrio-insiste-en-el-desayuno-como-momento-de-consumo\/#respond"]}]},{"@type":"WebPage","@id":"https:\/\/favorite-news.com\/es\/campofrio-insiste-en-el-desayuno-como-momento-de-consumo\/","url":"https:\/\/favorite-news.com\/es\/campofrio-insiste-en-el-desayuno-como-momento-de-consumo\/","name":"Campofr\u00edo insiste en el desayuno como momento de consumo - Favorite News","isPartOf":{"@id":"https:\/\/favorite-news.com\/es\/#website"},"primaryImageOfPage":{"@id":"https:\/\/favorite-news.com\/es\/campofrio-insiste-en-el-desayuno-como-momento-de-consumo\/#primaryimage"},"image":{"@id":"https:\/\/favorite-news.com\/es\/campofrio-insiste-en-el-desayuno-como-momento-de-consumo\/#primaryimage"},"thumbnailUrl":"https:\/\/favorite-news.com\/es\/wp-content\/uploads\/sites\/4\/2021\/03\/Campofrio-insiste-en-el-desayuno-como-momento-de-consumo.jpg","datePublished":"2021-03-09T13:23:34+00:00","dateModified":"2021-03-09T13:23:36+00:00","author":{"@id":"https:\/\/favorite-news.com\/es\/#\/schema\/person\/b91573b717dcfa5e4696032a9d28d3e8"},"breadcrumb":{"@id":"https:\/\/favorite-news.com\/es\/campofrio-insiste-en-el-desayuno-como-momento-de-consumo\/#breadcrumb"},"inLanguage":"es","potentialAction":[{"@type":"ReadAction","target":["https:\/\/favorite-news.com\/es\/campofrio-insiste-en-el-desayuno-como-momento-de-consumo\/"]}]},{"@type":"ImageObject","inLanguage":"es","@id":"https:\/\/favorite-news.com\/es\/campofrio-insiste-en-el-desayuno-como-momento-de-consumo\/#primaryimage","url":"https:\/\/favorite-news.com\/es\/wp-content\/uploads\/sites\/4\/2021\/03\/Campofrio-insiste-en-el-desayuno-como-momento-de-consumo.jpg","contentUrl":"https:\/\/favorite-news.com\/es\/wp-content\/uploads\/sites\/4\/2021\/03\/Campofrio-insiste-en-el-desayuno-como-momento-de-consumo.jpg","width":530,"height":300,"caption":"Campofr\u00edo insiste en el desayuno como momento de consumo"},{"@type":"BreadcrumbList","@id":"https:\/\/favorite-news.com\/es\/campofrio-insiste-en-el-desayuno-como-momento-de-consumo\/#breadcrumb","itemListElement":[{"@type":"ListItem","position":1,"name":"Home","item":"https:\/\/favorite-news.com\/es\/"},{"@type":"ListItem","position":2,"name":"Campofr\u00edo insiste en el desayuno como momento de consumo"}]},{"@type":"WebSite","@id":"https:\/\/favorite-news.com\/es\/#website","url":"https:\/\/favorite-news.com\/es\/","name":"Favorite News","description":"Favorite News Espa\u00f1a","potentialAction":[{"@type":"SearchAction","target":{"@type":"EntryPoint","urlTemplate":"https:\/\/favorite-news.com\/es\/?s={search_term_string}"},"query-input":{"@type":"PropertyValueSpecification","valueRequired":true,"valueName":"search_term_string"}}],"inLanguage":"es"},{"@type":"Person","@id":"https:\/\/favorite-news.com\/es\/#\/schema\/person\/b91573b717dcfa5e4696032a9d28d3e8","name":"favorite-news","image":{"@type":"ImageObject","inLanguage":"es","@id":"https:\/\/secure.gravatar.com\/avatar\/6c5a5cb12b74e9d517ee91cf570335b7d16177f1977cc91db161adfa435945a7?s=96&d=mm&r=g","url":"https:\/\/secure.gravatar.com\/avatar\/6c5a5cb12b74e9d517ee91cf570335b7d16177f1977cc91db161adfa435945a7?s=96&d=mm&r=g","contentUrl":"https:\/\/secure.gravatar.com\/avatar\/6c5a5cb12b74e9d517ee91cf570335b7d16177f1977cc91db161adfa435945a7?s=96&d=mm&r=g","caption":"favorite-news"},"url":"https:\/\/favorite-news.com\/es\/author\/pt\/"}]}},"_links":{"self":[{"href":"https:\/\/favorite-news.com\/es\/wp-json\/wp\/v2\/posts\/6077","targetHints":{"allow":["GET"]}}],"collection":[{"href":"https:\/\/favorite-news.com\/es\/wp-json\/wp\/v2\/posts"}],"about":[{"href":"https:\/\/favorite-news.com\/es\/wp-json\/wp\/v2\/types\/post"}],"author":[{"embeddable":true,"href":"https:\/\/favorite-news.com\/es\/wp-json\/wp\/v2\/users\/2"}],"replies":[{"embeddable":true,"href":"https:\/\/favorite-news.com\/es\/wp-json\/wp\/v2\/comments?post=6077"}],"version-history":[{"count":1,"href":"https:\/\/favorite-news.com\/es\/wp-json\/wp\/v2\/posts\/6077\/revisions"}],"predecessor-version":[{"id":6079,"href":"https:\/\/favorite-news.com\/es\/wp-json\/wp\/v2\/posts\/6077\/revisions\/6079"}],"wp:featuredmedia":[{"embeddable":true,"href":"https:\/\/favorite-news.com\/es\/wp-json\/wp\/v2\/media\/6078"}],"wp:attachment":[{"href":"https:\/\/favorite-news.com\/es\/wp-json\/wp\/v2\/media?parent=6077"}],"wp:term":[{"taxonomy":"category","embeddable":true,"href":"https:\/\/favorite-news.com\/es\/wp-json\/wp\/v2\/categories?post=6077"},{"taxonomy":"post_tag","embeddable":true,"href":"https:\/\/favorite-news.com\/es\/wp-json\/wp\/v2\/tags?post=6077"}],"curies":[{"name":"wp","href":"https:\/\/api.w.org\/{rel}","templated":true}]}}