{"id":6051,"date":"2021-03-09T00:49:42","date_gmt":"2021-03-08T21:49:42","guid":{"rendered":"https:\/\/favorite-news.com\/es\/audi-borra-sus-coches-en-redes-sociales-para-dar-visibilidad-a-las-mujeres\/"},"modified":"2021-03-09T00:49:46","modified_gmt":"2021-03-08T21:49:46","slug":"audi-borra-sus-coches-en-redes-sociales-para-dar-visibilidad-a-las-mujeres","status":"publish","type":"post","link":"https:\/\/favorite-news.com\/es\/audi-borra-sus-coches-en-redes-sociales-para-dar-visibilidad-a-las-mujeres\/","title":{"rendered":"Audi borra sus coches en redes sociales para dar visibilidad a las mujeres"},"content":{"rendered":"<p>DDB ha ideado la acci\u00f3nLa marca de los cuatro aros ha hecho invisibles cada uno de sus modelos en los contenidos publicados antes y durante el D\u00eda Internacional de la Mujer. El mensaje es claro: sin las aportaciones de miles de inventoras, ingenieras, trabajadoras y dise\u00f1adoras, ning\u00fan coche existir\u00eda. Ni siquiera un Audi.Si bien es Audi quien lidera este movimiento, el mensaje impacta en todo el mundo de la automoci\u00f3n. Por este motivo, Audi invita a otras marcas a sumarse a la campa\u00f1a volviendo invisibles sus coches en redes sociales utilizando el hashtag #SinEllasNoHayCoche.La iniciativa tambi\u00e9n supone un reconocimiento a algunas de las mujeres que han logrado cambiar la historia de la automoci\u00f3n, como Dorothy Levitt, creadora del retrovisor; Florence Lawrence, inventora de los intermitentes y las luces de freno; y Leena Gade, ingeniera jefa del primer veh\u00edculo h\u00edbrido que gan\u00f3 las 24 Horas de Le Mans: el Audi R18.Una vez m\u00e1s, Audi refuerza su compromiso con la igualdad de g\u00e9nero. Esta campa\u00f1a se suma a trabajos de a\u00f1os anteriores que tambi\u00e9n luchaban por el mismo objetivo, como \u201cEl Piloto es Ella\u201d, junto a Lego; y \u201cLa mu\u00f1eca que eligi\u00f3 conducir\u201d, de 2016. Pero, adem\u00e1s, refleja la pol\u00edtica de la compa\u00f1\u00eda, que busca potenciar a\u00fan m\u00e1s el rol de las mujeres en el mundo de la automoci\u00f3n. De hecho, el 51% de las personas que trabajan en Audi Espa\u00f1a son de sexo femenino y el 50% del management de la compa\u00f1\u00eda lo ocupan mujeres.\u00a0<br \/>\n<br \/>\n<!--noindex--><br \/>\n<a href=\"http:\/\/www.marketingnews.es\/marcas\/noticia\/1164814054305\/audi-borra-coches-redes-sociales-dar-visibilidad-mujeres.1.html\" rel=\"nofollow\">Source link <\/a><br \/>\n<!--\/noindex--><\/p>\n","protected":false},"excerpt":{"rendered":"<p>DDB ha ideado la acci\u00f3nLa marca de los cuatro aros ha hecho invisibles cada uno de sus modelos en los contenidos publicados antes y durante el D\u00eda Internacional de la Mujer. El mensaje es claro: sin las aportaciones de miles de inventoras, ingenieras, trabajadoras y dise\u00f1adoras, ning\u00fan coche existir\u00eda. Ni siquiera un Audi.Si bien es [&hellip;]<\/p>\n","protected":false},"author":2,"featured_media":6052,"comment_status":"open","ping_status":"open","sticky":false,"template":"","format":"standard","meta":{"footnotes":""},"categories":[2],"tags":[],"class_list":["post-6051","post","type-post","status-publish","format-standard","has-post-thumbnail","hentry","category-noticias-de-internet-marketing"],"yoast_head":"<!-- This site is optimized with the Yoast SEO plugin v27.4 - https:\/\/yoast.com\/product\/yoast-seo-wordpress\/ -->\n<title>Audi borra sus coches en redes sociales para dar visibilidad a las mujeres - Favorite News<\/title>\n<meta name=\"robots\" content=\"index, follow, max-snippet:-1, max-image-preview:large, max-video-preview:-1\" \/>\n<link rel=\"canonical\" href=\"https:\/\/favorite-news.com\/es\/audi-borra-sus-coches-en-redes-sociales-para-dar-visibilidad-a-las-mujeres\/\" \/>\n<meta property=\"og:locale\" content=\"es_ES\" \/>\n<meta property=\"og:type\" content=\"article\" \/>\n<meta property=\"og:title\" content=\"Audi borra sus coches en redes sociales para dar visibilidad a las mujeres - Favorite News\" \/>\n<meta property=\"og:description\" content=\"DDB ha ideado la acci\u00f3nLa marca de los cuatro aros ha hecho invisibles cada uno de sus modelos en los contenidos publicados antes y durante el D\u00eda Internacional de la Mujer. El mensaje es claro: sin las aportaciones de miles de inventoras, ingenieras, trabajadoras y dise\u00f1adoras, ning\u00fan coche existir\u00eda. Ni siquiera un Audi.Si bien es [&hellip;]\" \/>\n<meta property=\"og:url\" content=\"https:\/\/favorite-news.com\/es\/audi-borra-sus-coches-en-redes-sociales-para-dar-visibilidad-a-las-mujeres\/\" \/>\n<meta property=\"og:site_name\" content=\"Favorite News\" \/>\n<meta property=\"article:published_time\" content=\"2021-03-08T21:49:42+00:00\" \/>\n<meta property=\"article:modified_time\" content=\"2021-03-08T21:49:46+00:00\" \/>\n<meta property=\"og:image\" content=\"https:\/\/favorite-news.com\/es\/wp-content\/uploads\/sites\/4\/2021\/03\/Audi-borra-sus-coches-en-redes-sociales-para-dar-visibilidad.jpg\" \/>\n\t<meta property=\"og:image:width\" content=\"530\" \/>\n\t<meta property=\"og:image:height\" content=\"298\" \/>\n\t<meta property=\"og:image:type\" content=\"image\/jpeg\" \/>\n<meta name=\"author\" content=\"favorite-news\" \/>\n<meta name=\"twitter:card\" content=\"summary_large_image\" \/>\n<meta name=\"twitter:label1\" content=\"Escrito por\" \/>\n\t<meta name=\"twitter:data1\" content=\"favorite-news\" \/>\n\t<meta name=\"twitter:label2\" content=\"Tiempo de lectura\" \/>\n\t<meta name=\"twitter:data2\" content=\"1 minuto\" \/>\n<script type=\"application\/ld+json\" class=\"yoast-schema-graph\">{\"@context\":\"https:\\\/\\\/schema.org\",\"@graph\":[{\"@type\":\"Article\",\"@id\":\"https:\\\/\\\/favorite-news.com\\\/es\\\/audi-borra-sus-coches-en-redes-sociales-para-dar-visibilidad-a-las-mujeres\\\/#article\",\"isPartOf\":{\"@id\":\"https:\\\/\\\/favorite-news.com\\\/es\\\/audi-borra-sus-coches-en-redes-sociales-para-dar-visibilidad-a-las-mujeres\\\/\"},\"author\":{\"name\":\"favorite-news\",\"@id\":\"https:\\\/\\\/favorite-news.com\\\/es\\\/#\\\/schema\\\/person\\\/b91573b717dcfa5e4696032a9d28d3e8\"},\"headline\":\"Audi borra sus coches en redes sociales para dar visibilidad a las mujeres\",\"datePublished\":\"2021-03-08T21:49:42+00:00\",\"dateModified\":\"2021-03-08T21:49:46+00:00\",\"mainEntityOfPage\":{\"@id\":\"https:\\\/\\\/favorite-news.com\\\/es\\\/audi-borra-sus-coches-en-redes-sociales-para-dar-visibilidad-a-las-mujeres\\\/\"},\"wordCount\":283,\"commentCount\":0,\"image\":{\"@id\":\"https:\\\/\\\/favorite-news.com\\\/es\\\/audi-borra-sus-coches-en-redes-sociales-para-dar-visibilidad-a-las-mujeres\\\/#primaryimage\"},\"thumbnailUrl\":\"https:\\\/\\\/favorite-news.com\\\/es\\\/wp-content\\\/uploads\\\/sites\\\/4\\\/2021\\\/03\\\/Audi-borra-sus-coches-en-redes-sociales-para-dar-visibilidad.jpg\",\"articleSection\":[\"NOTICIAS DE INTERNET MARKETING\"],\"inLanguage\":\"es\",\"potentialAction\":[{\"@type\":\"CommentAction\",\"name\":\"Comment\",\"target\":[\"https:\\\/\\\/favorite-news.com\\\/es\\\/audi-borra-sus-coches-en-redes-sociales-para-dar-visibilidad-a-las-mujeres\\\/#respond\"]}]},{\"@type\":\"WebPage\",\"@id\":\"https:\\\/\\\/favorite-news.com\\\/es\\\/audi-borra-sus-coches-en-redes-sociales-para-dar-visibilidad-a-las-mujeres\\\/\",\"url\":\"https:\\\/\\\/favorite-news.com\\\/es\\\/audi-borra-sus-coches-en-redes-sociales-para-dar-visibilidad-a-las-mujeres\\\/\",\"name\":\"Audi borra sus coches en redes sociales para dar visibilidad a las mujeres - Favorite News\",\"isPartOf\":{\"@id\":\"https:\\\/\\\/favorite-news.com\\\/es\\\/#website\"},\"primaryImageOfPage\":{\"@id\":\"https:\\\/\\\/favorite-news.com\\\/es\\\/audi-borra-sus-coches-en-redes-sociales-para-dar-visibilidad-a-las-mujeres\\\/#primaryimage\"},\"image\":{\"@id\":\"https:\\\/\\\/favorite-news.com\\\/es\\\/audi-borra-sus-coches-en-redes-sociales-para-dar-visibilidad-a-las-mujeres\\\/#primaryimage\"},\"thumbnailUrl\":\"https:\\\/\\\/favorite-news.com\\\/es\\\/wp-content\\\/uploads\\\/sites\\\/4\\\/2021\\\/03\\\/Audi-borra-sus-coches-en-redes-sociales-para-dar-visibilidad.jpg\",\"datePublished\":\"2021-03-08T21:49:42+00:00\",\"dateModified\":\"2021-03-08T21:49:46+00:00\",\"author\":{\"@id\":\"https:\\\/\\\/favorite-news.com\\\/es\\\/#\\\/schema\\\/person\\\/b91573b717dcfa5e4696032a9d28d3e8\"},\"breadcrumb\":{\"@id\":\"https:\\\/\\\/favorite-news.com\\\/es\\\/audi-borra-sus-coches-en-redes-sociales-para-dar-visibilidad-a-las-mujeres\\\/#breadcrumb\"},\"inLanguage\":\"es\",\"potentialAction\":[{\"@type\":\"ReadAction\",\"target\":[\"https:\\\/\\\/favorite-news.com\\\/es\\\/audi-borra-sus-coches-en-redes-sociales-para-dar-visibilidad-a-las-mujeres\\\/\"]}]},{\"@type\":\"ImageObject\",\"inLanguage\":\"es\",\"@id\":\"https:\\\/\\\/favorite-news.com\\\/es\\\/audi-borra-sus-coches-en-redes-sociales-para-dar-visibilidad-a-las-mujeres\\\/#primaryimage\",\"url\":\"https:\\\/\\\/favorite-news.com\\\/es\\\/wp-content\\\/uploads\\\/sites\\\/4\\\/2021\\\/03\\\/Audi-borra-sus-coches-en-redes-sociales-para-dar-visibilidad.jpg\",\"contentUrl\":\"https:\\\/\\\/favorite-news.com\\\/es\\\/wp-content\\\/uploads\\\/sites\\\/4\\\/2021\\\/03\\\/Audi-borra-sus-coches-en-redes-sociales-para-dar-visibilidad.jpg\",\"width\":530,\"height\":298,\"caption\":\"Audi borra sus coches en redes sociales para dar visibilidad a las mujeres\"},{\"@type\":\"BreadcrumbList\",\"@id\":\"https:\\\/\\\/favorite-news.com\\\/es\\\/audi-borra-sus-coches-en-redes-sociales-para-dar-visibilidad-a-las-mujeres\\\/#breadcrumb\",\"itemListElement\":[{\"@type\":\"ListItem\",\"position\":1,\"name\":\"Home\",\"item\":\"https:\\\/\\\/favorite-news.com\\\/es\\\/\"},{\"@type\":\"ListItem\",\"position\":2,\"name\":\"Audi borra sus coches en redes sociales para dar visibilidad a las mujeres\"}]},{\"@type\":\"WebSite\",\"@id\":\"https:\\\/\\\/favorite-news.com\\\/es\\\/#website\",\"url\":\"https:\\\/\\\/favorite-news.com\\\/es\\\/\",\"name\":\"Favorite News\",\"description\":\"Favorite News Espa\u00f1a\",\"potentialAction\":[{\"@type\":\"SearchAction\",\"target\":{\"@type\":\"EntryPoint\",\"urlTemplate\":\"https:\\\/\\\/favorite-news.com\\\/es\\\/?s={search_term_string}\"},\"query-input\":{\"@type\":\"PropertyValueSpecification\",\"valueRequired\":true,\"valueName\":\"search_term_string\"}}],\"inLanguage\":\"es\"},{\"@type\":\"Person\",\"@id\":\"https:\\\/\\\/favorite-news.com\\\/es\\\/#\\\/schema\\\/person\\\/b91573b717dcfa5e4696032a9d28d3e8\",\"name\":\"favorite-news\",\"image\":{\"@type\":\"ImageObject\",\"inLanguage\":\"es\",\"@id\":\"https:\\\/\\\/secure.gravatar.com\\\/avatar\\\/6c5a5cb12b74e9d517ee91cf570335b7d16177f1977cc91db161adfa435945a7?s=96&d=mm&r=g\",\"url\":\"https:\\\/\\\/secure.gravatar.com\\\/avatar\\\/6c5a5cb12b74e9d517ee91cf570335b7d16177f1977cc91db161adfa435945a7?s=96&d=mm&r=g\",\"contentUrl\":\"https:\\\/\\\/secure.gravatar.com\\\/avatar\\\/6c5a5cb12b74e9d517ee91cf570335b7d16177f1977cc91db161adfa435945a7?s=96&d=mm&r=g\",\"caption\":\"favorite-news\"},\"url\":\"https:\\\/\\\/favorite-news.com\\\/es\\\/author\\\/pt\\\/\"}]}<\/script>\n<!-- \/ Yoast SEO plugin. -->","yoast_head_json":{"title":"Audi borra sus coches en redes sociales para dar visibilidad a las mujeres - Favorite News","robots":{"index":"index","follow":"follow","max-snippet":"max-snippet:-1","max-image-preview":"max-image-preview:large","max-video-preview":"max-video-preview:-1"},"canonical":"https:\/\/favorite-news.com\/es\/audi-borra-sus-coches-en-redes-sociales-para-dar-visibilidad-a-las-mujeres\/","og_locale":"es_ES","og_type":"article","og_title":"Audi borra sus coches en redes sociales para dar visibilidad a las mujeres - Favorite News","og_description":"DDB ha ideado la acci\u00f3nLa marca de los cuatro aros ha hecho invisibles cada uno de sus modelos en los contenidos publicados antes y durante el D\u00eda Internacional de la Mujer. El mensaje es claro: sin las aportaciones de miles de inventoras, ingenieras, trabajadoras y dise\u00f1adoras, ning\u00fan coche existir\u00eda. Ni siquiera un Audi.Si bien es [&hellip;]","og_url":"https:\/\/favorite-news.com\/es\/audi-borra-sus-coches-en-redes-sociales-para-dar-visibilidad-a-las-mujeres\/","og_site_name":"Favorite News","article_published_time":"2021-03-08T21:49:42+00:00","article_modified_time":"2021-03-08T21:49:46+00:00","og_image":[{"width":530,"height":298,"url":"https:\/\/favorite-news.com\/es\/wp-content\/uploads\/sites\/4\/2021\/03\/Audi-borra-sus-coches-en-redes-sociales-para-dar-visibilidad.jpg","type":"image\/jpeg"}],"author":"favorite-news","twitter_card":"summary_large_image","twitter_misc":{"Escrito por":"favorite-news","Tiempo de lectura":"1 minuto"},"schema":{"@context":"https:\/\/schema.org","@graph":[{"@type":"Article","@id":"https:\/\/favorite-news.com\/es\/audi-borra-sus-coches-en-redes-sociales-para-dar-visibilidad-a-las-mujeres\/#article","isPartOf":{"@id":"https:\/\/favorite-news.com\/es\/audi-borra-sus-coches-en-redes-sociales-para-dar-visibilidad-a-las-mujeres\/"},"author":{"name":"favorite-news","@id":"https:\/\/favorite-news.com\/es\/#\/schema\/person\/b91573b717dcfa5e4696032a9d28d3e8"},"headline":"Audi borra sus coches en redes sociales para dar visibilidad a las mujeres","datePublished":"2021-03-08T21:49:42+00:00","dateModified":"2021-03-08T21:49:46+00:00","mainEntityOfPage":{"@id":"https:\/\/favorite-news.com\/es\/audi-borra-sus-coches-en-redes-sociales-para-dar-visibilidad-a-las-mujeres\/"},"wordCount":283,"commentCount":0,"image":{"@id":"https:\/\/favorite-news.com\/es\/audi-borra-sus-coches-en-redes-sociales-para-dar-visibilidad-a-las-mujeres\/#primaryimage"},"thumbnailUrl":"https:\/\/favorite-news.com\/es\/wp-content\/uploads\/sites\/4\/2021\/03\/Audi-borra-sus-coches-en-redes-sociales-para-dar-visibilidad.jpg","articleSection":["NOTICIAS DE INTERNET MARKETING"],"inLanguage":"es","potentialAction":[{"@type":"CommentAction","name":"Comment","target":["https:\/\/favorite-news.com\/es\/audi-borra-sus-coches-en-redes-sociales-para-dar-visibilidad-a-las-mujeres\/#respond"]}]},{"@type":"WebPage","@id":"https:\/\/favorite-news.com\/es\/audi-borra-sus-coches-en-redes-sociales-para-dar-visibilidad-a-las-mujeres\/","url":"https:\/\/favorite-news.com\/es\/audi-borra-sus-coches-en-redes-sociales-para-dar-visibilidad-a-las-mujeres\/","name":"Audi borra sus coches en redes sociales para dar visibilidad a las mujeres - Favorite News","isPartOf":{"@id":"https:\/\/favorite-news.com\/es\/#website"},"primaryImageOfPage":{"@id":"https:\/\/favorite-news.com\/es\/audi-borra-sus-coches-en-redes-sociales-para-dar-visibilidad-a-las-mujeres\/#primaryimage"},"image":{"@id":"https:\/\/favorite-news.com\/es\/audi-borra-sus-coches-en-redes-sociales-para-dar-visibilidad-a-las-mujeres\/#primaryimage"},"thumbnailUrl":"https:\/\/favorite-news.com\/es\/wp-content\/uploads\/sites\/4\/2021\/03\/Audi-borra-sus-coches-en-redes-sociales-para-dar-visibilidad.jpg","datePublished":"2021-03-08T21:49:42+00:00","dateModified":"2021-03-08T21:49:46+00:00","author":{"@id":"https:\/\/favorite-news.com\/es\/#\/schema\/person\/b91573b717dcfa5e4696032a9d28d3e8"},"breadcrumb":{"@id":"https:\/\/favorite-news.com\/es\/audi-borra-sus-coches-en-redes-sociales-para-dar-visibilidad-a-las-mujeres\/#breadcrumb"},"inLanguage":"es","potentialAction":[{"@type":"ReadAction","target":["https:\/\/favorite-news.com\/es\/audi-borra-sus-coches-en-redes-sociales-para-dar-visibilidad-a-las-mujeres\/"]}]},{"@type":"ImageObject","inLanguage":"es","@id":"https:\/\/favorite-news.com\/es\/audi-borra-sus-coches-en-redes-sociales-para-dar-visibilidad-a-las-mujeres\/#primaryimage","url":"https:\/\/favorite-news.com\/es\/wp-content\/uploads\/sites\/4\/2021\/03\/Audi-borra-sus-coches-en-redes-sociales-para-dar-visibilidad.jpg","contentUrl":"https:\/\/favorite-news.com\/es\/wp-content\/uploads\/sites\/4\/2021\/03\/Audi-borra-sus-coches-en-redes-sociales-para-dar-visibilidad.jpg","width":530,"height":298,"caption":"Audi borra sus coches en redes sociales para dar visibilidad a las mujeres"},{"@type":"BreadcrumbList","@id":"https:\/\/favorite-news.com\/es\/audi-borra-sus-coches-en-redes-sociales-para-dar-visibilidad-a-las-mujeres\/#breadcrumb","itemListElement":[{"@type":"ListItem","position":1,"name":"Home","item":"https:\/\/favorite-news.com\/es\/"},{"@type":"ListItem","position":2,"name":"Audi borra sus coches en redes sociales para dar visibilidad a las mujeres"}]},{"@type":"WebSite","@id":"https:\/\/favorite-news.com\/es\/#website","url":"https:\/\/favorite-news.com\/es\/","name":"Favorite News","description":"Favorite News Espa\u00f1a","potentialAction":[{"@type":"SearchAction","target":{"@type":"EntryPoint","urlTemplate":"https:\/\/favorite-news.com\/es\/?s={search_term_string}"},"query-input":{"@type":"PropertyValueSpecification","valueRequired":true,"valueName":"search_term_string"}}],"inLanguage":"es"},{"@type":"Person","@id":"https:\/\/favorite-news.com\/es\/#\/schema\/person\/b91573b717dcfa5e4696032a9d28d3e8","name":"favorite-news","image":{"@type":"ImageObject","inLanguage":"es","@id":"https:\/\/secure.gravatar.com\/avatar\/6c5a5cb12b74e9d517ee91cf570335b7d16177f1977cc91db161adfa435945a7?s=96&d=mm&r=g","url":"https:\/\/secure.gravatar.com\/avatar\/6c5a5cb12b74e9d517ee91cf570335b7d16177f1977cc91db161adfa435945a7?s=96&d=mm&r=g","contentUrl":"https:\/\/secure.gravatar.com\/avatar\/6c5a5cb12b74e9d517ee91cf570335b7d16177f1977cc91db161adfa435945a7?s=96&d=mm&r=g","caption":"favorite-news"},"url":"https:\/\/favorite-news.com\/es\/author\/pt\/"}]}},"_links":{"self":[{"href":"https:\/\/favorite-news.com\/es\/wp-json\/wp\/v2\/posts\/6051","targetHints":{"allow":["GET"]}}],"collection":[{"href":"https:\/\/favorite-news.com\/es\/wp-json\/wp\/v2\/posts"}],"about":[{"href":"https:\/\/favorite-news.com\/es\/wp-json\/wp\/v2\/types\/post"}],"author":[{"embeddable":true,"href":"https:\/\/favorite-news.com\/es\/wp-json\/wp\/v2\/users\/2"}],"replies":[{"embeddable":true,"href":"https:\/\/favorite-news.com\/es\/wp-json\/wp\/v2\/comments?post=6051"}],"version-history":[{"count":1,"href":"https:\/\/favorite-news.com\/es\/wp-json\/wp\/v2\/posts\/6051\/revisions"}],"predecessor-version":[{"id":6053,"href":"https:\/\/favorite-news.com\/es\/wp-json\/wp\/v2\/posts\/6051\/revisions\/6053"}],"wp:featuredmedia":[{"embeddable":true,"href":"https:\/\/favorite-news.com\/es\/wp-json\/wp\/v2\/media\/6052"}],"wp:attachment":[{"href":"https:\/\/favorite-news.com\/es\/wp-json\/wp\/v2\/media?parent=6051"}],"wp:term":[{"taxonomy":"category","embeddable":true,"href":"https:\/\/favorite-news.com\/es\/wp-json\/wp\/v2\/categories?post=6051"},{"taxonomy":"post_tag","embeddable":true,"href":"https:\/\/favorite-news.com\/es\/wp-json\/wp\/v2\/tags?post=6051"}],"curies":[{"name":"wp","href":"https:\/\/api.w.org\/{rel}","templated":true}]}}