{"id":6046,"date":"2021-03-08T21:51:59","date_gmt":"2021-03-08T18:51:59","guid":{"rendered":"https:\/\/favorite-news.com\/es\/correos-se-posiciona-contra-el-purple-washing\/"},"modified":"2021-03-08T21:52:01","modified_gmt":"2021-03-08T18:52:01","slug":"correos-se-posiciona-contra-el-purple-washing","status":"publish","type":"post","link":"https:\/\/favorite-news.com\/es\/correos-se-posiciona-contra-el-purple-washing\/","title":{"rendered":"Correos se posiciona contra el \u2018purple washing\u2019"},"content":{"rendered":"<p>Sra. Rushmore y Arena Media han trabajado en la campa\u00f1aBajo el hashtag#8MTodoElA\u00f1o, la compa\u00f1\u00eda propone una reflexi\u00f3n en redes sociales sobre el purple washing y opta por poner en valor su trabajo continuado por la igualdad de g\u00e9nero a lo largo de la historia y destacar que su objetivo es seguir trabajando del 1 de enero al 31 de diciembre para avanzar hacia la plena igualdad. \u00a0La acci\u00f3n, en la que han trabajado Sra. Rushmore y Arena Media, tiene como epicentro un v\u00eddeo.En la compa\u00f1\u00eda trabajan m\u00e1s mujeres que hombres desde 2015. A d\u00eda de hoy, son mujeres m\u00e1s del 52% de los cerca de 53.000 profesionales de Correos y est\u00e1n al frente del 51,36% de las 5.959 jefaturas intermedias que hay en oficinas, unidades de distribuci\u00f3n y centros log\u00edsticos, lo que supone un avance muy significativo respecto a la situaci\u00f3n de hace apenas una d\u00e9cada, cuando solo representaban en torno al 30%.Por ejemplo, el Consejo de Administraci\u00f3n de Correos se compone de 14 consejeros, de los cuales cinco son mujeres, una cifra que representa el 35% del total. Unos datos que, no obstante, est\u00e1n por encima de la media de las empresas del IBEX-35 que cuentan con un 31% de presencia media de mujeres en sus consejos de administraci\u00f3n, seg\u00fan el \u00faltimo informe elaborado por Atrevia y el IESE.<br \/>\n<br \/>\n<!--noindex--><br \/>\n<a href=\"http:\/\/www.marketingnews.es\/marcas\/noticia\/1164816054305\/correos-se-posiciona-contra-purple-washing.1.html\" rel=\"nofollow\">Source link <\/a><br \/>\n<!--\/noindex--><\/p>\n","protected":false},"excerpt":{"rendered":"<p>Sra. Rushmore y Arena Media han trabajado en la campa\u00f1aBajo el hashtag#8MTodoElA\u00f1o, la compa\u00f1\u00eda propone una reflexi\u00f3n en redes sociales sobre el purple washing y opta por poner en valor su trabajo continuado por la igualdad de g\u00e9nero a lo largo de la historia y destacar que su objetivo es seguir trabajando del 1 de [&hellip;]<\/p>\n","protected":false},"author":2,"featured_media":6047,"comment_status":"open","ping_status":"open","sticky":false,"template":"","format":"standard","meta":{"footnotes":""},"categories":[2],"tags":[],"class_list":["post-6046","post","type-post","status-publish","format-standard","has-post-thumbnail","hentry","category-noticias-de-internet-marketing"],"yoast_head":"<!-- This site is optimized with the Yoast SEO plugin v27.4 - https:\/\/yoast.com\/product\/yoast-seo-wordpress\/ -->\n<title>Correos se posiciona contra el \u2018purple washing\u2019 - Favorite News<\/title>\n<meta name=\"robots\" content=\"index, follow, max-snippet:-1, max-image-preview:large, max-video-preview:-1\" \/>\n<link rel=\"canonical\" href=\"https:\/\/favorite-news.com\/es\/correos-se-posiciona-contra-el-purple-washing\/\" \/>\n<meta property=\"og:locale\" content=\"es_ES\" \/>\n<meta property=\"og:type\" content=\"article\" \/>\n<meta property=\"og:title\" content=\"Correos se posiciona contra el \u2018purple washing\u2019 - Favorite News\" \/>\n<meta property=\"og:description\" content=\"Sra. Rushmore y Arena Media han trabajado en la campa\u00f1aBajo el hashtag#8MTodoElA\u00f1o, la compa\u00f1\u00eda propone una reflexi\u00f3n en redes sociales sobre el purple washing y opta por poner en valor su trabajo continuado por la igualdad de g\u00e9nero a lo largo de la historia y destacar que su objetivo es seguir trabajando del 1 de [&hellip;]\" \/>\n<meta property=\"og:url\" content=\"https:\/\/favorite-news.com\/es\/correos-se-posiciona-contra-el-purple-washing\/\" \/>\n<meta property=\"og:site_name\" content=\"Favorite News\" \/>\n<meta property=\"article:published_time\" content=\"2021-03-08T18:51:59+00:00\" \/>\n<meta property=\"article:modified_time\" content=\"2021-03-08T18:52:01+00:00\" \/>\n<meta property=\"og:image\" content=\"https:\/\/favorite-news.com\/es\/wp-content\/uploads\/sites\/4\/2021\/03\/Correos-se-posiciona-contra-el-\u2018purple-washing.png\" \/>\n\t<meta property=\"og:image:width\" content=\"528\" \/>\n\t<meta property=\"og:image:height\" content=\"298\" \/>\n\t<meta property=\"og:image:type\" content=\"image\/png\" \/>\n<meta name=\"author\" content=\"favorite-news\" \/>\n<meta name=\"twitter:card\" content=\"summary_large_image\" \/>\n<meta name=\"twitter:label1\" content=\"Escrito por\" \/>\n\t<meta name=\"twitter:data1\" content=\"favorite-news\" \/>\n\t<meta name=\"twitter:label2\" content=\"Tiempo de lectura\" \/>\n\t<meta name=\"twitter:data2\" content=\"1 minuto\" \/>\n<script type=\"application\/ld+json\" class=\"yoast-schema-graph\">{\"@context\":\"https:\\\/\\\/schema.org\",\"@graph\":[{\"@type\":\"Article\",\"@id\":\"https:\\\/\\\/favorite-news.com\\\/es\\\/correos-se-posiciona-contra-el-purple-washing\\\/#article\",\"isPartOf\":{\"@id\":\"https:\\\/\\\/favorite-news.com\\\/es\\\/correos-se-posiciona-contra-el-purple-washing\\\/\"},\"author\":{\"name\":\"favorite-news\",\"@id\":\"https:\\\/\\\/favorite-news.com\\\/es\\\/#\\\/schema\\\/person\\\/b91573b717dcfa5e4696032a9d28d3e8\"},\"headline\":\"Correos se posiciona contra el \u2018purple washing\u2019\",\"datePublished\":\"2021-03-08T18:51:59+00:00\",\"dateModified\":\"2021-03-08T18:52:01+00:00\",\"mainEntityOfPage\":{\"@id\":\"https:\\\/\\\/favorite-news.com\\\/es\\\/correos-se-posiciona-contra-el-purple-washing\\\/\"},\"wordCount\":241,\"commentCount\":0,\"image\":{\"@id\":\"https:\\\/\\\/favorite-news.com\\\/es\\\/correos-se-posiciona-contra-el-purple-washing\\\/#primaryimage\"},\"thumbnailUrl\":\"https:\\\/\\\/favorite-news.com\\\/es\\\/wp-content\\\/uploads\\\/sites\\\/4\\\/2021\\\/03\\\/Correos-se-posiciona-contra-el-\u2018purple-washing.png\",\"articleSection\":[\"NOTICIAS DE INTERNET MARKETING\"],\"inLanguage\":\"es\",\"potentialAction\":[{\"@type\":\"CommentAction\",\"name\":\"Comment\",\"target\":[\"https:\\\/\\\/favorite-news.com\\\/es\\\/correos-se-posiciona-contra-el-purple-washing\\\/#respond\"]}]},{\"@type\":\"WebPage\",\"@id\":\"https:\\\/\\\/favorite-news.com\\\/es\\\/correos-se-posiciona-contra-el-purple-washing\\\/\",\"url\":\"https:\\\/\\\/favorite-news.com\\\/es\\\/correos-se-posiciona-contra-el-purple-washing\\\/\",\"name\":\"Correos se posiciona contra el \u2018purple washing\u2019 - Favorite News\",\"isPartOf\":{\"@id\":\"https:\\\/\\\/favorite-news.com\\\/es\\\/#website\"},\"primaryImageOfPage\":{\"@id\":\"https:\\\/\\\/favorite-news.com\\\/es\\\/correos-se-posiciona-contra-el-purple-washing\\\/#primaryimage\"},\"image\":{\"@id\":\"https:\\\/\\\/favorite-news.com\\\/es\\\/correos-se-posiciona-contra-el-purple-washing\\\/#primaryimage\"},\"thumbnailUrl\":\"https:\\\/\\\/favorite-news.com\\\/es\\\/wp-content\\\/uploads\\\/sites\\\/4\\\/2021\\\/03\\\/Correos-se-posiciona-contra-el-\u2018purple-washing.png\",\"datePublished\":\"2021-03-08T18:51:59+00:00\",\"dateModified\":\"2021-03-08T18:52:01+00:00\",\"author\":{\"@id\":\"https:\\\/\\\/favorite-news.com\\\/es\\\/#\\\/schema\\\/person\\\/b91573b717dcfa5e4696032a9d28d3e8\"},\"breadcrumb\":{\"@id\":\"https:\\\/\\\/favorite-news.com\\\/es\\\/correos-se-posiciona-contra-el-purple-washing\\\/#breadcrumb\"},\"inLanguage\":\"es\",\"potentialAction\":[{\"@type\":\"ReadAction\",\"target\":[\"https:\\\/\\\/favorite-news.com\\\/es\\\/correos-se-posiciona-contra-el-purple-washing\\\/\"]}]},{\"@type\":\"ImageObject\",\"inLanguage\":\"es\",\"@id\":\"https:\\\/\\\/favorite-news.com\\\/es\\\/correos-se-posiciona-contra-el-purple-washing\\\/#primaryimage\",\"url\":\"https:\\\/\\\/favorite-news.com\\\/es\\\/wp-content\\\/uploads\\\/sites\\\/4\\\/2021\\\/03\\\/Correos-se-posiciona-contra-el-\u2018purple-washing.png\",\"contentUrl\":\"https:\\\/\\\/favorite-news.com\\\/es\\\/wp-content\\\/uploads\\\/sites\\\/4\\\/2021\\\/03\\\/Correos-se-posiciona-contra-el-\u2018purple-washing.png\",\"width\":528,\"height\":298,\"caption\":\"Correos se posiciona contra el \u2018purple washing\u2019\"},{\"@type\":\"BreadcrumbList\",\"@id\":\"https:\\\/\\\/favorite-news.com\\\/es\\\/correos-se-posiciona-contra-el-purple-washing\\\/#breadcrumb\",\"itemListElement\":[{\"@type\":\"ListItem\",\"position\":1,\"name\":\"Home\",\"item\":\"https:\\\/\\\/favorite-news.com\\\/es\\\/\"},{\"@type\":\"ListItem\",\"position\":2,\"name\":\"Correos se posiciona contra el \u2018purple washing\u2019\"}]},{\"@type\":\"WebSite\",\"@id\":\"https:\\\/\\\/favorite-news.com\\\/es\\\/#website\",\"url\":\"https:\\\/\\\/favorite-news.com\\\/es\\\/\",\"name\":\"Favorite News\",\"description\":\"Favorite News Espa\u00f1a\",\"potentialAction\":[{\"@type\":\"SearchAction\",\"target\":{\"@type\":\"EntryPoint\",\"urlTemplate\":\"https:\\\/\\\/favorite-news.com\\\/es\\\/?s={search_term_string}\"},\"query-input\":{\"@type\":\"PropertyValueSpecification\",\"valueRequired\":true,\"valueName\":\"search_term_string\"}}],\"inLanguage\":\"es\"},{\"@type\":\"Person\",\"@id\":\"https:\\\/\\\/favorite-news.com\\\/es\\\/#\\\/schema\\\/person\\\/b91573b717dcfa5e4696032a9d28d3e8\",\"name\":\"favorite-news\",\"image\":{\"@type\":\"ImageObject\",\"inLanguage\":\"es\",\"@id\":\"https:\\\/\\\/secure.gravatar.com\\\/avatar\\\/6c5a5cb12b74e9d517ee91cf570335b7d16177f1977cc91db161adfa435945a7?s=96&d=mm&r=g\",\"url\":\"https:\\\/\\\/secure.gravatar.com\\\/avatar\\\/6c5a5cb12b74e9d517ee91cf570335b7d16177f1977cc91db161adfa435945a7?s=96&d=mm&r=g\",\"contentUrl\":\"https:\\\/\\\/secure.gravatar.com\\\/avatar\\\/6c5a5cb12b74e9d517ee91cf570335b7d16177f1977cc91db161adfa435945a7?s=96&d=mm&r=g\",\"caption\":\"favorite-news\"},\"url\":\"https:\\\/\\\/favorite-news.com\\\/es\\\/author\\\/pt\\\/\"}]}<\/script>\n<!-- \/ Yoast SEO plugin. -->","yoast_head_json":{"title":"Correos se posiciona contra el \u2018purple washing\u2019 - Favorite News","robots":{"index":"index","follow":"follow","max-snippet":"max-snippet:-1","max-image-preview":"max-image-preview:large","max-video-preview":"max-video-preview:-1"},"canonical":"https:\/\/favorite-news.com\/es\/correos-se-posiciona-contra-el-purple-washing\/","og_locale":"es_ES","og_type":"article","og_title":"Correos se posiciona contra el \u2018purple washing\u2019 - Favorite News","og_description":"Sra. Rushmore y Arena Media han trabajado en la campa\u00f1aBajo el hashtag#8MTodoElA\u00f1o, la compa\u00f1\u00eda propone una reflexi\u00f3n en redes sociales sobre el purple washing y opta por poner en valor su trabajo continuado por la igualdad de g\u00e9nero a lo largo de la historia y destacar que su objetivo es seguir trabajando del 1 de [&hellip;]","og_url":"https:\/\/favorite-news.com\/es\/correos-se-posiciona-contra-el-purple-washing\/","og_site_name":"Favorite News","article_published_time":"2021-03-08T18:51:59+00:00","article_modified_time":"2021-03-08T18:52:01+00:00","og_image":[{"width":528,"height":298,"url":"https:\/\/favorite-news.com\/es\/wp-content\/uploads\/sites\/4\/2021\/03\/Correos-se-posiciona-contra-el-\u2018purple-washing.png","type":"image\/png"}],"author":"favorite-news","twitter_card":"summary_large_image","twitter_misc":{"Escrito por":"favorite-news","Tiempo de lectura":"1 minuto"},"schema":{"@context":"https:\/\/schema.org","@graph":[{"@type":"Article","@id":"https:\/\/favorite-news.com\/es\/correos-se-posiciona-contra-el-purple-washing\/#article","isPartOf":{"@id":"https:\/\/favorite-news.com\/es\/correos-se-posiciona-contra-el-purple-washing\/"},"author":{"name":"favorite-news","@id":"https:\/\/favorite-news.com\/es\/#\/schema\/person\/b91573b717dcfa5e4696032a9d28d3e8"},"headline":"Correos se posiciona contra el \u2018purple washing\u2019","datePublished":"2021-03-08T18:51:59+00:00","dateModified":"2021-03-08T18:52:01+00:00","mainEntityOfPage":{"@id":"https:\/\/favorite-news.com\/es\/correos-se-posiciona-contra-el-purple-washing\/"},"wordCount":241,"commentCount":0,"image":{"@id":"https:\/\/favorite-news.com\/es\/correos-se-posiciona-contra-el-purple-washing\/#primaryimage"},"thumbnailUrl":"https:\/\/favorite-news.com\/es\/wp-content\/uploads\/sites\/4\/2021\/03\/Correos-se-posiciona-contra-el-\u2018purple-washing.png","articleSection":["NOTICIAS DE INTERNET MARKETING"],"inLanguage":"es","potentialAction":[{"@type":"CommentAction","name":"Comment","target":["https:\/\/favorite-news.com\/es\/correos-se-posiciona-contra-el-purple-washing\/#respond"]}]},{"@type":"WebPage","@id":"https:\/\/favorite-news.com\/es\/correos-se-posiciona-contra-el-purple-washing\/","url":"https:\/\/favorite-news.com\/es\/correos-se-posiciona-contra-el-purple-washing\/","name":"Correos se posiciona contra el \u2018purple washing\u2019 - Favorite News","isPartOf":{"@id":"https:\/\/favorite-news.com\/es\/#website"},"primaryImageOfPage":{"@id":"https:\/\/favorite-news.com\/es\/correos-se-posiciona-contra-el-purple-washing\/#primaryimage"},"image":{"@id":"https:\/\/favorite-news.com\/es\/correos-se-posiciona-contra-el-purple-washing\/#primaryimage"},"thumbnailUrl":"https:\/\/favorite-news.com\/es\/wp-content\/uploads\/sites\/4\/2021\/03\/Correos-se-posiciona-contra-el-\u2018purple-washing.png","datePublished":"2021-03-08T18:51:59+00:00","dateModified":"2021-03-08T18:52:01+00:00","author":{"@id":"https:\/\/favorite-news.com\/es\/#\/schema\/person\/b91573b717dcfa5e4696032a9d28d3e8"},"breadcrumb":{"@id":"https:\/\/favorite-news.com\/es\/correos-se-posiciona-contra-el-purple-washing\/#breadcrumb"},"inLanguage":"es","potentialAction":[{"@type":"ReadAction","target":["https:\/\/favorite-news.com\/es\/correos-se-posiciona-contra-el-purple-washing\/"]}]},{"@type":"ImageObject","inLanguage":"es","@id":"https:\/\/favorite-news.com\/es\/correos-se-posiciona-contra-el-purple-washing\/#primaryimage","url":"https:\/\/favorite-news.com\/es\/wp-content\/uploads\/sites\/4\/2021\/03\/Correos-se-posiciona-contra-el-\u2018purple-washing.png","contentUrl":"https:\/\/favorite-news.com\/es\/wp-content\/uploads\/sites\/4\/2021\/03\/Correos-se-posiciona-contra-el-\u2018purple-washing.png","width":528,"height":298,"caption":"Correos se posiciona contra el \u2018purple washing\u2019"},{"@type":"BreadcrumbList","@id":"https:\/\/favorite-news.com\/es\/correos-se-posiciona-contra-el-purple-washing\/#breadcrumb","itemListElement":[{"@type":"ListItem","position":1,"name":"Home","item":"https:\/\/favorite-news.com\/es\/"},{"@type":"ListItem","position":2,"name":"Correos se posiciona contra el \u2018purple washing\u2019"}]},{"@type":"WebSite","@id":"https:\/\/favorite-news.com\/es\/#website","url":"https:\/\/favorite-news.com\/es\/","name":"Favorite News","description":"Favorite News Espa\u00f1a","potentialAction":[{"@type":"SearchAction","target":{"@type":"EntryPoint","urlTemplate":"https:\/\/favorite-news.com\/es\/?s={search_term_string}"},"query-input":{"@type":"PropertyValueSpecification","valueRequired":true,"valueName":"search_term_string"}}],"inLanguage":"es"},{"@type":"Person","@id":"https:\/\/favorite-news.com\/es\/#\/schema\/person\/b91573b717dcfa5e4696032a9d28d3e8","name":"favorite-news","image":{"@type":"ImageObject","inLanguage":"es","@id":"https:\/\/secure.gravatar.com\/avatar\/6c5a5cb12b74e9d517ee91cf570335b7d16177f1977cc91db161adfa435945a7?s=96&d=mm&r=g","url":"https:\/\/secure.gravatar.com\/avatar\/6c5a5cb12b74e9d517ee91cf570335b7d16177f1977cc91db161adfa435945a7?s=96&d=mm&r=g","contentUrl":"https:\/\/secure.gravatar.com\/avatar\/6c5a5cb12b74e9d517ee91cf570335b7d16177f1977cc91db161adfa435945a7?s=96&d=mm&r=g","caption":"favorite-news"},"url":"https:\/\/favorite-news.com\/es\/author\/pt\/"}]}},"_links":{"self":[{"href":"https:\/\/favorite-news.com\/es\/wp-json\/wp\/v2\/posts\/6046","targetHints":{"allow":["GET"]}}],"collection":[{"href":"https:\/\/favorite-news.com\/es\/wp-json\/wp\/v2\/posts"}],"about":[{"href":"https:\/\/favorite-news.com\/es\/wp-json\/wp\/v2\/types\/post"}],"author":[{"embeddable":true,"href":"https:\/\/favorite-news.com\/es\/wp-json\/wp\/v2\/users\/2"}],"replies":[{"embeddable":true,"href":"https:\/\/favorite-news.com\/es\/wp-json\/wp\/v2\/comments?post=6046"}],"version-history":[{"count":1,"href":"https:\/\/favorite-news.com\/es\/wp-json\/wp\/v2\/posts\/6046\/revisions"}],"predecessor-version":[{"id":6048,"href":"https:\/\/favorite-news.com\/es\/wp-json\/wp\/v2\/posts\/6046\/revisions\/6048"}],"wp:featuredmedia":[{"embeddable":true,"href":"https:\/\/favorite-news.com\/es\/wp-json\/wp\/v2\/media\/6047"}],"wp:attachment":[{"href":"https:\/\/favorite-news.com\/es\/wp-json\/wp\/v2\/media?parent=6046"}],"wp:term":[{"taxonomy":"category","embeddable":true,"href":"https:\/\/favorite-news.com\/es\/wp-json\/wp\/v2\/categories?post=6046"},{"taxonomy":"post_tag","embeddable":true,"href":"https:\/\/favorite-news.com\/es\/wp-json\/wp\/v2\/tags?post=6046"}],"curies":[{"name":"wp","href":"https:\/\/api.w.org\/{rel}","templated":true}]}}