{"id":6041,"date":"2021-03-08T19:11:26","date_gmt":"2021-03-08T16:11:26","guid":{"rendered":"https:\/\/favorite-news.com\/es\/primera-campana-de-lays-para-apoyar-tanto-al-futbol-masculino-como-al-femenino-de-la-uefa\/"},"modified":"2021-03-08T19:11:29","modified_gmt":"2021-03-08T16:11:29","slug":"primera-campana-de-lays-para-apoyar-tanto-al-futbol-masculino-como-al-femenino-de-la-uefa","status":"publish","type":"post","link":"https:\/\/favorite-news.com\/es\/primera-campana-de-lays-para-apoyar-tanto-al-futbol-masculino-como-al-femenino-de-la-uefa\/","title":{"rendered":"Primera campa\u00f1a de Lay&#8217;s para apoyar tanto al f\u00fatbol masculino como al femenino de la UEFA"},"content":{"rendered":"<p>Leo Messi y Lieke MartensEn el spot titulado &#8216;Apartment Arena&#8217;, Messi y Martens son los encargados de unir, a trav\u00e9s de una atm\u00f3sfera t\u00edpica de estadio, a los vecinos de un edificio de apartamentos para disfrutar del partido juntos desde sus balcones. Al o\u00edr el irresistible sonido de la apertura de una bolsa de Lay\u2019s, Pogba sale de su calentamiento pre partido para sumarse a la diversi\u00f3n, mientras Lay\u2019s re\u00fane a la comunidad.Erica Lascorz, responsable de marketing de snacks de PepsiCo Iberia afirma en un comunciado que, \u00abcon esta nueva campa\u00f1a de la UEFA queremos conectar con nuestros consumidores y\u00a0acompa\u00f1arlos en los momentos m\u00e1s emocionantes del campeonato de la mano de Lay\u2019s, en la que seguramente sea la temporada m\u00e1s inusual de la historia. Compartiremos con ellos la pasi\u00f3n por el f\u00fatbol, la energ\u00eda de un d\u00eda de partido y la alegr\u00eda que se genera en torno a este deporte. No importa d\u00f3nde disfrutar del partido, sino el c\u00f3mo disfrutarlo\u00bb.\u00a0A trav\u00e9s de la campa\u00f1a en televisi\u00f3n, los canales digitales y el punto de venta, Lay\u2019s llevar\u00e1 a los hogares de los aficionados una experiencia digna de estadio, con la que la marca de snacks se propone mantener inalterable la emoci\u00f3n de los partidos. Adem\u00e1s, Lay\u2019s reforzar\u00e1 la comunicaci\u00f3n del patrocinio del f\u00fatbol masculino y femenino de la UEFA a trav\u00e9s de su packaging de edici\u00f3n limitada. Un cambio de dise\u00f1o en el que se introducen nuevos elementos gr\u00e1ficos como el bal\u00f3n de f\u00fatbol alrededor del logotipo, la copa de la UEFA o la imagen de la jugadora Lieke Martens, con la que la marca busca acercar al consumidor la gran novedad de esta temporada: el apoyo al f\u00fatbol femenino.La edici\u00f3n limitada se podr\u00e1 conseguir desde marzo hasta mayo en los puntos de venta habituales del territorio nacional.\u00a0<br \/>\n<br \/>\n<!--noindex--><br \/>\n<a href=\"http:\/\/www.marketingnews.es\/marcas\/noticia\/1164819054305\/primera-campana-de-lays-apoyar-tanto-al-futbol-masculino-al-femenino-de-uefa.1.html\" rel=\"nofollow\">Source link <\/a><br \/>\n<!--\/noindex--><\/p>\n","protected":false},"excerpt":{"rendered":"<p>Leo Messi y Lieke MartensEn el spot titulado &#8216;Apartment Arena&#8217;, Messi y Martens son los encargados de unir, a trav\u00e9s de una atm\u00f3sfera t\u00edpica de estadio, a los vecinos de un edificio de apartamentos para disfrutar del partido juntos desde sus balcones. Al o\u00edr el irresistible sonido de la apertura de una bolsa de Lay\u2019s, [&hellip;]<\/p>\n","protected":false},"author":2,"featured_media":6042,"comment_status":"open","ping_status":"open","sticky":false,"template":"","format":"standard","meta":{"footnotes":""},"categories":[2],"tags":[],"class_list":["post-6041","post","type-post","status-publish","format-standard","has-post-thumbnail","hentry","category-noticias-de-internet-marketing"],"yoast_head":"<!-- This site is optimized with the Yoast SEO plugin v27.4 - https:\/\/yoast.com\/product\/yoast-seo-wordpress\/ -->\n<title>Primera campa\u00f1a de Lay&#039;s para apoyar tanto al f\u00fatbol masculino como al femenino de la UEFA - Favorite News<\/title>\n<meta name=\"robots\" content=\"index, follow, max-snippet:-1, max-image-preview:large, max-video-preview:-1\" \/>\n<link rel=\"canonical\" href=\"https:\/\/favorite-news.com\/es\/primera-campana-de-lays-para-apoyar-tanto-al-futbol-masculino-como-al-femenino-de-la-uefa\/\" \/>\n<meta property=\"og:locale\" content=\"es_ES\" \/>\n<meta property=\"og:type\" content=\"article\" \/>\n<meta property=\"og:title\" content=\"Primera campa\u00f1a de Lay&#039;s para apoyar tanto al f\u00fatbol masculino como al femenino de la UEFA - Favorite News\" \/>\n<meta property=\"og:description\" content=\"Leo Messi y Lieke MartensEn el spot titulado &#8216;Apartment Arena&#8217;, Messi y Martens son los encargados de unir, a trav\u00e9s de una atm\u00f3sfera t\u00edpica de estadio, a los vecinos de un edificio de apartamentos para disfrutar del partido juntos desde sus balcones. Al o\u00edr el irresistible sonido de la apertura de una bolsa de Lay\u2019s, [&hellip;]\" \/>\n<meta property=\"og:url\" content=\"https:\/\/favorite-news.com\/es\/primera-campana-de-lays-para-apoyar-tanto-al-futbol-masculino-como-al-femenino-de-la-uefa\/\" \/>\n<meta property=\"og:site_name\" content=\"Favorite News\" \/>\n<meta property=\"article:published_time\" content=\"2021-03-08T16:11:26+00:00\" \/>\n<meta property=\"article:modified_time\" content=\"2021-03-08T16:11:29+00:00\" \/>\n<meta property=\"og:image\" content=\"https:\/\/favorite-news.com\/es\/wp-content\/uploads\/sites\/4\/2021\/03\/Primera-campana-de-Lays-para-apoyar-tanto-al-futbol-masculino.png\" \/>\n\t<meta property=\"og:image:width\" content=\"530\" \/>\n\t<meta property=\"og:image:height\" content=\"298\" \/>\n\t<meta property=\"og:image:type\" content=\"image\/png\" \/>\n<meta name=\"author\" content=\"favorite-news\" \/>\n<meta name=\"twitter:card\" content=\"summary_large_image\" \/>\n<meta name=\"twitter:label1\" content=\"Escrito por\" \/>\n\t<meta name=\"twitter:data1\" content=\"favorite-news\" \/>\n\t<meta name=\"twitter:label2\" content=\"Tiempo de lectura\" \/>\n\t<meta name=\"twitter:data2\" content=\"2 minutos\" \/>\n<script type=\"application\/ld+json\" class=\"yoast-schema-graph\">{\"@context\":\"https:\\\/\\\/schema.org\",\"@graph\":[{\"@type\":\"Article\",\"@id\":\"https:\\\/\\\/favorite-news.com\\\/es\\\/primera-campana-de-lays-para-apoyar-tanto-al-futbol-masculino-como-al-femenino-de-la-uefa\\\/#article\",\"isPartOf\":{\"@id\":\"https:\\\/\\\/favorite-news.com\\\/es\\\/primera-campana-de-lays-para-apoyar-tanto-al-futbol-masculino-como-al-femenino-de-la-uefa\\\/\"},\"author\":{\"name\":\"favorite-news\",\"@id\":\"https:\\\/\\\/favorite-news.com\\\/es\\\/#\\\/schema\\\/person\\\/b91573b717dcfa5e4696032a9d28d3e8\"},\"headline\":\"Primera campa\u00f1a de Lay&#8217;s para apoyar tanto al f\u00fatbol masculino como al femenino de la UEFA\",\"datePublished\":\"2021-03-08T16:11:26+00:00\",\"dateModified\":\"2021-03-08T16:11:29+00:00\",\"mainEntityOfPage\":{\"@id\":\"https:\\\/\\\/favorite-news.com\\\/es\\\/primera-campana-de-lays-para-apoyar-tanto-al-futbol-masculino-como-al-femenino-de-la-uefa\\\/\"},\"wordCount\":359,\"commentCount\":0,\"image\":{\"@id\":\"https:\\\/\\\/favorite-news.com\\\/es\\\/primera-campana-de-lays-para-apoyar-tanto-al-futbol-masculino-como-al-femenino-de-la-uefa\\\/#primaryimage\"},\"thumbnailUrl\":\"https:\\\/\\\/favorite-news.com\\\/es\\\/wp-content\\\/uploads\\\/sites\\\/4\\\/2021\\\/03\\\/Primera-campana-de-Lays-para-apoyar-tanto-al-futbol-masculino.png\",\"articleSection\":[\"NOTICIAS DE INTERNET MARKETING\"],\"inLanguage\":\"es\",\"potentialAction\":[{\"@type\":\"CommentAction\",\"name\":\"Comment\",\"target\":[\"https:\\\/\\\/favorite-news.com\\\/es\\\/primera-campana-de-lays-para-apoyar-tanto-al-futbol-masculino-como-al-femenino-de-la-uefa\\\/#respond\"]}]},{\"@type\":\"WebPage\",\"@id\":\"https:\\\/\\\/favorite-news.com\\\/es\\\/primera-campana-de-lays-para-apoyar-tanto-al-futbol-masculino-como-al-femenino-de-la-uefa\\\/\",\"url\":\"https:\\\/\\\/favorite-news.com\\\/es\\\/primera-campana-de-lays-para-apoyar-tanto-al-futbol-masculino-como-al-femenino-de-la-uefa\\\/\",\"name\":\"Primera campa\u00f1a de Lay's para apoyar tanto al f\u00fatbol masculino como al femenino de la UEFA - Favorite News\",\"isPartOf\":{\"@id\":\"https:\\\/\\\/favorite-news.com\\\/es\\\/#website\"},\"primaryImageOfPage\":{\"@id\":\"https:\\\/\\\/favorite-news.com\\\/es\\\/primera-campana-de-lays-para-apoyar-tanto-al-futbol-masculino-como-al-femenino-de-la-uefa\\\/#primaryimage\"},\"image\":{\"@id\":\"https:\\\/\\\/favorite-news.com\\\/es\\\/primera-campana-de-lays-para-apoyar-tanto-al-futbol-masculino-como-al-femenino-de-la-uefa\\\/#primaryimage\"},\"thumbnailUrl\":\"https:\\\/\\\/favorite-news.com\\\/es\\\/wp-content\\\/uploads\\\/sites\\\/4\\\/2021\\\/03\\\/Primera-campana-de-Lays-para-apoyar-tanto-al-futbol-masculino.png\",\"datePublished\":\"2021-03-08T16:11:26+00:00\",\"dateModified\":\"2021-03-08T16:11:29+00:00\",\"author\":{\"@id\":\"https:\\\/\\\/favorite-news.com\\\/es\\\/#\\\/schema\\\/person\\\/b91573b717dcfa5e4696032a9d28d3e8\"},\"breadcrumb\":{\"@id\":\"https:\\\/\\\/favorite-news.com\\\/es\\\/primera-campana-de-lays-para-apoyar-tanto-al-futbol-masculino-como-al-femenino-de-la-uefa\\\/#breadcrumb\"},\"inLanguage\":\"es\",\"potentialAction\":[{\"@type\":\"ReadAction\",\"target\":[\"https:\\\/\\\/favorite-news.com\\\/es\\\/primera-campana-de-lays-para-apoyar-tanto-al-futbol-masculino-como-al-femenino-de-la-uefa\\\/\"]}]},{\"@type\":\"ImageObject\",\"inLanguage\":\"es\",\"@id\":\"https:\\\/\\\/favorite-news.com\\\/es\\\/primera-campana-de-lays-para-apoyar-tanto-al-futbol-masculino-como-al-femenino-de-la-uefa\\\/#primaryimage\",\"url\":\"https:\\\/\\\/favorite-news.com\\\/es\\\/wp-content\\\/uploads\\\/sites\\\/4\\\/2021\\\/03\\\/Primera-campana-de-Lays-para-apoyar-tanto-al-futbol-masculino.png\",\"contentUrl\":\"https:\\\/\\\/favorite-news.com\\\/es\\\/wp-content\\\/uploads\\\/sites\\\/4\\\/2021\\\/03\\\/Primera-campana-de-Lays-para-apoyar-tanto-al-futbol-masculino.png\",\"width\":530,\"height\":298,\"caption\":\"Primera campa\u00f1a de Lay's para apoyar tanto al f\u00fatbol masculino como al femenino de la UEFA\"},{\"@type\":\"BreadcrumbList\",\"@id\":\"https:\\\/\\\/favorite-news.com\\\/es\\\/primera-campana-de-lays-para-apoyar-tanto-al-futbol-masculino-como-al-femenino-de-la-uefa\\\/#breadcrumb\",\"itemListElement\":[{\"@type\":\"ListItem\",\"position\":1,\"name\":\"Home\",\"item\":\"https:\\\/\\\/favorite-news.com\\\/es\\\/\"},{\"@type\":\"ListItem\",\"position\":2,\"name\":\"Primera campa\u00f1a de Lay&#8217;s para apoyar tanto al f\u00fatbol masculino como al femenino de la UEFA\"}]},{\"@type\":\"WebSite\",\"@id\":\"https:\\\/\\\/favorite-news.com\\\/es\\\/#website\",\"url\":\"https:\\\/\\\/favorite-news.com\\\/es\\\/\",\"name\":\"Favorite News\",\"description\":\"Favorite News Espa\u00f1a\",\"potentialAction\":[{\"@type\":\"SearchAction\",\"target\":{\"@type\":\"EntryPoint\",\"urlTemplate\":\"https:\\\/\\\/favorite-news.com\\\/es\\\/?s={search_term_string}\"},\"query-input\":{\"@type\":\"PropertyValueSpecification\",\"valueRequired\":true,\"valueName\":\"search_term_string\"}}],\"inLanguage\":\"es\"},{\"@type\":\"Person\",\"@id\":\"https:\\\/\\\/favorite-news.com\\\/es\\\/#\\\/schema\\\/person\\\/b91573b717dcfa5e4696032a9d28d3e8\",\"name\":\"favorite-news\",\"image\":{\"@type\":\"ImageObject\",\"inLanguage\":\"es\",\"@id\":\"https:\\\/\\\/secure.gravatar.com\\\/avatar\\\/6c5a5cb12b74e9d517ee91cf570335b7d16177f1977cc91db161adfa435945a7?s=96&d=mm&r=g\",\"url\":\"https:\\\/\\\/secure.gravatar.com\\\/avatar\\\/6c5a5cb12b74e9d517ee91cf570335b7d16177f1977cc91db161adfa435945a7?s=96&d=mm&r=g\",\"contentUrl\":\"https:\\\/\\\/secure.gravatar.com\\\/avatar\\\/6c5a5cb12b74e9d517ee91cf570335b7d16177f1977cc91db161adfa435945a7?s=96&d=mm&r=g\",\"caption\":\"favorite-news\"},\"url\":\"https:\\\/\\\/favorite-news.com\\\/es\\\/author\\\/pt\\\/\"}]}<\/script>\n<!-- \/ Yoast SEO plugin. -->","yoast_head_json":{"title":"Primera campa\u00f1a de Lay's para apoyar tanto al f\u00fatbol masculino como al femenino de la UEFA - Favorite News","robots":{"index":"index","follow":"follow","max-snippet":"max-snippet:-1","max-image-preview":"max-image-preview:large","max-video-preview":"max-video-preview:-1"},"canonical":"https:\/\/favorite-news.com\/es\/primera-campana-de-lays-para-apoyar-tanto-al-futbol-masculino-como-al-femenino-de-la-uefa\/","og_locale":"es_ES","og_type":"article","og_title":"Primera campa\u00f1a de Lay's para apoyar tanto al f\u00fatbol masculino como al femenino de la UEFA - Favorite News","og_description":"Leo Messi y Lieke MartensEn el spot titulado &#8216;Apartment Arena&#8217;, Messi y Martens son los encargados de unir, a trav\u00e9s de una atm\u00f3sfera t\u00edpica de estadio, a los vecinos de un edificio de apartamentos para disfrutar del partido juntos desde sus balcones. Al o\u00edr el irresistible sonido de la apertura de una bolsa de Lay\u2019s, [&hellip;]","og_url":"https:\/\/favorite-news.com\/es\/primera-campana-de-lays-para-apoyar-tanto-al-futbol-masculino-como-al-femenino-de-la-uefa\/","og_site_name":"Favorite News","article_published_time":"2021-03-08T16:11:26+00:00","article_modified_time":"2021-03-08T16:11:29+00:00","og_image":[{"width":530,"height":298,"url":"https:\/\/favorite-news.com\/es\/wp-content\/uploads\/sites\/4\/2021\/03\/Primera-campana-de-Lays-para-apoyar-tanto-al-futbol-masculino.png","type":"image\/png"}],"author":"favorite-news","twitter_card":"summary_large_image","twitter_misc":{"Escrito por":"favorite-news","Tiempo de lectura":"2 minutos"},"schema":{"@context":"https:\/\/schema.org","@graph":[{"@type":"Article","@id":"https:\/\/favorite-news.com\/es\/primera-campana-de-lays-para-apoyar-tanto-al-futbol-masculino-como-al-femenino-de-la-uefa\/#article","isPartOf":{"@id":"https:\/\/favorite-news.com\/es\/primera-campana-de-lays-para-apoyar-tanto-al-futbol-masculino-como-al-femenino-de-la-uefa\/"},"author":{"name":"favorite-news","@id":"https:\/\/favorite-news.com\/es\/#\/schema\/person\/b91573b717dcfa5e4696032a9d28d3e8"},"headline":"Primera campa\u00f1a de Lay&#8217;s para apoyar tanto al f\u00fatbol masculino como al femenino de la UEFA","datePublished":"2021-03-08T16:11:26+00:00","dateModified":"2021-03-08T16:11:29+00:00","mainEntityOfPage":{"@id":"https:\/\/favorite-news.com\/es\/primera-campana-de-lays-para-apoyar-tanto-al-futbol-masculino-como-al-femenino-de-la-uefa\/"},"wordCount":359,"commentCount":0,"image":{"@id":"https:\/\/favorite-news.com\/es\/primera-campana-de-lays-para-apoyar-tanto-al-futbol-masculino-como-al-femenino-de-la-uefa\/#primaryimage"},"thumbnailUrl":"https:\/\/favorite-news.com\/es\/wp-content\/uploads\/sites\/4\/2021\/03\/Primera-campana-de-Lays-para-apoyar-tanto-al-futbol-masculino.png","articleSection":["NOTICIAS DE INTERNET MARKETING"],"inLanguage":"es","potentialAction":[{"@type":"CommentAction","name":"Comment","target":["https:\/\/favorite-news.com\/es\/primera-campana-de-lays-para-apoyar-tanto-al-futbol-masculino-como-al-femenino-de-la-uefa\/#respond"]}]},{"@type":"WebPage","@id":"https:\/\/favorite-news.com\/es\/primera-campana-de-lays-para-apoyar-tanto-al-futbol-masculino-como-al-femenino-de-la-uefa\/","url":"https:\/\/favorite-news.com\/es\/primera-campana-de-lays-para-apoyar-tanto-al-futbol-masculino-como-al-femenino-de-la-uefa\/","name":"Primera campa\u00f1a de Lay's para apoyar tanto al f\u00fatbol masculino como al femenino de la UEFA - Favorite News","isPartOf":{"@id":"https:\/\/favorite-news.com\/es\/#website"},"primaryImageOfPage":{"@id":"https:\/\/favorite-news.com\/es\/primera-campana-de-lays-para-apoyar-tanto-al-futbol-masculino-como-al-femenino-de-la-uefa\/#primaryimage"},"image":{"@id":"https:\/\/favorite-news.com\/es\/primera-campana-de-lays-para-apoyar-tanto-al-futbol-masculino-como-al-femenino-de-la-uefa\/#primaryimage"},"thumbnailUrl":"https:\/\/favorite-news.com\/es\/wp-content\/uploads\/sites\/4\/2021\/03\/Primera-campana-de-Lays-para-apoyar-tanto-al-futbol-masculino.png","datePublished":"2021-03-08T16:11:26+00:00","dateModified":"2021-03-08T16:11:29+00:00","author":{"@id":"https:\/\/favorite-news.com\/es\/#\/schema\/person\/b91573b717dcfa5e4696032a9d28d3e8"},"breadcrumb":{"@id":"https:\/\/favorite-news.com\/es\/primera-campana-de-lays-para-apoyar-tanto-al-futbol-masculino-como-al-femenino-de-la-uefa\/#breadcrumb"},"inLanguage":"es","potentialAction":[{"@type":"ReadAction","target":["https:\/\/favorite-news.com\/es\/primera-campana-de-lays-para-apoyar-tanto-al-futbol-masculino-como-al-femenino-de-la-uefa\/"]}]},{"@type":"ImageObject","inLanguage":"es","@id":"https:\/\/favorite-news.com\/es\/primera-campana-de-lays-para-apoyar-tanto-al-futbol-masculino-como-al-femenino-de-la-uefa\/#primaryimage","url":"https:\/\/favorite-news.com\/es\/wp-content\/uploads\/sites\/4\/2021\/03\/Primera-campana-de-Lays-para-apoyar-tanto-al-futbol-masculino.png","contentUrl":"https:\/\/favorite-news.com\/es\/wp-content\/uploads\/sites\/4\/2021\/03\/Primera-campana-de-Lays-para-apoyar-tanto-al-futbol-masculino.png","width":530,"height":298,"caption":"Primera campa\u00f1a de Lay's para apoyar tanto al f\u00fatbol masculino como al femenino de la UEFA"},{"@type":"BreadcrumbList","@id":"https:\/\/favorite-news.com\/es\/primera-campana-de-lays-para-apoyar-tanto-al-futbol-masculino-como-al-femenino-de-la-uefa\/#breadcrumb","itemListElement":[{"@type":"ListItem","position":1,"name":"Home","item":"https:\/\/favorite-news.com\/es\/"},{"@type":"ListItem","position":2,"name":"Primera campa\u00f1a de Lay&#8217;s para apoyar tanto al f\u00fatbol masculino como al femenino de la UEFA"}]},{"@type":"WebSite","@id":"https:\/\/favorite-news.com\/es\/#website","url":"https:\/\/favorite-news.com\/es\/","name":"Favorite News","description":"Favorite News Espa\u00f1a","potentialAction":[{"@type":"SearchAction","target":{"@type":"EntryPoint","urlTemplate":"https:\/\/favorite-news.com\/es\/?s={search_term_string}"},"query-input":{"@type":"PropertyValueSpecification","valueRequired":true,"valueName":"search_term_string"}}],"inLanguage":"es"},{"@type":"Person","@id":"https:\/\/favorite-news.com\/es\/#\/schema\/person\/b91573b717dcfa5e4696032a9d28d3e8","name":"favorite-news","image":{"@type":"ImageObject","inLanguage":"es","@id":"https:\/\/secure.gravatar.com\/avatar\/6c5a5cb12b74e9d517ee91cf570335b7d16177f1977cc91db161adfa435945a7?s=96&d=mm&r=g","url":"https:\/\/secure.gravatar.com\/avatar\/6c5a5cb12b74e9d517ee91cf570335b7d16177f1977cc91db161adfa435945a7?s=96&d=mm&r=g","contentUrl":"https:\/\/secure.gravatar.com\/avatar\/6c5a5cb12b74e9d517ee91cf570335b7d16177f1977cc91db161adfa435945a7?s=96&d=mm&r=g","caption":"favorite-news"},"url":"https:\/\/favorite-news.com\/es\/author\/pt\/"}]}},"_links":{"self":[{"href":"https:\/\/favorite-news.com\/es\/wp-json\/wp\/v2\/posts\/6041","targetHints":{"allow":["GET"]}}],"collection":[{"href":"https:\/\/favorite-news.com\/es\/wp-json\/wp\/v2\/posts"}],"about":[{"href":"https:\/\/favorite-news.com\/es\/wp-json\/wp\/v2\/types\/post"}],"author":[{"embeddable":true,"href":"https:\/\/favorite-news.com\/es\/wp-json\/wp\/v2\/users\/2"}],"replies":[{"embeddable":true,"href":"https:\/\/favorite-news.com\/es\/wp-json\/wp\/v2\/comments?post=6041"}],"version-history":[{"count":1,"href":"https:\/\/favorite-news.com\/es\/wp-json\/wp\/v2\/posts\/6041\/revisions"}],"predecessor-version":[{"id":6043,"href":"https:\/\/favorite-news.com\/es\/wp-json\/wp\/v2\/posts\/6041\/revisions\/6043"}],"wp:featuredmedia":[{"embeddable":true,"href":"https:\/\/favorite-news.com\/es\/wp-json\/wp\/v2\/media\/6042"}],"wp:attachment":[{"href":"https:\/\/favorite-news.com\/es\/wp-json\/wp\/v2\/media?parent=6041"}],"wp:term":[{"taxonomy":"category","embeddable":true,"href":"https:\/\/favorite-news.com\/es\/wp-json\/wp\/v2\/categories?post=6041"},{"taxonomy":"post_tag","embeddable":true,"href":"https:\/\/favorite-news.com\/es\/wp-json\/wp\/v2\/tags?post=6041"}],"curies":[{"name":"wp","href":"https:\/\/api.w.org\/{rel}","templated":true}]}}