{"id":6032,"date":"2021-03-08T14:00:24","date_gmt":"2021-03-08T11:00:24","guid":{"rendered":"https:\/\/favorite-news.com\/es\/los-espanoles-creen-que-la-pandemia-tendra-un-efecto-negativo-en-la-igualdad-de-genero\/"},"modified":"2021-03-08T14:00:26","modified_gmt":"2021-03-08T11:00:26","slug":"los-espanoles-creen-que-la-pandemia-tendra-un-efecto-negativo-en-la-igualdad-de-genero","status":"publish","type":"post","link":"https:\/\/favorite-news.com\/es\/los-espanoles-creen-que-la-pandemia-tendra-un-efecto-negativo-en-la-igualdad-de-genero\/","title":{"rendered":"Los espa\u00f1oles creen que la pandemia tendr\u00e1 un efecto negativo en la  igualdad de g\u00e9nero"},"content":{"rendered":"<p>mujerLa brecha salarial es una de las principales reivindicaciones del feminismo en todo el mundo. La diferencia de sueldos entre hombres y mujeres en puestos similares es una realidad y algo que ya es un clamor para que se elimine cuanto antes. De hecho, es un tema en los que no hay diferencia de opini\u00f3n en cuanto a g\u00e9nero, tanto hombres como mujeres est\u00e1n de acuerdo que la brecha salarial es una realidad, as\u00ed lo afirman un 60% de las mujeres espa\u00f1olas y un 55% de los hombres espa\u00f1oles, se\u00fan el estudio de Ipsos. Donde no existe tanto consenso, m\u00e1s all\u00e1 del g\u00e9nero, es en si es un problema prioritario que tenga que ser solucionado en este momento. As\u00ed, de media, solo el 36% de los ciudadanos de los pa\u00edses entrevistado, piensan que la eliminaci\u00f3n de la brecha salarial es un tema importante y prioritario. Espa\u00f1a se sit\u00faa en el sexto lugar en esta lista con un 46% de ciudadanos que consideran que as\u00ed deber\u00eda ser, y como tercer pa\u00eds europeo solo por detr\u00e1s de Francia (51%) y B\u00e9lgica (47%). Entre los espa\u00f1oles que mantendr\u00edan este tema en la agenda de temas importantes, el 49% son mujeres y el 43% hombres.A pesar de esto, todav\u00eda hay un porcentaje significativo de la poblaci\u00f3n que cree que la preocupaci\u00f3n por la brecha salarial no responde a un problema real, en concreto, de media a nivel mundial son uno de cada cinco (19%) los que piensan que responde m\u00e1s a un tema de correcci\u00f3n pol\u00edtica que ha ido demasiado lejos. La misma proporci\u00f3n encontramos en Espa\u00f1a, aunque todav\u00eda un mayoritario 58% cree que es algo que s\u00ed se produce en la realidad.Incluso un 18% de media global va m\u00e1s all\u00e1 y cree que los informes sobre la brecha salarial de g\u00e9nero que publican los medios de comunicaci\u00f3n son fake news. Siendo los hombres m\u00e1s propensos a esta creencia (21%), frente a las mujeres (16%). En Espa\u00f1a estos datos aumentan, llegando al 21% de ciudadanos que consideran noticias falsas los estudios sobre las diferencias salariales entre hombres y mujeres, un grupo formado por un 25% de hombres y un 17% de mujeres.\u00bfLas profesiones tienen g\u00e9nero?Cada vez se intenta trasladar m\u00e1s el mensaje de que los trabajos no tienen g\u00e9nero y que todo el mundo es v\u00e1lido para cualquier profesi\u00f3n, pero, \u00bfse cumple en la realidad? Ipsos pidi\u00f3 a los ciudadanos de estos 28 pa\u00edses que opinaran sobre si diferentes profesiones est\u00e1n mayoritariamente compuestas por hombres o mujeres o de forma igualitaria, adem\u00e1s de decir si piensan que en cada uno de ellas el salario percibido es demasiado, demasiado poco o adecuado para cada desempe\u00f1o.El cuadro que resulta de estas respuestas es m\u00e1s que significativo y ofrece una foto fija de la situaci\u00f3n nada esperanzadora:Todos los trabajos percibidos con los sueldos demasiado bajos son los que se identifican con una mayor\u00eda femenina en sus plantillas: profesores, enfermeros, dependientes y cuidadores, tanto de ancianos y\/o discapacitados como de ni\u00f1os en guarder\u00edas o similares.Las dos \u00fanicas profesiones que los ciudadanos creen que tienen sueldos demasiado altos coinciden que son mayoritariamente masculinas: pol\u00edticos y los banqueros.El resto de empleos donde creen que los hombres ocupan la mayor\u00eda de puestos se identifican en general con sueldos m\u00e1s o menos justos como los inform\u00e1ticos, ingenieros, ejecutivos de cuentas, m\u00e9dicos, cient\u00edficos, polic\u00edas y trabajadores de la construcci\u00f3n.Solo los repartidores son percibidos como profesionales mayoritariamente masculinos con sueldos demasiado bajos.\u00a0En Espa\u00f1a se repite este esquema con alguna variaci\u00f3n de porcentajes pero sin llegar a cambiar el mapa, al igual que en el resto de pa\u00edses encuestados. Por lo que se puede afirmar que es una percepci\u00f3n global, algo end\u00e9mico en la sociedad y donde hay un gran trabajo que hacer tanto por parte de la poblaci\u00f3n en general, como de autoridades y empresas para conseguir darle la vuelta a este mapa.Cu\u00e1l ha sido el impacto de la Covid-19 en las mujeresDe media, la mayor\u00eda de los ciudadanos de los 28 pa\u00edses (64%) afirma que la pandemia tendr\u00e1 un impacto por igual entre hombres y mujeres, pero un 12% cree que ha tenido un peor impacto en la poblaci\u00f3n femenina, as\u00ed lo piensa tambi\u00e9n un 14% de espa\u00f1oles.\u00a0De hecho, entre los que creen que ahora es m\u00e1s probable que pierdan su trabajo (44% de media global), el 45% son mujeres. Una tendencia que tambi\u00e9n se detecta en Espa\u00f1a, e incluso m\u00e1s acentuada, donde el 56% de la poblaci\u00f3n est\u00e1 ahora m\u00e1s preocupada por quedarse desempleada, una preocupaci\u00f3n que aumenta entre las mujeres, donde un 63% as\u00ed lo exponen frente a un 51% de los hombres. Quiz\u00e1 por eso son tambi\u00e9n ellas quienes se han sentido menos apoyadas por sus empresas durante la pandemia, ya que dentro del 40% que afirman haber sentido este apoyo, solo el 36% son mujeres.La recuperaci\u00f3n tras el coronavirusEl mundo se enfrentar\u00e1 a un proceso de recuperaci\u00f3n in\u00e9dito en cuanto la pandemia est\u00e9 controlada y que afectar\u00e1 a todas las esferas de la sociedad. En este estudio se ha preguntado a los encuestados qu\u00e9 impacto tendr\u00e1 la pandemia en cuanto a conseguir la igualdad de g\u00e9nero, de media, el 52% de los ciudadanos de los 28 pa\u00edses encuestados piensan que se mantendr\u00e1 igual que antes, un porcentaje similar al de Espa\u00f1a (54%). No obstante, Espa\u00f1a se sit\u00faa entre uno de los pa\u00edses m\u00e1s pesimistas en este sentido, donde existe un porcentaje mayor de la poblaci\u00f3n (19%) que piensa que el impacto del Covid en t\u00e9rminos de igualdad de g\u00e9nero ser\u00e1 negativo, se marcar\u00e1n a\u00fan m\u00e1s esas diferencias.\u00a0Para intentar apaliar esos efectos negativos, este estudio analiza cu\u00e1les son los aspectos relacionados con las mujeres que deber\u00edan estar incluidos en los planes de recuperaci\u00f3n post Covid, para garantizar que se siga avanzando hacia la igualdad real.A escala global, la media arroja un top 3 liderado por la necesidad de contar con unas pol\u00edticas laborales m\u00e1s flexibles (40%), seguida de un mayor apoyo a las mujeres y ni\u00f1as que sufren violencia y\/o abusos (36%), y mejorar el acceso a los servicios de salud (33%).Sin embargo, los espa\u00f1oles sit\u00faan como principal prioridad la inversi\u00f3n en programas de creaci\u00f3n de empleo para las mujeres (37%), seguida de una mejora de las condiciones laborables para que sean m\u00e1s flexibles (35%), como el acceso al teletrabajo o jornadas reducidas, mismo porcentaje que apoya mejorar el acceso a la sanidad.\u00a0Para lograr el \u00e9xito en esta gesti\u00f3n de la recuperaci\u00f3n, de media, los ciudadanos a nivel mundial preguntados por cu\u00e1les son las cualidades que deben tener los pol\u00edticos que lideren estos planes de recuperaci\u00f3n, el 33% cree que deber\u00edan anteponer las necesidades de su pa\u00eds a la pol\u00edtica, un porcentaje que sube hasta el 40% en Espa\u00f1a. Una visi\u00f3n en lo que coinciden tanto hombres como mujeres.\u00a0<br \/>\n<br \/>\n<!--noindex--><br \/>\n<a href=\"http:\/\/www.marketingnews.es\/investigacion\/noticia\/1164782031605\/espanoles-creen-pandemia-tendra-efecto-negativo-igualdad-de-genero.1.html\" rel=\"nofollow\">Source link <\/a><br \/>\n<!--\/noindex--><\/p>\n","protected":false},"excerpt":{"rendered":"<p>mujerLa brecha salarial es una de las principales reivindicaciones del feminismo en todo el mundo. La diferencia de sueldos entre hombres y mujeres en puestos similares es una realidad y algo que ya es un clamor para que se elimine cuanto antes. De hecho, es un tema en los que no hay diferencia de opini\u00f3n [&hellip;]<\/p>\n","protected":false},"author":2,"featured_media":6033,"comment_status":"open","ping_status":"open","sticky":false,"template":"","format":"standard","meta":{"footnotes":""},"categories":[2],"tags":[],"class_list":["post-6032","post","type-post","status-publish","format-standard","has-post-thumbnail","hentry","category-noticias-de-internet-marketing"],"yoast_head":"<!-- This site is optimized with the Yoast SEO plugin v27.4 - https:\/\/yoast.com\/product\/yoast-seo-wordpress\/ -->\n<title>Los espa\u00f1oles creen que la pandemia tendr\u00e1 un efecto negativo en la igualdad de g\u00e9nero - Favorite News<\/title>\n<meta name=\"robots\" content=\"index, follow, max-snippet:-1, max-image-preview:large, max-video-preview:-1\" \/>\n<link rel=\"canonical\" href=\"https:\/\/favorite-news.com\/es\/los-espanoles-creen-que-la-pandemia-tendra-un-efecto-negativo-en-la-igualdad-de-genero\/\" \/>\n<meta property=\"og:locale\" content=\"es_ES\" \/>\n<meta property=\"og:type\" content=\"article\" \/>\n<meta property=\"og:title\" content=\"Los espa\u00f1oles creen que la pandemia tendr\u00e1 un efecto negativo en la igualdad de g\u00e9nero - Favorite News\" \/>\n<meta property=\"og:description\" content=\"mujerLa brecha salarial es una de las principales reivindicaciones del feminismo en todo el mundo. La diferencia de sueldos entre hombres y mujeres en puestos similares es una realidad y algo que ya es un clamor para que se elimine cuanto antes. De hecho, es un tema en los que no hay diferencia de opini\u00f3n [&hellip;]\" \/>\n<meta property=\"og:url\" content=\"https:\/\/favorite-news.com\/es\/los-espanoles-creen-que-la-pandemia-tendra-un-efecto-negativo-en-la-igualdad-de-genero\/\" \/>\n<meta property=\"og:site_name\" content=\"Favorite News\" \/>\n<meta property=\"article:published_time\" content=\"2021-03-08T11:00:24+00:00\" \/>\n<meta property=\"article:modified_time\" content=\"2021-03-08T11:00:26+00:00\" \/>\n<meta property=\"og:image\" content=\"https:\/\/favorite-news.com\/es\/wp-content\/uploads\/sites\/4\/2021\/03\/Los-espanoles-creen-que-la-pandemia-tendra-un-efecto-negativo.jpg\" \/>\n\t<meta property=\"og:image:width\" content=\"970\" \/>\n\t<meta property=\"og:image:height\" content=\"450\" \/>\n\t<meta property=\"og:image:type\" content=\"image\/jpeg\" \/>\n<meta name=\"author\" content=\"favorite-news\" \/>\n<meta name=\"twitter:card\" content=\"summary_large_image\" \/>\n<meta name=\"twitter:label1\" content=\"Escrito por\" \/>\n\t<meta name=\"twitter:data1\" content=\"favorite-news\" \/>\n\t<meta name=\"twitter:label2\" content=\"Tiempo de lectura\" \/>\n\t<meta name=\"twitter:data2\" content=\"6 minutos\" \/>\n<script type=\"application\/ld+json\" class=\"yoast-schema-graph\">{\"@context\":\"https:\\\/\\\/schema.org\",\"@graph\":[{\"@type\":\"Article\",\"@id\":\"https:\\\/\\\/favorite-news.com\\\/es\\\/los-espanoles-creen-que-la-pandemia-tendra-un-efecto-negativo-en-la-igualdad-de-genero\\\/#article\",\"isPartOf\":{\"@id\":\"https:\\\/\\\/favorite-news.com\\\/es\\\/los-espanoles-creen-que-la-pandemia-tendra-un-efecto-negativo-en-la-igualdad-de-genero\\\/\"},\"author\":{\"name\":\"favorite-news\",\"@id\":\"https:\\\/\\\/favorite-news.com\\\/es\\\/#\\\/schema\\\/person\\\/b91573b717dcfa5e4696032a9d28d3e8\"},\"headline\":\"Los espa\u00f1oles creen que la pandemia tendr\u00e1 un efecto negativo en la igualdad de g\u00e9nero\",\"datePublished\":\"2021-03-08T11:00:24+00:00\",\"dateModified\":\"2021-03-08T11:00:26+00:00\",\"mainEntityOfPage\":{\"@id\":\"https:\\\/\\\/favorite-news.com\\\/es\\\/los-espanoles-creen-que-la-pandemia-tendra-un-efecto-negativo-en-la-igualdad-de-genero\\\/\"},\"wordCount\":1228,\"commentCount\":0,\"image\":{\"@id\":\"https:\\\/\\\/favorite-news.com\\\/es\\\/los-espanoles-creen-que-la-pandemia-tendra-un-efecto-negativo-en-la-igualdad-de-genero\\\/#primaryimage\"},\"thumbnailUrl\":\"https:\\\/\\\/favorite-news.com\\\/es\\\/wp-content\\\/uploads\\\/sites\\\/4\\\/2021\\\/03\\\/Los-espanoles-creen-que-la-pandemia-tendra-un-efecto-negativo.jpg\",\"articleSection\":[\"NOTICIAS DE INTERNET MARKETING\"],\"inLanguage\":\"es\",\"potentialAction\":[{\"@type\":\"CommentAction\",\"name\":\"Comment\",\"target\":[\"https:\\\/\\\/favorite-news.com\\\/es\\\/los-espanoles-creen-que-la-pandemia-tendra-un-efecto-negativo-en-la-igualdad-de-genero\\\/#respond\"]}]},{\"@type\":\"WebPage\",\"@id\":\"https:\\\/\\\/favorite-news.com\\\/es\\\/los-espanoles-creen-que-la-pandemia-tendra-un-efecto-negativo-en-la-igualdad-de-genero\\\/\",\"url\":\"https:\\\/\\\/favorite-news.com\\\/es\\\/los-espanoles-creen-que-la-pandemia-tendra-un-efecto-negativo-en-la-igualdad-de-genero\\\/\",\"name\":\"Los espa\u00f1oles creen que la pandemia tendr\u00e1 un efecto negativo en la igualdad de g\u00e9nero - Favorite News\",\"isPartOf\":{\"@id\":\"https:\\\/\\\/favorite-news.com\\\/es\\\/#website\"},\"primaryImageOfPage\":{\"@id\":\"https:\\\/\\\/favorite-news.com\\\/es\\\/los-espanoles-creen-que-la-pandemia-tendra-un-efecto-negativo-en-la-igualdad-de-genero\\\/#primaryimage\"},\"image\":{\"@id\":\"https:\\\/\\\/favorite-news.com\\\/es\\\/los-espanoles-creen-que-la-pandemia-tendra-un-efecto-negativo-en-la-igualdad-de-genero\\\/#primaryimage\"},\"thumbnailUrl\":\"https:\\\/\\\/favorite-news.com\\\/es\\\/wp-content\\\/uploads\\\/sites\\\/4\\\/2021\\\/03\\\/Los-espanoles-creen-que-la-pandemia-tendra-un-efecto-negativo.jpg\",\"datePublished\":\"2021-03-08T11:00:24+00:00\",\"dateModified\":\"2021-03-08T11:00:26+00:00\",\"author\":{\"@id\":\"https:\\\/\\\/favorite-news.com\\\/es\\\/#\\\/schema\\\/person\\\/b91573b717dcfa5e4696032a9d28d3e8\"},\"breadcrumb\":{\"@id\":\"https:\\\/\\\/favorite-news.com\\\/es\\\/los-espanoles-creen-que-la-pandemia-tendra-un-efecto-negativo-en-la-igualdad-de-genero\\\/#breadcrumb\"},\"inLanguage\":\"es\",\"potentialAction\":[{\"@type\":\"ReadAction\",\"target\":[\"https:\\\/\\\/favorite-news.com\\\/es\\\/los-espanoles-creen-que-la-pandemia-tendra-un-efecto-negativo-en-la-igualdad-de-genero\\\/\"]}]},{\"@type\":\"ImageObject\",\"inLanguage\":\"es\",\"@id\":\"https:\\\/\\\/favorite-news.com\\\/es\\\/los-espanoles-creen-que-la-pandemia-tendra-un-efecto-negativo-en-la-igualdad-de-genero\\\/#primaryimage\",\"url\":\"https:\\\/\\\/favorite-news.com\\\/es\\\/wp-content\\\/uploads\\\/sites\\\/4\\\/2021\\\/03\\\/Los-espanoles-creen-que-la-pandemia-tendra-un-efecto-negativo.jpg\",\"contentUrl\":\"https:\\\/\\\/favorite-news.com\\\/es\\\/wp-content\\\/uploads\\\/sites\\\/4\\\/2021\\\/03\\\/Los-espanoles-creen-que-la-pandemia-tendra-un-efecto-negativo.jpg\",\"width\":970,\"height\":450,\"caption\":\"Los espa\u00f1oles creen que la pandemia tendr\u00e1 un efecto negativo en la igualdad de g\u00e9nero\"},{\"@type\":\"BreadcrumbList\",\"@id\":\"https:\\\/\\\/favorite-news.com\\\/es\\\/los-espanoles-creen-que-la-pandemia-tendra-un-efecto-negativo-en-la-igualdad-de-genero\\\/#breadcrumb\",\"itemListElement\":[{\"@type\":\"ListItem\",\"position\":1,\"name\":\"Home\",\"item\":\"https:\\\/\\\/favorite-news.com\\\/es\\\/\"},{\"@type\":\"ListItem\",\"position\":2,\"name\":\"Los espa\u00f1oles creen que la pandemia tendr\u00e1 un efecto negativo en la igualdad de g\u00e9nero\"}]},{\"@type\":\"WebSite\",\"@id\":\"https:\\\/\\\/favorite-news.com\\\/es\\\/#website\",\"url\":\"https:\\\/\\\/favorite-news.com\\\/es\\\/\",\"name\":\"Favorite News\",\"description\":\"Favorite News Espa\u00f1a\",\"potentialAction\":[{\"@type\":\"SearchAction\",\"target\":{\"@type\":\"EntryPoint\",\"urlTemplate\":\"https:\\\/\\\/favorite-news.com\\\/es\\\/?s={search_term_string}\"},\"query-input\":{\"@type\":\"PropertyValueSpecification\",\"valueRequired\":true,\"valueName\":\"search_term_string\"}}],\"inLanguage\":\"es\"},{\"@type\":\"Person\",\"@id\":\"https:\\\/\\\/favorite-news.com\\\/es\\\/#\\\/schema\\\/person\\\/b91573b717dcfa5e4696032a9d28d3e8\",\"name\":\"favorite-news\",\"image\":{\"@type\":\"ImageObject\",\"inLanguage\":\"es\",\"@id\":\"https:\\\/\\\/secure.gravatar.com\\\/avatar\\\/6c5a5cb12b74e9d517ee91cf570335b7d16177f1977cc91db161adfa435945a7?s=96&d=mm&r=g\",\"url\":\"https:\\\/\\\/secure.gravatar.com\\\/avatar\\\/6c5a5cb12b74e9d517ee91cf570335b7d16177f1977cc91db161adfa435945a7?s=96&d=mm&r=g\",\"contentUrl\":\"https:\\\/\\\/secure.gravatar.com\\\/avatar\\\/6c5a5cb12b74e9d517ee91cf570335b7d16177f1977cc91db161adfa435945a7?s=96&d=mm&r=g\",\"caption\":\"favorite-news\"},\"url\":\"https:\\\/\\\/favorite-news.com\\\/es\\\/author\\\/pt\\\/\"}]}<\/script>\n<!-- \/ Yoast SEO plugin. -->","yoast_head_json":{"title":"Los espa\u00f1oles creen que la pandemia tendr\u00e1 un efecto negativo en la igualdad de g\u00e9nero - Favorite News","robots":{"index":"index","follow":"follow","max-snippet":"max-snippet:-1","max-image-preview":"max-image-preview:large","max-video-preview":"max-video-preview:-1"},"canonical":"https:\/\/favorite-news.com\/es\/los-espanoles-creen-que-la-pandemia-tendra-un-efecto-negativo-en-la-igualdad-de-genero\/","og_locale":"es_ES","og_type":"article","og_title":"Los espa\u00f1oles creen que la pandemia tendr\u00e1 un efecto negativo en la igualdad de g\u00e9nero - Favorite News","og_description":"mujerLa brecha salarial es una de las principales reivindicaciones del feminismo en todo el mundo. La diferencia de sueldos entre hombres y mujeres en puestos similares es una realidad y algo que ya es un clamor para que se elimine cuanto antes. De hecho, es un tema en los que no hay diferencia de opini\u00f3n [&hellip;]","og_url":"https:\/\/favorite-news.com\/es\/los-espanoles-creen-que-la-pandemia-tendra-un-efecto-negativo-en-la-igualdad-de-genero\/","og_site_name":"Favorite News","article_published_time":"2021-03-08T11:00:24+00:00","article_modified_time":"2021-03-08T11:00:26+00:00","og_image":[{"width":970,"height":450,"url":"https:\/\/favorite-news.com\/es\/wp-content\/uploads\/sites\/4\/2021\/03\/Los-espanoles-creen-que-la-pandemia-tendra-un-efecto-negativo.jpg","type":"image\/jpeg"}],"author":"favorite-news","twitter_card":"summary_large_image","twitter_misc":{"Escrito por":"favorite-news","Tiempo de lectura":"6 minutos"},"schema":{"@context":"https:\/\/schema.org","@graph":[{"@type":"Article","@id":"https:\/\/favorite-news.com\/es\/los-espanoles-creen-que-la-pandemia-tendra-un-efecto-negativo-en-la-igualdad-de-genero\/#article","isPartOf":{"@id":"https:\/\/favorite-news.com\/es\/los-espanoles-creen-que-la-pandemia-tendra-un-efecto-negativo-en-la-igualdad-de-genero\/"},"author":{"name":"favorite-news","@id":"https:\/\/favorite-news.com\/es\/#\/schema\/person\/b91573b717dcfa5e4696032a9d28d3e8"},"headline":"Los espa\u00f1oles creen que la pandemia tendr\u00e1 un efecto negativo en la igualdad de g\u00e9nero","datePublished":"2021-03-08T11:00:24+00:00","dateModified":"2021-03-08T11:00:26+00:00","mainEntityOfPage":{"@id":"https:\/\/favorite-news.com\/es\/los-espanoles-creen-que-la-pandemia-tendra-un-efecto-negativo-en-la-igualdad-de-genero\/"},"wordCount":1228,"commentCount":0,"image":{"@id":"https:\/\/favorite-news.com\/es\/los-espanoles-creen-que-la-pandemia-tendra-un-efecto-negativo-en-la-igualdad-de-genero\/#primaryimage"},"thumbnailUrl":"https:\/\/favorite-news.com\/es\/wp-content\/uploads\/sites\/4\/2021\/03\/Los-espanoles-creen-que-la-pandemia-tendra-un-efecto-negativo.jpg","articleSection":["NOTICIAS DE INTERNET MARKETING"],"inLanguage":"es","potentialAction":[{"@type":"CommentAction","name":"Comment","target":["https:\/\/favorite-news.com\/es\/los-espanoles-creen-que-la-pandemia-tendra-un-efecto-negativo-en-la-igualdad-de-genero\/#respond"]}]},{"@type":"WebPage","@id":"https:\/\/favorite-news.com\/es\/los-espanoles-creen-que-la-pandemia-tendra-un-efecto-negativo-en-la-igualdad-de-genero\/","url":"https:\/\/favorite-news.com\/es\/los-espanoles-creen-que-la-pandemia-tendra-un-efecto-negativo-en-la-igualdad-de-genero\/","name":"Los espa\u00f1oles creen que la pandemia tendr\u00e1 un efecto negativo en la igualdad de g\u00e9nero - Favorite News","isPartOf":{"@id":"https:\/\/favorite-news.com\/es\/#website"},"primaryImageOfPage":{"@id":"https:\/\/favorite-news.com\/es\/los-espanoles-creen-que-la-pandemia-tendra-un-efecto-negativo-en-la-igualdad-de-genero\/#primaryimage"},"image":{"@id":"https:\/\/favorite-news.com\/es\/los-espanoles-creen-que-la-pandemia-tendra-un-efecto-negativo-en-la-igualdad-de-genero\/#primaryimage"},"thumbnailUrl":"https:\/\/favorite-news.com\/es\/wp-content\/uploads\/sites\/4\/2021\/03\/Los-espanoles-creen-que-la-pandemia-tendra-un-efecto-negativo.jpg","datePublished":"2021-03-08T11:00:24+00:00","dateModified":"2021-03-08T11:00:26+00:00","author":{"@id":"https:\/\/favorite-news.com\/es\/#\/schema\/person\/b91573b717dcfa5e4696032a9d28d3e8"},"breadcrumb":{"@id":"https:\/\/favorite-news.com\/es\/los-espanoles-creen-que-la-pandemia-tendra-un-efecto-negativo-en-la-igualdad-de-genero\/#breadcrumb"},"inLanguage":"es","potentialAction":[{"@type":"ReadAction","target":["https:\/\/favorite-news.com\/es\/los-espanoles-creen-que-la-pandemia-tendra-un-efecto-negativo-en-la-igualdad-de-genero\/"]}]},{"@type":"ImageObject","inLanguage":"es","@id":"https:\/\/favorite-news.com\/es\/los-espanoles-creen-que-la-pandemia-tendra-un-efecto-negativo-en-la-igualdad-de-genero\/#primaryimage","url":"https:\/\/favorite-news.com\/es\/wp-content\/uploads\/sites\/4\/2021\/03\/Los-espanoles-creen-que-la-pandemia-tendra-un-efecto-negativo.jpg","contentUrl":"https:\/\/favorite-news.com\/es\/wp-content\/uploads\/sites\/4\/2021\/03\/Los-espanoles-creen-que-la-pandemia-tendra-un-efecto-negativo.jpg","width":970,"height":450,"caption":"Los espa\u00f1oles creen que la pandemia tendr\u00e1 un efecto negativo en la igualdad de g\u00e9nero"},{"@type":"BreadcrumbList","@id":"https:\/\/favorite-news.com\/es\/los-espanoles-creen-que-la-pandemia-tendra-un-efecto-negativo-en-la-igualdad-de-genero\/#breadcrumb","itemListElement":[{"@type":"ListItem","position":1,"name":"Home","item":"https:\/\/favorite-news.com\/es\/"},{"@type":"ListItem","position":2,"name":"Los espa\u00f1oles creen que la pandemia tendr\u00e1 un efecto negativo en la igualdad de g\u00e9nero"}]},{"@type":"WebSite","@id":"https:\/\/favorite-news.com\/es\/#website","url":"https:\/\/favorite-news.com\/es\/","name":"Favorite News","description":"Favorite News Espa\u00f1a","potentialAction":[{"@type":"SearchAction","target":{"@type":"EntryPoint","urlTemplate":"https:\/\/favorite-news.com\/es\/?s={search_term_string}"},"query-input":{"@type":"PropertyValueSpecification","valueRequired":true,"valueName":"search_term_string"}}],"inLanguage":"es"},{"@type":"Person","@id":"https:\/\/favorite-news.com\/es\/#\/schema\/person\/b91573b717dcfa5e4696032a9d28d3e8","name":"favorite-news","image":{"@type":"ImageObject","inLanguage":"es","@id":"https:\/\/secure.gravatar.com\/avatar\/6c5a5cb12b74e9d517ee91cf570335b7d16177f1977cc91db161adfa435945a7?s=96&d=mm&r=g","url":"https:\/\/secure.gravatar.com\/avatar\/6c5a5cb12b74e9d517ee91cf570335b7d16177f1977cc91db161adfa435945a7?s=96&d=mm&r=g","contentUrl":"https:\/\/secure.gravatar.com\/avatar\/6c5a5cb12b74e9d517ee91cf570335b7d16177f1977cc91db161adfa435945a7?s=96&d=mm&r=g","caption":"favorite-news"},"url":"https:\/\/favorite-news.com\/es\/author\/pt\/"}]}},"_links":{"self":[{"href":"https:\/\/favorite-news.com\/es\/wp-json\/wp\/v2\/posts\/6032","targetHints":{"allow":["GET"]}}],"collection":[{"href":"https:\/\/favorite-news.com\/es\/wp-json\/wp\/v2\/posts"}],"about":[{"href":"https:\/\/favorite-news.com\/es\/wp-json\/wp\/v2\/types\/post"}],"author":[{"embeddable":true,"href":"https:\/\/favorite-news.com\/es\/wp-json\/wp\/v2\/users\/2"}],"replies":[{"embeddable":true,"href":"https:\/\/favorite-news.com\/es\/wp-json\/wp\/v2\/comments?post=6032"}],"version-history":[{"count":1,"href":"https:\/\/favorite-news.com\/es\/wp-json\/wp\/v2\/posts\/6032\/revisions"}],"predecessor-version":[{"id":6034,"href":"https:\/\/favorite-news.com\/es\/wp-json\/wp\/v2\/posts\/6032\/revisions\/6034"}],"wp:featuredmedia":[{"embeddable":true,"href":"https:\/\/favorite-news.com\/es\/wp-json\/wp\/v2\/media\/6033"}],"wp:attachment":[{"href":"https:\/\/favorite-news.com\/es\/wp-json\/wp\/v2\/media?parent=6032"}],"wp:term":[{"taxonomy":"category","embeddable":true,"href":"https:\/\/favorite-news.com\/es\/wp-json\/wp\/v2\/categories?post=6032"},{"taxonomy":"post_tag","embeddable":true,"href":"https:\/\/favorite-news.com\/es\/wp-json\/wp\/v2\/tags?post=6032"}],"curies":[{"name":"wp","href":"https:\/\/api.w.org\/{rel}","templated":true}]}}