{"id":6020,"date":"2021-03-08T08:49:37","date_gmt":"2021-03-08T05:49:37","guid":{"rendered":"https:\/\/favorite-news.com\/es\/viaje-a-la-compra-del-shopper-post-covid\/"},"modified":"2021-03-08T08:49:41","modified_gmt":"2021-03-08T05:49:41","slug":"viaje-a-la-compra-del-shopper-post-covid","status":"publish","type":"post","link":"https:\/\/favorite-news.com\/es\/viaje-a-la-compra-del-shopper-post-covid\/","title":{"rendered":"Viaje a la compra del Shopper Post-Covid"},"content":{"rendered":"<p>Si me pongo a pensar en todo lo que nos ha tra\u00eddo este virus, con el que llevamos ya casi un a\u00f1o viviendo, lo primero que me viene a la cabeza es confinamiento, casa, seguridad, enfermedad, crisis\u2026.y luego naturaleza, deporte, familia o terraza.Mucho se habla de los cambios en los h\u00e1bitos de vida que nos ha tra\u00eddo el Covid: que si nos hemos convertido en homecentric o casacentristas, que si hemos interiorizado el teletrabajo, que si ha evolucionado el online como en unos 30 a\u00f1os, que si buscamos mejorar nuestro h\u00e1bitat y nos mudamos a zonas menos urbanas, que si cocinamos m\u00e1s, que si pasamos m\u00e1s tiempo en familia, que si intentamos comer m\u00e1s sano, que hacemos m\u00e1s deporte&#8230; La lista es larga y a\u00fan me dejo muchos cambios sin nombrar, para no convertir este art\u00edculo en un listado ya enumerado por muchos medios.\u00a0Detr\u00e1s de todos estos cambios y la huella que nos ha dejado la pandemia, lo primero que surge, es que est\u00e1n cambiando los valores emocionales y sociales. Si hace un a\u00f1o lo que primaba socialmente era ser el que animaba todas fiestas, el que abrazaba y presentaba a todos, el que m\u00e1s amig@s ten\u00eda, m\u00e1s actividades hac\u00eda, m\u00e1s viajaba, etc., ahora mismo, si haces eso eres un desaprensivo y est\u00e1s excluido de muchos c\u00edrculos sociales. Lo que nos va a dejar esta etapa, no es solo una crisis sanitaria y puede que econ\u00f3mica, sino que detr\u00e1s hay unos cambios profundos y unos planteamientos sociales opuestos a lo que era nuestra esencia, la esencia espa\u00f1ola.\u00a0Y\u2026 \u00a1s\u00ed! Como dicen tambi\u00e9n, hay una parte de nosotros que desea que esto acabe y volver a salir a consumir alegremente (la prueba es que las terrazas est\u00e1n llenas), comprarnos ropa y maquillaje, y volver a recorrer el mundo\u2026pero, \u00bfser\u00e1 como antes?Un equipo de cient\u00edficos del Colegio Universitario del Londres, evalu\u00f3 la formaci\u00f3n de nuevos h\u00e1bitos en 96 personas durante un lapso de 12 semanas. Al hacerlo, descubrieron que, en promedio, el tiempo que tardan las personas en adquirir un nuevo h\u00e1bito es de 66 d\u00edas, con una variaci\u00f3n temporal de entre 18 a 254 d\u00edas.Nosotros llevamos casi 365 desde el confinamiento. Estad\u00edsticamente, el Shopper Post-Covid ser\u00e1 diferente, y aunque somos perfiles mixtos (desde los m\u00e1s temerosos o resignados, hasta los m\u00e1s empoderados) todos habremos vivido durante un gran lapso de tiempo resignados, frustrados, con miedo\u2026 Y en ese tiempo, habremos aprendido a hacer las cosas de otra forma: m\u00e1s en casa, en familia, con m\u00e1s distancia, higiene y cuidado personal.\u00a0Todos buscaremos espacios m\u00e1s abiertos, es el gran momento de reinventarse para los Centros Comerciales, dando m\u00e1s importancia a las zonas abiertas o ajardinadas, donde haya menos masificaci\u00f3n y haya un ocio m\u00e1s natural.Seguiremos fidelizados a nuestra tienda de proximidad, aunque podamos hacer compras on-line en formatos m\u00e1s grandes o diferentes. La tienda de proximidad o de conveniencia puede gestionarse y mejorar, pues todav\u00eda le queda mucho camino por recorrer en lo que a experiencia de compra se refiere.La gran baza que juega el digital, ahora es enorme, pues es la nueva herramienta de fidelizaci\u00f3n de una tienda que no sea cercana. La experiencia del on-line en Gran Consumo debe de ser impecable, potenciando la compra de los frescos que siempre han sido el eje de la lealtad, ahora m\u00e1s. Transmitiendo toda la esencia de la marca en la tienda virtual (por ejemplo, si en la tienda f\u00edsica no hay colas, los tiempos de entrega a domicilio han de ser cortos, etc.).Es el momento de desarrollo de todo lo natural, lo sostenible, lo ecol\u00f3gico y las categor\u00edas plant based. Son clave para este nuevo comprador que se ha vuelto mucho m\u00e1s consciente con lo que come y cuidadoso con su salud.Por otra parte, la forma de movilizar al shopper asustado y temeroso al punto de venta es la promoci\u00f3n, para ayudarle a cuidar sus ahorros o proteger su presupuesto. Solidaric\u00e9monos con \u00e9l y creemos un v\u00ednculo emocional con nuestra ense\u00f1a o marca. \u00a0La conveniencia, el consumo en el hogar y el delivery son una realidad, que han llegado para quedarse. Los formatos listos para comer nos van a seguir solucionando la vida desde el supermercado, y si nos pueden llevar la comida a casa mucho mejor.Ya que el shopper es casacentrista, el hogar tiene que ser lo m\u00e1s c\u00f3modo, \u00fatil y pr\u00e1ctico posible, con zonas abiertas o ajardinadas. Toda la innovaci\u00f3n dirigida a la renovaci\u00f3n de espacios es bienvenida, de hecho, ya hay una gran tendencia al reciclaje de muebles, alquiler de herramientas, materiales sostenibles\u2026 en definitiva, soluciones respetuosas con el medio ambiente.Y pong\u00e1moselo todo muy f\u00e1cil, que adem\u00e1s estamos hablando de un Shopper C o Conectado, independientemente de la edad: medios de pago (bizzum ya es una realidad en los comercios), cr\u00e9ditos o pagos aplazados para cualquier tipo de compra, la belleza en formato tecnol\u00f3gico o digital, wifi desde cualquier punto o en cualquier punto de venta, contratos o acuerdos de compra de los que sea f\u00e1cil salir o cancelar, etc.\u00a0\u00a0En resumen: seguiremos comprando, saliendo y viajando\u2026 pero de una nueva forma m\u00e1s higi\u00e9nica, saludable, ecol\u00f3gica y digital.Se\u00f1ores retailers, fabricantes y marcas, es el momento de acompa\u00f1ar a este shopper en su nuevo viaje a la compra post-covid: un viaje m\u00e1s sostenible, saludable, conectado y consciente, y proporcionarle la seguridad que necesita para comprar m\u00e1s y mejor.<br \/>\n<br \/>\n<!--noindex--><br \/>\n<a href=\"http:\/\/www.marketingnews.es\/investigacion\/opinion\/1164608031605\/viaje-compra-del-shopper-post-covid.1.html\" rel=\"nofollow\">Source link <\/a><br \/>\n<!--\/noindex--><\/p>\n","protected":false},"excerpt":{"rendered":"<p>Si me pongo a pensar en todo lo que nos ha tra\u00eddo este virus, con el que llevamos ya casi un a\u00f1o viviendo, lo primero que me viene a la cabeza es confinamiento, casa, seguridad, enfermedad, crisis\u2026.y luego naturaleza, deporte, familia o terraza.Mucho se habla de los cambios en los h\u00e1bitos de vida que nos [&hellip;]<\/p>\n","protected":false},"author":2,"featured_media":6021,"comment_status":"open","ping_status":"open","sticky":false,"template":"","format":"standard","meta":{"footnotes":""},"categories":[2],"tags":[],"class_list":["post-6020","post","type-post","status-publish","format-standard","has-post-thumbnail","hentry","category-noticias-de-internet-marketing"],"yoast_head":"<!-- This site is optimized with the Yoast SEO plugin v27.4 - https:\/\/yoast.com\/product\/yoast-seo-wordpress\/ -->\n<title>Viaje a la compra del Shopper Post-Covid - Favorite News<\/title>\n<meta name=\"robots\" content=\"index, follow, max-snippet:-1, max-image-preview:large, max-video-preview:-1\" \/>\n<link rel=\"canonical\" href=\"https:\/\/favorite-news.com\/es\/viaje-a-la-compra-del-shopper-post-covid\/\" \/>\n<meta property=\"og:locale\" content=\"es_ES\" \/>\n<meta property=\"og:type\" content=\"article\" \/>\n<meta property=\"og:title\" content=\"Viaje a la compra del Shopper Post-Covid - Favorite News\" \/>\n<meta property=\"og:description\" content=\"Si me pongo a pensar en todo lo que nos ha tra\u00eddo este virus, con el que llevamos ya casi un a\u00f1o viviendo, lo primero que me viene a la cabeza es confinamiento, casa, seguridad, enfermedad, crisis\u2026.y luego naturaleza, deporte, familia o terraza.Mucho se habla de los cambios en los h\u00e1bitos de vida que nos [&hellip;]\" \/>\n<meta property=\"og:url\" content=\"https:\/\/favorite-news.com\/es\/viaje-a-la-compra-del-shopper-post-covid\/\" \/>\n<meta property=\"og:site_name\" content=\"Favorite News\" \/>\n<meta property=\"article:published_time\" content=\"2021-03-08T05:49:37+00:00\" \/>\n<meta property=\"article:modified_time\" content=\"2021-03-08T05:49:41+00:00\" \/>\n<meta property=\"og:image\" content=\"https:\/\/favorite-news.com\/es\/wp-content\/uploads\/sites\/4\/2021\/03\/Viaje-a-la-compra-del-Shopper-Post-Covid.jpg\" \/>\n\t<meta property=\"og:image:width\" content=\"400\" \/>\n\t<meta property=\"og:image:height\" content=\"400\" \/>\n\t<meta property=\"og:image:type\" content=\"image\/jpeg\" \/>\n<meta name=\"author\" content=\"favorite-news\" \/>\n<meta name=\"twitter:card\" content=\"summary_large_image\" \/>\n<meta name=\"twitter:label1\" content=\"Escrito por\" \/>\n\t<meta name=\"twitter:data1\" content=\"favorite-news\" \/>\n\t<meta name=\"twitter:label2\" content=\"Tiempo de lectura\" \/>\n\t<meta name=\"twitter:data2\" content=\"5 minutos\" \/>\n<script type=\"application\/ld+json\" class=\"yoast-schema-graph\">{\"@context\":\"https:\\\/\\\/schema.org\",\"@graph\":[{\"@type\":\"Article\",\"@id\":\"https:\\\/\\\/favorite-news.com\\\/es\\\/viaje-a-la-compra-del-shopper-post-covid\\\/#article\",\"isPartOf\":{\"@id\":\"https:\\\/\\\/favorite-news.com\\\/es\\\/viaje-a-la-compra-del-shopper-post-covid\\\/\"},\"author\":{\"name\":\"favorite-news\",\"@id\":\"https:\\\/\\\/favorite-news.com\\\/es\\\/#\\\/schema\\\/person\\\/b91573b717dcfa5e4696032a9d28d3e8\"},\"headline\":\"Viaje a la compra del Shopper Post-Covid\",\"datePublished\":\"2021-03-08T05:49:37+00:00\",\"dateModified\":\"2021-03-08T05:49:41+00:00\",\"mainEntityOfPage\":{\"@id\":\"https:\\\/\\\/favorite-news.com\\\/es\\\/viaje-a-la-compra-del-shopper-post-covid\\\/\"},\"wordCount\":977,\"commentCount\":0,\"image\":{\"@id\":\"https:\\\/\\\/favorite-news.com\\\/es\\\/viaje-a-la-compra-del-shopper-post-covid\\\/#primaryimage\"},\"thumbnailUrl\":\"https:\\\/\\\/favorite-news.com\\\/es\\\/wp-content\\\/uploads\\\/sites\\\/4\\\/2021\\\/03\\\/Viaje-a-la-compra-del-Shopper-Post-Covid.jpg\",\"articleSection\":[\"NOTICIAS DE INTERNET MARKETING\"],\"inLanguage\":\"es\",\"potentialAction\":[{\"@type\":\"CommentAction\",\"name\":\"Comment\",\"target\":[\"https:\\\/\\\/favorite-news.com\\\/es\\\/viaje-a-la-compra-del-shopper-post-covid\\\/#respond\"]}]},{\"@type\":\"WebPage\",\"@id\":\"https:\\\/\\\/favorite-news.com\\\/es\\\/viaje-a-la-compra-del-shopper-post-covid\\\/\",\"url\":\"https:\\\/\\\/favorite-news.com\\\/es\\\/viaje-a-la-compra-del-shopper-post-covid\\\/\",\"name\":\"Viaje a la compra del Shopper Post-Covid - Favorite News\",\"isPartOf\":{\"@id\":\"https:\\\/\\\/favorite-news.com\\\/es\\\/#website\"},\"primaryImageOfPage\":{\"@id\":\"https:\\\/\\\/favorite-news.com\\\/es\\\/viaje-a-la-compra-del-shopper-post-covid\\\/#primaryimage\"},\"image\":{\"@id\":\"https:\\\/\\\/favorite-news.com\\\/es\\\/viaje-a-la-compra-del-shopper-post-covid\\\/#primaryimage\"},\"thumbnailUrl\":\"https:\\\/\\\/favorite-news.com\\\/es\\\/wp-content\\\/uploads\\\/sites\\\/4\\\/2021\\\/03\\\/Viaje-a-la-compra-del-Shopper-Post-Covid.jpg\",\"datePublished\":\"2021-03-08T05:49:37+00:00\",\"dateModified\":\"2021-03-08T05:49:41+00:00\",\"author\":{\"@id\":\"https:\\\/\\\/favorite-news.com\\\/es\\\/#\\\/schema\\\/person\\\/b91573b717dcfa5e4696032a9d28d3e8\"},\"breadcrumb\":{\"@id\":\"https:\\\/\\\/favorite-news.com\\\/es\\\/viaje-a-la-compra-del-shopper-post-covid\\\/#breadcrumb\"},\"inLanguage\":\"es\",\"potentialAction\":[{\"@type\":\"ReadAction\",\"target\":[\"https:\\\/\\\/favorite-news.com\\\/es\\\/viaje-a-la-compra-del-shopper-post-covid\\\/\"]}]},{\"@type\":\"ImageObject\",\"inLanguage\":\"es\",\"@id\":\"https:\\\/\\\/favorite-news.com\\\/es\\\/viaje-a-la-compra-del-shopper-post-covid\\\/#primaryimage\",\"url\":\"https:\\\/\\\/favorite-news.com\\\/es\\\/wp-content\\\/uploads\\\/sites\\\/4\\\/2021\\\/03\\\/Viaje-a-la-compra-del-Shopper-Post-Covid.jpg\",\"contentUrl\":\"https:\\\/\\\/favorite-news.com\\\/es\\\/wp-content\\\/uploads\\\/sites\\\/4\\\/2021\\\/03\\\/Viaje-a-la-compra-del-Shopper-Post-Covid.jpg\",\"width\":400,\"height\":400,\"caption\":\"Viaje a la compra del Shopper Post-Covid\"},{\"@type\":\"BreadcrumbList\",\"@id\":\"https:\\\/\\\/favorite-news.com\\\/es\\\/viaje-a-la-compra-del-shopper-post-covid\\\/#breadcrumb\",\"itemListElement\":[{\"@type\":\"ListItem\",\"position\":1,\"name\":\"Home\",\"item\":\"https:\\\/\\\/favorite-news.com\\\/es\\\/\"},{\"@type\":\"ListItem\",\"position\":2,\"name\":\"Viaje a la compra del Shopper Post-Covid\"}]},{\"@type\":\"WebSite\",\"@id\":\"https:\\\/\\\/favorite-news.com\\\/es\\\/#website\",\"url\":\"https:\\\/\\\/favorite-news.com\\\/es\\\/\",\"name\":\"Favorite News\",\"description\":\"Favorite News Espa\u00f1a\",\"potentialAction\":[{\"@type\":\"SearchAction\",\"target\":{\"@type\":\"EntryPoint\",\"urlTemplate\":\"https:\\\/\\\/favorite-news.com\\\/es\\\/?s={search_term_string}\"},\"query-input\":{\"@type\":\"PropertyValueSpecification\",\"valueRequired\":true,\"valueName\":\"search_term_string\"}}],\"inLanguage\":\"es\"},{\"@type\":\"Person\",\"@id\":\"https:\\\/\\\/favorite-news.com\\\/es\\\/#\\\/schema\\\/person\\\/b91573b717dcfa5e4696032a9d28d3e8\",\"name\":\"favorite-news\",\"image\":{\"@type\":\"ImageObject\",\"inLanguage\":\"es\",\"@id\":\"https:\\\/\\\/secure.gravatar.com\\\/avatar\\\/6c5a5cb12b74e9d517ee91cf570335b7d16177f1977cc91db161adfa435945a7?s=96&d=mm&r=g\",\"url\":\"https:\\\/\\\/secure.gravatar.com\\\/avatar\\\/6c5a5cb12b74e9d517ee91cf570335b7d16177f1977cc91db161adfa435945a7?s=96&d=mm&r=g\",\"contentUrl\":\"https:\\\/\\\/secure.gravatar.com\\\/avatar\\\/6c5a5cb12b74e9d517ee91cf570335b7d16177f1977cc91db161adfa435945a7?s=96&d=mm&r=g\",\"caption\":\"favorite-news\"},\"url\":\"https:\\\/\\\/favorite-news.com\\\/es\\\/author\\\/pt\\\/\"}]}<\/script>\n<!-- \/ Yoast SEO plugin. -->","yoast_head_json":{"title":"Viaje a la compra del Shopper Post-Covid - Favorite News","robots":{"index":"index","follow":"follow","max-snippet":"max-snippet:-1","max-image-preview":"max-image-preview:large","max-video-preview":"max-video-preview:-1"},"canonical":"https:\/\/favorite-news.com\/es\/viaje-a-la-compra-del-shopper-post-covid\/","og_locale":"es_ES","og_type":"article","og_title":"Viaje a la compra del Shopper Post-Covid - Favorite News","og_description":"Si me pongo a pensar en todo lo que nos ha tra\u00eddo este virus, con el que llevamos ya casi un a\u00f1o viviendo, lo primero que me viene a la cabeza es confinamiento, casa, seguridad, enfermedad, crisis\u2026.y luego naturaleza, deporte, familia o terraza.Mucho se habla de los cambios en los h\u00e1bitos de vida que nos [&hellip;]","og_url":"https:\/\/favorite-news.com\/es\/viaje-a-la-compra-del-shopper-post-covid\/","og_site_name":"Favorite News","article_published_time":"2021-03-08T05:49:37+00:00","article_modified_time":"2021-03-08T05:49:41+00:00","og_image":[{"width":400,"height":400,"url":"https:\/\/favorite-news.com\/es\/wp-content\/uploads\/sites\/4\/2021\/03\/Viaje-a-la-compra-del-Shopper-Post-Covid.jpg","type":"image\/jpeg"}],"author":"favorite-news","twitter_card":"summary_large_image","twitter_misc":{"Escrito por":"favorite-news","Tiempo de lectura":"5 minutos"},"schema":{"@context":"https:\/\/schema.org","@graph":[{"@type":"Article","@id":"https:\/\/favorite-news.com\/es\/viaje-a-la-compra-del-shopper-post-covid\/#article","isPartOf":{"@id":"https:\/\/favorite-news.com\/es\/viaje-a-la-compra-del-shopper-post-covid\/"},"author":{"name":"favorite-news","@id":"https:\/\/favorite-news.com\/es\/#\/schema\/person\/b91573b717dcfa5e4696032a9d28d3e8"},"headline":"Viaje a la compra del Shopper Post-Covid","datePublished":"2021-03-08T05:49:37+00:00","dateModified":"2021-03-08T05:49:41+00:00","mainEntityOfPage":{"@id":"https:\/\/favorite-news.com\/es\/viaje-a-la-compra-del-shopper-post-covid\/"},"wordCount":977,"commentCount":0,"image":{"@id":"https:\/\/favorite-news.com\/es\/viaje-a-la-compra-del-shopper-post-covid\/#primaryimage"},"thumbnailUrl":"https:\/\/favorite-news.com\/es\/wp-content\/uploads\/sites\/4\/2021\/03\/Viaje-a-la-compra-del-Shopper-Post-Covid.jpg","articleSection":["NOTICIAS DE INTERNET MARKETING"],"inLanguage":"es","potentialAction":[{"@type":"CommentAction","name":"Comment","target":["https:\/\/favorite-news.com\/es\/viaje-a-la-compra-del-shopper-post-covid\/#respond"]}]},{"@type":"WebPage","@id":"https:\/\/favorite-news.com\/es\/viaje-a-la-compra-del-shopper-post-covid\/","url":"https:\/\/favorite-news.com\/es\/viaje-a-la-compra-del-shopper-post-covid\/","name":"Viaje a la compra del Shopper Post-Covid - Favorite News","isPartOf":{"@id":"https:\/\/favorite-news.com\/es\/#website"},"primaryImageOfPage":{"@id":"https:\/\/favorite-news.com\/es\/viaje-a-la-compra-del-shopper-post-covid\/#primaryimage"},"image":{"@id":"https:\/\/favorite-news.com\/es\/viaje-a-la-compra-del-shopper-post-covid\/#primaryimage"},"thumbnailUrl":"https:\/\/favorite-news.com\/es\/wp-content\/uploads\/sites\/4\/2021\/03\/Viaje-a-la-compra-del-Shopper-Post-Covid.jpg","datePublished":"2021-03-08T05:49:37+00:00","dateModified":"2021-03-08T05:49:41+00:00","author":{"@id":"https:\/\/favorite-news.com\/es\/#\/schema\/person\/b91573b717dcfa5e4696032a9d28d3e8"},"breadcrumb":{"@id":"https:\/\/favorite-news.com\/es\/viaje-a-la-compra-del-shopper-post-covid\/#breadcrumb"},"inLanguage":"es","potentialAction":[{"@type":"ReadAction","target":["https:\/\/favorite-news.com\/es\/viaje-a-la-compra-del-shopper-post-covid\/"]}]},{"@type":"ImageObject","inLanguage":"es","@id":"https:\/\/favorite-news.com\/es\/viaje-a-la-compra-del-shopper-post-covid\/#primaryimage","url":"https:\/\/favorite-news.com\/es\/wp-content\/uploads\/sites\/4\/2021\/03\/Viaje-a-la-compra-del-Shopper-Post-Covid.jpg","contentUrl":"https:\/\/favorite-news.com\/es\/wp-content\/uploads\/sites\/4\/2021\/03\/Viaje-a-la-compra-del-Shopper-Post-Covid.jpg","width":400,"height":400,"caption":"Viaje a la compra del Shopper Post-Covid"},{"@type":"BreadcrumbList","@id":"https:\/\/favorite-news.com\/es\/viaje-a-la-compra-del-shopper-post-covid\/#breadcrumb","itemListElement":[{"@type":"ListItem","position":1,"name":"Home","item":"https:\/\/favorite-news.com\/es\/"},{"@type":"ListItem","position":2,"name":"Viaje a la compra del Shopper Post-Covid"}]},{"@type":"WebSite","@id":"https:\/\/favorite-news.com\/es\/#website","url":"https:\/\/favorite-news.com\/es\/","name":"Favorite News","description":"Favorite News Espa\u00f1a","potentialAction":[{"@type":"SearchAction","target":{"@type":"EntryPoint","urlTemplate":"https:\/\/favorite-news.com\/es\/?s={search_term_string}"},"query-input":{"@type":"PropertyValueSpecification","valueRequired":true,"valueName":"search_term_string"}}],"inLanguage":"es"},{"@type":"Person","@id":"https:\/\/favorite-news.com\/es\/#\/schema\/person\/b91573b717dcfa5e4696032a9d28d3e8","name":"favorite-news","image":{"@type":"ImageObject","inLanguage":"es","@id":"https:\/\/secure.gravatar.com\/avatar\/6c5a5cb12b74e9d517ee91cf570335b7d16177f1977cc91db161adfa435945a7?s=96&d=mm&r=g","url":"https:\/\/secure.gravatar.com\/avatar\/6c5a5cb12b74e9d517ee91cf570335b7d16177f1977cc91db161adfa435945a7?s=96&d=mm&r=g","contentUrl":"https:\/\/secure.gravatar.com\/avatar\/6c5a5cb12b74e9d517ee91cf570335b7d16177f1977cc91db161adfa435945a7?s=96&d=mm&r=g","caption":"favorite-news"},"url":"https:\/\/favorite-news.com\/es\/author\/pt\/"}]}},"_links":{"self":[{"href":"https:\/\/favorite-news.com\/es\/wp-json\/wp\/v2\/posts\/6020","targetHints":{"allow":["GET"]}}],"collection":[{"href":"https:\/\/favorite-news.com\/es\/wp-json\/wp\/v2\/posts"}],"about":[{"href":"https:\/\/favorite-news.com\/es\/wp-json\/wp\/v2\/types\/post"}],"author":[{"embeddable":true,"href":"https:\/\/favorite-news.com\/es\/wp-json\/wp\/v2\/users\/2"}],"replies":[{"embeddable":true,"href":"https:\/\/favorite-news.com\/es\/wp-json\/wp\/v2\/comments?post=6020"}],"version-history":[{"count":1,"href":"https:\/\/favorite-news.com\/es\/wp-json\/wp\/v2\/posts\/6020\/revisions"}],"predecessor-version":[{"id":6022,"href":"https:\/\/favorite-news.com\/es\/wp-json\/wp\/v2\/posts\/6020\/revisions\/6022"}],"wp:featuredmedia":[{"embeddable":true,"href":"https:\/\/favorite-news.com\/es\/wp-json\/wp\/v2\/media\/6021"}],"wp:attachment":[{"href":"https:\/\/favorite-news.com\/es\/wp-json\/wp\/v2\/media?parent=6020"}],"wp:term":[{"taxonomy":"category","embeddable":true,"href":"https:\/\/favorite-news.com\/es\/wp-json\/wp\/v2\/categories?post=6020"},{"taxonomy":"post_tag","embeddable":true,"href":"https:\/\/favorite-news.com\/es\/wp-json\/wp\/v2\/tags?post=6020"}],"curies":[{"name":"wp","href":"https:\/\/api.w.org\/{rel}","templated":true}]}}