{"id":6015,"date":"2021-03-08T06:08:40","date_gmt":"2021-03-08T03:08:40","guid":{"rendered":"https:\/\/favorite-news.com\/es\/mariana-pedemonte-head-of-strategy-media-and-communication-de-el-corte-ingles\/"},"modified":"2021-03-08T06:08:43","modified_gmt":"2021-03-08T03:08:43","slug":"mariana-pedemonte-head-of-strategy-media-and-communication-de-el-corte-ingles","status":"publish","type":"post","link":"https:\/\/favorite-news.com\/es\/mariana-pedemonte-head-of-strategy-media-and-communication-de-el-corte-ingles\/","title":{"rendered":"Mariana Pedemonte, &#8216;head of strategy media and communication&#8217; de El Corte Ingl\u00e9s"},"content":{"rendered":"<p>Mariana PedemonteMariana Pedemonte, incorporada al equipo de El Corte Ingl\u00e9s desde 2018, asume desde su posici\u00f3n de &#8216;head of strategy media and communication&#8217; la responsabilidad que hasta ahora ten\u00eda Antonio Moreno como director de medios del grupo. Moreno, con una dilatada relaci\u00f3n profesional con la compa\u00f1\u00eda, se jubil\u00f3 el pasado mes de diciembre.Licenciada en Econom\u00eda por la Universidad Torcuato di Tela; MBA en Direcci\u00f3n de Marketing por la Duke University y con un programa superior en Marketing y Publicidad Digital por la IE Business School, Pedemonte se incorpor\u00f3 en 2018 a El Corte Ingl\u00e9s procedente de Havas Media (que hasta ese momento gestionaba la cuenta de medios de los grandes almacenes y que posteriormente pasar\u00eda a Dentsu Aegis Network tras la celebraci\u00f3n de un concurso). En Havas Media Group hab\u00eda trabajado por un periodo de trece a\u00f1os en los que ocup\u00f3 diferentes puestos de responsabilidad.Su trayectoria anterior a la agencia se hab\u00eda desarrollado en el mundo del anunciante, en empresas como Mars, en la que trabaj\u00f3 en dos etapas distintas, como directora de marca asociada y directora de marketing; Reckitt Benkiser, Lilly, Johnson Wax y Coca-Cola Femsa.<br \/>\n<br \/>\n<!--noindex--><br \/>\n<a href=\"http:\/\/www.marketingnews.es\/profesionales\/noticia\/1164613031505\/mariana-pedemonte-head-of-strategy-media-and-communication-de-corte-ingles.1.html\" rel=\"nofollow\">Source link <\/a><br \/>\n<!--\/noindex--><\/p>\n","protected":false},"excerpt":{"rendered":"<p>Mariana PedemonteMariana Pedemonte, incorporada al equipo de El Corte Ingl\u00e9s desde 2018, asume desde su posici\u00f3n de &#8216;head of strategy media and communication&#8217; la responsabilidad que hasta ahora ten\u00eda Antonio Moreno como director de medios del grupo. Moreno, con una dilatada relaci\u00f3n profesional con la compa\u00f1\u00eda, se jubil\u00f3 el pasado mes de diciembre.Licenciada en Econom\u00eda [&hellip;]<\/p>\n","protected":false},"author":2,"featured_media":6016,"comment_status":"open","ping_status":"open","sticky":false,"template":"","format":"standard","meta":{"footnotes":""},"categories":[2],"tags":[],"class_list":["post-6015","post","type-post","status-publish","format-standard","has-post-thumbnail","hentry","category-noticias-de-internet-marketing"],"yoast_head":"<!-- This site is optimized with the Yoast SEO plugin v27.4 - https:\/\/yoast.com\/product\/yoast-seo-wordpress\/ -->\n<title>Mariana Pedemonte, &#039;head of strategy media and communication&#039; de El Corte Ingl\u00e9s - Favorite News<\/title>\n<meta name=\"robots\" content=\"index, follow, max-snippet:-1, max-image-preview:large, max-video-preview:-1\" \/>\n<link rel=\"canonical\" href=\"https:\/\/favorite-news.com\/es\/mariana-pedemonte-head-of-strategy-media-and-communication-de-el-corte-ingles\/\" \/>\n<meta property=\"og:locale\" content=\"es_ES\" \/>\n<meta property=\"og:type\" content=\"article\" \/>\n<meta property=\"og:title\" content=\"Mariana Pedemonte, &#039;head of strategy media and communication&#039; de El Corte Ingl\u00e9s - Favorite News\" \/>\n<meta property=\"og:description\" content=\"Mariana PedemonteMariana Pedemonte, incorporada al equipo de El Corte Ingl\u00e9s desde 2018, asume desde su posici\u00f3n de &#8216;head of strategy media and communication&#8217; la responsabilidad que hasta ahora ten\u00eda Antonio Moreno como director de medios del grupo. Moreno, con una dilatada relaci\u00f3n profesional con la compa\u00f1\u00eda, se jubil\u00f3 el pasado mes de diciembre.Licenciada en Econom\u00eda [&hellip;]\" \/>\n<meta property=\"og:url\" content=\"https:\/\/favorite-news.com\/es\/mariana-pedemonte-head-of-strategy-media-and-communication-de-el-corte-ingles\/\" \/>\n<meta property=\"og:site_name\" content=\"Favorite News\" \/>\n<meta property=\"article:published_time\" content=\"2021-03-08T03:08:40+00:00\" \/>\n<meta property=\"article:modified_time\" content=\"2021-03-08T03:08:43+00:00\" \/>\n<meta property=\"og:image\" content=\"https:\/\/favorite-news.com\/es\/wp-content\/uploads\/sites\/4\/2021\/03\/Mariana-Pedemonte-head-of-strategy-media-and-communication-de-El.jpg\" \/>\n\t<meta property=\"og:image:width\" content=\"374\" \/>\n\t<meta property=\"og:image:height\" content=\"210\" \/>\n\t<meta property=\"og:image:type\" content=\"image\/jpeg\" \/>\n<meta name=\"author\" content=\"favorite-news\" \/>\n<meta name=\"twitter:card\" content=\"summary_large_image\" \/>\n<meta name=\"twitter:label1\" content=\"Escrito por\" \/>\n\t<meta name=\"twitter:data1\" content=\"favorite-news\" \/>\n\t<meta name=\"twitter:label2\" content=\"Tiempo de lectura\" \/>\n\t<meta name=\"twitter:data2\" content=\"1 minuto\" \/>\n<script type=\"application\/ld+json\" class=\"yoast-schema-graph\">{\"@context\":\"https:\\\/\\\/schema.org\",\"@graph\":[{\"@type\":\"Article\",\"@id\":\"https:\\\/\\\/favorite-news.com\\\/es\\\/mariana-pedemonte-head-of-strategy-media-and-communication-de-el-corte-ingles\\\/#article\",\"isPartOf\":{\"@id\":\"https:\\\/\\\/favorite-news.com\\\/es\\\/mariana-pedemonte-head-of-strategy-media-and-communication-de-el-corte-ingles\\\/\"},\"author\":{\"name\":\"favorite-news\",\"@id\":\"https:\\\/\\\/favorite-news.com\\\/es\\\/#\\\/schema\\\/person\\\/b91573b717dcfa5e4696032a9d28d3e8\"},\"headline\":\"Mariana Pedemonte, &#8216;head of strategy media and communication&#8217; de El Corte Ingl\u00e9s\",\"datePublished\":\"2021-03-08T03:08:40+00:00\",\"dateModified\":\"2021-03-08T03:08:43+00:00\",\"mainEntityOfPage\":{\"@id\":\"https:\\\/\\\/favorite-news.com\\\/es\\\/mariana-pedemonte-head-of-strategy-media-and-communication-de-el-corte-ingles\\\/\"},\"wordCount\":215,\"commentCount\":0,\"image\":{\"@id\":\"https:\\\/\\\/favorite-news.com\\\/es\\\/mariana-pedemonte-head-of-strategy-media-and-communication-de-el-corte-ingles\\\/#primaryimage\"},\"thumbnailUrl\":\"https:\\\/\\\/favorite-news.com\\\/es\\\/wp-content\\\/uploads\\\/sites\\\/4\\\/2021\\\/03\\\/Mariana-Pedemonte-head-of-strategy-media-and-communication-de-El.jpg\",\"articleSection\":[\"NOTICIAS DE INTERNET MARKETING\"],\"inLanguage\":\"es\",\"potentialAction\":[{\"@type\":\"CommentAction\",\"name\":\"Comment\",\"target\":[\"https:\\\/\\\/favorite-news.com\\\/es\\\/mariana-pedemonte-head-of-strategy-media-and-communication-de-el-corte-ingles\\\/#respond\"]}]},{\"@type\":\"WebPage\",\"@id\":\"https:\\\/\\\/favorite-news.com\\\/es\\\/mariana-pedemonte-head-of-strategy-media-and-communication-de-el-corte-ingles\\\/\",\"url\":\"https:\\\/\\\/favorite-news.com\\\/es\\\/mariana-pedemonte-head-of-strategy-media-and-communication-de-el-corte-ingles\\\/\",\"name\":\"Mariana Pedemonte, 'head of strategy media and communication' de El Corte Ingl\u00e9s - Favorite News\",\"isPartOf\":{\"@id\":\"https:\\\/\\\/favorite-news.com\\\/es\\\/#website\"},\"primaryImageOfPage\":{\"@id\":\"https:\\\/\\\/favorite-news.com\\\/es\\\/mariana-pedemonte-head-of-strategy-media-and-communication-de-el-corte-ingles\\\/#primaryimage\"},\"image\":{\"@id\":\"https:\\\/\\\/favorite-news.com\\\/es\\\/mariana-pedemonte-head-of-strategy-media-and-communication-de-el-corte-ingles\\\/#primaryimage\"},\"thumbnailUrl\":\"https:\\\/\\\/favorite-news.com\\\/es\\\/wp-content\\\/uploads\\\/sites\\\/4\\\/2021\\\/03\\\/Mariana-Pedemonte-head-of-strategy-media-and-communication-de-El.jpg\",\"datePublished\":\"2021-03-08T03:08:40+00:00\",\"dateModified\":\"2021-03-08T03:08:43+00:00\",\"author\":{\"@id\":\"https:\\\/\\\/favorite-news.com\\\/es\\\/#\\\/schema\\\/person\\\/b91573b717dcfa5e4696032a9d28d3e8\"},\"breadcrumb\":{\"@id\":\"https:\\\/\\\/favorite-news.com\\\/es\\\/mariana-pedemonte-head-of-strategy-media-and-communication-de-el-corte-ingles\\\/#breadcrumb\"},\"inLanguage\":\"es\",\"potentialAction\":[{\"@type\":\"ReadAction\",\"target\":[\"https:\\\/\\\/favorite-news.com\\\/es\\\/mariana-pedemonte-head-of-strategy-media-and-communication-de-el-corte-ingles\\\/\"]}]},{\"@type\":\"ImageObject\",\"inLanguage\":\"es\",\"@id\":\"https:\\\/\\\/favorite-news.com\\\/es\\\/mariana-pedemonte-head-of-strategy-media-and-communication-de-el-corte-ingles\\\/#primaryimage\",\"url\":\"https:\\\/\\\/favorite-news.com\\\/es\\\/wp-content\\\/uploads\\\/sites\\\/4\\\/2021\\\/03\\\/Mariana-Pedemonte-head-of-strategy-media-and-communication-de-El.jpg\",\"contentUrl\":\"https:\\\/\\\/favorite-news.com\\\/es\\\/wp-content\\\/uploads\\\/sites\\\/4\\\/2021\\\/03\\\/Mariana-Pedemonte-head-of-strategy-media-and-communication-de-El.jpg\",\"width\":374,\"height\":210,\"caption\":\"Mariana Pedemonte, 'head of strategy media and communication' de El Corte Ingl\u00e9s\"},{\"@type\":\"BreadcrumbList\",\"@id\":\"https:\\\/\\\/favorite-news.com\\\/es\\\/mariana-pedemonte-head-of-strategy-media-and-communication-de-el-corte-ingles\\\/#breadcrumb\",\"itemListElement\":[{\"@type\":\"ListItem\",\"position\":1,\"name\":\"Home\",\"item\":\"https:\\\/\\\/favorite-news.com\\\/es\\\/\"},{\"@type\":\"ListItem\",\"position\":2,\"name\":\"Mariana Pedemonte, &#8216;head of strategy media and communication&#8217; de El Corte Ingl\u00e9s\"}]},{\"@type\":\"WebSite\",\"@id\":\"https:\\\/\\\/favorite-news.com\\\/es\\\/#website\",\"url\":\"https:\\\/\\\/favorite-news.com\\\/es\\\/\",\"name\":\"Favorite News\",\"description\":\"Favorite News Espa\u00f1a\",\"potentialAction\":[{\"@type\":\"SearchAction\",\"target\":{\"@type\":\"EntryPoint\",\"urlTemplate\":\"https:\\\/\\\/favorite-news.com\\\/es\\\/?s={search_term_string}\"},\"query-input\":{\"@type\":\"PropertyValueSpecification\",\"valueRequired\":true,\"valueName\":\"search_term_string\"}}],\"inLanguage\":\"es\"},{\"@type\":\"Person\",\"@id\":\"https:\\\/\\\/favorite-news.com\\\/es\\\/#\\\/schema\\\/person\\\/b91573b717dcfa5e4696032a9d28d3e8\",\"name\":\"favorite-news\",\"image\":{\"@type\":\"ImageObject\",\"inLanguage\":\"es\",\"@id\":\"https:\\\/\\\/secure.gravatar.com\\\/avatar\\\/6c5a5cb12b74e9d517ee91cf570335b7d16177f1977cc91db161adfa435945a7?s=96&d=mm&r=g\",\"url\":\"https:\\\/\\\/secure.gravatar.com\\\/avatar\\\/6c5a5cb12b74e9d517ee91cf570335b7d16177f1977cc91db161adfa435945a7?s=96&d=mm&r=g\",\"contentUrl\":\"https:\\\/\\\/secure.gravatar.com\\\/avatar\\\/6c5a5cb12b74e9d517ee91cf570335b7d16177f1977cc91db161adfa435945a7?s=96&d=mm&r=g\",\"caption\":\"favorite-news\"},\"url\":\"https:\\\/\\\/favorite-news.com\\\/es\\\/author\\\/pt\\\/\"}]}<\/script>\n<!-- \/ Yoast SEO plugin. -->","yoast_head_json":{"title":"Mariana Pedemonte, 'head of strategy media and communication' de El Corte Ingl\u00e9s - Favorite News","robots":{"index":"index","follow":"follow","max-snippet":"max-snippet:-1","max-image-preview":"max-image-preview:large","max-video-preview":"max-video-preview:-1"},"canonical":"https:\/\/favorite-news.com\/es\/mariana-pedemonte-head-of-strategy-media-and-communication-de-el-corte-ingles\/","og_locale":"es_ES","og_type":"article","og_title":"Mariana Pedemonte, 'head of strategy media and communication' de El Corte Ingl\u00e9s - Favorite News","og_description":"Mariana PedemonteMariana Pedemonte, incorporada al equipo de El Corte Ingl\u00e9s desde 2018, asume desde su posici\u00f3n de &#8216;head of strategy media and communication&#8217; la responsabilidad que hasta ahora ten\u00eda Antonio Moreno como director de medios del grupo. Moreno, con una dilatada relaci\u00f3n profesional con la compa\u00f1\u00eda, se jubil\u00f3 el pasado mes de diciembre.Licenciada en Econom\u00eda [&hellip;]","og_url":"https:\/\/favorite-news.com\/es\/mariana-pedemonte-head-of-strategy-media-and-communication-de-el-corte-ingles\/","og_site_name":"Favorite News","article_published_time":"2021-03-08T03:08:40+00:00","article_modified_time":"2021-03-08T03:08:43+00:00","og_image":[{"width":374,"height":210,"url":"https:\/\/favorite-news.com\/es\/wp-content\/uploads\/sites\/4\/2021\/03\/Mariana-Pedemonte-head-of-strategy-media-and-communication-de-El.jpg","type":"image\/jpeg"}],"author":"favorite-news","twitter_card":"summary_large_image","twitter_misc":{"Escrito por":"favorite-news","Tiempo de lectura":"1 minuto"},"schema":{"@context":"https:\/\/schema.org","@graph":[{"@type":"Article","@id":"https:\/\/favorite-news.com\/es\/mariana-pedemonte-head-of-strategy-media-and-communication-de-el-corte-ingles\/#article","isPartOf":{"@id":"https:\/\/favorite-news.com\/es\/mariana-pedemonte-head-of-strategy-media-and-communication-de-el-corte-ingles\/"},"author":{"name":"favorite-news","@id":"https:\/\/favorite-news.com\/es\/#\/schema\/person\/b91573b717dcfa5e4696032a9d28d3e8"},"headline":"Mariana Pedemonte, &#8216;head of strategy media and communication&#8217; de El Corte Ingl\u00e9s","datePublished":"2021-03-08T03:08:40+00:00","dateModified":"2021-03-08T03:08:43+00:00","mainEntityOfPage":{"@id":"https:\/\/favorite-news.com\/es\/mariana-pedemonte-head-of-strategy-media-and-communication-de-el-corte-ingles\/"},"wordCount":215,"commentCount":0,"image":{"@id":"https:\/\/favorite-news.com\/es\/mariana-pedemonte-head-of-strategy-media-and-communication-de-el-corte-ingles\/#primaryimage"},"thumbnailUrl":"https:\/\/favorite-news.com\/es\/wp-content\/uploads\/sites\/4\/2021\/03\/Mariana-Pedemonte-head-of-strategy-media-and-communication-de-El.jpg","articleSection":["NOTICIAS DE INTERNET MARKETING"],"inLanguage":"es","potentialAction":[{"@type":"CommentAction","name":"Comment","target":["https:\/\/favorite-news.com\/es\/mariana-pedemonte-head-of-strategy-media-and-communication-de-el-corte-ingles\/#respond"]}]},{"@type":"WebPage","@id":"https:\/\/favorite-news.com\/es\/mariana-pedemonte-head-of-strategy-media-and-communication-de-el-corte-ingles\/","url":"https:\/\/favorite-news.com\/es\/mariana-pedemonte-head-of-strategy-media-and-communication-de-el-corte-ingles\/","name":"Mariana Pedemonte, 'head of strategy media and communication' de El Corte Ingl\u00e9s - Favorite News","isPartOf":{"@id":"https:\/\/favorite-news.com\/es\/#website"},"primaryImageOfPage":{"@id":"https:\/\/favorite-news.com\/es\/mariana-pedemonte-head-of-strategy-media-and-communication-de-el-corte-ingles\/#primaryimage"},"image":{"@id":"https:\/\/favorite-news.com\/es\/mariana-pedemonte-head-of-strategy-media-and-communication-de-el-corte-ingles\/#primaryimage"},"thumbnailUrl":"https:\/\/favorite-news.com\/es\/wp-content\/uploads\/sites\/4\/2021\/03\/Mariana-Pedemonte-head-of-strategy-media-and-communication-de-El.jpg","datePublished":"2021-03-08T03:08:40+00:00","dateModified":"2021-03-08T03:08:43+00:00","author":{"@id":"https:\/\/favorite-news.com\/es\/#\/schema\/person\/b91573b717dcfa5e4696032a9d28d3e8"},"breadcrumb":{"@id":"https:\/\/favorite-news.com\/es\/mariana-pedemonte-head-of-strategy-media-and-communication-de-el-corte-ingles\/#breadcrumb"},"inLanguage":"es","potentialAction":[{"@type":"ReadAction","target":["https:\/\/favorite-news.com\/es\/mariana-pedemonte-head-of-strategy-media-and-communication-de-el-corte-ingles\/"]}]},{"@type":"ImageObject","inLanguage":"es","@id":"https:\/\/favorite-news.com\/es\/mariana-pedemonte-head-of-strategy-media-and-communication-de-el-corte-ingles\/#primaryimage","url":"https:\/\/favorite-news.com\/es\/wp-content\/uploads\/sites\/4\/2021\/03\/Mariana-Pedemonte-head-of-strategy-media-and-communication-de-El.jpg","contentUrl":"https:\/\/favorite-news.com\/es\/wp-content\/uploads\/sites\/4\/2021\/03\/Mariana-Pedemonte-head-of-strategy-media-and-communication-de-El.jpg","width":374,"height":210,"caption":"Mariana Pedemonte, 'head of strategy media and communication' de El Corte Ingl\u00e9s"},{"@type":"BreadcrumbList","@id":"https:\/\/favorite-news.com\/es\/mariana-pedemonte-head-of-strategy-media-and-communication-de-el-corte-ingles\/#breadcrumb","itemListElement":[{"@type":"ListItem","position":1,"name":"Home","item":"https:\/\/favorite-news.com\/es\/"},{"@type":"ListItem","position":2,"name":"Mariana Pedemonte, &#8216;head of strategy media and communication&#8217; de El Corte Ingl\u00e9s"}]},{"@type":"WebSite","@id":"https:\/\/favorite-news.com\/es\/#website","url":"https:\/\/favorite-news.com\/es\/","name":"Favorite News","description":"Favorite News Espa\u00f1a","potentialAction":[{"@type":"SearchAction","target":{"@type":"EntryPoint","urlTemplate":"https:\/\/favorite-news.com\/es\/?s={search_term_string}"},"query-input":{"@type":"PropertyValueSpecification","valueRequired":true,"valueName":"search_term_string"}}],"inLanguage":"es"},{"@type":"Person","@id":"https:\/\/favorite-news.com\/es\/#\/schema\/person\/b91573b717dcfa5e4696032a9d28d3e8","name":"favorite-news","image":{"@type":"ImageObject","inLanguage":"es","@id":"https:\/\/secure.gravatar.com\/avatar\/6c5a5cb12b74e9d517ee91cf570335b7d16177f1977cc91db161adfa435945a7?s=96&d=mm&r=g","url":"https:\/\/secure.gravatar.com\/avatar\/6c5a5cb12b74e9d517ee91cf570335b7d16177f1977cc91db161adfa435945a7?s=96&d=mm&r=g","contentUrl":"https:\/\/secure.gravatar.com\/avatar\/6c5a5cb12b74e9d517ee91cf570335b7d16177f1977cc91db161adfa435945a7?s=96&d=mm&r=g","caption":"favorite-news"},"url":"https:\/\/favorite-news.com\/es\/author\/pt\/"}]}},"_links":{"self":[{"href":"https:\/\/favorite-news.com\/es\/wp-json\/wp\/v2\/posts\/6015","targetHints":{"allow":["GET"]}}],"collection":[{"href":"https:\/\/favorite-news.com\/es\/wp-json\/wp\/v2\/posts"}],"about":[{"href":"https:\/\/favorite-news.com\/es\/wp-json\/wp\/v2\/types\/post"}],"author":[{"embeddable":true,"href":"https:\/\/favorite-news.com\/es\/wp-json\/wp\/v2\/users\/2"}],"replies":[{"embeddable":true,"href":"https:\/\/favorite-news.com\/es\/wp-json\/wp\/v2\/comments?post=6015"}],"version-history":[{"count":1,"href":"https:\/\/favorite-news.com\/es\/wp-json\/wp\/v2\/posts\/6015\/revisions"}],"predecessor-version":[{"id":6017,"href":"https:\/\/favorite-news.com\/es\/wp-json\/wp\/v2\/posts\/6015\/revisions\/6017"}],"wp:featuredmedia":[{"embeddable":true,"href":"https:\/\/favorite-news.com\/es\/wp-json\/wp\/v2\/media\/6016"}],"wp:attachment":[{"href":"https:\/\/favorite-news.com\/es\/wp-json\/wp\/v2\/media?parent=6015"}],"wp:term":[{"taxonomy":"category","embeddable":true,"href":"https:\/\/favorite-news.com\/es\/wp-json\/wp\/v2\/categories?post=6015"},{"taxonomy":"post_tag","embeddable":true,"href":"https:\/\/favorite-news.com\/es\/wp-json\/wp\/v2\/tags?post=6015"}],"curies":[{"name":"wp","href":"https:\/\/api.w.org\/{rel}","templated":true}]}}