{"id":6010,"date":"2021-03-08T03:27:48","date_gmt":"2021-03-08T00:27:48","guid":{"rendered":"https:\/\/favorite-news.com\/es\/estrella-galicia-00-patrocinara-la-escuderia-ferrari-de-f1\/"},"modified":"2021-03-08T03:27:50","modified_gmt":"2021-03-08T00:27:50","slug":"estrella-galicia-00-patrocinara-la-escuderia-ferrari-de-f1","status":"publish","type":"post","link":"https:\/\/favorite-news.com\/es\/estrella-galicia-00-patrocinara-la-escuderia-ferrari-de-f1\/","title":{"rendered":"Estrella Galicia 0,0 patrocinar\u00e1 la escuder\u00eda Ferrari de F1"},"content":{"rendered":"<p>Los dos pilotos de la escuder\u00eda FerrariLa marca espa\u00f1ola, seg\u00fan se cuenta en una nota de prensa, \u201cse une a una marca de referencia en el mundo del automovilismo con el que comparte un esp\u00edritu artesanal ligado a la b\u00fasqueda de la excelencia que conservan ambas desde sus inicios hace varias generaciones. Esta pasi\u00f3n compartida se trasladar\u00e1 ahora a los circuitos de F1 donde se espera disfrutar de un gran espect\u00e1culo deportivo\u201d.Ignacio Rivera, CEO de Corporaci\u00f3n Hijos de Rivera, se\u00f1ala al respecto que \u201cestamos encantados de convertirnos en cerveza oficial de la Scuderia Ferrari, el equipo m\u00e1s exitoso y con m\u00e1s seguidores de la F1. Una asociaci\u00f3n que se define sobre valores compartidos como la pasi\u00f3n, la b\u00fasqueda de la excelencia y la tradici\u00f3n artesanal. Estoy seguro de que, con estos ingredientes, viviremos grandes momentos juntos y contribuir\u00e1n a trasladar nuestra filosof\u00eda a los amantes de la cerveza de todo el mundo\u201d.Por su parte, Mattia Binotto, team principal &amp; managing director Scuderia Ferrari, indica que \u201cestamos encantados de iniciar esta nueva asociaci\u00f3n con Estrella Galicia 0,0, una marca emergente en el sector cervecero global. Compartimos muchos valores, como el af\u00e1n por la excelencia, el respeto a la tradici\u00f3n, as\u00ed como los v\u00ednculos con nuestro origen y la artesan\u00eda de nuestros productos. Adem\u00e1s, Estrella Galicia 0,0 ha estado presente en el mundo del motor durante a\u00f1os, centrada especialmente en j\u00f3venes talentos, algo m\u00e1s que tenemos en com\u00fan\u201d.La marca de cerveza sin alcohol ha estado al lado del piloto madrile\u00f1o\u00a0Carlos Sainz\u00a0desde 2013 cuando compet\u00eda con \u00e9xito en GP3 y era una joven promesa del deporte espa\u00f1ol. Desde entonces,\u00a0Estrella\u00a0Galicia\u00a00,0 se ha mantenido a su lado en todos los pasos que ha ido dando durante su trayectoria, desde su llegada a la F1 hasta ahora, que se ha incorporado a la escuder\u00eda Ferrari, la m\u00e1s exitosa de la parrilla.\u00a0\u00a0<br \/>\n<br \/>\n<!--noindex--><br \/>\n<a href=\"http:\/\/www.marketingnews.es\/marcas\/noticia\/1164615054305\/estrella-galicia-00-patrocinara-escuderia-ferrari-de-f1.1.html\" rel=\"nofollow\">Source link <\/a><br \/>\n<!--\/noindex--><\/p>\n","protected":false},"excerpt":{"rendered":"<p>Los dos pilotos de la escuder\u00eda FerrariLa marca espa\u00f1ola, seg\u00fan se cuenta en una nota de prensa, \u201cse une a una marca de referencia en el mundo del automovilismo con el que comparte un esp\u00edritu artesanal ligado a la b\u00fasqueda de la excelencia que conservan ambas desde sus inicios hace varias generaciones. Esta pasi\u00f3n compartida [&hellip;]<\/p>\n","protected":false},"author":2,"featured_media":6011,"comment_status":"open","ping_status":"open","sticky":false,"template":"","format":"standard","meta":{"footnotes":""},"categories":[2],"tags":[],"class_list":["post-6010","post","type-post","status-publish","format-standard","has-post-thumbnail","hentry","category-noticias-de-internet-marketing"],"yoast_head":"<!-- This site is optimized with the Yoast SEO plugin v27.4 - https:\/\/yoast.com\/product\/yoast-seo-wordpress\/ -->\n<title>Estrella Galicia 0,0 patrocinar\u00e1 la escuder\u00eda Ferrari de F1 - Favorite News<\/title>\n<meta name=\"robots\" content=\"index, follow, max-snippet:-1, max-image-preview:large, max-video-preview:-1\" \/>\n<link rel=\"canonical\" href=\"https:\/\/favorite-news.com\/es\/estrella-galicia-00-patrocinara-la-escuderia-ferrari-de-f1\/\" \/>\n<meta property=\"og:locale\" content=\"es_ES\" \/>\n<meta property=\"og:type\" content=\"article\" \/>\n<meta property=\"og:title\" content=\"Estrella Galicia 0,0 patrocinar\u00e1 la escuder\u00eda Ferrari de F1 - Favorite News\" \/>\n<meta property=\"og:description\" content=\"Los dos pilotos de la escuder\u00eda FerrariLa marca espa\u00f1ola, seg\u00fan se cuenta en una nota de prensa, \u201cse une a una marca de referencia en el mundo del automovilismo con el que comparte un esp\u00edritu artesanal ligado a la b\u00fasqueda de la excelencia que conservan ambas desde sus inicios hace varias generaciones. Esta pasi\u00f3n compartida [&hellip;]\" \/>\n<meta property=\"og:url\" content=\"https:\/\/favorite-news.com\/es\/estrella-galicia-00-patrocinara-la-escuderia-ferrari-de-f1\/\" \/>\n<meta property=\"og:site_name\" content=\"Favorite News\" \/>\n<meta property=\"article:published_time\" content=\"2021-03-08T00:27:48+00:00\" \/>\n<meta property=\"article:modified_time\" content=\"2021-03-08T00:27:50+00:00\" \/>\n<meta property=\"og:image\" content=\"https:\/\/favorite-news.com\/es\/wp-content\/uploads\/sites\/4\/2021\/03\/Estrella-Galicia-00-patrocinara-la-escuderia-Ferrari-de-F1.jpg\" \/>\n\t<meta property=\"og:image:width\" content=\"525\" \/>\n\t<meta property=\"og:image:height\" content=\"301\" \/>\n\t<meta property=\"og:image:type\" content=\"image\/jpeg\" \/>\n<meta name=\"author\" content=\"favorite-news\" \/>\n<meta name=\"twitter:card\" content=\"summary_large_image\" \/>\n<meta name=\"twitter:label1\" content=\"Escrito por\" \/>\n\t<meta name=\"twitter:data1\" content=\"favorite-news\" \/>\n\t<meta name=\"twitter:label2\" content=\"Tiempo de lectura\" \/>\n\t<meta name=\"twitter:data2\" content=\"2 minutos\" \/>\n<script type=\"application\/ld+json\" class=\"yoast-schema-graph\">{\"@context\":\"https:\\\/\\\/schema.org\",\"@graph\":[{\"@type\":\"Article\",\"@id\":\"https:\\\/\\\/favorite-news.com\\\/es\\\/estrella-galicia-00-patrocinara-la-escuderia-ferrari-de-f1\\\/#article\",\"isPartOf\":{\"@id\":\"https:\\\/\\\/favorite-news.com\\\/es\\\/estrella-galicia-00-patrocinara-la-escuderia-ferrari-de-f1\\\/\"},\"author\":{\"name\":\"favorite-news\",\"@id\":\"https:\\\/\\\/favorite-news.com\\\/es\\\/#\\\/schema\\\/person\\\/b91573b717dcfa5e4696032a9d28d3e8\"},\"headline\":\"Estrella Galicia 0,0 patrocinar\u00e1 la escuder\u00eda Ferrari de F1\",\"datePublished\":\"2021-03-08T00:27:48+00:00\",\"dateModified\":\"2021-03-08T00:27:50+00:00\",\"mainEntityOfPage\":{\"@id\":\"https:\\\/\\\/favorite-news.com\\\/es\\\/estrella-galicia-00-patrocinara-la-escuderia-ferrari-de-f1\\\/\"},\"wordCount\":352,\"commentCount\":0,\"image\":{\"@id\":\"https:\\\/\\\/favorite-news.com\\\/es\\\/estrella-galicia-00-patrocinara-la-escuderia-ferrari-de-f1\\\/#primaryimage\"},\"thumbnailUrl\":\"https:\\\/\\\/favorite-news.com\\\/es\\\/wp-content\\\/uploads\\\/sites\\\/4\\\/2021\\\/03\\\/Estrella-Galicia-00-patrocinara-la-escuderia-Ferrari-de-F1.jpg\",\"articleSection\":[\"NOTICIAS DE INTERNET MARKETING\"],\"inLanguage\":\"es\",\"potentialAction\":[{\"@type\":\"CommentAction\",\"name\":\"Comment\",\"target\":[\"https:\\\/\\\/favorite-news.com\\\/es\\\/estrella-galicia-00-patrocinara-la-escuderia-ferrari-de-f1\\\/#respond\"]}]},{\"@type\":\"WebPage\",\"@id\":\"https:\\\/\\\/favorite-news.com\\\/es\\\/estrella-galicia-00-patrocinara-la-escuderia-ferrari-de-f1\\\/\",\"url\":\"https:\\\/\\\/favorite-news.com\\\/es\\\/estrella-galicia-00-patrocinara-la-escuderia-ferrari-de-f1\\\/\",\"name\":\"Estrella Galicia 0,0 patrocinar\u00e1 la escuder\u00eda Ferrari de F1 - Favorite News\",\"isPartOf\":{\"@id\":\"https:\\\/\\\/favorite-news.com\\\/es\\\/#website\"},\"primaryImageOfPage\":{\"@id\":\"https:\\\/\\\/favorite-news.com\\\/es\\\/estrella-galicia-00-patrocinara-la-escuderia-ferrari-de-f1\\\/#primaryimage\"},\"image\":{\"@id\":\"https:\\\/\\\/favorite-news.com\\\/es\\\/estrella-galicia-00-patrocinara-la-escuderia-ferrari-de-f1\\\/#primaryimage\"},\"thumbnailUrl\":\"https:\\\/\\\/favorite-news.com\\\/es\\\/wp-content\\\/uploads\\\/sites\\\/4\\\/2021\\\/03\\\/Estrella-Galicia-00-patrocinara-la-escuderia-Ferrari-de-F1.jpg\",\"datePublished\":\"2021-03-08T00:27:48+00:00\",\"dateModified\":\"2021-03-08T00:27:50+00:00\",\"author\":{\"@id\":\"https:\\\/\\\/favorite-news.com\\\/es\\\/#\\\/schema\\\/person\\\/b91573b717dcfa5e4696032a9d28d3e8\"},\"breadcrumb\":{\"@id\":\"https:\\\/\\\/favorite-news.com\\\/es\\\/estrella-galicia-00-patrocinara-la-escuderia-ferrari-de-f1\\\/#breadcrumb\"},\"inLanguage\":\"es\",\"potentialAction\":[{\"@type\":\"ReadAction\",\"target\":[\"https:\\\/\\\/favorite-news.com\\\/es\\\/estrella-galicia-00-patrocinara-la-escuderia-ferrari-de-f1\\\/\"]}]},{\"@type\":\"ImageObject\",\"inLanguage\":\"es\",\"@id\":\"https:\\\/\\\/favorite-news.com\\\/es\\\/estrella-galicia-00-patrocinara-la-escuderia-ferrari-de-f1\\\/#primaryimage\",\"url\":\"https:\\\/\\\/favorite-news.com\\\/es\\\/wp-content\\\/uploads\\\/sites\\\/4\\\/2021\\\/03\\\/Estrella-Galicia-00-patrocinara-la-escuderia-Ferrari-de-F1.jpg\",\"contentUrl\":\"https:\\\/\\\/favorite-news.com\\\/es\\\/wp-content\\\/uploads\\\/sites\\\/4\\\/2021\\\/03\\\/Estrella-Galicia-00-patrocinara-la-escuderia-Ferrari-de-F1.jpg\",\"width\":525,\"height\":301,\"caption\":\"Estrella Galicia 0,0 patrocinar\u00e1 la escuder\u00eda Ferrari de F1\"},{\"@type\":\"BreadcrumbList\",\"@id\":\"https:\\\/\\\/favorite-news.com\\\/es\\\/estrella-galicia-00-patrocinara-la-escuderia-ferrari-de-f1\\\/#breadcrumb\",\"itemListElement\":[{\"@type\":\"ListItem\",\"position\":1,\"name\":\"Home\",\"item\":\"https:\\\/\\\/favorite-news.com\\\/es\\\/\"},{\"@type\":\"ListItem\",\"position\":2,\"name\":\"Estrella Galicia 0,0 patrocinar\u00e1 la escuder\u00eda Ferrari de F1\"}]},{\"@type\":\"WebSite\",\"@id\":\"https:\\\/\\\/favorite-news.com\\\/es\\\/#website\",\"url\":\"https:\\\/\\\/favorite-news.com\\\/es\\\/\",\"name\":\"Favorite News\",\"description\":\"Favorite News Espa\u00f1a\",\"potentialAction\":[{\"@type\":\"SearchAction\",\"target\":{\"@type\":\"EntryPoint\",\"urlTemplate\":\"https:\\\/\\\/favorite-news.com\\\/es\\\/?s={search_term_string}\"},\"query-input\":{\"@type\":\"PropertyValueSpecification\",\"valueRequired\":true,\"valueName\":\"search_term_string\"}}],\"inLanguage\":\"es\"},{\"@type\":\"Person\",\"@id\":\"https:\\\/\\\/favorite-news.com\\\/es\\\/#\\\/schema\\\/person\\\/b91573b717dcfa5e4696032a9d28d3e8\",\"name\":\"favorite-news\",\"image\":{\"@type\":\"ImageObject\",\"inLanguage\":\"es\",\"@id\":\"https:\\\/\\\/secure.gravatar.com\\\/avatar\\\/6c5a5cb12b74e9d517ee91cf570335b7d16177f1977cc91db161adfa435945a7?s=96&d=mm&r=g\",\"url\":\"https:\\\/\\\/secure.gravatar.com\\\/avatar\\\/6c5a5cb12b74e9d517ee91cf570335b7d16177f1977cc91db161adfa435945a7?s=96&d=mm&r=g\",\"contentUrl\":\"https:\\\/\\\/secure.gravatar.com\\\/avatar\\\/6c5a5cb12b74e9d517ee91cf570335b7d16177f1977cc91db161adfa435945a7?s=96&d=mm&r=g\",\"caption\":\"favorite-news\"},\"url\":\"https:\\\/\\\/favorite-news.com\\\/es\\\/author\\\/pt\\\/\"}]}<\/script>\n<!-- \/ Yoast SEO plugin. -->","yoast_head_json":{"title":"Estrella Galicia 0,0 patrocinar\u00e1 la escuder\u00eda Ferrari de F1 - Favorite News","robots":{"index":"index","follow":"follow","max-snippet":"max-snippet:-1","max-image-preview":"max-image-preview:large","max-video-preview":"max-video-preview:-1"},"canonical":"https:\/\/favorite-news.com\/es\/estrella-galicia-00-patrocinara-la-escuderia-ferrari-de-f1\/","og_locale":"es_ES","og_type":"article","og_title":"Estrella Galicia 0,0 patrocinar\u00e1 la escuder\u00eda Ferrari de F1 - Favorite News","og_description":"Los dos pilotos de la escuder\u00eda FerrariLa marca espa\u00f1ola, seg\u00fan se cuenta en una nota de prensa, \u201cse une a una marca de referencia en el mundo del automovilismo con el que comparte un esp\u00edritu artesanal ligado a la b\u00fasqueda de la excelencia que conservan ambas desde sus inicios hace varias generaciones. Esta pasi\u00f3n compartida [&hellip;]","og_url":"https:\/\/favorite-news.com\/es\/estrella-galicia-00-patrocinara-la-escuderia-ferrari-de-f1\/","og_site_name":"Favorite News","article_published_time":"2021-03-08T00:27:48+00:00","article_modified_time":"2021-03-08T00:27:50+00:00","og_image":[{"width":525,"height":301,"url":"https:\/\/favorite-news.com\/es\/wp-content\/uploads\/sites\/4\/2021\/03\/Estrella-Galicia-00-patrocinara-la-escuderia-Ferrari-de-F1.jpg","type":"image\/jpeg"}],"author":"favorite-news","twitter_card":"summary_large_image","twitter_misc":{"Escrito por":"favorite-news","Tiempo de lectura":"2 minutos"},"schema":{"@context":"https:\/\/schema.org","@graph":[{"@type":"Article","@id":"https:\/\/favorite-news.com\/es\/estrella-galicia-00-patrocinara-la-escuderia-ferrari-de-f1\/#article","isPartOf":{"@id":"https:\/\/favorite-news.com\/es\/estrella-galicia-00-patrocinara-la-escuderia-ferrari-de-f1\/"},"author":{"name":"favorite-news","@id":"https:\/\/favorite-news.com\/es\/#\/schema\/person\/b91573b717dcfa5e4696032a9d28d3e8"},"headline":"Estrella Galicia 0,0 patrocinar\u00e1 la escuder\u00eda Ferrari de F1","datePublished":"2021-03-08T00:27:48+00:00","dateModified":"2021-03-08T00:27:50+00:00","mainEntityOfPage":{"@id":"https:\/\/favorite-news.com\/es\/estrella-galicia-00-patrocinara-la-escuderia-ferrari-de-f1\/"},"wordCount":352,"commentCount":0,"image":{"@id":"https:\/\/favorite-news.com\/es\/estrella-galicia-00-patrocinara-la-escuderia-ferrari-de-f1\/#primaryimage"},"thumbnailUrl":"https:\/\/favorite-news.com\/es\/wp-content\/uploads\/sites\/4\/2021\/03\/Estrella-Galicia-00-patrocinara-la-escuderia-Ferrari-de-F1.jpg","articleSection":["NOTICIAS DE INTERNET MARKETING"],"inLanguage":"es","potentialAction":[{"@type":"CommentAction","name":"Comment","target":["https:\/\/favorite-news.com\/es\/estrella-galicia-00-patrocinara-la-escuderia-ferrari-de-f1\/#respond"]}]},{"@type":"WebPage","@id":"https:\/\/favorite-news.com\/es\/estrella-galicia-00-patrocinara-la-escuderia-ferrari-de-f1\/","url":"https:\/\/favorite-news.com\/es\/estrella-galicia-00-patrocinara-la-escuderia-ferrari-de-f1\/","name":"Estrella Galicia 0,0 patrocinar\u00e1 la escuder\u00eda Ferrari de F1 - Favorite News","isPartOf":{"@id":"https:\/\/favorite-news.com\/es\/#website"},"primaryImageOfPage":{"@id":"https:\/\/favorite-news.com\/es\/estrella-galicia-00-patrocinara-la-escuderia-ferrari-de-f1\/#primaryimage"},"image":{"@id":"https:\/\/favorite-news.com\/es\/estrella-galicia-00-patrocinara-la-escuderia-ferrari-de-f1\/#primaryimage"},"thumbnailUrl":"https:\/\/favorite-news.com\/es\/wp-content\/uploads\/sites\/4\/2021\/03\/Estrella-Galicia-00-patrocinara-la-escuderia-Ferrari-de-F1.jpg","datePublished":"2021-03-08T00:27:48+00:00","dateModified":"2021-03-08T00:27:50+00:00","author":{"@id":"https:\/\/favorite-news.com\/es\/#\/schema\/person\/b91573b717dcfa5e4696032a9d28d3e8"},"breadcrumb":{"@id":"https:\/\/favorite-news.com\/es\/estrella-galicia-00-patrocinara-la-escuderia-ferrari-de-f1\/#breadcrumb"},"inLanguage":"es","potentialAction":[{"@type":"ReadAction","target":["https:\/\/favorite-news.com\/es\/estrella-galicia-00-patrocinara-la-escuderia-ferrari-de-f1\/"]}]},{"@type":"ImageObject","inLanguage":"es","@id":"https:\/\/favorite-news.com\/es\/estrella-galicia-00-patrocinara-la-escuderia-ferrari-de-f1\/#primaryimage","url":"https:\/\/favorite-news.com\/es\/wp-content\/uploads\/sites\/4\/2021\/03\/Estrella-Galicia-00-patrocinara-la-escuderia-Ferrari-de-F1.jpg","contentUrl":"https:\/\/favorite-news.com\/es\/wp-content\/uploads\/sites\/4\/2021\/03\/Estrella-Galicia-00-patrocinara-la-escuderia-Ferrari-de-F1.jpg","width":525,"height":301,"caption":"Estrella Galicia 0,0 patrocinar\u00e1 la escuder\u00eda Ferrari de F1"},{"@type":"BreadcrumbList","@id":"https:\/\/favorite-news.com\/es\/estrella-galicia-00-patrocinara-la-escuderia-ferrari-de-f1\/#breadcrumb","itemListElement":[{"@type":"ListItem","position":1,"name":"Home","item":"https:\/\/favorite-news.com\/es\/"},{"@type":"ListItem","position":2,"name":"Estrella Galicia 0,0 patrocinar\u00e1 la escuder\u00eda Ferrari de F1"}]},{"@type":"WebSite","@id":"https:\/\/favorite-news.com\/es\/#website","url":"https:\/\/favorite-news.com\/es\/","name":"Favorite News","description":"Favorite News Espa\u00f1a","potentialAction":[{"@type":"SearchAction","target":{"@type":"EntryPoint","urlTemplate":"https:\/\/favorite-news.com\/es\/?s={search_term_string}"},"query-input":{"@type":"PropertyValueSpecification","valueRequired":true,"valueName":"search_term_string"}}],"inLanguage":"es"},{"@type":"Person","@id":"https:\/\/favorite-news.com\/es\/#\/schema\/person\/b91573b717dcfa5e4696032a9d28d3e8","name":"favorite-news","image":{"@type":"ImageObject","inLanguage":"es","@id":"https:\/\/secure.gravatar.com\/avatar\/6c5a5cb12b74e9d517ee91cf570335b7d16177f1977cc91db161adfa435945a7?s=96&d=mm&r=g","url":"https:\/\/secure.gravatar.com\/avatar\/6c5a5cb12b74e9d517ee91cf570335b7d16177f1977cc91db161adfa435945a7?s=96&d=mm&r=g","contentUrl":"https:\/\/secure.gravatar.com\/avatar\/6c5a5cb12b74e9d517ee91cf570335b7d16177f1977cc91db161adfa435945a7?s=96&d=mm&r=g","caption":"favorite-news"},"url":"https:\/\/favorite-news.com\/es\/author\/pt\/"}]}},"_links":{"self":[{"href":"https:\/\/favorite-news.com\/es\/wp-json\/wp\/v2\/posts\/6010","targetHints":{"allow":["GET"]}}],"collection":[{"href":"https:\/\/favorite-news.com\/es\/wp-json\/wp\/v2\/posts"}],"about":[{"href":"https:\/\/favorite-news.com\/es\/wp-json\/wp\/v2\/types\/post"}],"author":[{"embeddable":true,"href":"https:\/\/favorite-news.com\/es\/wp-json\/wp\/v2\/users\/2"}],"replies":[{"embeddable":true,"href":"https:\/\/favorite-news.com\/es\/wp-json\/wp\/v2\/comments?post=6010"}],"version-history":[{"count":1,"href":"https:\/\/favorite-news.com\/es\/wp-json\/wp\/v2\/posts\/6010\/revisions"}],"predecessor-version":[{"id":6012,"href":"https:\/\/favorite-news.com\/es\/wp-json\/wp\/v2\/posts\/6010\/revisions\/6012"}],"wp:featuredmedia":[{"embeddable":true,"href":"https:\/\/favorite-news.com\/es\/wp-json\/wp\/v2\/media\/6011"}],"wp:attachment":[{"href":"https:\/\/favorite-news.com\/es\/wp-json\/wp\/v2\/media?parent=6010"}],"wp:term":[{"taxonomy":"category","embeddable":true,"href":"https:\/\/favorite-news.com\/es\/wp-json\/wp\/v2\/categories?post=6010"},{"taxonomy":"post_tag","embeddable":true,"href":"https:\/\/favorite-news.com\/es\/wp-json\/wp\/v2\/tags?post=6010"}],"curies":[{"name":"wp","href":"https:\/\/api.w.org\/{rel}","templated":true}]}}