{"id":5759,"date":"2021-02-19T18:08:11","date_gmt":"2021-02-19T15:08:11","guid":{"rendered":"https:\/\/favorite-news.com\/es\/damian-granados-lorca-vicepresidente-global-de-marketing-de-cosentino\/"},"modified":"2021-02-19T18:08:14","modified_gmt":"2021-02-19T15:08:14","slug":"damian-granados-lorca-vicepresidente-global-de-marketing-de-cosentino","status":"publish","type":"post","link":"https:\/\/favorite-news.com\/es\/damian-granados-lorca-vicepresidente-global-de-marketing-de-cosentino\/","title":{"rendered":"Dami\u00e1n Granados-Lorca, vicepresidente global de marketing de Cosentino"},"content":{"rendered":"<p>Dami\u00e1n Granados-LorcaGrupo Cosentino, compa\u00f1\u00eda espa\u00f1ola de producci\u00f3n y distribuci\u00f3n de superficies para la arquitectura y el dise\u00f1o, ha realizado una organizaci\u00f3n interna en las \u00e1reas de marketing y comunicaci\u00f3n. Dami\u00e1n Granados-Lorca ser\u00e1 a partir de ahora vicepresidente global de marketing, en sustituci\u00f3n de Santiago Alfonso, que pasa a liderar el nuevo \u00e1rea global de comunicaci\u00f3n y reputaci\u00f3n corporativa.Licenciado en Gesti\u00f3n Comercial y Marketing en ESIC Valencia y M\u00e1ster GESCO por la Escuela de Gerencia de Granada, Granados-Lorca se incorpor\u00f3 a Cosentino en 2002. Previamente trabaj\u00f3 en Rumbo como marketing and demand specialist, y form\u00f3 parte del equipo de la agencia de creatividad Prats&amp;Alem\u00e1n. En la multinacional almeriense ha estado trabajando con distintos equipos, siendo hasta la fecha director de imagen y marca. Entre sus principales logros est\u00e1 su contribuci\u00f3n al posicionamiento de la marca Silestone como referente mundial en su sector, el lanzamiento de Dekton, o hitos como la obtenci\u00f3n en 2011 del primer Le\u00f3n de Oro espa\u00f1ol de la categor\u00eda Film Craft en el Festival de Cannes por el spot \u201cSilestone, Por encima de todo\u201d. Adem\u00e1s, Dami\u00e1n ha estado dirigiendo durante seis a\u00f1os el equipo de Dise\u00f1o de Interior de Cosentino, lanzando el concepto de Cosentino City mundialmente.Nueva \u00e1rea de Comunicaci\u00f3n y Reputaci\u00f3n CorporativaPor su parte, la compa\u00f1\u00eda crea la nueva \u00e1rea global de Comunicaci\u00f3n y Reputaci\u00f3n Corporativa liderada por Santiago Alfonso, y cuyo objetivo primordial ser\u00e1 elevar la funci\u00f3n de comunicaci\u00f3n corporativa, gestionar la reputaci\u00f3n de Cosentino y liderar su estrategia de RSC. Esta nueva unidad ser\u00e1 parte integral de las decisiones estrat\u00e9gicas de la compa\u00f1\u00eda, y reportar\u00e1 directamente a Presidencia.\u00a0Santiago Alfonso, licenciado en Derecho y M\u00e1ster en Alta Direcci\u00f3n de Empresas por el Instituto San Telmo, entr\u00f3 en Cosentino en 1989 y fue el encargado de dise\u00f1ar la estrategia de lanzamiento de la marca Silestone. Reconocido experto y conferenciante de temas relacionados con el marketing e internacionalizaci\u00f3n de empresas, ha participado en numerosos congresos y eventos, y representa a Grupo Cosentino en el Foro de Marcas Renombradas Espa\u00f1olas (FMRE), de cuya Junta Directiva es vocal. Adem\u00e1s, es vicepresidente de la Asociaci\u00f3n de Mobiliario de Cocina (AMC), vocal de Dircom Andaluc\u00eda, y ha liderado la creaci\u00f3n del Club de Marketing de Almer\u00eda, entidad de la que es presidente<br \/>\n<br \/>\n<!--noindex--><br \/>\n<a href=\"http:\/\/www.marketingnews.es\/profesionales\/noticia\/1164556031505\/damian-granados-lorca-vicepresidente-global-de-marketing-de-cosentino.1.html\" rel=\"nofollow\">Source link <\/a><br \/>\n<!--\/noindex--><\/p>\n","protected":false},"excerpt":{"rendered":"<p>Dami\u00e1n Granados-LorcaGrupo Cosentino, compa\u00f1\u00eda espa\u00f1ola de producci\u00f3n y distribuci\u00f3n de superficies para la arquitectura y el dise\u00f1o, ha realizado una organizaci\u00f3n interna en las \u00e1reas de marketing y comunicaci\u00f3n. Dami\u00e1n Granados-Lorca ser\u00e1 a partir de ahora vicepresidente global de marketing, en sustituci\u00f3n de Santiago Alfonso, que pasa a liderar el nuevo \u00e1rea global de comunicaci\u00f3n [&hellip;]<\/p>\n","protected":false},"author":2,"featured_media":5760,"comment_status":"open","ping_status":"open","sticky":false,"template":"","format":"standard","meta":{"footnotes":""},"categories":[2],"tags":[],"class_list":["post-5759","post","type-post","status-publish","format-standard","has-post-thumbnail","hentry","category-noticias-de-internet-marketing"],"yoast_head":"<!-- This site is optimized with the Yoast SEO plugin v27.4 - https:\/\/yoast.com\/product\/yoast-seo-wordpress\/ -->\n<title>Dami\u00e1n Granados-Lorca, vicepresidente global de marketing de Cosentino - Favorite News<\/title>\n<meta name=\"robots\" content=\"index, follow, max-snippet:-1, max-image-preview:large, max-video-preview:-1\" \/>\n<link rel=\"canonical\" href=\"https:\/\/favorite-news.com\/es\/damian-granados-lorca-vicepresidente-global-de-marketing-de-cosentino\/\" \/>\n<meta property=\"og:locale\" content=\"es_ES\" \/>\n<meta property=\"og:type\" content=\"article\" \/>\n<meta property=\"og:title\" content=\"Dami\u00e1n Granados-Lorca, vicepresidente global de marketing de Cosentino - Favorite News\" \/>\n<meta property=\"og:description\" content=\"Dami\u00e1n Granados-LorcaGrupo Cosentino, compa\u00f1\u00eda espa\u00f1ola de producci\u00f3n y distribuci\u00f3n de superficies para la arquitectura y el dise\u00f1o, ha realizado una organizaci\u00f3n interna en las \u00e1reas de marketing y comunicaci\u00f3n. Dami\u00e1n Granados-Lorca ser\u00e1 a partir de ahora vicepresidente global de marketing, en sustituci\u00f3n de Santiago Alfonso, que pasa a liderar el nuevo \u00e1rea global de comunicaci\u00f3n [&hellip;]\" \/>\n<meta property=\"og:url\" content=\"https:\/\/favorite-news.com\/es\/damian-granados-lorca-vicepresidente-global-de-marketing-de-cosentino\/\" \/>\n<meta property=\"og:site_name\" content=\"Favorite News\" \/>\n<meta property=\"article:published_time\" content=\"2021-02-19T15:08:11+00:00\" \/>\n<meta property=\"article:modified_time\" content=\"2021-02-19T15:08:14+00:00\" \/>\n<meta property=\"og:image\" content=\"https:\/\/favorite-news.com\/es\/wp-content\/uploads\/sites\/4\/2021\/02\/Damian-Granados-Lorca-vicepresidente-global-de-marketing-de-Cosentino.jpg\" \/>\n\t<meta property=\"og:image:width\" content=\"529\" \/>\n\t<meta property=\"og:image:height\" content=\"300\" \/>\n\t<meta property=\"og:image:type\" content=\"image\/jpeg\" \/>\n<meta name=\"author\" content=\"favorite-news\" \/>\n<meta name=\"twitter:card\" content=\"summary_large_image\" \/>\n<meta name=\"twitter:label1\" content=\"Escrito por\" \/>\n\t<meta name=\"twitter:data1\" content=\"favorite-news\" \/>\n\t<meta name=\"twitter:label2\" content=\"Tiempo de lectura\" \/>\n\t<meta name=\"twitter:data2\" content=\"2 minutos\" \/>\n<script type=\"application\/ld+json\" class=\"yoast-schema-graph\">{\"@context\":\"https:\\\/\\\/schema.org\",\"@graph\":[{\"@type\":\"Article\",\"@id\":\"https:\\\/\\\/favorite-news.com\\\/es\\\/damian-granados-lorca-vicepresidente-global-de-marketing-de-cosentino\\\/#article\",\"isPartOf\":{\"@id\":\"https:\\\/\\\/favorite-news.com\\\/es\\\/damian-granados-lorca-vicepresidente-global-de-marketing-de-cosentino\\\/\"},\"author\":{\"name\":\"favorite-news\",\"@id\":\"https:\\\/\\\/favorite-news.com\\\/es\\\/#\\\/schema\\\/person\\\/b91573b717dcfa5e4696032a9d28d3e8\"},\"headline\":\"Dami\u00e1n Granados-Lorca, vicepresidente global de marketing de Cosentino\",\"datePublished\":\"2021-02-19T15:08:11+00:00\",\"dateModified\":\"2021-02-19T15:08:14+00:00\",\"mainEntityOfPage\":{\"@id\":\"https:\\\/\\\/favorite-news.com\\\/es\\\/damian-granados-lorca-vicepresidente-global-de-marketing-de-cosentino\\\/\"},\"wordCount\":427,\"commentCount\":0,\"image\":{\"@id\":\"https:\\\/\\\/favorite-news.com\\\/es\\\/damian-granados-lorca-vicepresidente-global-de-marketing-de-cosentino\\\/#primaryimage\"},\"thumbnailUrl\":\"https:\\\/\\\/favorite-news.com\\\/es\\\/wp-content\\\/uploads\\\/sites\\\/4\\\/2021\\\/02\\\/Damian-Granados-Lorca-vicepresidente-global-de-marketing-de-Cosentino.jpg\",\"articleSection\":[\"NOTICIAS DE INTERNET MARKETING\"],\"inLanguage\":\"es\",\"potentialAction\":[{\"@type\":\"CommentAction\",\"name\":\"Comment\",\"target\":[\"https:\\\/\\\/favorite-news.com\\\/es\\\/damian-granados-lorca-vicepresidente-global-de-marketing-de-cosentino\\\/#respond\"]}]},{\"@type\":\"WebPage\",\"@id\":\"https:\\\/\\\/favorite-news.com\\\/es\\\/damian-granados-lorca-vicepresidente-global-de-marketing-de-cosentino\\\/\",\"url\":\"https:\\\/\\\/favorite-news.com\\\/es\\\/damian-granados-lorca-vicepresidente-global-de-marketing-de-cosentino\\\/\",\"name\":\"Dami\u00e1n Granados-Lorca, vicepresidente global de marketing de Cosentino - Favorite News\",\"isPartOf\":{\"@id\":\"https:\\\/\\\/favorite-news.com\\\/es\\\/#website\"},\"primaryImageOfPage\":{\"@id\":\"https:\\\/\\\/favorite-news.com\\\/es\\\/damian-granados-lorca-vicepresidente-global-de-marketing-de-cosentino\\\/#primaryimage\"},\"image\":{\"@id\":\"https:\\\/\\\/favorite-news.com\\\/es\\\/damian-granados-lorca-vicepresidente-global-de-marketing-de-cosentino\\\/#primaryimage\"},\"thumbnailUrl\":\"https:\\\/\\\/favorite-news.com\\\/es\\\/wp-content\\\/uploads\\\/sites\\\/4\\\/2021\\\/02\\\/Damian-Granados-Lorca-vicepresidente-global-de-marketing-de-Cosentino.jpg\",\"datePublished\":\"2021-02-19T15:08:11+00:00\",\"dateModified\":\"2021-02-19T15:08:14+00:00\",\"author\":{\"@id\":\"https:\\\/\\\/favorite-news.com\\\/es\\\/#\\\/schema\\\/person\\\/b91573b717dcfa5e4696032a9d28d3e8\"},\"breadcrumb\":{\"@id\":\"https:\\\/\\\/favorite-news.com\\\/es\\\/damian-granados-lorca-vicepresidente-global-de-marketing-de-cosentino\\\/#breadcrumb\"},\"inLanguage\":\"es\",\"potentialAction\":[{\"@type\":\"ReadAction\",\"target\":[\"https:\\\/\\\/favorite-news.com\\\/es\\\/damian-granados-lorca-vicepresidente-global-de-marketing-de-cosentino\\\/\"]}]},{\"@type\":\"ImageObject\",\"inLanguage\":\"es\",\"@id\":\"https:\\\/\\\/favorite-news.com\\\/es\\\/damian-granados-lorca-vicepresidente-global-de-marketing-de-cosentino\\\/#primaryimage\",\"url\":\"https:\\\/\\\/favorite-news.com\\\/es\\\/wp-content\\\/uploads\\\/sites\\\/4\\\/2021\\\/02\\\/Damian-Granados-Lorca-vicepresidente-global-de-marketing-de-Cosentino.jpg\",\"contentUrl\":\"https:\\\/\\\/favorite-news.com\\\/es\\\/wp-content\\\/uploads\\\/sites\\\/4\\\/2021\\\/02\\\/Damian-Granados-Lorca-vicepresidente-global-de-marketing-de-Cosentino.jpg\",\"width\":529,\"height\":300,\"caption\":\"Dami\u00e1n Granados-Lorca, vicepresidente global de marketing de Cosentino\"},{\"@type\":\"BreadcrumbList\",\"@id\":\"https:\\\/\\\/favorite-news.com\\\/es\\\/damian-granados-lorca-vicepresidente-global-de-marketing-de-cosentino\\\/#breadcrumb\",\"itemListElement\":[{\"@type\":\"ListItem\",\"position\":1,\"name\":\"Home\",\"item\":\"https:\\\/\\\/favorite-news.com\\\/es\\\/\"},{\"@type\":\"ListItem\",\"position\":2,\"name\":\"Dami\u00e1n Granados-Lorca, vicepresidente global de marketing de Cosentino\"}]},{\"@type\":\"WebSite\",\"@id\":\"https:\\\/\\\/favorite-news.com\\\/es\\\/#website\",\"url\":\"https:\\\/\\\/favorite-news.com\\\/es\\\/\",\"name\":\"Favorite News\",\"description\":\"Favorite News Espa\u00f1a\",\"potentialAction\":[{\"@type\":\"SearchAction\",\"target\":{\"@type\":\"EntryPoint\",\"urlTemplate\":\"https:\\\/\\\/favorite-news.com\\\/es\\\/?s={search_term_string}\"},\"query-input\":{\"@type\":\"PropertyValueSpecification\",\"valueRequired\":true,\"valueName\":\"search_term_string\"}}],\"inLanguage\":\"es\"},{\"@type\":\"Person\",\"@id\":\"https:\\\/\\\/favorite-news.com\\\/es\\\/#\\\/schema\\\/person\\\/b91573b717dcfa5e4696032a9d28d3e8\",\"name\":\"favorite-news\",\"image\":{\"@type\":\"ImageObject\",\"inLanguage\":\"es\",\"@id\":\"https:\\\/\\\/secure.gravatar.com\\\/avatar\\\/6c5a5cb12b74e9d517ee91cf570335b7d16177f1977cc91db161adfa435945a7?s=96&d=mm&r=g\",\"url\":\"https:\\\/\\\/secure.gravatar.com\\\/avatar\\\/6c5a5cb12b74e9d517ee91cf570335b7d16177f1977cc91db161adfa435945a7?s=96&d=mm&r=g\",\"contentUrl\":\"https:\\\/\\\/secure.gravatar.com\\\/avatar\\\/6c5a5cb12b74e9d517ee91cf570335b7d16177f1977cc91db161adfa435945a7?s=96&d=mm&r=g\",\"caption\":\"favorite-news\"},\"url\":\"https:\\\/\\\/favorite-news.com\\\/es\\\/author\\\/pt\\\/\"}]}<\/script>\n<!-- \/ Yoast SEO plugin. -->","yoast_head_json":{"title":"Dami\u00e1n Granados-Lorca, vicepresidente global de marketing de Cosentino - Favorite News","robots":{"index":"index","follow":"follow","max-snippet":"max-snippet:-1","max-image-preview":"max-image-preview:large","max-video-preview":"max-video-preview:-1"},"canonical":"https:\/\/favorite-news.com\/es\/damian-granados-lorca-vicepresidente-global-de-marketing-de-cosentino\/","og_locale":"es_ES","og_type":"article","og_title":"Dami\u00e1n Granados-Lorca, vicepresidente global de marketing de Cosentino - Favorite News","og_description":"Dami\u00e1n Granados-LorcaGrupo Cosentino, compa\u00f1\u00eda espa\u00f1ola de producci\u00f3n y distribuci\u00f3n de superficies para la arquitectura y el dise\u00f1o, ha realizado una organizaci\u00f3n interna en las \u00e1reas de marketing y comunicaci\u00f3n. Dami\u00e1n Granados-Lorca ser\u00e1 a partir de ahora vicepresidente global de marketing, en sustituci\u00f3n de Santiago Alfonso, que pasa a liderar el nuevo \u00e1rea global de comunicaci\u00f3n [&hellip;]","og_url":"https:\/\/favorite-news.com\/es\/damian-granados-lorca-vicepresidente-global-de-marketing-de-cosentino\/","og_site_name":"Favorite News","article_published_time":"2021-02-19T15:08:11+00:00","article_modified_time":"2021-02-19T15:08:14+00:00","og_image":[{"width":529,"height":300,"url":"https:\/\/favorite-news.com\/es\/wp-content\/uploads\/sites\/4\/2021\/02\/Damian-Granados-Lorca-vicepresidente-global-de-marketing-de-Cosentino.jpg","type":"image\/jpeg"}],"author":"favorite-news","twitter_card":"summary_large_image","twitter_misc":{"Escrito por":"favorite-news","Tiempo de lectura":"2 minutos"},"schema":{"@context":"https:\/\/schema.org","@graph":[{"@type":"Article","@id":"https:\/\/favorite-news.com\/es\/damian-granados-lorca-vicepresidente-global-de-marketing-de-cosentino\/#article","isPartOf":{"@id":"https:\/\/favorite-news.com\/es\/damian-granados-lorca-vicepresidente-global-de-marketing-de-cosentino\/"},"author":{"name":"favorite-news","@id":"https:\/\/favorite-news.com\/es\/#\/schema\/person\/b91573b717dcfa5e4696032a9d28d3e8"},"headline":"Dami\u00e1n Granados-Lorca, vicepresidente global de marketing de Cosentino","datePublished":"2021-02-19T15:08:11+00:00","dateModified":"2021-02-19T15:08:14+00:00","mainEntityOfPage":{"@id":"https:\/\/favorite-news.com\/es\/damian-granados-lorca-vicepresidente-global-de-marketing-de-cosentino\/"},"wordCount":427,"commentCount":0,"image":{"@id":"https:\/\/favorite-news.com\/es\/damian-granados-lorca-vicepresidente-global-de-marketing-de-cosentino\/#primaryimage"},"thumbnailUrl":"https:\/\/favorite-news.com\/es\/wp-content\/uploads\/sites\/4\/2021\/02\/Damian-Granados-Lorca-vicepresidente-global-de-marketing-de-Cosentino.jpg","articleSection":["NOTICIAS DE INTERNET MARKETING"],"inLanguage":"es","potentialAction":[{"@type":"CommentAction","name":"Comment","target":["https:\/\/favorite-news.com\/es\/damian-granados-lorca-vicepresidente-global-de-marketing-de-cosentino\/#respond"]}]},{"@type":"WebPage","@id":"https:\/\/favorite-news.com\/es\/damian-granados-lorca-vicepresidente-global-de-marketing-de-cosentino\/","url":"https:\/\/favorite-news.com\/es\/damian-granados-lorca-vicepresidente-global-de-marketing-de-cosentino\/","name":"Dami\u00e1n Granados-Lorca, vicepresidente global de marketing de Cosentino - Favorite News","isPartOf":{"@id":"https:\/\/favorite-news.com\/es\/#website"},"primaryImageOfPage":{"@id":"https:\/\/favorite-news.com\/es\/damian-granados-lorca-vicepresidente-global-de-marketing-de-cosentino\/#primaryimage"},"image":{"@id":"https:\/\/favorite-news.com\/es\/damian-granados-lorca-vicepresidente-global-de-marketing-de-cosentino\/#primaryimage"},"thumbnailUrl":"https:\/\/favorite-news.com\/es\/wp-content\/uploads\/sites\/4\/2021\/02\/Damian-Granados-Lorca-vicepresidente-global-de-marketing-de-Cosentino.jpg","datePublished":"2021-02-19T15:08:11+00:00","dateModified":"2021-02-19T15:08:14+00:00","author":{"@id":"https:\/\/favorite-news.com\/es\/#\/schema\/person\/b91573b717dcfa5e4696032a9d28d3e8"},"breadcrumb":{"@id":"https:\/\/favorite-news.com\/es\/damian-granados-lorca-vicepresidente-global-de-marketing-de-cosentino\/#breadcrumb"},"inLanguage":"es","potentialAction":[{"@type":"ReadAction","target":["https:\/\/favorite-news.com\/es\/damian-granados-lorca-vicepresidente-global-de-marketing-de-cosentino\/"]}]},{"@type":"ImageObject","inLanguage":"es","@id":"https:\/\/favorite-news.com\/es\/damian-granados-lorca-vicepresidente-global-de-marketing-de-cosentino\/#primaryimage","url":"https:\/\/favorite-news.com\/es\/wp-content\/uploads\/sites\/4\/2021\/02\/Damian-Granados-Lorca-vicepresidente-global-de-marketing-de-Cosentino.jpg","contentUrl":"https:\/\/favorite-news.com\/es\/wp-content\/uploads\/sites\/4\/2021\/02\/Damian-Granados-Lorca-vicepresidente-global-de-marketing-de-Cosentino.jpg","width":529,"height":300,"caption":"Dami\u00e1n Granados-Lorca, vicepresidente global de marketing de Cosentino"},{"@type":"BreadcrumbList","@id":"https:\/\/favorite-news.com\/es\/damian-granados-lorca-vicepresidente-global-de-marketing-de-cosentino\/#breadcrumb","itemListElement":[{"@type":"ListItem","position":1,"name":"Home","item":"https:\/\/favorite-news.com\/es\/"},{"@type":"ListItem","position":2,"name":"Dami\u00e1n Granados-Lorca, vicepresidente global de marketing de Cosentino"}]},{"@type":"WebSite","@id":"https:\/\/favorite-news.com\/es\/#website","url":"https:\/\/favorite-news.com\/es\/","name":"Favorite News","description":"Favorite News Espa\u00f1a","potentialAction":[{"@type":"SearchAction","target":{"@type":"EntryPoint","urlTemplate":"https:\/\/favorite-news.com\/es\/?s={search_term_string}"},"query-input":{"@type":"PropertyValueSpecification","valueRequired":true,"valueName":"search_term_string"}}],"inLanguage":"es"},{"@type":"Person","@id":"https:\/\/favorite-news.com\/es\/#\/schema\/person\/b91573b717dcfa5e4696032a9d28d3e8","name":"favorite-news","image":{"@type":"ImageObject","inLanguage":"es","@id":"https:\/\/secure.gravatar.com\/avatar\/6c5a5cb12b74e9d517ee91cf570335b7d16177f1977cc91db161adfa435945a7?s=96&d=mm&r=g","url":"https:\/\/secure.gravatar.com\/avatar\/6c5a5cb12b74e9d517ee91cf570335b7d16177f1977cc91db161adfa435945a7?s=96&d=mm&r=g","contentUrl":"https:\/\/secure.gravatar.com\/avatar\/6c5a5cb12b74e9d517ee91cf570335b7d16177f1977cc91db161adfa435945a7?s=96&d=mm&r=g","caption":"favorite-news"},"url":"https:\/\/favorite-news.com\/es\/author\/pt\/"}]}},"_links":{"self":[{"href":"https:\/\/favorite-news.com\/es\/wp-json\/wp\/v2\/posts\/5759","targetHints":{"allow":["GET"]}}],"collection":[{"href":"https:\/\/favorite-news.com\/es\/wp-json\/wp\/v2\/posts"}],"about":[{"href":"https:\/\/favorite-news.com\/es\/wp-json\/wp\/v2\/types\/post"}],"author":[{"embeddable":true,"href":"https:\/\/favorite-news.com\/es\/wp-json\/wp\/v2\/users\/2"}],"replies":[{"embeddable":true,"href":"https:\/\/favorite-news.com\/es\/wp-json\/wp\/v2\/comments?post=5759"}],"version-history":[{"count":1,"href":"https:\/\/favorite-news.com\/es\/wp-json\/wp\/v2\/posts\/5759\/revisions"}],"predecessor-version":[{"id":5761,"href":"https:\/\/favorite-news.com\/es\/wp-json\/wp\/v2\/posts\/5759\/revisions\/5761"}],"wp:featuredmedia":[{"embeddable":true,"href":"https:\/\/favorite-news.com\/es\/wp-json\/wp\/v2\/media\/5760"}],"wp:attachment":[{"href":"https:\/\/favorite-news.com\/es\/wp-json\/wp\/v2\/media?parent=5759"}],"wp:term":[{"taxonomy":"category","embeddable":true,"href":"https:\/\/favorite-news.com\/es\/wp-json\/wp\/v2\/categories?post=5759"},{"taxonomy":"post_tag","embeddable":true,"href":"https:\/\/favorite-news.com\/es\/wp-json\/wp\/v2\/tags?post=5759"}],"curies":[{"name":"wp","href":"https:\/\/api.w.org\/{rel}","templated":true}]}}